{"id":16304,"date":"2024-05-24T09:30:00","date_gmt":"2024-05-24T07:30:00","guid":{"rendered":"https:\/\/www.asajacyl.com\/palencia\/?p=16304"},"modified":"2024-05-23T13:54:32","modified_gmt":"2024-05-23T11:54:32","slug":"el-pasado-abril-fue-un-mes-con-temperaturas-en-torno-a-un-grado-mas-calidas-de-lo-normal","status":"publish","type":"post","link":"https:\/\/www.asajacyl.com\/palencia\/asaja-palencia-informa\/el-pasado-abril-fue-un-mes-con-temperaturas-en-torno-a-un-grado-mas-calidas-de-lo-normal","title":{"rendered":"El pasado abril fue un mes con temperaturas en torno a un grado m\u00e1s c\u00e1lidas de lo normal"},"content":{"rendered":"<div class=\"wp-block-image\">\n<figure class=\"alignright size-large is-resized\"><img loading=\"lazy\" decoding=\"async\" width=\"1024\" height=\"908\" src=\"https:\/\/www.asajacyl.com\/palencia\/wp-content\/uploads\/sites\/3\/2024\/05\/Mapa-temperatura-abril2024-1024x908.jpg\" alt=\"\" class=\"wp-image-16306\" style=\"width:559px;height:auto\" srcset=\"https:\/\/www.asajacyl.com\/palencia\/wp-content\/uploads\/sites\/3\/2024\/05\/Mapa-temperatura-abril2024-1024x908.jpg 1024w, https:\/\/www.asajacyl.com\/palencia\/wp-content\/uploads\/sites\/3\/2024\/05\/Mapa-temperatura-abril2024-300x266.jpg 300w, https:\/\/www.asajacyl.com\/palencia\/wp-content\/uploads\/sites\/3\/2024\/05\/Mapa-temperatura-abril2024-768x681.jpg 768w, https:\/\/www.asajacyl.com\/palencia\/wp-content\/uploads\/sites\/3\/2024\/05\/Mapa-temperatura-abril2024-1536x1363.jpg 1536w, https:\/\/www.asajacyl.com\/palencia\/wp-content\/uploads\/sites\/3\/2024\/05\/Mapa-temperatura-abril2024-2048x1817.jpg 2048w, https:\/\/www.asajacyl.com\/palencia\/wp-content\/uploads\/sites\/3\/2024\/05\/Mapa-temperatura-abril2024-473x420.jpg 473w, https:\/\/www.asajacyl.com\/palencia\/wp-content\/uploads\/sites\/3\/2024\/05\/Mapa-temperatura-abril2024-696x617.jpg 696w, https:\/\/www.asajacyl.com\/palencia\/wp-content\/uploads\/sites\/3\/2024\/05\/Mapa-temperatura-abril2024-1068x948.jpg 1068w, https:\/\/www.asajacyl.com\/palencia\/wp-content\/uploads\/sites\/3\/2024\/05\/Mapa-temperatura-abril2024-1920x1703.jpg 1920w\" sizes=\"(max-width: 1024px) 100vw, 1024px\" \/><\/figure><\/div>\n\n<div class=\"wp-block-image\">\n<figure class=\"alignright size-full is-resized\"><img loading=\"lazy\" decoding=\"async\" width=\"456\" height=\"444\" src=\"https:\/\/www.asajacyl.com\/palencia\/wp-content\/uploads\/sites\/3\/2024\/05\/Pluviometria-abril-2024-aem.jpg\" alt=\"\" class=\"wp-image-16307\" style=\"width:552px;height:auto\" srcset=\"https:\/\/www.asajacyl.com\/palencia\/wp-content\/uploads\/sites\/3\/2024\/05\/Pluviometria-abril-2024-aem.jpg 456w, https:\/\/www.asajacyl.com\/palencia\/wp-content\/uploads\/sites\/3\/2024\/05\/Pluviometria-abril-2024-aem-300x292.jpg 300w, https:\/\/www.asajacyl.com\/palencia\/wp-content\/uploads\/sites\/3\/2024\/05\/Pluviometria-abril-2024-aem-431x420.jpg 431w\" sizes=\"(max-width: 456px) 100vw, 456px\" \/><\/figure><\/div>\n\n\n<h2 class=\"wp-block-heading\">Como muestran los mapas adjuntos, abril se comport\u00f3 como un mes c\u00e1lido en casi toda la provincia (incluso muy c\u00e1lido en el extremo noroeste) y con precipitaciones normales, seg\u00fan el balance de la delegaci\u00f3n en Castilla y Le\u00f3n de la AEMET (Agencia Estatal de Meteorolog\u00eda). Las temperaturas estuvieron, de promedio, en torno a un grado m\u00e1s de lo normal, si bien la anomal\u00eda fue menos acentuada en las nocturnas, situadas en torno a tres d\u00e9cimas por encima de los promedios. Las precipitaciones registradas en la provincia entraron dentro de la normalidad para un mes de abril, salvo en el Cerrato, donde se situaron por debajo. De hecho, la AEMET califica este mes como seco en el sudeste palentino.<\/h2>\n\n\n\n<p>Teniendo en cuenta las seis estaciones agrometeorol\u00f3gicas del ITACyL (Instituto Teconol\u00f3gico Agrario de Castilla y Le\u00f3n) operativas todo abril en la provincia de Palencia (Fuentes de Nava, Herrera de Pisuerga, Lantadilla, Villaluenga de la Vega, Villamuriel de Cerrato y Villoldo), la precipitaci\u00f3n total del pasado mes arroja un promedio de poco m\u00e1s de 29 litros por metro cuadrado.<\/p>\n\n\n\n<p>Hay diferencias poco significativas entre los 33,65 litros\/m2 de mayor pluviometr\u00eda total de abril en Herrera de Pisuerga y los 26,16 litros\/m2 de la menor de las seis a lo largo de todo el mes, registrados en Fuentes de Nava.<\/p>\n\n\n\n<p><strong>27 LITROS SOLO EN UN D\u00cdA EN CERVERA Y CAMPORREDONDO. <\/strong>Por su parte, el resumen de abril de la AEMET-Castilla y Le\u00f3n destaca la lluvia que se registr\u00f3 en una sola jornada (2 de abril) en Cervera de Pisuerga (27,2 litros\/m2 ), as\u00ed como en el embalse de Camporredondo (26,6 litros\/m2).<\/p>\n\n\n\n<p>Por lo que respecta a las temperaturas, la estaci\u00f3n de ITACyL en Fuentes de Nava midi\u00f3 un mes m\u00e1s tanto la temperatura m\u00e1xima mensual de abril (27,5 \u00baC) como la m\u00ednima, que baj\u00f3 a los \u20133,3 \u00baC. Por tanto, registr\u00f3 tambi\u00e9n la mayor oscilaci\u00f3n t\u00e9rmica (30,8 \u00ba C). La media mensual m\u00e1s alta entre las seis estaciones agrometeorol\u00f3gicas de la provincia operativas el pasado abril se registr\u00f3 en Villamuriel de Cerrato (10,7 \u00baC); y la m\u00e1s baja, en Villoldo (9,5 \u00baC).<strong>\/<\/strong><\/p>\n","protected":false},"excerpt":{"rendered":"<p>Como muestran los mapas adjuntos, abril se comport\u00f3 como un mes c\u00e1lido en casi toda la provincia (incluso muy c\u00e1lido en el extremo noroeste) y con precipitaciones normales, seg\u00fan el balance de la delegaci\u00f3n en Castilla y Le\u00f3n de la AEMET (Agencia Estatal de Meteorolog\u00eda). Las temperaturas estuvieron, de promedio, en torno a un grado [&hellip;]<\/p>\n","protected":false},"author":9,"featured_media":16309,"comment_status":"open","ping_status":"open","sticky":false,"template":"","format":"standard","meta":{"footnotes":""},"categories":[9,29,28],"tags":[58,77,63,300,92,303],"yoast_head":"<!-- This site is optimized with the Yoast SEO plugin v24.5 - https:\/\/yoast.com\/wordpress\/plugins\/seo\/ -->\n<title>El pasado abril fue un mes con temperaturas en torno a un grado m\u00e1s c\u00e1lidas de lo normal - ASAJA Palencia<\/title>\n<meta name=\"description\" content=\"Como muestran los mapas adjuntos, abril se comport\u00f3 como un mes c\u00e1lido en casi toda la provincia (incluso muy c\u00e1lido en el extremo noroeste) y con\" \/>\n<meta name=\"robots\" content=\"index, follow, max-snippet:-1, max-image-preview:large, max-video-preview:-1\" \/>\n<link rel=\"canonical\" href=\"https:\/\/www.asajacyl.com\/palencia\/asaja-palencia-informa\/el-pasado-abril-fue-un-mes-con-temperaturas-en-torno-a-un-grado-mas-calidas-de-lo-normal\" \/>\n<meta property=\"og:locale\" content=\"es_ES\" \/>\n<meta property=\"og:type\" content=\"article\" \/>\n<meta property=\"og:title\" content=\"El pasado abril fue un mes con temperaturas en torno a un grado m\u00e1s c\u00e1lidas de lo normal - ASAJA Palencia\" \/>\n<meta property=\"og:description\" content=\"Como muestran los mapas adjuntos, abril se comport\u00f3 como un mes c\u00e1lido en casi toda la provincia (incluso muy c\u00e1lido en el extremo noroeste) y con\" \/>\n<meta property=\"og:url\" content=\"https:\/\/www.asajacyl.com\/palencia\/asaja-palencia-informa\/el-pasado-abril-fue-un-mes-con-temperaturas-en-torno-a-un-grado-mas-calidas-de-lo-normal\" \/>\n<meta property=\"og:site_name\" content=\"ASAJA Palencia\" \/>\n<meta property=\"article:published_time\" content=\"2024-05-24T07:30:00+00:00\" \/>\n<meta property=\"og:image\" content=\"https:\/\/www.asajacyl.com\/palencia\/wp-content\/uploads\/sites\/3\/2024\/05\/Cebada-y-sol.jpg\" \/>\n\t<meta property=\"og:image:width\" content=\"1890\" \/>\n\t<meta property=\"og:image:height\" content=\"1654\" \/>\n\t<meta property=\"og:image:type\" content=\"image\/jpeg\" \/>\n<meta name=\"author\" content=\"Administrador\" \/>\n<meta name=\"twitter:card\" content=\"summary_large_image\" \/>\n<meta name=\"twitter:label1\" content=\"Escrito por\" \/>\n\t<meta name=\"twitter:data1\" content=\"Administrador\" \/>\n\t<meta name=\"twitter:label2\" content=\"Tiempo de lectura\" \/>\n\t<meta name=\"twitter:data2\" content=\"3 minutos\" \/>\n<script type=\"application\/ld+json\" class=\"yoast-schema-graph\">{\"@context\":\"https:\/\/schema.org\",\"@graph\":[{\"@type\":\"WebPage\",\"@id\":\"https:\/\/www.asajacyl.com\/palencia\/asaja-palencia-informa\/el-pasado-abril-fue-un-mes-con-temperaturas-en-torno-a-un-grado-mas-calidas-de-lo-normal\",\"url\":\"https:\/\/www.asajacyl.com\/palencia\/asaja-palencia-informa\/el-pasado-abril-fue-un-mes-con-temperaturas-en-torno-a-un-grado-mas-calidas-de-lo-normal\",\"name\":\"El pasado abril fue un mes con temperaturas en torno a un grado m\u00e1s c\u00e1lidas de lo normal - ASAJA Palencia\",\"isPartOf\":{\"@id\":\"https:\/\/www.asajacyl.com\/palencia\/#website\"},\"primaryImageOfPage\":{\"@id\":\"https:\/\/www.asajacyl.com\/palencia\/asaja-palencia-informa\/el-pasado-abril-fue-un-mes-con-temperaturas-en-torno-a-un-grado-mas-calidas-de-lo-normal#primaryimage\"},\"image\":{\"@id\":\"https:\/\/www.asajacyl.com\/palencia\/asaja-palencia-informa\/el-pasado-abril-fue-un-mes-con-temperaturas-en-torno-a-un-grado-mas-calidas-de-lo-normal#primaryimage\"},\"thumbnailUrl\":\"https:\/\/www.asajacyl.com\/palencia\/wp-content\/uploads\/sites\/3\/2024\/05\/Cebada-y-sol.jpg\",\"datePublished\":\"2024-05-24T07:30:00+00:00\",\"author\":{\"@id\":\"https:\/\/www.asajacyl.com\/palencia\/#\/schema\/person\/3ab17aeb03527485c317557fae64aab1\"},\"description\":\"Como muestran los mapas adjuntos, abril se comport\u00f3 como un mes c\u00e1lido en casi toda la provincia (incluso muy c\u00e1lido en el extremo noroeste) y con\",\"breadcrumb\":{\"@id\":\"https:\/\/www.asajacyl.com\/palencia\/asaja-palencia-informa\/el-pasado-abril-fue-un-mes-con-temperaturas-en-torno-a-un-grado-mas-calidas-de-lo-normal#breadcrumb\"},\"inLanguage\":\"es\",\"potentialAction\":[{\"@type\":\"ReadAction\",\"target\":[\"https:\/\/www.asajacyl.com\/palencia\/asaja-palencia-informa\/el-pasado-abril-fue-un-mes-con-temperaturas-en-torno-a-un-grado-mas-calidas-de-lo-normal\"]}]},{\"@type\":\"ImageObject\",\"inLanguage\":\"es\",\"@id\":\"https:\/\/www.asajacyl.com\/palencia\/asaja-palencia-informa\/el-pasado-abril-fue-un-mes-con-temperaturas-en-torno-a-un-grado-mas-calidas-de-lo-normal#primaryimage\",\"url\":\"https:\/\/www.asajacyl.com\/palencia\/wp-content\/uploads\/sites\/3\/2024\/05\/Cebada-y-sol.jpg\",\"contentUrl\":\"https:\/\/www.asajacyl.com\/palencia\/wp-content\/uploads\/sites\/3\/2024\/05\/Cebada-y-sol.jpg\",\"width\":1890,\"height\":1654},{\"@type\":\"BreadcrumbList\",\"@id\":\"https:\/\/www.asajacyl.com\/palencia\/asaja-palencia-informa\/el-pasado-abril-fue-un-mes-con-temperaturas-en-torno-a-un-grado-mas-calidas-de-lo-normal#breadcrumb\",\"itemListElement\":[{\"@type\":\"ListItem\",\"position\":1,\"name\":\"Portada\",\"item\":\"https:\/\/www.asajacyl.com\/palencia\/\"},{\"@type\":\"ListItem\",\"position\":2,\"name\":\"El pasado abril fue un mes con temperaturas en torno a un grado m\u00e1s c\u00e1lidas de lo normal\"}]},{\"@type\":\"WebSite\",\"@id\":\"https:\/\/www.asajacyl.com\/palencia\/#website\",\"url\":\"https:\/\/www.asajacyl.com\/palencia\/\",\"name\":\"ASAJA Palencia\",\"description\":\"Otro sitio m\u00e1s de Provincias ASAJA Castilla y Le\u00f3n\",\"potentialAction\":[{\"@type\":\"SearchAction\",\"target\":{\"@type\":\"EntryPoint\",\"urlTemplate\":\"https:\/\/www.asajacyl.com\/palencia\/?s={search_term_string}\"},\"query-input\":{\"@type\":\"PropertyValueSpecification\",\"valueRequired\":true,\"valueName\":\"search_term_string\"}}],\"inLanguage\":\"es\"},{\"@type\":\"Person\",\"@id\":\"https:\/\/www.asajacyl.com\/palencia\/#\/schema\/person\/3ab17aeb03527485c317557fae64aab1\",\"name\":\"Administrador\",\"image\":{\"@type\":\"ImageObject\",\"inLanguage\":\"es\",\"@id\":\"https:\/\/www.asajacyl.com\/palencia\/#\/schema\/person\/image\/\",\"url\":\"https:\/\/secure.gravatar.com\/avatar\/517384810d242ca9e38c180f3c9fb973?s=96&d=mm&r=g\",\"contentUrl\":\"https:\/\/secure.gravatar.com\/avatar\/517384810d242ca9e38c180f3c9fb973?s=96&d=mm&r=g\",\"caption\":\"Administrador\"},\"url\":\"https:\/\/www.asajacyl.com\/palencia\/author\/carlosrm\"}]}<\/script>\n<!-- \/ Yoast SEO plugin. -->","yoast_head_json":{"title":"El pasado abril fue un mes con temperaturas en torno a un grado m\u00e1s c\u00e1lidas de lo normal - ASAJA Palencia","description":"Como muestran los mapas adjuntos, abril se comport\u00f3 como un mes c\u00e1lido en casi toda la provincia (incluso muy c\u00e1lido en el extremo noroeste) y con","robots":{"index":"index","follow":"follow","max-snippet":"max-snippet:-1","max-image-preview":"max-image-preview:large","max-video-preview":"max-video-preview:-1"},"canonical":"https:\/\/www.asajacyl.com\/palencia\/asaja-palencia-informa\/el-pasado-abril-fue-un-mes-con-temperaturas-en-torno-a-un-grado-mas-calidas-de-lo-normal","og_locale":"es_ES","og_type":"article","og_title":"El pasado abril fue un mes con temperaturas en torno a un grado m\u00e1s c\u00e1lidas de lo normal - ASAJA Palencia","og_description":"Como muestran los mapas adjuntos, abril se comport\u00f3 como un mes c\u00e1lido en casi toda la provincia (incluso muy c\u00e1lido en el extremo noroeste) y con","og_url":"https:\/\/www.asajacyl.com\/palencia\/asaja-palencia-informa\/el-pasado-abril-fue-un-mes-con-temperaturas-en-torno-a-un-grado-mas-calidas-de-lo-normal","og_site_name":"ASAJA Palencia","article_published_time":"2024-05-24T07:30:00+00:00","og_image":[{"width":1890,"height":1654,"url":"https:\/\/www.asajacyl.com\/palencia\/wp-content\/uploads\/sites\/3\/2024\/05\/Cebada-y-sol.jpg","type":"image\/jpeg"}],"author":"Administrador","twitter_card":"summary_large_image","twitter_misc":{"Escrito por":"Administrador","Tiempo de lectura":"3 minutos"},"schema":{"@context":"https:\/\/schema.org","@graph":[{"@type":"WebPage","@id":"https:\/\/www.asajacyl.com\/palencia\/asaja-palencia-informa\/el-pasado-abril-fue-un-mes-con-temperaturas-en-torno-a-un-grado-mas-calidas-de-lo-normal","url":"https:\/\/www.asajacyl.com\/palencia\/asaja-palencia-informa\/el-pasado-abril-fue-un-mes-con-temperaturas-en-torno-a-un-grado-mas-calidas-de-lo-normal","name":"El pasado abril fue un mes con temperaturas en torno a un grado m\u00e1s c\u00e1lidas de lo normal - ASAJA Palencia","isPartOf":{"@id":"https:\/\/www.asajacyl.com\/palencia\/#website"},"primaryImageOfPage":{"@id":"https:\/\/www.asajacyl.com\/palencia\/asaja-palencia-informa\/el-pasado-abril-fue-un-mes-con-temperaturas-en-torno-a-un-grado-mas-calidas-de-lo-normal#primaryimage"},"image":{"@id":"https:\/\/www.asajacyl.com\/palencia\/asaja-palencia-informa\/el-pasado-abril-fue-un-mes-con-temperaturas-en-torno-a-un-grado-mas-calidas-de-lo-normal#primaryimage"},"thumbnailUrl":"https:\/\/www.asajacyl.com\/palencia\/wp-content\/uploads\/sites\/3\/2024\/05\/Cebada-y-sol.jpg","datePublished":"2024-05-24T07:30:00+00:00","author":{"@id":"https:\/\/www.asajacyl.com\/palencia\/#\/schema\/person\/3ab17aeb03527485c317557fae64aab1"},"description":"Como muestran los mapas adjuntos, abril se comport\u00f3 como un mes c\u00e1lido en casi toda la provincia (incluso muy c\u00e1lido en el extremo noroeste) y con","breadcrumb":{"@id":"https:\/\/www.asajacyl.com\/palencia\/asaja-palencia-informa\/el-pasado-abril-fue-un-mes-con-temperaturas-en-torno-a-un-grado-mas-calidas-de-lo-normal#breadcrumb"},"inLanguage":"es","potentialAction":[{"@type":"ReadAction","target":["https:\/\/www.asajacyl.com\/palencia\/asaja-palencia-informa\/el-pasado-abril-fue-un-mes-con-temperaturas-en-torno-a-un-grado-mas-calidas-de-lo-normal"]}]},{"@type":"ImageObject","inLanguage":"es","@id":"https:\/\/www.asajacyl.com\/palencia\/asaja-palencia-informa\/el-pasado-abril-fue-un-mes-con-temperaturas-en-torno-a-un-grado-mas-calidas-de-lo-normal#primaryimage","url":"https:\/\/www.asajacyl.com\/palencia\/wp-content\/uploads\/sites\/3\/2024\/05\/Cebada-y-sol.jpg","contentUrl":"https:\/\/www.asajacyl.com\/palencia\/wp-content\/uploads\/sites\/3\/2024\/05\/Cebada-y-sol.jpg","width":1890,"height":1654},{"@type":"BreadcrumbList","@id":"https:\/\/www.asajacyl.com\/palencia\/asaja-palencia-informa\/el-pasado-abril-fue-un-mes-con-temperaturas-en-torno-a-un-grado-mas-calidas-de-lo-normal#breadcrumb","itemListElement":[{"@type":"ListItem","position":1,"name":"Portada","item":"https:\/\/www.asajacyl.com\/palencia\/"},{"@type":"ListItem","position":2,"name":"El pasado abril fue un mes con temperaturas en torno a un grado m\u00e1s c\u00e1lidas de lo normal"}]},{"@type":"WebSite","@id":"https:\/\/www.asajacyl.com\/palencia\/#website","url":"https:\/\/www.asajacyl.com\/palencia\/","name":"ASAJA Palencia","description":"Otro sitio m\u00e1s de Provincias ASAJA Castilla y Le\u00f3n","potentialAction":[{"@type":"SearchAction","target":{"@type":"EntryPoint","urlTemplate":"https:\/\/www.asajacyl.com\/palencia\/?s={search_term_string}"},"query-input":{"@type":"PropertyValueSpecification","valueRequired":true,"valueName":"search_term_string"}}],"inLanguage":"es"},{"@type":"Person","@id":"https:\/\/www.asajacyl.com\/palencia\/#\/schema\/person\/3ab17aeb03527485c317557fae64aab1","name":"Administrador","image":{"@type":"ImageObject","inLanguage":"es","@id":"https:\/\/www.asajacyl.com\/palencia\/#\/schema\/person\/image\/","url":"https:\/\/secure.gravatar.com\/avatar\/517384810d242ca9e38c180f3c9fb973?s=96&d=mm&r=g","contentUrl":"https:\/\/secure.gravatar.com\/avatar\/517384810d242ca9e38c180f3c9fb973?s=96&d=mm&r=g","caption":"Administrador"},"url":"https:\/\/www.asajacyl.com\/palencia\/author\/carlosrm"}]}},"_links":{"self":[{"href":"https:\/\/www.asajacyl.com\/palencia\/wp-json\/wp\/v2\/posts\/16304"}],"collection":[{"href":"https:\/\/www.asajacyl.com\/palencia\/wp-json\/wp\/v2\/posts"}],"about":[{"href":"https:\/\/www.asajacyl.com\/palencia\/wp-json\/wp\/v2\/types\/post"}],"author":[{"embeddable":true,"href":"https:\/\/www.asajacyl.com\/palencia\/wp-json\/wp\/v2\/users\/9"}],"replies":[{"embeddable":true,"href":"https:\/\/www.asajacyl.com\/palencia\/wp-json\/wp\/v2\/comments?post=16304"}],"version-history":[{"count":5,"href":"https:\/\/www.asajacyl.com\/palencia\/wp-json\/wp\/v2\/posts\/16304\/revisions"}],"predecessor-version":[{"id":16312,"href":"https:\/\/www.asajacyl.com\/palencia\/wp-json\/wp\/v2\/posts\/16304\/revisions\/16312"}],"wp:featuredmedia":[{"embeddable":true,"href":"https:\/\/www.asajacyl.com\/palencia\/wp-json\/wp\/v2\/media\/16309"}],"wp:attachment":[{"href":"https:\/\/www.asajacyl.com\/palencia\/wp-json\/wp\/v2\/media?parent=16304"}],"wp:term":[{"taxonomy":"category","embeddable":true,"href":"https:\/\/www.asajacyl.com\/palencia\/wp-json\/wp\/v2\/categories?post=16304"},{"taxonomy":"post_tag","embeddable":true,"href":"https:\/\/www.asajacyl.com\/palencia\/wp-json\/wp\/v2\/tags?post=16304"}],"curies":[{"name":"wp","href":"https:\/\/api.w.org\/{rel}","templated":true}]}}