{"id":16334,"date":"2024-05-27T09:30:00","date_gmt":"2024-05-27T07:30:00","guid":{"rendered":"https:\/\/www.asajacyl.com\/palencia\/?p=16334"},"modified":"2024-05-24T13:56:29","modified_gmt":"2024-05-24T11:56:29","slug":"la-modernizacion-del-regadio-del-canal-de-palenzuela-y-quintana-del-puente-en-informacion-publica","status":"publish","type":"post","link":"https:\/\/www.asajacyl.com\/palencia\/asaja-palencia-informa\/la-modernizacion-del-regadio-del-canal-de-palenzuela-y-quintana-del-puente-en-informacion-publica","title":{"rendered":"La modernizaci\u00f3n del regad\u00edo del Canal de Palenzuela y Quintana del Puente, en informaci\u00f3n p\u00fablica"},"content":{"rendered":"\n<h2 class=\"wp-block-heading\">El Ministerio de Agricultura, Pesca y Alimentaci\u00f3n (MAPA) somete a informaci\u00f3n p\u00fablica  hasta el pr\u00f3ximo 24 de junio incluido el estudio de impacto ambiental y el proyecto de modernizaci\u00f3n del regad\u00edo de la Comunidad de Regantes del Canal de Palenzuela y Quintana del Puente. <\/h2>\n\n\n\n<p>La resoluci\u00f3n de la Direcci\u00f3n General de Desarrollo Rural, Innovaci\u00f3n y Formaci\u00f3n Agroalimentaria del MAPA acord\u00f3 abrir el plazo legal de treinta d\u00edas h\u00e1biles para la consulta de la documentaci\u00f3n y la posible presentaci\u00f3n de alegaciones, tras publicarse en el Bolet\u00edn Oficial del Estado del pasado 11 de mayo de 2024. El expediente figura en el apartado correspondiente de la p\u00e1gina web del Ministerio: <em>https:\/\/www.mapa.gob.es\/es\/desarrollo-rural\/temas\/gestion-sostenible-regadios\/plan-nacional-regadios\/informaciones-publicas\/<\/em><\/p>\n\n\n\n<figure class=\"wp-block-image size-large is-resized\"><img loading=\"lazy\" decoding=\"async\" width=\"1024\" height=\"724\" src=\"https:\/\/www.asajacyl.com\/palencia\/wp-content\/uploads\/sites\/3\/2024\/05\/Modenizacion-Palenzuela-Quintana-1024x724.jpg\" alt=\"\" class=\"wp-image-16335\" style=\"width:1062px;height:auto\" srcset=\"https:\/\/www.asajacyl.com\/palencia\/wp-content\/uploads\/sites\/3\/2024\/05\/Modenizacion-Palenzuela-Quintana-1024x724.jpg 1024w, https:\/\/www.asajacyl.com\/palencia\/wp-content\/uploads\/sites\/3\/2024\/05\/Modenizacion-Palenzuela-Quintana-300x212.jpg 300w, https:\/\/www.asajacyl.com\/palencia\/wp-content\/uploads\/sites\/3\/2024\/05\/Modenizacion-Palenzuela-Quintana-768x543.jpg 768w\" sizes=\"(max-width: 1024px) 100vw, 1024px\" \/><figcaption class=\"wp-element-caption\">Plano de la zona incluida en la modernizaci\u00f3n, entre los n\u00facleos de poblaci\u00f3n de Quintana del Puente (a la izquierda, pegada a las parcelas) y Palenzuela (arriba a la derecha)<\/figcaption><\/figure>\n\n\n\n<p>La Sociedad Mercantil Estatal de Infraestructuras Agrarias S.A. (SEIASA) presenta el correspondiente Estudio de Impacto Ambiental y el \u00abProyecto de modernizaci\u00f3n del regad\u00edo de la Comunidad de Regantes del Canal de Palenzuela y Quintana del Puente\u00bb para dar inicio al procedimiento ordinario de evaluaci\u00f3n de impacto ambiental.<\/p>\n\n\n\n<p>Conforme a los convenios firmados en octubre de 2021, SEIASA y la Comunidad de regantes asume el 74 % del coste de la modernizaci\u00f3n, mientras la Junta de Castilla y Le\u00f3n, a trav\u00e9s del ITACyL (Instituto Tecnol\u00f3gico de Castilla y Le\u00f3n) financia el 26 % restante. El presupuesto base de licitaci\u00f3n de estas obras de modernizaci\u00f3n asciende, seg\u00fan el proyecto firmado con fecha del pasado diciembre, a 22.821.863,75 euros.<\/p>\n\n\n\n<p><strong>MIL DOSCIENTAS HECT\u00c1REAS. <\/strong>La modernizaci\u00f3n del regad\u00edo de la citada comunidad de regantes fue declarada de inter\u00e9s general y de utilidad p\u00fablica en los Presupuestos Generales del Estado de 2007. La comunidad de Palenzuela y Quintana del Puente, que agrupa a 267 regantes, abarca una superficie aproximada de mil docientas hect\u00e1reas, a lo largo de los diez kil\u00f3metros y mediio de recorrido del llamado Canal de Palenzuela y Quintana del Puente.<\/p>\n\n\n\n<p>La zona regable se encuentra en ambos t\u00e9rminos municipales palentinos, a los que se a\u00f1ade una peque\u00f1a superficie del t\u00e9rmino burgal\u00e9s de Peral de Arlanza. Los 345 propietarios actuales poseen en total algo m\u00e1s de un millar de parcelas (en concreto, 1.004). Se estima que, tras la concentraci\u00f3n, se reduzcan a 518 lotes.<\/p>\n\n\n\n<p>El proyecto de modernizaci\u00f3n plantea un sistema de riego a presi\u00f3n mediante una red ramificada de tuber\u00edas enterradas en la zona regable, adem\u00e1s de implicar la mencionda concentraci\u00f3n parcelaria. De las seis alternativas barajadas, se eligi\u00f3 la llamada 3-A, que prev\u00e9 la construcci\u00f3n de una balsa lateral de 47.000 metros c\u00fabicos y de otra elevada de unos 104.000 metros c\u00fabicos, as\u00ed como la estaci\u00f3n de bombeo de la primera a la segunda, instalaci\u00f3n alimentada mediante un parque fotovoltaico.<\/p>\n\n\n\n<p>Se trata de la alternativa econ\u00f3micamente m\u00e1s ventajosa y que mantiene menos metros de canal, lo que la comunidad de regantes consider\u00f3 un factor importante (se mantendr\u00e1 el primer tramo de unos ochocientos metros, de los que se reparar\u00e1n 335; y se entubar\u00e1 el resto). Se ha ajustado a una variante, denominada 3-C, con un poco m\u00e1s de cota de la balsa elevada, pero a la vez reduciendo la distancia de impulsi\u00f3n.<\/p>\n\n\n\n<p>Para garantizar la presi\u00f3n en la red de distribuci\u00f3n se necesitan grupos de elevaci\u00f3n hasta una balsa elevada de acumulaci\u00f3n diaria. Se emplear\u00e1n energ\u00edas renovables mediante un campo fotovoltaico para el bombeo. Asimismo, se crear\u00e1 una balsa de regulaci\u00f3n, a cota del canal, con capacidad suficiente para regular la diferencia de demandas, para as\u00ed mantener un caudal continuo las veinticuatro horas y poder impulsar en menos tiempo. <\/p>\n\n\n\n<p><\/p>\n\n\n\n<p> <\/p>\n\n\n\n<p> <\/p>\n","protected":false},"excerpt":{"rendered":"<p>El Ministerio de Agricultura, Pesca y Alimentaci\u00f3n (MAPA) somete a informaci\u00f3n p\u00fablica hasta el pr\u00f3ximo 24 de junio incluido el estudio de impacto ambiental y el proyecto de modernizaci\u00f3n del regad\u00edo de la Comunidad de Regantes del Canal de Palenzuela y Quintana del Puente. La resoluci\u00f3n de la Direcci\u00f3n General de Desarrollo Rural, Innovaci\u00f3n y [&hellip;]<\/p>\n","protected":false},"author":9,"featured_media":16338,"comment_status":"open","ping_status":"open","sticky":false,"template":"","format":"standard","meta":{"footnotes":""},"categories":[9,29,28],"tags":[58,900,142,899,63,66,110,716,79,400,131],"yoast_head":"<!-- This site is optimized with the Yoast SEO plugin v24.5 - https:\/\/yoast.com\/wordpress\/plugins\/seo\/ -->\n<title>La modernizaci\u00f3n del regad\u00edo del Canal de Palenzuela y Quintana del Puente, en informaci\u00f3n p\u00fablica - ASAJA Palencia<\/title>\n<meta name=\"description\" content=\"El Ministerio de Agricultura, Pesca y Alimentaci\u00f3n (MAPA) somete a informaci\u00f3n p\u00fablica hasta el pr\u00f3ximo 24 de junio incluido el estudio de impacto\" \/>\n<meta name=\"robots\" content=\"index, follow, max-snippet:-1, max-image-preview:large, max-video-preview:-1\" \/>\n<link rel=\"canonical\" href=\"https:\/\/www.asajacyl.com\/palencia\/asaja-palencia-informa\/la-modernizacion-del-regadio-del-canal-de-palenzuela-y-quintana-del-puente-en-informacion-publica\" \/>\n<meta property=\"og:locale\" content=\"es_ES\" \/>\n<meta property=\"og:type\" content=\"article\" \/>\n<meta property=\"og:title\" content=\"La modernizaci\u00f3n del regad\u00edo del Canal de Palenzuela y Quintana del Puente, en informaci\u00f3n p\u00fablica - ASAJA Palencia\" \/>\n<meta property=\"og:description\" content=\"El Ministerio de Agricultura, Pesca y Alimentaci\u00f3n (MAPA) somete a informaci\u00f3n p\u00fablica hasta el pr\u00f3ximo 24 de junio incluido el estudio de impacto\" \/>\n<meta property=\"og:url\" content=\"https:\/\/www.asajacyl.com\/palencia\/asaja-palencia-informa\/la-modernizacion-del-regadio-del-canal-de-palenzuela-y-quintana-del-puente-en-informacion-publica\" \/>\n<meta property=\"og:site_name\" content=\"ASAJA Palencia\" \/>\n<meta property=\"article:published_time\" content=\"2024-05-27T07:30:00+00:00\" \/>\n<meta property=\"og:image\" content=\"https:\/\/www.asajacyl.com\/palencia\/wp-content\/uploads\/sites\/3\/2024\/05\/Modenizacion-Palenzuela-Qui.jpg\" \/>\n\t<meta property=\"og:image:width\" content=\"1890\" \/>\n\t<meta property=\"og:image:height\" content=\"1654\" \/>\n\t<meta property=\"og:image:type\" content=\"image\/jpeg\" \/>\n<meta name=\"author\" content=\"Administrador\" \/>\n<meta name=\"twitter:card\" content=\"summary_large_image\" \/>\n<meta name=\"twitter:label1\" content=\"Escrito por\" \/>\n\t<meta name=\"twitter:data1\" content=\"Administrador\" \/>\n\t<meta name=\"twitter:label2\" content=\"Tiempo de lectura\" \/>\n\t<meta name=\"twitter:data2\" content=\"4 minutos\" \/>\n<script type=\"application\/ld+json\" class=\"yoast-schema-graph\">{\"@context\":\"https:\/\/schema.org\",\"@graph\":[{\"@type\":\"WebPage\",\"@id\":\"https:\/\/www.asajacyl.com\/palencia\/asaja-palencia-informa\/la-modernizacion-del-regadio-del-canal-de-palenzuela-y-quintana-del-puente-en-informacion-publica\",\"url\":\"https:\/\/www.asajacyl.com\/palencia\/asaja-palencia-informa\/la-modernizacion-del-regadio-del-canal-de-palenzuela-y-quintana-del-puente-en-informacion-publica\",\"name\":\"La modernizaci\u00f3n del regad\u00edo del Canal de Palenzuela y Quintana del Puente, en informaci\u00f3n p\u00fablica - ASAJA Palencia\",\"isPartOf\":{\"@id\":\"https:\/\/www.asajacyl.com\/palencia\/#website\"},\"primaryImageOfPage\":{\"@id\":\"https:\/\/www.asajacyl.com\/palencia\/asaja-palencia-informa\/la-modernizacion-del-regadio-del-canal-de-palenzuela-y-quintana-del-puente-en-informacion-publica#primaryimage\"},\"image\":{\"@id\":\"https:\/\/www.asajacyl.com\/palencia\/asaja-palencia-informa\/la-modernizacion-del-regadio-del-canal-de-palenzuela-y-quintana-del-puente-en-informacion-publica#primaryimage\"},\"thumbnailUrl\":\"https:\/\/www.asajacyl.com\/palencia\/wp-content\/uploads\/sites\/3\/2024\/05\/Modenizacion-Palenzuela-Qui.jpg\",\"datePublished\":\"2024-05-27T07:30:00+00:00\",\"author\":{\"@id\":\"https:\/\/www.asajacyl.com\/palencia\/#\/schema\/person\/3ab17aeb03527485c317557fae64aab1\"},\"description\":\"El Ministerio de Agricultura, Pesca y Alimentaci\u00f3n (MAPA) somete a informaci\u00f3n p\u00fablica hasta el pr\u00f3ximo 24 de junio incluido el estudio de impacto\",\"breadcrumb\":{\"@id\":\"https:\/\/www.asajacyl.com\/palencia\/asaja-palencia-informa\/la-modernizacion-del-regadio-del-canal-de-palenzuela-y-quintana-del-puente-en-informacion-publica#breadcrumb\"},\"inLanguage\":\"es\",\"potentialAction\":[{\"@type\":\"ReadAction\",\"target\":[\"https:\/\/www.asajacyl.com\/palencia\/asaja-palencia-informa\/la-modernizacion-del-regadio-del-canal-de-palenzuela-y-quintana-del-puente-en-informacion-publica\"]}]},{\"@type\":\"ImageObject\",\"inLanguage\":\"es\",\"@id\":\"https:\/\/www.asajacyl.com\/palencia\/asaja-palencia-informa\/la-modernizacion-del-regadio-del-canal-de-palenzuela-y-quintana-del-puente-en-informacion-publica#primaryimage\",\"url\":\"https:\/\/www.asajacyl.com\/palencia\/wp-content\/uploads\/sites\/3\/2024\/05\/Modenizacion-Palenzuela-Qui.jpg\",\"contentUrl\":\"https:\/\/www.asajacyl.com\/palencia\/wp-content\/uploads\/sites\/3\/2024\/05\/Modenizacion-Palenzuela-Qui.jpg\",\"width\":1890,\"height\":1654},{\"@type\":\"BreadcrumbList\",\"@id\":\"https:\/\/www.asajacyl.com\/palencia\/asaja-palencia-informa\/la-modernizacion-del-regadio-del-canal-de-palenzuela-y-quintana-del-puente-en-informacion-publica#breadcrumb\",\"itemListElement\":[{\"@type\":\"ListItem\",\"position\":1,\"name\":\"Portada\",\"item\":\"https:\/\/www.asajacyl.com\/palencia\/\"},{\"@type\":\"ListItem\",\"position\":2,\"name\":\"La modernizaci\u00f3n del regad\u00edo del Canal de Palenzuela y Quintana del Puente, en informaci\u00f3n p\u00fablica\"}]},{\"@type\":\"WebSite\",\"@id\":\"https:\/\/www.asajacyl.com\/palencia\/#website\",\"url\":\"https:\/\/www.asajacyl.com\/palencia\/\",\"name\":\"ASAJA Palencia\",\"description\":\"Otro sitio m\u00e1s de Provincias ASAJA Castilla y Le\u00f3n\",\"potentialAction\":[{\"@type\":\"SearchAction\",\"target\":{\"@type\":\"EntryPoint\",\"urlTemplate\":\"https:\/\/www.asajacyl.com\/palencia\/?s={search_term_string}\"},\"query-input\":{\"@type\":\"PropertyValueSpecification\",\"valueRequired\":true,\"valueName\":\"search_term_string\"}}],\"inLanguage\":\"es\"},{\"@type\":\"Person\",\"@id\":\"https:\/\/www.asajacyl.com\/palencia\/#\/schema\/person\/3ab17aeb03527485c317557fae64aab1\",\"name\":\"Administrador\",\"image\":{\"@type\":\"ImageObject\",\"inLanguage\":\"es\",\"@id\":\"https:\/\/www.asajacyl.com\/palencia\/#\/schema\/person\/image\/\",\"url\":\"https:\/\/secure.gravatar.com\/avatar\/517384810d242ca9e38c180f3c9fb973?s=96&d=mm&r=g\",\"contentUrl\":\"https:\/\/secure.gravatar.com\/avatar\/517384810d242ca9e38c180f3c9fb973?s=96&d=mm&r=g\",\"caption\":\"Administrador\"},\"url\":\"https:\/\/www.asajacyl.com\/palencia\/author\/carlosrm\"}]}<\/script>\n<!-- \/ Yoast SEO plugin. -->","yoast_head_json":{"title":"La modernizaci\u00f3n del regad\u00edo del Canal de Palenzuela y Quintana del Puente, en informaci\u00f3n p\u00fablica - ASAJA Palencia","description":"El Ministerio de Agricultura, Pesca y Alimentaci\u00f3n (MAPA) somete a informaci\u00f3n p\u00fablica hasta el pr\u00f3ximo 24 de junio incluido el estudio de impacto","robots":{"index":"index","follow":"follow","max-snippet":"max-snippet:-1","max-image-preview":"max-image-preview:large","max-video-preview":"max-video-preview:-1"},"canonical":"https:\/\/www.asajacyl.com\/palencia\/asaja-palencia-informa\/la-modernizacion-del-regadio-del-canal-de-palenzuela-y-quintana-del-puente-en-informacion-publica","og_locale":"es_ES","og_type":"article","og_title":"La modernizaci\u00f3n del regad\u00edo del Canal de Palenzuela y Quintana del Puente, en informaci\u00f3n p\u00fablica - ASAJA Palencia","og_description":"El Ministerio de Agricultura, Pesca y Alimentaci\u00f3n (MAPA) somete a informaci\u00f3n p\u00fablica hasta el pr\u00f3ximo 24 de junio incluido el estudio de impacto","og_url":"https:\/\/www.asajacyl.com\/palencia\/asaja-palencia-informa\/la-modernizacion-del-regadio-del-canal-de-palenzuela-y-quintana-del-puente-en-informacion-publica","og_site_name":"ASAJA Palencia","article_published_time":"2024-05-27T07:30:00+00:00","og_image":[{"width":1890,"height":1654,"url":"https:\/\/www.asajacyl.com\/palencia\/wp-content\/uploads\/sites\/3\/2024\/05\/Modenizacion-Palenzuela-Qui.jpg","type":"image\/jpeg"}],"author":"Administrador","twitter_card":"summary_large_image","twitter_misc":{"Escrito por":"Administrador","Tiempo de lectura":"4 minutos"},"schema":{"@context":"https:\/\/schema.org","@graph":[{"@type":"WebPage","@id":"https:\/\/www.asajacyl.com\/palencia\/asaja-palencia-informa\/la-modernizacion-del-regadio-del-canal-de-palenzuela-y-quintana-del-puente-en-informacion-publica","url":"https:\/\/www.asajacyl.com\/palencia\/asaja-palencia-informa\/la-modernizacion-del-regadio-del-canal-de-palenzuela-y-quintana-del-puente-en-informacion-publica","name":"La modernizaci\u00f3n del regad\u00edo del Canal de Palenzuela y Quintana del Puente, en informaci\u00f3n p\u00fablica - ASAJA Palencia","isPartOf":{"@id":"https:\/\/www.asajacyl.com\/palencia\/#website"},"primaryImageOfPage":{"@id":"https:\/\/www.asajacyl.com\/palencia\/asaja-palencia-informa\/la-modernizacion-del-regadio-del-canal-de-palenzuela-y-quintana-del-puente-en-informacion-publica#primaryimage"},"image":{"@id":"https:\/\/www.asajacyl.com\/palencia\/asaja-palencia-informa\/la-modernizacion-del-regadio-del-canal-de-palenzuela-y-quintana-del-puente-en-informacion-publica#primaryimage"},"thumbnailUrl":"https:\/\/www.asajacyl.com\/palencia\/wp-content\/uploads\/sites\/3\/2024\/05\/Modenizacion-Palenzuela-Qui.jpg","datePublished":"2024-05-27T07:30:00+00:00","author":{"@id":"https:\/\/www.asajacyl.com\/palencia\/#\/schema\/person\/3ab17aeb03527485c317557fae64aab1"},"description":"El Ministerio de Agricultura, Pesca y Alimentaci\u00f3n (MAPA) somete a informaci\u00f3n p\u00fablica hasta el pr\u00f3ximo 24 de junio incluido el estudio de impacto","breadcrumb":{"@id":"https:\/\/www.asajacyl.com\/palencia\/asaja-palencia-informa\/la-modernizacion-del-regadio-del-canal-de-palenzuela-y-quintana-del-puente-en-informacion-publica#breadcrumb"},"inLanguage":"es","potentialAction":[{"@type":"ReadAction","target":["https:\/\/www.asajacyl.com\/palencia\/asaja-palencia-informa\/la-modernizacion-del-regadio-del-canal-de-palenzuela-y-quintana-del-puente-en-informacion-publica"]}]},{"@type":"ImageObject","inLanguage":"es","@id":"https:\/\/www.asajacyl.com\/palencia\/asaja-palencia-informa\/la-modernizacion-del-regadio-del-canal-de-palenzuela-y-quintana-del-puente-en-informacion-publica#primaryimage","url":"https:\/\/www.asajacyl.com\/palencia\/wp-content\/uploads\/sites\/3\/2024\/05\/Modenizacion-Palenzuela-Qui.jpg","contentUrl":"https:\/\/www.asajacyl.com\/palencia\/wp-content\/uploads\/sites\/3\/2024\/05\/Modenizacion-Palenzuela-Qui.jpg","width":1890,"height":1654},{"@type":"BreadcrumbList","@id":"https:\/\/www.asajacyl.com\/palencia\/asaja-palencia-informa\/la-modernizacion-del-regadio-del-canal-de-palenzuela-y-quintana-del-puente-en-informacion-publica#breadcrumb","itemListElement":[{"@type":"ListItem","position":1,"name":"Portada","item":"https:\/\/www.asajacyl.com\/palencia\/"},{"@type":"ListItem","position":2,"name":"La modernizaci\u00f3n del regad\u00edo del Canal de Palenzuela y Quintana del Puente, en informaci\u00f3n p\u00fablica"}]},{"@type":"WebSite","@id":"https:\/\/www.asajacyl.com\/palencia\/#website","url":"https:\/\/www.asajacyl.com\/palencia\/","name":"ASAJA Palencia","description":"Otro sitio m\u00e1s de Provincias ASAJA Castilla y Le\u00f3n","potentialAction":[{"@type":"SearchAction","target":{"@type":"EntryPoint","urlTemplate":"https:\/\/www.asajacyl.com\/palencia\/?s={search_term_string}"},"query-input":{"@type":"PropertyValueSpecification","valueRequired":true,"valueName":"search_term_string"}}],"inLanguage":"es"},{"@type":"Person","@id":"https:\/\/www.asajacyl.com\/palencia\/#\/schema\/person\/3ab17aeb03527485c317557fae64aab1","name":"Administrador","image":{"@type":"ImageObject","inLanguage":"es","@id":"https:\/\/www.asajacyl.com\/palencia\/#\/schema\/person\/image\/","url":"https:\/\/secure.gravatar.com\/avatar\/517384810d242ca9e38c180f3c9fb973?s=96&d=mm&r=g","contentUrl":"https:\/\/secure.gravatar.com\/avatar\/517384810d242ca9e38c180f3c9fb973?s=96&d=mm&r=g","caption":"Administrador"},"url":"https:\/\/www.asajacyl.com\/palencia\/author\/carlosrm"}]}},"_links":{"self":[{"href":"https:\/\/www.asajacyl.com\/palencia\/wp-json\/wp\/v2\/posts\/16334"}],"collection":[{"href":"https:\/\/www.asajacyl.com\/palencia\/wp-json\/wp\/v2\/posts"}],"about":[{"href":"https:\/\/www.asajacyl.com\/palencia\/wp-json\/wp\/v2\/types\/post"}],"author":[{"embeddable":true,"href":"https:\/\/www.asajacyl.com\/palencia\/wp-json\/wp\/v2\/users\/9"}],"replies":[{"embeddable":true,"href":"https:\/\/www.asajacyl.com\/palencia\/wp-json\/wp\/v2\/comments?post=16334"}],"version-history":[{"count":1,"href":"https:\/\/www.asajacyl.com\/palencia\/wp-json\/wp\/v2\/posts\/16334\/revisions"}],"predecessor-version":[{"id":16339,"href":"https:\/\/www.asajacyl.com\/palencia\/wp-json\/wp\/v2\/posts\/16334\/revisions\/16339"}],"wp:featuredmedia":[{"embeddable":true,"href":"https:\/\/www.asajacyl.com\/palencia\/wp-json\/wp\/v2\/media\/16338"}],"wp:attachment":[{"href":"https:\/\/www.asajacyl.com\/palencia\/wp-json\/wp\/v2\/media?parent=16334"}],"wp:term":[{"taxonomy":"category","embeddable":true,"href":"https:\/\/www.asajacyl.com\/palencia\/wp-json\/wp\/v2\/categories?post=16334"},{"taxonomy":"post_tag","embeddable":true,"href":"https:\/\/www.asajacyl.com\/palencia\/wp-json\/wp\/v2\/tags?post=16334"}],"curies":[{"name":"wp","href":"https:\/\/api.w.org\/{rel}","templated":true}]}}