{"id":16340,"date":"2024-05-26T09:10:00","date_gmt":"2024-05-26T07:10:00","guid":{"rendered":"https:\/\/www.asajacyl.com\/palencia\/?p=16340"},"modified":"2024-05-24T14:13:33","modified_gmt":"2024-05-24T12:13:33","slug":"campo-palentino-23-mayo-2024","status":"publish","type":"post","link":"https:\/\/www.asajacyl.com\/palencia\/asaja-palencia-informa\/campo-palentino-23-mayo-2024","title":{"rendered":"Campo Palentino | (23\/MAYO\/2024)"},"content":{"rendered":"\n<h2 class=\"wp-block-heading\">Entrevistamos esta semana \u2014a pie de una de sus parcelas de cebada con da\u00f1os de pedrisco\u2014 a Juan Bautista Rodr\u00edguez, socio de ASAJA-Palencia y uno de los agricultores que ha visto afectados sus cultivos por las tormentas del pasado fin de semana. En su caso, su explotaci\u00f3n en Cisneros, una de las localidades donde m\u00e1s fuerte descarg\u00f3 el domingo 19 de mayo. Adem\u00e1s, <em>Campo Palentino<\/em> incluye las habituales secciones de informaci\u00f3n de inter\u00e9s para el sector agroganadero (entre ellas, la convocatoria de la asamblea de ASAJA-Palencia para el pr\u00f3ximo 7 de junio), noticias, avisos y resumen de las lonjas recientes con las cotizaciones de los principales productos del sector.<\/h2>\n\n\n\n<figure class=\"wp-block-embed is-type-video is-provider-youtube wp-block-embed-youtube wp-embed-aspect-16-9 wp-has-aspect-ratio\"><div class=\"wp-block-embed__wrapper\">\n<div class=\"youtube-embed\" data-video_id=\"UzPno6BHfwI\"><iframe loading=\"lazy\" title=\"Campo Palentino (23-5-2024)\" width=\"696\" height=\"392\" src=\"https:\/\/www.youtube.com\/embed\/UzPno6BHfwI?list=PL4728AF83CD6CBFC9\" frameborder=\"0\" allow=\"accelerometer; autoplay; clipboard-write; encrypted-media; gyroscope; picture-in-picture; web-share\" referrerpolicy=\"strict-origin-when-cross-origin\" allowfullscreen><\/iframe><\/div>\n<\/div><\/figure>\n","protected":false},"excerpt":{"rendered":"<p>Entrevistamos esta semana \u2014a pie de una de sus parcelas de cebada con da\u00f1os de pedrisco\u2014 a Juan Bautista Rodr\u00edguez, socio de ASAJA-Palencia y uno de los agricultores que ha visto afectados sus cultivos por las tormentas del pasado fin de semana. En su caso, su explotaci\u00f3n en Cisneros, una de las localidades donde m\u00e1s [&hellip;]<\/p>\n","protected":false},"author":9,"featured_media":16342,"comment_status":"open","ping_status":"open","sticky":false,"template":"","format":"standard","meta":{"footnotes":""},"categories":[9,29,28,8],"tags":[58,59,46,142,351,77,66,92,110,446,715,470,903],"yoast_head":"<!-- This site is optimized with the Yoast SEO plugin v24.5 - https:\/\/yoast.com\/wordpress\/plugins\/seo\/ -->\n<title>Campo Palentino | (23\/MAYO\/2024) - ASAJA Palencia<\/title>\n<meta name=\"description\" content=\"Entrevistamos esta semana \u2014a pie de una de sus parcelas de cebada con da\u00f1os de pedrisco\u2014 a Juan Bautista Rodr\u00edguez, socio de ASAJA-Palencia y uno de los\" \/>\n<meta name=\"robots\" content=\"index, follow, max-snippet:-1, max-image-preview:large, max-video-preview:-1\" \/>\n<link rel=\"canonical\" href=\"https:\/\/www.asajacyl.com\/palencia\/asaja-palencia-informa\/campo-palentino-23-mayo-2024\" \/>\n<meta property=\"og:locale\" content=\"es_ES\" \/>\n<meta property=\"og:type\" content=\"article\" \/>\n<meta property=\"og:title\" content=\"Campo Palentino | (23\/MAYO\/2024) - ASAJA Palencia\" \/>\n<meta property=\"og:description\" content=\"Entrevistamos esta semana \u2014a pie de una de sus parcelas de cebada con da\u00f1os de pedrisco\u2014 a Juan Bautista Rodr\u00edguez, socio de ASAJA-Palencia y uno de los\" \/>\n<meta property=\"og:url\" content=\"https:\/\/www.asajacyl.com\/palencia\/asaja-palencia-informa\/campo-palentino-23-mayo-2024\" \/>\n<meta property=\"og:site_name\" content=\"ASAJA Palencia\" \/>\n<meta property=\"article:published_time\" content=\"2024-05-26T07:10:00+00:00\" \/>\n<meta property=\"og:image\" content=\"https:\/\/www.asajacyl.com\/palencia\/wp-content\/uploads\/sites\/3\/2024\/05\/Juan-Bautista-Rodriguez-Cis.jpg\" \/>\n\t<meta property=\"og:image:width\" content=\"1890\" \/>\n\t<meta property=\"og:image:height\" content=\"1654\" \/>\n\t<meta property=\"og:image:type\" content=\"image\/jpeg\" \/>\n<meta name=\"author\" content=\"Administrador\" \/>\n<meta name=\"twitter:card\" content=\"summary_large_image\" \/>\n<meta name=\"twitter:label1\" content=\"Escrito por\" \/>\n\t<meta name=\"twitter:data1\" content=\"Administrador\" \/>\n\t<meta name=\"twitter:label2\" content=\"Tiempo de lectura\" \/>\n\t<meta name=\"twitter:data2\" content=\"1 minuto\" \/>\n<script type=\"application\/ld+json\" class=\"yoast-schema-graph\">{\"@context\":\"https:\/\/schema.org\",\"@graph\":[{\"@type\":\"WebPage\",\"@id\":\"https:\/\/www.asajacyl.com\/palencia\/asaja-palencia-informa\/campo-palentino-23-mayo-2024\",\"url\":\"https:\/\/www.asajacyl.com\/palencia\/asaja-palencia-informa\/campo-palentino-23-mayo-2024\",\"name\":\"Campo Palentino | (23\/MAYO\/2024) - ASAJA Palencia\",\"isPartOf\":{\"@id\":\"https:\/\/www.asajacyl.com\/palencia\/#website\"},\"primaryImageOfPage\":{\"@id\":\"https:\/\/www.asajacyl.com\/palencia\/asaja-palencia-informa\/campo-palentino-23-mayo-2024#primaryimage\"},\"image\":{\"@id\":\"https:\/\/www.asajacyl.com\/palencia\/asaja-palencia-informa\/campo-palentino-23-mayo-2024#primaryimage\"},\"thumbnailUrl\":\"https:\/\/www.asajacyl.com\/palencia\/wp-content\/uploads\/sites\/3\/2024\/05\/Juan-Bautista-Rodriguez-Cis.jpg\",\"datePublished\":\"2024-05-26T07:10:00+00:00\",\"author\":{\"@id\":\"https:\/\/www.asajacyl.com\/palencia\/#\/schema\/person\/3ab17aeb03527485c317557fae64aab1\"},\"description\":\"Entrevistamos esta semana \u2014a pie de una de sus parcelas de cebada con da\u00f1os de pedrisco\u2014 a Juan Bautista Rodr\u00edguez, socio de ASAJA-Palencia y uno de los\",\"breadcrumb\":{\"@id\":\"https:\/\/www.asajacyl.com\/palencia\/asaja-palencia-informa\/campo-palentino-23-mayo-2024#breadcrumb\"},\"inLanguage\":\"es\",\"potentialAction\":[{\"@type\":\"ReadAction\",\"target\":[\"https:\/\/www.asajacyl.com\/palencia\/asaja-palencia-informa\/campo-palentino-23-mayo-2024\"]}]},{\"@type\":\"ImageObject\",\"inLanguage\":\"es\",\"@id\":\"https:\/\/www.asajacyl.com\/palencia\/asaja-palencia-informa\/campo-palentino-23-mayo-2024#primaryimage\",\"url\":\"https:\/\/www.asajacyl.com\/palencia\/wp-content\/uploads\/sites\/3\/2024\/05\/Juan-Bautista-Rodriguez-Cis.jpg\",\"contentUrl\":\"https:\/\/www.asajacyl.com\/palencia\/wp-content\/uploads\/sites\/3\/2024\/05\/Juan-Bautista-Rodriguez-Cis.jpg\",\"width\":1890,\"height\":1654},{\"@type\":\"BreadcrumbList\",\"@id\":\"https:\/\/www.asajacyl.com\/palencia\/asaja-palencia-informa\/campo-palentino-23-mayo-2024#breadcrumb\",\"itemListElement\":[{\"@type\":\"ListItem\",\"position\":1,\"name\":\"Portada\",\"item\":\"https:\/\/www.asajacyl.com\/palencia\/\"},{\"@type\":\"ListItem\",\"position\":2,\"name\":\"Campo Palentino | (23\/MAYO\/2024)\"}]},{\"@type\":\"WebSite\",\"@id\":\"https:\/\/www.asajacyl.com\/palencia\/#website\",\"url\":\"https:\/\/www.asajacyl.com\/palencia\/\",\"name\":\"ASAJA Palencia\",\"description\":\"Otro sitio m\u00e1s de Provincias ASAJA Castilla y Le\u00f3n\",\"potentialAction\":[{\"@type\":\"SearchAction\",\"target\":{\"@type\":\"EntryPoint\",\"urlTemplate\":\"https:\/\/www.asajacyl.com\/palencia\/?s={search_term_string}\"},\"query-input\":{\"@type\":\"PropertyValueSpecification\",\"valueRequired\":true,\"valueName\":\"search_term_string\"}}],\"inLanguage\":\"es\"},{\"@type\":\"Person\",\"@id\":\"https:\/\/www.asajacyl.com\/palencia\/#\/schema\/person\/3ab17aeb03527485c317557fae64aab1\",\"name\":\"Administrador\",\"image\":{\"@type\":\"ImageObject\",\"inLanguage\":\"es\",\"@id\":\"https:\/\/www.asajacyl.com\/palencia\/#\/schema\/person\/image\/\",\"url\":\"https:\/\/secure.gravatar.com\/avatar\/517384810d242ca9e38c180f3c9fb973?s=96&d=mm&r=g\",\"contentUrl\":\"https:\/\/secure.gravatar.com\/avatar\/517384810d242ca9e38c180f3c9fb973?s=96&d=mm&r=g\",\"caption\":\"Administrador\"},\"url\":\"https:\/\/www.asajacyl.com\/palencia\/author\/carlosrm\"}]}<\/script>\n<!-- \/ Yoast SEO plugin. -->","yoast_head_json":{"title":"Campo Palentino | (23\/MAYO\/2024) - ASAJA Palencia","description":"Entrevistamos esta semana \u2014a pie de una de sus parcelas de cebada con da\u00f1os de pedrisco\u2014 a Juan Bautista Rodr\u00edguez, socio de ASAJA-Palencia y uno de los","robots":{"index":"index","follow":"follow","max-snippet":"max-snippet:-1","max-image-preview":"max-image-preview:large","max-video-preview":"max-video-preview:-1"},"canonical":"https:\/\/www.asajacyl.com\/palencia\/asaja-palencia-informa\/campo-palentino-23-mayo-2024","og_locale":"es_ES","og_type":"article","og_title":"Campo Palentino | (23\/MAYO\/2024) - ASAJA Palencia","og_description":"Entrevistamos esta semana \u2014a pie de una de sus parcelas de cebada con da\u00f1os de pedrisco\u2014 a Juan Bautista Rodr\u00edguez, socio de ASAJA-Palencia y uno de los","og_url":"https:\/\/www.asajacyl.com\/palencia\/asaja-palencia-informa\/campo-palentino-23-mayo-2024","og_site_name":"ASAJA Palencia","article_published_time":"2024-05-26T07:10:00+00:00","og_image":[{"width":1890,"height":1654,"url":"https:\/\/www.asajacyl.com\/palencia\/wp-content\/uploads\/sites\/3\/2024\/05\/Juan-Bautista-Rodriguez-Cis.jpg","type":"image\/jpeg"}],"author":"Administrador","twitter_card":"summary_large_image","twitter_misc":{"Escrito por":"Administrador","Tiempo de lectura":"1 minuto"},"schema":{"@context":"https:\/\/schema.org","@graph":[{"@type":"WebPage","@id":"https:\/\/www.asajacyl.com\/palencia\/asaja-palencia-informa\/campo-palentino-23-mayo-2024","url":"https:\/\/www.asajacyl.com\/palencia\/asaja-palencia-informa\/campo-palentino-23-mayo-2024","name":"Campo Palentino | (23\/MAYO\/2024) - ASAJA Palencia","isPartOf":{"@id":"https:\/\/www.asajacyl.com\/palencia\/#website"},"primaryImageOfPage":{"@id":"https:\/\/www.asajacyl.com\/palencia\/asaja-palencia-informa\/campo-palentino-23-mayo-2024#primaryimage"},"image":{"@id":"https:\/\/www.asajacyl.com\/palencia\/asaja-palencia-informa\/campo-palentino-23-mayo-2024#primaryimage"},"thumbnailUrl":"https:\/\/www.asajacyl.com\/palencia\/wp-content\/uploads\/sites\/3\/2024\/05\/Juan-Bautista-Rodriguez-Cis.jpg","datePublished":"2024-05-26T07:10:00+00:00","author":{"@id":"https:\/\/www.asajacyl.com\/palencia\/#\/schema\/person\/3ab17aeb03527485c317557fae64aab1"},"description":"Entrevistamos esta semana \u2014a pie de una de sus parcelas de cebada con da\u00f1os de pedrisco\u2014 a Juan Bautista Rodr\u00edguez, socio de ASAJA-Palencia y uno de los","breadcrumb":{"@id":"https:\/\/www.asajacyl.com\/palencia\/asaja-palencia-informa\/campo-palentino-23-mayo-2024#breadcrumb"},"inLanguage":"es","potentialAction":[{"@type":"ReadAction","target":["https:\/\/www.asajacyl.com\/palencia\/asaja-palencia-informa\/campo-palentino-23-mayo-2024"]}]},{"@type":"ImageObject","inLanguage":"es","@id":"https:\/\/www.asajacyl.com\/palencia\/asaja-palencia-informa\/campo-palentino-23-mayo-2024#primaryimage","url":"https:\/\/www.asajacyl.com\/palencia\/wp-content\/uploads\/sites\/3\/2024\/05\/Juan-Bautista-Rodriguez-Cis.jpg","contentUrl":"https:\/\/www.asajacyl.com\/palencia\/wp-content\/uploads\/sites\/3\/2024\/05\/Juan-Bautista-Rodriguez-Cis.jpg","width":1890,"height":1654},{"@type":"BreadcrumbList","@id":"https:\/\/www.asajacyl.com\/palencia\/asaja-palencia-informa\/campo-palentino-23-mayo-2024#breadcrumb","itemListElement":[{"@type":"ListItem","position":1,"name":"Portada","item":"https:\/\/www.asajacyl.com\/palencia\/"},{"@type":"ListItem","position":2,"name":"Campo Palentino | (23\/MAYO\/2024)"}]},{"@type":"WebSite","@id":"https:\/\/www.asajacyl.com\/palencia\/#website","url":"https:\/\/www.asajacyl.com\/palencia\/","name":"ASAJA Palencia","description":"Otro sitio m\u00e1s de Provincias ASAJA Castilla y Le\u00f3n","potentialAction":[{"@type":"SearchAction","target":{"@type":"EntryPoint","urlTemplate":"https:\/\/www.asajacyl.com\/palencia\/?s={search_term_string}"},"query-input":{"@type":"PropertyValueSpecification","valueRequired":true,"valueName":"search_term_string"}}],"inLanguage":"es"},{"@type":"Person","@id":"https:\/\/www.asajacyl.com\/palencia\/#\/schema\/person\/3ab17aeb03527485c317557fae64aab1","name":"Administrador","image":{"@type":"ImageObject","inLanguage":"es","@id":"https:\/\/www.asajacyl.com\/palencia\/#\/schema\/person\/image\/","url":"https:\/\/secure.gravatar.com\/avatar\/517384810d242ca9e38c180f3c9fb973?s=96&d=mm&r=g","contentUrl":"https:\/\/secure.gravatar.com\/avatar\/517384810d242ca9e38c180f3c9fb973?s=96&d=mm&r=g","caption":"Administrador"},"url":"https:\/\/www.asajacyl.com\/palencia\/author\/carlosrm"}]}},"_links":{"self":[{"href":"https:\/\/www.asajacyl.com\/palencia\/wp-json\/wp\/v2\/posts\/16340"}],"collection":[{"href":"https:\/\/www.asajacyl.com\/palencia\/wp-json\/wp\/v2\/posts"}],"about":[{"href":"https:\/\/www.asajacyl.com\/palencia\/wp-json\/wp\/v2\/types\/post"}],"author":[{"embeddable":true,"href":"https:\/\/www.asajacyl.com\/palencia\/wp-json\/wp\/v2\/users\/9"}],"replies":[{"embeddable":true,"href":"https:\/\/www.asajacyl.com\/palencia\/wp-json\/wp\/v2\/comments?post=16340"}],"version-history":[{"count":2,"href":"https:\/\/www.asajacyl.com\/palencia\/wp-json\/wp\/v2\/posts\/16340\/revisions"}],"predecessor-version":[{"id":16344,"href":"https:\/\/www.asajacyl.com\/palencia\/wp-json\/wp\/v2\/posts\/16340\/revisions\/16344"}],"wp:featuredmedia":[{"embeddable":true,"href":"https:\/\/www.asajacyl.com\/palencia\/wp-json\/wp\/v2\/media\/16342"}],"wp:attachment":[{"href":"https:\/\/www.asajacyl.com\/palencia\/wp-json\/wp\/v2\/media?parent=16340"}],"wp:term":[{"taxonomy":"category","embeddable":true,"href":"https:\/\/www.asajacyl.com\/palencia\/wp-json\/wp\/v2\/categories?post=16340"},{"taxonomy":"post_tag","embeddable":true,"href":"https:\/\/www.asajacyl.com\/palencia\/wp-json\/wp\/v2\/tags?post=16340"}],"curies":[{"name":"wp","href":"https:\/\/api.w.org\/{rel}","templated":true}]}}