{"id":16350,"date":"2024-05-30T10:53:16","date_gmt":"2024-05-30T08:53:16","guid":{"rendered":"https:\/\/www.asajacyl.com\/palencia\/?p=16350"},"modified":"2024-05-29T12:38:41","modified_gmt":"2024-05-29T10:38:41","slug":"el-precio-que-percibe-el-ganadero-por-el-lechazo-sigue-remontando-con-una-subida-interanual-en-torno-al-6","status":"publish","type":"post","link":"https:\/\/www.asajacyl.com\/palencia\/asaja-palencia-informa\/el-precio-que-percibe-el-ganadero-por-el-lechazo-sigue-remontando-con-una-subida-interanual-en-torno-al-6","title":{"rendered":"El precio que percibe el ganadero por el lechazo sigue  remontando, con una subida interanual en torno al 6 %"},"content":{"rendered":"\n<h2 class=\"wp-block-heading\">Los precios que percibe el ganadero de ovino por los lechazos siguen en paulatina recuperaci\u00f3n, tendencia que viene apunt\u00e1ndose en las \u00faltimas semanas. Seg\u00fan los datos m\u00e1s recientes de la Mesa del Lechazo de Castilla y Le\u00f3n, las subidas interanuales se sit\u00faan actualmente entre el 5,6 % y el 7,3 %, dependiendo de las categor\u00edas, un alivio para unos productores que vienen padeciendo desde hace dos a\u00f1os un notable incremento en los costes de la alimentaci\u00f3n animal, entre otros. En cambio, el vacuno de carne mantiene la tendencia de estancamiento de los \u00faltimos meses, seg\u00fan la mesa del sector celebrada en la Lonja de Salamanca este lunes 27 de mayo.<\/h2>\n\n\n\n<p>La \u00faltima sesi\u00f3n de la lonja de Villalpando (Zamora), de referencia tanto para la Mesa del Lechazo de Castilla y Le\u00f3n como a nivel nacional, refleja que el lechazo con Identificaci\u00f3n Geogr\u00e1fica Protegida (IGP) se viene pagando a 5,15 euros\/kilo, lo que representa un aumento de treinta c\u00e9ntimos por kilogramo con respecto a la mesa celebrada dos semanas antes.<\/p>\n\n\n\n<p>Esa misma subida de treinta c\u00e9ntimos se constata en las otras dos categor\u00edas, lechazo Tierra de Sabor y lechazo sin marchamo de entre diez y doce kilos para sacrificio, que se cotizan en 4,70 y 4,60 \u20ac\/kilo, respectivamente. Mientras la revalorizaci\u00f3nn interanual del lechazo IGP llega  al 7,3 %, en las otras dos categor\u00edas se sit\u00faa en torno al 5,6 %.  <\/p>\n\n\n\n<p><strong>OVINO PARA CEBAR. <\/strong>Acorde con la menor oferta nacional por la falta de relevo generacional en el sector y la creciente demanda exterior, la cabeza de ovino para cebar ha experimentado tambi\u00e9n una apreciaci\u00f3n interanual importante (+13,9 %). <\/p>\n\n\n\n<p>Desde mediados de febrero, el lechal para cebar de entre doce y diecis\u00e9is kilos se est\u00e1 pagando en una horquilla de 60-63 euros\/cabeza, siempre seg\u00fan los datos facilitados por la Mesa del Lechazo de Castilla y Le\u00f3n, relativos a la lonja de Villalpando, una de las inscritas en el registro nacional de lonjas y mercados de referencia, creado en 2020 por el Ministerio de Agricultura, Pesca y Alimentaci\u00f3n.<\/p>\n\n\n\n<p>Esos precios del lechal para cebar, sin ser m\u00e1ximos hist\u00f3ricos, s\u00ed se sit\u00faan en torno a siete euros y medio por encima de la cotizaci\u00f3n de hace un a\u00f1o. Si se repite el comportamiento del a\u00f1o pasado, lo l\u00f3gico es que en estos meses de verano se mantenga estable o incluso baje, para retomar el alza a partir de septiembre y escale a m\u00e1ximos a falta de mes y medio para la Navidad (en 2023, el m\u00e1ximo de unos 69 euros\/cabeza se estableci\u00f3 a finales de octubre y primeros de noviembre, mientras los lechazos para matadero suelen alcanzarlo en torno a la primera semana de diciembre).  <\/p>\n\n\n\n<p><strong>VACUNO DE CARNE. <\/strong>Por lo que respecta al vacuno de carne, la sesi\u00f3n de esta semana en la lonja de Salamanca apenas present\u00f3 novedades, como viene sucediendo en el sector desde hace meses. Seg\u00fan informa <a href=\"https:\/\/www.lagacetadesalamanca.es\/campo\/cinco-frases-entender-precios-lonja-salamanca-20240527210653-nt.html\" target=\"_blank\" rel=\"noreferrer noopener\">La Gaceta Regional de Salamanca, <\/a>\u00ablos vocales han destacado que la semana ha sido muy igual a las anteriores, una semana de equilibrio, sin atascos para matar\u00bb. Tras cotizar, la decisi\u00f3n final del presidente de la lonja salmantina fue la de repetir los precios de la semana pasada en los machos y en las vacas, pero reflejar una bajada de un c\u00e9ntimo por kilogramo en las hembras de m\u00e1s de 270 kilos.  <\/p>\n\n\n\n<p>La variaci\u00f3n interanual de los precios del vacuno para sacrificio en la lonja de Salamanca apenas llega a los seis c\u00e9ntimos por kilo en el caso del a\u00f1ejo extra de hasta 350 kilos, y es menor en otras categor\u00edas, e incluso ha perdido unos c\u00e9ntimos por kilo en algunas, como la ternera extra de m\u00e1s de 270 kilos, cuyas canales bajaron en esa \u00faltima sesi\u00f3n a los 5,47 euros\/kilo, frente a los 5,51 euros\/kilos de hace un a\u00f1o.<strong>\/<\/strong><\/p>\n\n\n\n<figure class=\"wp-block-image size-full is-resized\"><img loading=\"lazy\" decoding=\"async\" width=\"1024\" height=\"768\" src=\"https:\/\/www.asajacyl.com\/palencia\/wp-content\/uploads\/sites\/3\/2024\/05\/Tabla-precios-ganaderia-27mayo2024.png\" alt=\"\" class=\"wp-image-16351\" style=\"width:1064px;height:auto\" srcset=\"https:\/\/www.asajacyl.com\/palencia\/wp-content\/uploads\/sites\/3\/2024\/05\/Tabla-precios-ganaderia-27mayo2024.png 1024w, https:\/\/www.asajacyl.com\/palencia\/wp-content\/uploads\/sites\/3\/2024\/05\/Tabla-precios-ganaderia-27mayo2024-300x225.png 300w, https:\/\/www.asajacyl.com\/palencia\/wp-content\/uploads\/sites\/3\/2024\/05\/Tabla-precios-ganaderia-27mayo2024-768x576.png 768w, https:\/\/www.asajacyl.com\/palencia\/wp-content\/uploads\/sites\/3\/2024\/05\/Tabla-precios-ganaderia-27mayo2024-560x420.png 560w, https:\/\/www.asajacyl.com\/palencia\/wp-content\/uploads\/sites\/3\/2024\/05\/Tabla-precios-ganaderia-27mayo2024-80x60.png 80w, https:\/\/www.asajacyl.com\/palencia\/wp-content\/uploads\/sites\/3\/2024\/05\/Tabla-precios-ganaderia-27mayo2024-696x522.png 696w\" sizes=\"(max-width: 1024px) 100vw, 1024px\" \/><\/figure>\n","protected":false},"excerpt":{"rendered":"<p>Los precios que percibe el ganadero de ovino por los lechazos siguen en paulatina recuperaci\u00f3n, tendencia que viene apunt\u00e1ndose en las \u00faltimas semanas. Seg\u00fan los datos m\u00e1s recientes de la Mesa del Lechazo de Castilla y Le\u00f3n, las subidas interanuales se sit\u00faan actualmente entre el 5,6 % y el 7,3 %, dependiendo de las categor\u00edas, [&hellip;]<\/p>\n","protected":false},"author":9,"featured_media":16360,"comment_status":"open","ping_status":"open","sticky":false,"template":"","format":"standard","meta":{"footnotes":""},"categories":[9,29,36,28,13],"tags":[234,166,77,477,637,638,467,906,510,110,143,311,907,631,294],"yoast_head":"<!-- This site is optimized with the Yoast SEO plugin v24.5 - https:\/\/yoast.com\/wordpress\/plugins\/seo\/ -->\n<title>El precio que percibe el ganadero por el lechazo sigue remontando, con una subida interanual en torno al 6 % - ASAJA Palencia<\/title>\n<meta name=\"description\" content=\"Los precios que percibe el ganadero de ovino por los lechazos siguen en paulatina recuperaci\u00f3n, tendencia que viene apunt\u00e1ndose en las \u00faltimas semanas.\" \/>\n<meta name=\"robots\" content=\"index, follow, max-snippet:-1, max-image-preview:large, max-video-preview:-1\" \/>\n<link rel=\"canonical\" href=\"https:\/\/www.asajacyl.com\/palencia\/asaja-palencia-informa\/el-precio-que-percibe-el-ganadero-por-el-lechazo-sigue-remontando-con-una-subida-interanual-en-torno-al-6\" \/>\n<meta property=\"og:locale\" content=\"es_ES\" \/>\n<meta property=\"og:type\" content=\"article\" \/>\n<meta property=\"og:title\" content=\"El precio que percibe el ganadero por el lechazo sigue remontando, con una subida interanual en torno al 6 % - ASAJA Palencia\" \/>\n<meta property=\"og:description\" content=\"Los precios que percibe el ganadero de ovino por los lechazos siguen en paulatina recuperaci\u00f3n, tendencia que viene apunt\u00e1ndose en las \u00faltimas semanas.\" \/>\n<meta property=\"og:url\" content=\"https:\/\/www.asajacyl.com\/palencia\/asaja-palencia-informa\/el-precio-que-percibe-el-ganadero-por-el-lechazo-sigue-remontando-con-una-subida-interanual-en-torno-al-6\" \/>\n<meta property=\"og:site_name\" content=\"ASAJA Palencia\" \/>\n<meta property=\"article:published_time\" content=\"2024-05-30T08:53:16+00:00\" \/>\n<meta property=\"og:image\" content=\"https:\/\/www.asajacyl.com\/palencia\/wp-content\/uploads\/sites\/3\/2024\/05\/Lechazo-IGP-Castilla-y-Leon-web.jpg\" \/>\n\t<meta property=\"og:image:width\" content=\"1890\" \/>\n\t<meta property=\"og:image:height\" content=\"1654\" \/>\n\t<meta property=\"og:image:type\" content=\"image\/jpeg\" \/>\n<meta name=\"author\" content=\"Administrador\" \/>\n<meta name=\"twitter:card\" content=\"summary_large_image\" \/>\n<meta name=\"twitter:label1\" content=\"Escrito por\" \/>\n\t<meta name=\"twitter:data1\" content=\"Administrador\" \/>\n\t<meta name=\"twitter:label2\" content=\"Tiempo de lectura\" \/>\n\t<meta name=\"twitter:data2\" content=\"4 minutos\" \/>\n<script type=\"application\/ld+json\" class=\"yoast-schema-graph\">{\"@context\":\"https:\/\/schema.org\",\"@graph\":[{\"@type\":\"WebPage\",\"@id\":\"https:\/\/www.asajacyl.com\/palencia\/asaja-palencia-informa\/el-precio-que-percibe-el-ganadero-por-el-lechazo-sigue-remontando-con-una-subida-interanual-en-torno-al-6\",\"url\":\"https:\/\/www.asajacyl.com\/palencia\/asaja-palencia-informa\/el-precio-que-percibe-el-ganadero-por-el-lechazo-sigue-remontando-con-una-subida-interanual-en-torno-al-6\",\"name\":\"El precio que percibe el ganadero por el lechazo sigue remontando, con una subida interanual en torno al 6 % - ASAJA Palencia\",\"isPartOf\":{\"@id\":\"https:\/\/www.asajacyl.com\/palencia\/#website\"},\"primaryImageOfPage\":{\"@id\":\"https:\/\/www.asajacyl.com\/palencia\/asaja-palencia-informa\/el-precio-que-percibe-el-ganadero-por-el-lechazo-sigue-remontando-con-una-subida-interanual-en-torno-al-6#primaryimage\"},\"image\":{\"@id\":\"https:\/\/www.asajacyl.com\/palencia\/asaja-palencia-informa\/el-precio-que-percibe-el-ganadero-por-el-lechazo-sigue-remontando-con-una-subida-interanual-en-torno-al-6#primaryimage\"},\"thumbnailUrl\":\"https:\/\/www.asajacyl.com\/palencia\/wp-content\/uploads\/sites\/3\/2024\/05\/Lechazo-IGP-Castilla-y-Leon-web.jpg\",\"datePublished\":\"2024-05-30T08:53:16+00:00\",\"author\":{\"@id\":\"https:\/\/www.asajacyl.com\/palencia\/#\/schema\/person\/3ab17aeb03527485c317557fae64aab1\"},\"description\":\"Los precios que percibe el ganadero de ovino por los lechazos siguen en paulatina recuperaci\u00f3n, tendencia que viene apunt\u00e1ndose en las \u00faltimas semanas.\",\"breadcrumb\":{\"@id\":\"https:\/\/www.asajacyl.com\/palencia\/asaja-palencia-informa\/el-precio-que-percibe-el-ganadero-por-el-lechazo-sigue-remontando-con-una-subida-interanual-en-torno-al-6#breadcrumb\"},\"inLanguage\":\"es\",\"potentialAction\":[{\"@type\":\"ReadAction\",\"target\":[\"https:\/\/www.asajacyl.com\/palencia\/asaja-palencia-informa\/el-precio-que-percibe-el-ganadero-por-el-lechazo-sigue-remontando-con-una-subida-interanual-en-torno-al-6\"]}]},{\"@type\":\"ImageObject\",\"inLanguage\":\"es\",\"@id\":\"https:\/\/www.asajacyl.com\/palencia\/asaja-palencia-informa\/el-precio-que-percibe-el-ganadero-por-el-lechazo-sigue-remontando-con-una-subida-interanual-en-torno-al-6#primaryimage\",\"url\":\"https:\/\/www.asajacyl.com\/palencia\/wp-content\/uploads\/sites\/3\/2024\/05\/Lechazo-IGP-Castilla-y-Leon-web.jpg\",\"contentUrl\":\"https:\/\/www.asajacyl.com\/palencia\/wp-content\/uploads\/sites\/3\/2024\/05\/Lechazo-IGP-Castilla-y-Leon-web.jpg\",\"width\":1890,\"height\":1654},{\"@type\":\"BreadcrumbList\",\"@id\":\"https:\/\/www.asajacyl.com\/palencia\/asaja-palencia-informa\/el-precio-que-percibe-el-ganadero-por-el-lechazo-sigue-remontando-con-una-subida-interanual-en-torno-al-6#breadcrumb\",\"itemListElement\":[{\"@type\":\"ListItem\",\"position\":1,\"name\":\"Portada\",\"item\":\"https:\/\/www.asajacyl.com\/palencia\/\"},{\"@type\":\"ListItem\",\"position\":2,\"name\":\"El precio que percibe el ganadero por el lechazo sigue remontando, con una subida interanual en torno al 6 %\"}]},{\"@type\":\"WebSite\",\"@id\":\"https:\/\/www.asajacyl.com\/palencia\/#website\",\"url\":\"https:\/\/www.asajacyl.com\/palencia\/\",\"name\":\"ASAJA Palencia\",\"description\":\"Otro sitio m\u00e1s de Provincias ASAJA Castilla y Le\u00f3n\",\"potentialAction\":[{\"@type\":\"SearchAction\",\"target\":{\"@type\":\"EntryPoint\",\"urlTemplate\":\"https:\/\/www.asajacyl.com\/palencia\/?s={search_term_string}\"},\"query-input\":{\"@type\":\"PropertyValueSpecification\",\"valueRequired\":true,\"valueName\":\"search_term_string\"}}],\"inLanguage\":\"es\"},{\"@type\":\"Person\",\"@id\":\"https:\/\/www.asajacyl.com\/palencia\/#\/schema\/person\/3ab17aeb03527485c317557fae64aab1\",\"name\":\"Administrador\",\"image\":{\"@type\":\"ImageObject\",\"inLanguage\":\"es\",\"@id\":\"https:\/\/www.asajacyl.com\/palencia\/#\/schema\/person\/image\/\",\"url\":\"https:\/\/secure.gravatar.com\/avatar\/517384810d242ca9e38c180f3c9fb973?s=96&d=mm&r=g\",\"contentUrl\":\"https:\/\/secure.gravatar.com\/avatar\/517384810d242ca9e38c180f3c9fb973?s=96&d=mm&r=g\",\"caption\":\"Administrador\"},\"url\":\"https:\/\/www.asajacyl.com\/palencia\/author\/carlosrm\"}]}<\/script>\n<!-- \/ Yoast SEO plugin. -->","yoast_head_json":{"title":"El precio que percibe el ganadero por el lechazo sigue remontando, con una subida interanual en torno al 6 % - ASAJA Palencia","description":"Los precios que percibe el ganadero de ovino por los lechazos siguen en paulatina recuperaci\u00f3n, tendencia que viene apunt\u00e1ndose en las \u00faltimas semanas.","robots":{"index":"index","follow":"follow","max-snippet":"max-snippet:-1","max-image-preview":"max-image-preview:large","max-video-preview":"max-video-preview:-1"},"canonical":"https:\/\/www.asajacyl.com\/palencia\/asaja-palencia-informa\/el-precio-que-percibe-el-ganadero-por-el-lechazo-sigue-remontando-con-una-subida-interanual-en-torno-al-6","og_locale":"es_ES","og_type":"article","og_title":"El precio que percibe el ganadero por el lechazo sigue remontando, con una subida interanual en torno al 6 % - ASAJA Palencia","og_description":"Los precios que percibe el ganadero de ovino por los lechazos siguen en paulatina recuperaci\u00f3n, tendencia que viene apunt\u00e1ndose en las \u00faltimas semanas.","og_url":"https:\/\/www.asajacyl.com\/palencia\/asaja-palencia-informa\/el-precio-que-percibe-el-ganadero-por-el-lechazo-sigue-remontando-con-una-subida-interanual-en-torno-al-6","og_site_name":"ASAJA Palencia","article_published_time":"2024-05-30T08:53:16+00:00","og_image":[{"width":1890,"height":1654,"url":"https:\/\/www.asajacyl.com\/palencia\/wp-content\/uploads\/sites\/3\/2024\/05\/Lechazo-IGP-Castilla-y-Leon-web.jpg","type":"image\/jpeg"}],"author":"Administrador","twitter_card":"summary_large_image","twitter_misc":{"Escrito por":"Administrador","Tiempo de lectura":"4 minutos"},"schema":{"@context":"https:\/\/schema.org","@graph":[{"@type":"WebPage","@id":"https:\/\/www.asajacyl.com\/palencia\/asaja-palencia-informa\/el-precio-que-percibe-el-ganadero-por-el-lechazo-sigue-remontando-con-una-subida-interanual-en-torno-al-6","url":"https:\/\/www.asajacyl.com\/palencia\/asaja-palencia-informa\/el-precio-que-percibe-el-ganadero-por-el-lechazo-sigue-remontando-con-una-subida-interanual-en-torno-al-6","name":"El precio que percibe el ganadero por el lechazo sigue remontando, con una subida interanual en torno al 6 % - ASAJA Palencia","isPartOf":{"@id":"https:\/\/www.asajacyl.com\/palencia\/#website"},"primaryImageOfPage":{"@id":"https:\/\/www.asajacyl.com\/palencia\/asaja-palencia-informa\/el-precio-que-percibe-el-ganadero-por-el-lechazo-sigue-remontando-con-una-subida-interanual-en-torno-al-6#primaryimage"},"image":{"@id":"https:\/\/www.asajacyl.com\/palencia\/asaja-palencia-informa\/el-precio-que-percibe-el-ganadero-por-el-lechazo-sigue-remontando-con-una-subida-interanual-en-torno-al-6#primaryimage"},"thumbnailUrl":"https:\/\/www.asajacyl.com\/palencia\/wp-content\/uploads\/sites\/3\/2024\/05\/Lechazo-IGP-Castilla-y-Leon-web.jpg","datePublished":"2024-05-30T08:53:16+00:00","author":{"@id":"https:\/\/www.asajacyl.com\/palencia\/#\/schema\/person\/3ab17aeb03527485c317557fae64aab1"},"description":"Los precios que percibe el ganadero de ovino por los lechazos siguen en paulatina recuperaci\u00f3n, tendencia que viene apunt\u00e1ndose en las \u00faltimas semanas.","breadcrumb":{"@id":"https:\/\/www.asajacyl.com\/palencia\/asaja-palencia-informa\/el-precio-que-percibe-el-ganadero-por-el-lechazo-sigue-remontando-con-una-subida-interanual-en-torno-al-6#breadcrumb"},"inLanguage":"es","potentialAction":[{"@type":"ReadAction","target":["https:\/\/www.asajacyl.com\/palencia\/asaja-palencia-informa\/el-precio-que-percibe-el-ganadero-por-el-lechazo-sigue-remontando-con-una-subida-interanual-en-torno-al-6"]}]},{"@type":"ImageObject","inLanguage":"es","@id":"https:\/\/www.asajacyl.com\/palencia\/asaja-palencia-informa\/el-precio-que-percibe-el-ganadero-por-el-lechazo-sigue-remontando-con-una-subida-interanual-en-torno-al-6#primaryimage","url":"https:\/\/www.asajacyl.com\/palencia\/wp-content\/uploads\/sites\/3\/2024\/05\/Lechazo-IGP-Castilla-y-Leon-web.jpg","contentUrl":"https:\/\/www.asajacyl.com\/palencia\/wp-content\/uploads\/sites\/3\/2024\/05\/Lechazo-IGP-Castilla-y-Leon-web.jpg","width":1890,"height":1654},{"@type":"BreadcrumbList","@id":"https:\/\/www.asajacyl.com\/palencia\/asaja-palencia-informa\/el-precio-que-percibe-el-ganadero-por-el-lechazo-sigue-remontando-con-una-subida-interanual-en-torno-al-6#breadcrumb","itemListElement":[{"@type":"ListItem","position":1,"name":"Portada","item":"https:\/\/www.asajacyl.com\/palencia\/"},{"@type":"ListItem","position":2,"name":"El precio que percibe el ganadero por el lechazo sigue remontando, con una subida interanual en torno al 6 %"}]},{"@type":"WebSite","@id":"https:\/\/www.asajacyl.com\/palencia\/#website","url":"https:\/\/www.asajacyl.com\/palencia\/","name":"ASAJA Palencia","description":"Otro sitio m\u00e1s de Provincias ASAJA Castilla y Le\u00f3n","potentialAction":[{"@type":"SearchAction","target":{"@type":"EntryPoint","urlTemplate":"https:\/\/www.asajacyl.com\/palencia\/?s={search_term_string}"},"query-input":{"@type":"PropertyValueSpecification","valueRequired":true,"valueName":"search_term_string"}}],"inLanguage":"es"},{"@type":"Person","@id":"https:\/\/www.asajacyl.com\/palencia\/#\/schema\/person\/3ab17aeb03527485c317557fae64aab1","name":"Administrador","image":{"@type":"ImageObject","inLanguage":"es","@id":"https:\/\/www.asajacyl.com\/palencia\/#\/schema\/person\/image\/","url":"https:\/\/secure.gravatar.com\/avatar\/517384810d242ca9e38c180f3c9fb973?s=96&d=mm&r=g","contentUrl":"https:\/\/secure.gravatar.com\/avatar\/517384810d242ca9e38c180f3c9fb973?s=96&d=mm&r=g","caption":"Administrador"},"url":"https:\/\/www.asajacyl.com\/palencia\/author\/carlosrm"}]}},"_links":{"self":[{"href":"https:\/\/www.asajacyl.com\/palencia\/wp-json\/wp\/v2\/posts\/16350"}],"collection":[{"href":"https:\/\/www.asajacyl.com\/palencia\/wp-json\/wp\/v2\/posts"}],"about":[{"href":"https:\/\/www.asajacyl.com\/palencia\/wp-json\/wp\/v2\/types\/post"}],"author":[{"embeddable":true,"href":"https:\/\/www.asajacyl.com\/palencia\/wp-json\/wp\/v2\/users\/9"}],"replies":[{"embeddable":true,"href":"https:\/\/www.asajacyl.com\/palencia\/wp-json\/wp\/v2\/comments?post=16350"}],"version-history":[{"count":4,"href":"https:\/\/www.asajacyl.com\/palencia\/wp-json\/wp\/v2\/posts\/16350\/revisions"}],"predecessor-version":[{"id":16361,"href":"https:\/\/www.asajacyl.com\/palencia\/wp-json\/wp\/v2\/posts\/16350\/revisions\/16361"}],"wp:featuredmedia":[{"embeddable":true,"href":"https:\/\/www.asajacyl.com\/palencia\/wp-json\/wp\/v2\/media\/16360"}],"wp:attachment":[{"href":"https:\/\/www.asajacyl.com\/palencia\/wp-json\/wp\/v2\/media?parent=16350"}],"wp:term":[{"taxonomy":"category","embeddable":true,"href":"https:\/\/www.asajacyl.com\/palencia\/wp-json\/wp\/v2\/categories?post=16350"},{"taxonomy":"post_tag","embeddable":true,"href":"https:\/\/www.asajacyl.com\/palencia\/wp-json\/wp\/v2\/tags?post=16350"}],"curies":[{"name":"wp","href":"https:\/\/api.w.org\/{rel}","templated":true}]}}