{"id":16368,"date":"2024-05-29T14:31:17","date_gmt":"2024-05-29T12:31:17","guid":{"rendered":"https:\/\/www.asajacyl.com\/palencia\/?p=16368"},"modified":"2024-05-29T14:31:20","modified_gmt":"2024-05-29T12:31:20","slug":"la-junta-cruzara-los-datos-de-la-pac-2024-este-fin-de-semana-con-lo-declarado-hasta-el-31-de-mayo","status":"publish","type":"post","link":"https:\/\/www.asajacyl.com\/palencia\/asaja-palencia-informa\/la-junta-cruzara-los-datos-de-la-pac-2024-este-fin-de-semana-con-lo-declarado-hasta-el-31-de-mayo","title":{"rendered":"La Junta cruzar\u00e1 los datos de la PAC 2024 este fin de semana con lo declarado hasta el 31 de mayo"},"content":{"rendered":"\n<h1 class=\"wp-block-heading\">La Consejer\u00eda de Agricultura, Ganader\u00eda y Desarrollo Rural efectuar\u00e1 el pr\u00f3ximo fin de semana el control preliminar de las parcelas declaradas de la PAC 2024 con la informaci\u00f3n disponible hasta el 31 de mayo. Este cruce de datos permitir\u00e1 poner a disposici\u00f3n de los agricultores y ganaderos los errores detectados en las parcelas incluidas en su solicitud \u00fanica de ayudas, con el fin de mejorar la informaci\u00f3n y evitar posibles errores. <\/h1>\n\n\n\n<p>El proceso inform\u00e1tico de cruce de datos con las bases oficiales de referencia detecta errores como el solapamiento del terreno en las delimitaciones gr\u00e1ficas de las parcelas agr\u00edcolas, las declaraciones de superficies que exceden de la superficie oficial o posibles dobles declaraciones sobre una misma parcela por parte de m\u00e1s de un agricultor. <\/p>\n\n\n\n<p>Esto permite a los solicitantes revisar su declaraci\u00f3n y corregir los posibles errores dentro del plazo de modificaci\u00f3n de las solicitudes, que concluye el 15 de junio, y as\u00ed evitar reducciones en los pagos, seg\u00fan ha informado la administraci\u00f3n auton\u00f3mica.<\/p>\n\n\n\n<p>En ese sentido, ASAJA-Palencia tambi\u00e9n viene recomendando a sus asociados cumplimentar la solicitud en todos sus t\u00e9rminos no m\u00e1s tarde del 31 de mayo, pese a que el Ministerio de Agricultura, Pesca y Alimentaci\u00f3n haya anunciado a principios de esta semana que no se efectuar\u00e1n penalizaciones en las solicitudes presentadas hasta el 15 de junio (l\u00edmite que, antes del anuncio, estaba fijado en el 31 de mayo).<\/p>\n\n\n\n<p>Con independencia de esa supresi\u00f3n de la penalizaci\u00f3n por la presentaci\u00f3n tard\u00eda de la solicitud, lo aconsejables es que los agricultores y ganaderos que a\u00fan no han presentado su solicitud, la registren completamente estos d\u00edas y no m\u00e1s tarde del viernes 31 de mayo. As\u00ed, la administraci\u00f3n auton\u00f3mica podr\u00e1 facilitar la informaci\u00f3n de posibles errores en la cumplimentaci\u00f3n y permitir su correcci\u00f3n antes del fin de plazo de modificaciones (15 de junio).<\/p>\n\n\n\n<p>ASAJA-Palencia secunda la petici\u00f3n de la Consejer\u00eda a los agricultores y ganaderos para que colaboren en estas fases iniciales del procedimiento, porque se evitar\u00e1n errores y se facilitan controles y procedimientos con m\u00e1s garant\u00edas, lo que reduce retrasos en los pagos de los anticipos, que se prev\u00e9n para mediados de octubre.<strong>\/<\/strong><\/p>\n","protected":false},"excerpt":{"rendered":"<p>La Consejer\u00eda de Agricultura, Ganader\u00eda y Desarrollo Rural efectuar\u00e1 el pr\u00f3ximo fin de semana el control preliminar de las parcelas declaradas de la PAC 2024 con la informaci\u00f3n disponible hasta el 31 de mayo. Este cruce de datos permitir\u00e1 poner a disposici\u00f3n de los agricultores y ganaderos los errores detectados en las parcelas incluidas en [&hellip;]<\/p>\n","protected":false},"author":9,"featured_media":16117,"comment_status":"open","ping_status":"open","sticky":false,"template":"","format":"standard","meta":{"footnotes":""},"categories":[9,31,29,28,13],"tags":[58,59,142,351,77,66,110,45,693],"yoast_head":"<!-- This site is optimized with the Yoast SEO plugin v24.5 - https:\/\/yoast.com\/wordpress\/plugins\/seo\/ -->\n<title>La Junta cruzar\u00e1 los datos de la PAC 2024 este fin de semana con lo declarado hasta el 31 de mayo - ASAJA Palencia<\/title>\n<meta name=\"description\" content=\"La Consejer\u00eda de Agricultura, Ganader\u00eda y Desarrollo Rural efectuar\u00e1 el pr\u00f3ximo fin de semana el control preliminar de las parcelas declaradas de la PAC\" \/>\n<meta name=\"robots\" content=\"index, follow, max-snippet:-1, max-image-preview:large, max-video-preview:-1\" \/>\n<link rel=\"canonical\" href=\"https:\/\/www.asajacyl.com\/palencia\/asaja-palencia-informa\/la-junta-cruzara-los-datos-de-la-pac-2024-este-fin-de-semana-con-lo-declarado-hasta-el-31-de-mayo\" \/>\n<meta property=\"og:locale\" content=\"es_ES\" \/>\n<meta property=\"og:type\" content=\"article\" \/>\n<meta property=\"og:title\" content=\"La Junta cruzar\u00e1 los datos de la PAC 2024 este fin de semana con lo declarado hasta el 31 de mayo - ASAJA Palencia\" \/>\n<meta property=\"og:description\" content=\"La Consejer\u00eda de Agricultura, Ganader\u00eda y Desarrollo Rural efectuar\u00e1 el pr\u00f3ximo fin de semana el control preliminar de las parcelas declaradas de la PAC\" \/>\n<meta property=\"og:url\" content=\"https:\/\/www.asajacyl.com\/palencia\/asaja-palencia-informa\/la-junta-cruzara-los-datos-de-la-pac-2024-este-fin-de-semana-con-lo-declarado-hasta-el-31-de-mayo\" \/>\n<meta property=\"og:site_name\" content=\"ASAJA Palencia\" \/>\n<meta property=\"article:published_time\" content=\"2024-05-29T12:31:17+00:00\" \/>\n<meta property=\"article:modified_time\" content=\"2024-05-29T12:31:20+00:00\" \/>\n<meta property=\"og:image\" content=\"https:\/\/www.asajacyl.com\/palencia\/wp-content\/uploads\/sites\/3\/2024\/04\/PAC-2023-2027-logo.jpg\" \/>\n\t<meta property=\"og:image:width\" content=\"1024\" \/>\n\t<meta property=\"og:image:height\" content=\"660\" \/>\n\t<meta property=\"og:image:type\" content=\"image\/jpeg\" \/>\n<meta name=\"author\" content=\"Administrador\" \/>\n<meta name=\"twitter:card\" content=\"summary_large_image\" \/>\n<meta name=\"twitter:label1\" content=\"Escrito por\" \/>\n\t<meta name=\"twitter:data1\" content=\"Administrador\" \/>\n\t<meta name=\"twitter:label2\" content=\"Tiempo de lectura\" \/>\n\t<meta name=\"twitter:data2\" content=\"2 minutos\" \/>\n<script type=\"application\/ld+json\" class=\"yoast-schema-graph\">{\"@context\":\"https:\/\/schema.org\",\"@graph\":[{\"@type\":\"WebPage\",\"@id\":\"https:\/\/www.asajacyl.com\/palencia\/asaja-palencia-informa\/la-junta-cruzara-los-datos-de-la-pac-2024-este-fin-de-semana-con-lo-declarado-hasta-el-31-de-mayo\",\"url\":\"https:\/\/www.asajacyl.com\/palencia\/asaja-palencia-informa\/la-junta-cruzara-los-datos-de-la-pac-2024-este-fin-de-semana-con-lo-declarado-hasta-el-31-de-mayo\",\"name\":\"La Junta cruzar\u00e1 los datos de la PAC 2024 este fin de semana con lo declarado hasta el 31 de mayo - ASAJA Palencia\",\"isPartOf\":{\"@id\":\"https:\/\/www.asajacyl.com\/palencia\/#website\"},\"primaryImageOfPage\":{\"@id\":\"https:\/\/www.asajacyl.com\/palencia\/asaja-palencia-informa\/la-junta-cruzara-los-datos-de-la-pac-2024-este-fin-de-semana-con-lo-declarado-hasta-el-31-de-mayo#primaryimage\"},\"image\":{\"@id\":\"https:\/\/www.asajacyl.com\/palencia\/asaja-palencia-informa\/la-junta-cruzara-los-datos-de-la-pac-2024-este-fin-de-semana-con-lo-declarado-hasta-el-31-de-mayo#primaryimage\"},\"thumbnailUrl\":\"https:\/\/www.asajacyl.com\/palencia\/wp-content\/uploads\/sites\/3\/2024\/04\/PAC-2023-2027-logo.jpg\",\"datePublished\":\"2024-05-29T12:31:17+00:00\",\"dateModified\":\"2024-05-29T12:31:20+00:00\",\"author\":{\"@id\":\"https:\/\/www.asajacyl.com\/palencia\/#\/schema\/person\/3ab17aeb03527485c317557fae64aab1\"},\"description\":\"La Consejer\u00eda de Agricultura, Ganader\u00eda y Desarrollo Rural efectuar\u00e1 el pr\u00f3ximo fin de semana el control preliminar de las parcelas declaradas de la PAC\",\"breadcrumb\":{\"@id\":\"https:\/\/www.asajacyl.com\/palencia\/asaja-palencia-informa\/la-junta-cruzara-los-datos-de-la-pac-2024-este-fin-de-semana-con-lo-declarado-hasta-el-31-de-mayo#breadcrumb\"},\"inLanguage\":\"es\",\"potentialAction\":[{\"@type\":\"ReadAction\",\"target\":[\"https:\/\/www.asajacyl.com\/palencia\/asaja-palencia-informa\/la-junta-cruzara-los-datos-de-la-pac-2024-este-fin-de-semana-con-lo-declarado-hasta-el-31-de-mayo\"]}]},{\"@type\":\"ImageObject\",\"inLanguage\":\"es\",\"@id\":\"https:\/\/www.asajacyl.com\/palencia\/asaja-palencia-informa\/la-junta-cruzara-los-datos-de-la-pac-2024-este-fin-de-semana-con-lo-declarado-hasta-el-31-de-mayo#primaryimage\",\"url\":\"https:\/\/www.asajacyl.com\/palencia\/wp-content\/uploads\/sites\/3\/2024\/04\/PAC-2023-2027-logo.jpg\",\"contentUrl\":\"https:\/\/www.asajacyl.com\/palencia\/wp-content\/uploads\/sites\/3\/2024\/04\/PAC-2023-2027-logo.jpg\",\"width\":1024,\"height\":660},{\"@type\":\"BreadcrumbList\",\"@id\":\"https:\/\/www.asajacyl.com\/palencia\/asaja-palencia-informa\/la-junta-cruzara-los-datos-de-la-pac-2024-este-fin-de-semana-con-lo-declarado-hasta-el-31-de-mayo#breadcrumb\",\"itemListElement\":[{\"@type\":\"ListItem\",\"position\":1,\"name\":\"Portada\",\"item\":\"https:\/\/www.asajacyl.com\/palencia\/\"},{\"@type\":\"ListItem\",\"position\":2,\"name\":\"La Junta cruzar\u00e1 los datos de la PAC 2024 este fin de semana con lo declarado hasta el 31 de mayo\"}]},{\"@type\":\"WebSite\",\"@id\":\"https:\/\/www.asajacyl.com\/palencia\/#website\",\"url\":\"https:\/\/www.asajacyl.com\/palencia\/\",\"name\":\"ASAJA Palencia\",\"description\":\"Otro sitio m\u00e1s de Provincias ASAJA Castilla y Le\u00f3n\",\"potentialAction\":[{\"@type\":\"SearchAction\",\"target\":{\"@type\":\"EntryPoint\",\"urlTemplate\":\"https:\/\/www.asajacyl.com\/palencia\/?s={search_term_string}\"},\"query-input\":{\"@type\":\"PropertyValueSpecification\",\"valueRequired\":true,\"valueName\":\"search_term_string\"}}],\"inLanguage\":\"es\"},{\"@type\":\"Person\",\"@id\":\"https:\/\/www.asajacyl.com\/palencia\/#\/schema\/person\/3ab17aeb03527485c317557fae64aab1\",\"name\":\"Administrador\",\"image\":{\"@type\":\"ImageObject\",\"inLanguage\":\"es\",\"@id\":\"https:\/\/www.asajacyl.com\/palencia\/#\/schema\/person\/image\/\",\"url\":\"https:\/\/secure.gravatar.com\/avatar\/517384810d242ca9e38c180f3c9fb973?s=96&d=mm&r=g\",\"contentUrl\":\"https:\/\/secure.gravatar.com\/avatar\/517384810d242ca9e38c180f3c9fb973?s=96&d=mm&r=g\",\"caption\":\"Administrador\"},\"url\":\"https:\/\/www.asajacyl.com\/palencia\/author\/carlosrm\"}]}<\/script>\n<!-- \/ Yoast SEO plugin. -->","yoast_head_json":{"title":"La Junta cruzar\u00e1 los datos de la PAC 2024 este fin de semana con lo declarado hasta el 31 de mayo - ASAJA Palencia","description":"La Consejer\u00eda de Agricultura, Ganader\u00eda y Desarrollo Rural efectuar\u00e1 el pr\u00f3ximo fin de semana el control preliminar de las parcelas declaradas de la PAC","robots":{"index":"index","follow":"follow","max-snippet":"max-snippet:-1","max-image-preview":"max-image-preview:large","max-video-preview":"max-video-preview:-1"},"canonical":"https:\/\/www.asajacyl.com\/palencia\/asaja-palencia-informa\/la-junta-cruzara-los-datos-de-la-pac-2024-este-fin-de-semana-con-lo-declarado-hasta-el-31-de-mayo","og_locale":"es_ES","og_type":"article","og_title":"La Junta cruzar\u00e1 los datos de la PAC 2024 este fin de semana con lo declarado hasta el 31 de mayo - ASAJA Palencia","og_description":"La Consejer\u00eda de Agricultura, Ganader\u00eda y Desarrollo Rural efectuar\u00e1 el pr\u00f3ximo fin de semana el control preliminar de las parcelas declaradas de la PAC","og_url":"https:\/\/www.asajacyl.com\/palencia\/asaja-palencia-informa\/la-junta-cruzara-los-datos-de-la-pac-2024-este-fin-de-semana-con-lo-declarado-hasta-el-31-de-mayo","og_site_name":"ASAJA Palencia","article_published_time":"2024-05-29T12:31:17+00:00","article_modified_time":"2024-05-29T12:31:20+00:00","og_image":[{"width":1024,"height":660,"url":"https:\/\/www.asajacyl.com\/palencia\/wp-content\/uploads\/sites\/3\/2024\/04\/PAC-2023-2027-logo.jpg","type":"image\/jpeg"}],"author":"Administrador","twitter_card":"summary_large_image","twitter_misc":{"Escrito por":"Administrador","Tiempo de lectura":"2 minutos"},"schema":{"@context":"https:\/\/schema.org","@graph":[{"@type":"WebPage","@id":"https:\/\/www.asajacyl.com\/palencia\/asaja-palencia-informa\/la-junta-cruzara-los-datos-de-la-pac-2024-este-fin-de-semana-con-lo-declarado-hasta-el-31-de-mayo","url":"https:\/\/www.asajacyl.com\/palencia\/asaja-palencia-informa\/la-junta-cruzara-los-datos-de-la-pac-2024-este-fin-de-semana-con-lo-declarado-hasta-el-31-de-mayo","name":"La Junta cruzar\u00e1 los datos de la PAC 2024 este fin de semana con lo declarado hasta el 31 de mayo - ASAJA Palencia","isPartOf":{"@id":"https:\/\/www.asajacyl.com\/palencia\/#website"},"primaryImageOfPage":{"@id":"https:\/\/www.asajacyl.com\/palencia\/asaja-palencia-informa\/la-junta-cruzara-los-datos-de-la-pac-2024-este-fin-de-semana-con-lo-declarado-hasta-el-31-de-mayo#primaryimage"},"image":{"@id":"https:\/\/www.asajacyl.com\/palencia\/asaja-palencia-informa\/la-junta-cruzara-los-datos-de-la-pac-2024-este-fin-de-semana-con-lo-declarado-hasta-el-31-de-mayo#primaryimage"},"thumbnailUrl":"https:\/\/www.asajacyl.com\/palencia\/wp-content\/uploads\/sites\/3\/2024\/04\/PAC-2023-2027-logo.jpg","datePublished":"2024-05-29T12:31:17+00:00","dateModified":"2024-05-29T12:31:20+00:00","author":{"@id":"https:\/\/www.asajacyl.com\/palencia\/#\/schema\/person\/3ab17aeb03527485c317557fae64aab1"},"description":"La Consejer\u00eda de Agricultura, Ganader\u00eda y Desarrollo Rural efectuar\u00e1 el pr\u00f3ximo fin de semana el control preliminar de las parcelas declaradas de la PAC","breadcrumb":{"@id":"https:\/\/www.asajacyl.com\/palencia\/asaja-palencia-informa\/la-junta-cruzara-los-datos-de-la-pac-2024-este-fin-de-semana-con-lo-declarado-hasta-el-31-de-mayo#breadcrumb"},"inLanguage":"es","potentialAction":[{"@type":"ReadAction","target":["https:\/\/www.asajacyl.com\/palencia\/asaja-palencia-informa\/la-junta-cruzara-los-datos-de-la-pac-2024-este-fin-de-semana-con-lo-declarado-hasta-el-31-de-mayo"]}]},{"@type":"ImageObject","inLanguage":"es","@id":"https:\/\/www.asajacyl.com\/palencia\/asaja-palencia-informa\/la-junta-cruzara-los-datos-de-la-pac-2024-este-fin-de-semana-con-lo-declarado-hasta-el-31-de-mayo#primaryimage","url":"https:\/\/www.asajacyl.com\/palencia\/wp-content\/uploads\/sites\/3\/2024\/04\/PAC-2023-2027-logo.jpg","contentUrl":"https:\/\/www.asajacyl.com\/palencia\/wp-content\/uploads\/sites\/3\/2024\/04\/PAC-2023-2027-logo.jpg","width":1024,"height":660},{"@type":"BreadcrumbList","@id":"https:\/\/www.asajacyl.com\/palencia\/asaja-palencia-informa\/la-junta-cruzara-los-datos-de-la-pac-2024-este-fin-de-semana-con-lo-declarado-hasta-el-31-de-mayo#breadcrumb","itemListElement":[{"@type":"ListItem","position":1,"name":"Portada","item":"https:\/\/www.asajacyl.com\/palencia\/"},{"@type":"ListItem","position":2,"name":"La Junta cruzar\u00e1 los datos de la PAC 2024 este fin de semana con lo declarado hasta el 31 de mayo"}]},{"@type":"WebSite","@id":"https:\/\/www.asajacyl.com\/palencia\/#website","url":"https:\/\/www.asajacyl.com\/palencia\/","name":"ASAJA Palencia","description":"Otro sitio m\u00e1s de Provincias ASAJA Castilla y Le\u00f3n","potentialAction":[{"@type":"SearchAction","target":{"@type":"EntryPoint","urlTemplate":"https:\/\/www.asajacyl.com\/palencia\/?s={search_term_string}"},"query-input":{"@type":"PropertyValueSpecification","valueRequired":true,"valueName":"search_term_string"}}],"inLanguage":"es"},{"@type":"Person","@id":"https:\/\/www.asajacyl.com\/palencia\/#\/schema\/person\/3ab17aeb03527485c317557fae64aab1","name":"Administrador","image":{"@type":"ImageObject","inLanguage":"es","@id":"https:\/\/www.asajacyl.com\/palencia\/#\/schema\/person\/image\/","url":"https:\/\/secure.gravatar.com\/avatar\/517384810d242ca9e38c180f3c9fb973?s=96&d=mm&r=g","contentUrl":"https:\/\/secure.gravatar.com\/avatar\/517384810d242ca9e38c180f3c9fb973?s=96&d=mm&r=g","caption":"Administrador"},"url":"https:\/\/www.asajacyl.com\/palencia\/author\/carlosrm"}]}},"_links":{"self":[{"href":"https:\/\/www.asajacyl.com\/palencia\/wp-json\/wp\/v2\/posts\/16368"}],"collection":[{"href":"https:\/\/www.asajacyl.com\/palencia\/wp-json\/wp\/v2\/posts"}],"about":[{"href":"https:\/\/www.asajacyl.com\/palencia\/wp-json\/wp\/v2\/types\/post"}],"author":[{"embeddable":true,"href":"https:\/\/www.asajacyl.com\/palencia\/wp-json\/wp\/v2\/users\/9"}],"replies":[{"embeddable":true,"href":"https:\/\/www.asajacyl.com\/palencia\/wp-json\/wp\/v2\/comments?post=16368"}],"version-history":[{"count":2,"href":"https:\/\/www.asajacyl.com\/palencia\/wp-json\/wp\/v2\/posts\/16368\/revisions"}],"predecessor-version":[{"id":16370,"href":"https:\/\/www.asajacyl.com\/palencia\/wp-json\/wp\/v2\/posts\/16368\/revisions\/16370"}],"wp:featuredmedia":[{"embeddable":true,"href":"https:\/\/www.asajacyl.com\/palencia\/wp-json\/wp\/v2\/media\/16117"}],"wp:attachment":[{"href":"https:\/\/www.asajacyl.com\/palencia\/wp-json\/wp\/v2\/media?parent=16368"}],"wp:term":[{"taxonomy":"category","embeddable":true,"href":"https:\/\/www.asajacyl.com\/palencia\/wp-json\/wp\/v2\/categories?post=16368"},{"taxonomy":"post_tag","embeddable":true,"href":"https:\/\/www.asajacyl.com\/palencia\/wp-json\/wp\/v2\/tags?post=16368"}],"curies":[{"name":"wp","href":"https:\/\/api.w.org\/{rel}","templated":true}]}}