{"id":16400,"date":"2024-05-31T12:50:41","date_gmt":"2024-05-31T10:50:41","guid":{"rendered":"https:\/\/www.asajacyl.com\/palencia\/?p=16400"},"modified":"2024-05-31T13:49:48","modified_gmt":"2024-05-31T11:49:48","slug":"asaja-imparte-del-10-al-14-de-junio-en-palencia-un-curso-de-bienestar-animal-en-el-transporte","status":"publish","type":"post","link":"https:\/\/www.asajacyl.com\/palencia\/asaja-palencia-informa\/asaja-imparte-del-10-al-14-de-junio-en-palencia-un-curso-de-bienestar-animal-en-el-transporte","title":{"rendered":"ASAJA imparte del 10 al 14 de junio en Palencia un curso de bienestar animal en el transporte"},"content":{"rendered":"\n<h2 class=\"wp-block-heading\">ASAJA-Palencia ha organizado un curso presencial del 10 al 14 de junio sobre bienestar animal dirigido a agricultores y ganaderos interesados en el transporte de animales vivos. Las plazas son limitadas y hay que presentar la solicitud no m\u00e1s tarde del viernes 7 de junio.<\/h2>\n\n\n\n<p>El curso, de veinte horas de duraci\u00f3n, se impartir\u00e1 por las tardes (16:30-20:30 horas) en las aulas de formaci\u00f3n de ASAJA-Palencia (Felipe Prieto, 8 &#8211; Bigar Centro).<\/p>\n\n\n\n<p>El curso est\u00e1 financiado por el Ministerio de Agricultura, Pesca y Alimentaci\u00f3n. La matr\u00edcula es gratuita, si bien hay que cumplimentar una solicitud y presentar copia del DNI en cualquier oficina de nuestra organizaci\u00f3n en esta provincia.<\/p>\n\n\n\n<p>Las personas interesadas pueden ampliar informaci\u00f3n en el tel\u00e9fono 979 752 344.<strong>\/<\/strong><\/p>\n\n\n\n<figure class=\"wp-block-image size-large is-resized\"><img loading=\"lazy\" decoding=\"async\" width=\"1024\" height=\"169\" src=\"https:\/\/www.asajacyl.com\/palencia\/wp-content\/uploads\/sites\/3\/2024\/05\/image-1024x169.jpg\" alt=\"\" class=\"wp-image-16401\" style=\"width:1054px;height:auto\" srcset=\"https:\/\/www.asajacyl.com\/palencia\/wp-content\/uploads\/sites\/3\/2024\/05\/image-1024x169.jpg 1024w, https:\/\/www.asajacyl.com\/palencia\/wp-content\/uploads\/sites\/3\/2024\/05\/image-300x50.jpg 300w, https:\/\/www.asajacyl.com\/palencia\/wp-content\/uploads\/sites\/3\/2024\/05\/image-768x127.jpg 768w, https:\/\/www.asajacyl.com\/palencia\/wp-content\/uploads\/sites\/3\/2024\/05\/image-1536x253.jpg 1536w, https:\/\/www.asajacyl.com\/palencia\/wp-content\/uploads\/sites\/3\/2024\/05\/image-696x115.jpg 696w, https:\/\/www.asajacyl.com\/palencia\/wp-content\/uploads\/sites\/3\/2024\/05\/image-1068x176.jpg 1068w, https:\/\/www.asajacyl.com\/palencia\/wp-content\/uploads\/sites\/3\/2024\/05\/image.jpg 1612w\" sizes=\"(max-width: 1024px) 100vw, 1024px\" \/><\/figure>\n","protected":false},"excerpt":{"rendered":"<p>ASAJA-Palencia ha organizado un curso presencial del 10 al 14 de junio sobre bienestar animal dirigido a agricultores y ganaderos interesados en el transporte de animales vivos. Las plazas son limitadas y hay que presentar la solicitud no m\u00e1s tarde del viernes 7 de junio. El curso, de veinte horas de duraci\u00f3n, se impartir\u00e1 por [&hellip;]<\/p>\n","protected":false},"author":9,"featured_media":16175,"comment_status":"open","ping_status":"open","sticky":false,"template":"","format":"standard","meta":{"footnotes":""},"categories":[9,39,29,28,13],"tags":[58,420,107,77,110,914,365,864],"yoast_head":"<!-- This site is optimized with the Yoast SEO plugin v24.5 - https:\/\/yoast.com\/wordpress\/plugins\/seo\/ -->\n<title>ASAJA imparte del 10 al 14 de junio en Palencia un curso de bienestar animal en el transporte - ASAJA Palencia<\/title>\n<meta name=\"description\" content=\"ASAJA-Palencia ha organizado un curso presencial del 10 al 14 de junio sobre bienestar animal dirigido a agricultores y ganaderos interesados en el\" \/>\n<meta name=\"robots\" content=\"index, follow, max-snippet:-1, max-image-preview:large, max-video-preview:-1\" \/>\n<link rel=\"canonical\" href=\"https:\/\/www.asajacyl.com\/palencia\/asaja-palencia-informa\/asaja-imparte-del-10-al-14-de-junio-en-palencia-un-curso-de-bienestar-animal-en-el-transporte\" \/>\n<meta property=\"og:locale\" content=\"es_ES\" \/>\n<meta property=\"og:type\" content=\"article\" \/>\n<meta property=\"og:title\" content=\"ASAJA imparte del 10 al 14 de junio en Palencia un curso de bienestar animal en el transporte - ASAJA Palencia\" \/>\n<meta property=\"og:description\" content=\"ASAJA-Palencia ha organizado un curso presencial del 10 al 14 de junio sobre bienestar animal dirigido a agricultores y ganaderos interesados en el\" \/>\n<meta property=\"og:url\" content=\"https:\/\/www.asajacyl.com\/palencia\/asaja-palencia-informa\/asaja-imparte-del-10-al-14-de-junio-en-palencia-un-curso-de-bienestar-animal-en-el-transporte\" \/>\n<meta property=\"og:site_name\" content=\"ASAJA Palencia\" \/>\n<meta property=\"article:published_time\" content=\"2024-05-31T10:50:41+00:00\" \/>\n<meta property=\"article:modified_time\" content=\"2024-05-31T11:49:48+00:00\" \/>\n<meta property=\"og:image\" content=\"https:\/\/www.asajacyl.com\/palencia\/wp-content\/uploads\/sites\/3\/2024\/05\/transporte-de-animales-vivo.jpg\" \/>\n\t<meta property=\"og:image:width\" content=\"1890\" \/>\n\t<meta property=\"og:image:height\" content=\"1654\" \/>\n\t<meta property=\"og:image:type\" content=\"image\/jpeg\" \/>\n<meta name=\"author\" content=\"Administrador\" \/>\n<meta name=\"twitter:card\" content=\"summary_large_image\" \/>\n<meta name=\"twitter:label1\" content=\"Escrito por\" \/>\n\t<meta name=\"twitter:data1\" content=\"Administrador\" \/>\n\t<meta name=\"twitter:label2\" content=\"Tiempo de lectura\" \/>\n\t<meta name=\"twitter:data2\" content=\"1 minuto\" \/>\n<script type=\"application\/ld+json\" class=\"yoast-schema-graph\">{\"@context\":\"https:\/\/schema.org\",\"@graph\":[{\"@type\":\"WebPage\",\"@id\":\"https:\/\/www.asajacyl.com\/palencia\/asaja-palencia-informa\/asaja-imparte-del-10-al-14-de-junio-en-palencia-un-curso-de-bienestar-animal-en-el-transporte\",\"url\":\"https:\/\/www.asajacyl.com\/palencia\/asaja-palencia-informa\/asaja-imparte-del-10-al-14-de-junio-en-palencia-un-curso-de-bienestar-animal-en-el-transporte\",\"name\":\"ASAJA imparte del 10 al 14 de junio en Palencia un curso de bienestar animal en el transporte - ASAJA Palencia\",\"isPartOf\":{\"@id\":\"https:\/\/www.asajacyl.com\/palencia\/#website\"},\"primaryImageOfPage\":{\"@id\":\"https:\/\/www.asajacyl.com\/palencia\/asaja-palencia-informa\/asaja-imparte-del-10-al-14-de-junio-en-palencia-un-curso-de-bienestar-animal-en-el-transporte#primaryimage\"},\"image\":{\"@id\":\"https:\/\/www.asajacyl.com\/palencia\/asaja-palencia-informa\/asaja-imparte-del-10-al-14-de-junio-en-palencia-un-curso-de-bienestar-animal-en-el-transporte#primaryimage\"},\"thumbnailUrl\":\"https:\/\/www.asajacyl.com\/palencia\/wp-content\/uploads\/sites\/3\/2024\/05\/transporte-de-animales-vivo.jpg\",\"datePublished\":\"2024-05-31T10:50:41+00:00\",\"dateModified\":\"2024-05-31T11:49:48+00:00\",\"author\":{\"@id\":\"https:\/\/www.asajacyl.com\/palencia\/#\/schema\/person\/3ab17aeb03527485c317557fae64aab1\"},\"description\":\"ASAJA-Palencia ha organizado un curso presencial del 10 al 14 de junio sobre bienestar animal dirigido a agricultores y ganaderos interesados en el\",\"breadcrumb\":{\"@id\":\"https:\/\/www.asajacyl.com\/palencia\/asaja-palencia-informa\/asaja-imparte-del-10-al-14-de-junio-en-palencia-un-curso-de-bienestar-animal-en-el-transporte#breadcrumb\"},\"inLanguage\":\"es\",\"potentialAction\":[{\"@type\":\"ReadAction\",\"target\":[\"https:\/\/www.asajacyl.com\/palencia\/asaja-palencia-informa\/asaja-imparte-del-10-al-14-de-junio-en-palencia-un-curso-de-bienestar-animal-en-el-transporte\"]}]},{\"@type\":\"ImageObject\",\"inLanguage\":\"es\",\"@id\":\"https:\/\/www.asajacyl.com\/palencia\/asaja-palencia-informa\/asaja-imparte-del-10-al-14-de-junio-en-palencia-un-curso-de-bienestar-animal-en-el-transporte#primaryimage\",\"url\":\"https:\/\/www.asajacyl.com\/palencia\/wp-content\/uploads\/sites\/3\/2024\/05\/transporte-de-animales-vivo.jpg\",\"contentUrl\":\"https:\/\/www.asajacyl.com\/palencia\/wp-content\/uploads\/sites\/3\/2024\/05\/transporte-de-animales-vivo.jpg\",\"width\":1890,\"height\":1654},{\"@type\":\"BreadcrumbList\",\"@id\":\"https:\/\/www.asajacyl.com\/palencia\/asaja-palencia-informa\/asaja-imparte-del-10-al-14-de-junio-en-palencia-un-curso-de-bienestar-animal-en-el-transporte#breadcrumb\",\"itemListElement\":[{\"@type\":\"ListItem\",\"position\":1,\"name\":\"Portada\",\"item\":\"https:\/\/www.asajacyl.com\/palencia\/\"},{\"@type\":\"ListItem\",\"position\":2,\"name\":\"ASAJA imparte del 10 al 14 de junio en Palencia un curso de bienestar animal en el transporte\"}]},{\"@type\":\"WebSite\",\"@id\":\"https:\/\/www.asajacyl.com\/palencia\/#website\",\"url\":\"https:\/\/www.asajacyl.com\/palencia\/\",\"name\":\"ASAJA Palencia\",\"description\":\"Otro sitio m\u00e1s de Provincias ASAJA Castilla y Le\u00f3n\",\"potentialAction\":[{\"@type\":\"SearchAction\",\"target\":{\"@type\":\"EntryPoint\",\"urlTemplate\":\"https:\/\/www.asajacyl.com\/palencia\/?s={search_term_string}\"},\"query-input\":{\"@type\":\"PropertyValueSpecification\",\"valueRequired\":true,\"valueName\":\"search_term_string\"}}],\"inLanguage\":\"es\"},{\"@type\":\"Person\",\"@id\":\"https:\/\/www.asajacyl.com\/palencia\/#\/schema\/person\/3ab17aeb03527485c317557fae64aab1\",\"name\":\"Administrador\",\"image\":{\"@type\":\"ImageObject\",\"inLanguage\":\"es\",\"@id\":\"https:\/\/www.asajacyl.com\/palencia\/#\/schema\/person\/image\/\",\"url\":\"https:\/\/secure.gravatar.com\/avatar\/517384810d242ca9e38c180f3c9fb973?s=96&d=mm&r=g\",\"contentUrl\":\"https:\/\/secure.gravatar.com\/avatar\/517384810d242ca9e38c180f3c9fb973?s=96&d=mm&r=g\",\"caption\":\"Administrador\"},\"url\":\"https:\/\/www.asajacyl.com\/palencia\/author\/carlosrm\"}]}<\/script>\n<!-- \/ Yoast SEO plugin. -->","yoast_head_json":{"title":"ASAJA imparte del 10 al 14 de junio en Palencia un curso de bienestar animal en el transporte - ASAJA Palencia","description":"ASAJA-Palencia ha organizado un curso presencial del 10 al 14 de junio sobre bienestar animal dirigido a agricultores y ganaderos interesados en el","robots":{"index":"index","follow":"follow","max-snippet":"max-snippet:-1","max-image-preview":"max-image-preview:large","max-video-preview":"max-video-preview:-1"},"canonical":"https:\/\/www.asajacyl.com\/palencia\/asaja-palencia-informa\/asaja-imparte-del-10-al-14-de-junio-en-palencia-un-curso-de-bienestar-animal-en-el-transporte","og_locale":"es_ES","og_type":"article","og_title":"ASAJA imparte del 10 al 14 de junio en Palencia un curso de bienestar animal en el transporte - ASAJA Palencia","og_description":"ASAJA-Palencia ha organizado un curso presencial del 10 al 14 de junio sobre bienestar animal dirigido a agricultores y ganaderos interesados en el","og_url":"https:\/\/www.asajacyl.com\/palencia\/asaja-palencia-informa\/asaja-imparte-del-10-al-14-de-junio-en-palencia-un-curso-de-bienestar-animal-en-el-transporte","og_site_name":"ASAJA Palencia","article_published_time":"2024-05-31T10:50:41+00:00","article_modified_time":"2024-05-31T11:49:48+00:00","og_image":[{"width":1890,"height":1654,"url":"https:\/\/www.asajacyl.com\/palencia\/wp-content\/uploads\/sites\/3\/2024\/05\/transporte-de-animales-vivo.jpg","type":"image\/jpeg"}],"author":"Administrador","twitter_card":"summary_large_image","twitter_misc":{"Escrito por":"Administrador","Tiempo de lectura":"1 minuto"},"schema":{"@context":"https:\/\/schema.org","@graph":[{"@type":"WebPage","@id":"https:\/\/www.asajacyl.com\/palencia\/asaja-palencia-informa\/asaja-imparte-del-10-al-14-de-junio-en-palencia-un-curso-de-bienestar-animal-en-el-transporte","url":"https:\/\/www.asajacyl.com\/palencia\/asaja-palencia-informa\/asaja-imparte-del-10-al-14-de-junio-en-palencia-un-curso-de-bienestar-animal-en-el-transporte","name":"ASAJA imparte del 10 al 14 de junio en Palencia un curso de bienestar animal en el transporte - ASAJA Palencia","isPartOf":{"@id":"https:\/\/www.asajacyl.com\/palencia\/#website"},"primaryImageOfPage":{"@id":"https:\/\/www.asajacyl.com\/palencia\/asaja-palencia-informa\/asaja-imparte-del-10-al-14-de-junio-en-palencia-un-curso-de-bienestar-animal-en-el-transporte#primaryimage"},"image":{"@id":"https:\/\/www.asajacyl.com\/palencia\/asaja-palencia-informa\/asaja-imparte-del-10-al-14-de-junio-en-palencia-un-curso-de-bienestar-animal-en-el-transporte#primaryimage"},"thumbnailUrl":"https:\/\/www.asajacyl.com\/palencia\/wp-content\/uploads\/sites\/3\/2024\/05\/transporte-de-animales-vivo.jpg","datePublished":"2024-05-31T10:50:41+00:00","dateModified":"2024-05-31T11:49:48+00:00","author":{"@id":"https:\/\/www.asajacyl.com\/palencia\/#\/schema\/person\/3ab17aeb03527485c317557fae64aab1"},"description":"ASAJA-Palencia ha organizado un curso presencial del 10 al 14 de junio sobre bienestar animal dirigido a agricultores y ganaderos interesados en el","breadcrumb":{"@id":"https:\/\/www.asajacyl.com\/palencia\/asaja-palencia-informa\/asaja-imparte-del-10-al-14-de-junio-en-palencia-un-curso-de-bienestar-animal-en-el-transporte#breadcrumb"},"inLanguage":"es","potentialAction":[{"@type":"ReadAction","target":["https:\/\/www.asajacyl.com\/palencia\/asaja-palencia-informa\/asaja-imparte-del-10-al-14-de-junio-en-palencia-un-curso-de-bienestar-animal-en-el-transporte"]}]},{"@type":"ImageObject","inLanguage":"es","@id":"https:\/\/www.asajacyl.com\/palencia\/asaja-palencia-informa\/asaja-imparte-del-10-al-14-de-junio-en-palencia-un-curso-de-bienestar-animal-en-el-transporte#primaryimage","url":"https:\/\/www.asajacyl.com\/palencia\/wp-content\/uploads\/sites\/3\/2024\/05\/transporte-de-animales-vivo.jpg","contentUrl":"https:\/\/www.asajacyl.com\/palencia\/wp-content\/uploads\/sites\/3\/2024\/05\/transporte-de-animales-vivo.jpg","width":1890,"height":1654},{"@type":"BreadcrumbList","@id":"https:\/\/www.asajacyl.com\/palencia\/asaja-palencia-informa\/asaja-imparte-del-10-al-14-de-junio-en-palencia-un-curso-de-bienestar-animal-en-el-transporte#breadcrumb","itemListElement":[{"@type":"ListItem","position":1,"name":"Portada","item":"https:\/\/www.asajacyl.com\/palencia\/"},{"@type":"ListItem","position":2,"name":"ASAJA imparte del 10 al 14 de junio en Palencia un curso de bienestar animal en el transporte"}]},{"@type":"WebSite","@id":"https:\/\/www.asajacyl.com\/palencia\/#website","url":"https:\/\/www.asajacyl.com\/palencia\/","name":"ASAJA Palencia","description":"Otro sitio m\u00e1s de Provincias ASAJA Castilla y Le\u00f3n","potentialAction":[{"@type":"SearchAction","target":{"@type":"EntryPoint","urlTemplate":"https:\/\/www.asajacyl.com\/palencia\/?s={search_term_string}"},"query-input":{"@type":"PropertyValueSpecification","valueRequired":true,"valueName":"search_term_string"}}],"inLanguage":"es"},{"@type":"Person","@id":"https:\/\/www.asajacyl.com\/palencia\/#\/schema\/person\/3ab17aeb03527485c317557fae64aab1","name":"Administrador","image":{"@type":"ImageObject","inLanguage":"es","@id":"https:\/\/www.asajacyl.com\/palencia\/#\/schema\/person\/image\/","url":"https:\/\/secure.gravatar.com\/avatar\/517384810d242ca9e38c180f3c9fb973?s=96&d=mm&r=g","contentUrl":"https:\/\/secure.gravatar.com\/avatar\/517384810d242ca9e38c180f3c9fb973?s=96&d=mm&r=g","caption":"Administrador"},"url":"https:\/\/www.asajacyl.com\/palencia\/author\/carlosrm"}]}},"_links":{"self":[{"href":"https:\/\/www.asajacyl.com\/palencia\/wp-json\/wp\/v2\/posts\/16400"}],"collection":[{"href":"https:\/\/www.asajacyl.com\/palencia\/wp-json\/wp\/v2\/posts"}],"about":[{"href":"https:\/\/www.asajacyl.com\/palencia\/wp-json\/wp\/v2\/types\/post"}],"author":[{"embeddable":true,"href":"https:\/\/www.asajacyl.com\/palencia\/wp-json\/wp\/v2\/users\/9"}],"replies":[{"embeddable":true,"href":"https:\/\/www.asajacyl.com\/palencia\/wp-json\/wp\/v2\/comments?post=16400"}],"version-history":[{"count":2,"href":"https:\/\/www.asajacyl.com\/palencia\/wp-json\/wp\/v2\/posts\/16400\/revisions"}],"predecessor-version":[{"id":16408,"href":"https:\/\/www.asajacyl.com\/palencia\/wp-json\/wp\/v2\/posts\/16400\/revisions\/16408"}],"wp:featuredmedia":[{"embeddable":true,"href":"https:\/\/www.asajacyl.com\/palencia\/wp-json\/wp\/v2\/media\/16175"}],"wp:attachment":[{"href":"https:\/\/www.asajacyl.com\/palencia\/wp-json\/wp\/v2\/media?parent=16400"}],"wp:term":[{"taxonomy":"category","embeddable":true,"href":"https:\/\/www.asajacyl.com\/palencia\/wp-json\/wp\/v2\/categories?post=16400"},{"taxonomy":"post_tag","embeddable":true,"href":"https:\/\/www.asajacyl.com\/palencia\/wp-json\/wp\/v2\/tags?post=16400"}],"curies":[{"name":"wp","href":"https:\/\/api.w.org\/{rel}","templated":true}]}}