{"id":16412,"date":"2024-06-04T14:01:56","date_gmt":"2024-06-04T12:01:56","guid":{"rendered":"https:\/\/www.asajacyl.com\/palencia\/?p=16412"},"modified":"2024-06-04T14:02:00","modified_gmt":"2024-06-04T12:02:00","slug":"asaja-cuestiona-la-idoneidad-de-teresa-ribera-para-defender-en-bruselas-una-politica-agraria-justa","status":"publish","type":"post","link":"https:\/\/www.asajacyl.com\/palencia\/asaja-palencia-informa\/noticias\/asaja-cuestiona-la-idoneidad-de-teresa-ribera-para-defender-en-bruselas-una-politica-agraria-justa","title":{"rendered":"ASAJA cuestiona la idoneidad de Teresa Ribera para defender en Bruselas una pol\u00edtica agraria justa"},"content":{"rendered":"\n<h2 class=\"wp-block-heading\">En la recta final de la campa\u00f1a de las elecciones europeas, que en Espa\u00f1a se celebrar\u00e1n el pr\u00f3ximo domingo, 9 de junio, ASAJA-Castilla y Le\u00f3n duda sobre la idoneidad de la candidata del PSOE, Teresa Ribera, actual ministra de Transici\u00f3n Ecol\u00f3gica y Reto Demogr\u00e1fico, para defender al sector agroganadero en el \u00e1mbito comunitario. Para nuestra organizaci\u00f3n, su labor desde esta cartera se ha caracterizado por legislar de espaldas a los agricultores y ganaderos, e incluso en su contra. Teresa Ribera ha deso\u00eddo por completo cualquier reivindicaci\u00f3n del sector agrario y ha antepuesto su\u00a0propia y sesgada visi\u00f3n sobre qu\u00e9 deben ser el medio ambiente y la gesti\u00f3n de recursos.<\/h2>\n\n\n\n<p>La reciente celebraci\u00f3n en Valladolid del m\u00edtin central de los socialistas en Castilla y Le\u00f3n, lejos de aclarar dudas, ha vuelto a confirmar a ASAJA la desconfianza que genera para nuestro sector. Algunas de sus <a href=\"https:\/\/www.asajacyl.com\/valladolid\/asaja-valladolid-informa\/asaja-valladolid-condena-las-lamentables-palabras-de-teresa-ribera-sobre-las-mujeres-del-campo-en-valladolid\">desafortunadas declaraciones<\/a> en ese acto pol\u00edtico resultan ofensivas para los agricultores y ganaderos, as\u00ed como para las mujeres que trabajan en esta actividad. Ribera afirm\u00f3 el pasado s\u00e1bado que aquellos quieren a las mujeres \u00abnada m\u00e1s que para que est\u00e9n atadas a la pata de la cama\u00bb, por lo que nuestra organizaci\u00f3n en Valladolid ha <a href=\"https:\/\/www.asajacyl.com\/valladolid\/asaja-valladolid-informa\/asaja-valladolid-condena-las-lamentables-palabras-de-teresa-ribera-sobre-las-mujeres-del-campo-en-valladolid\">reclamado ya una rectificaci\u00f3n de esas manifestaciones<\/a>. <\/p>\n\n\n\n<p>ASAJA-Valladolid, al igual que hizo con el anterior alcalde de la ciudad, el ministro \u00d3scar Puente, por sus ataques al campo, declara persona non grata a la ministra de Transici\u00f3n Ecol\u00f3gica y Reto Demogr\u00e1fico hasta que se retracte de tan desafortunadas manifestaciones.<\/p>\n\n\n\n<p><strong>PLAN HIDROL\u00d3GICO DEL DUERO. <\/strong>Una prueba del talante duro y f\u00e9rreo de la ministra es que, bajo su gesti\u00f3n, se aprob\u00f3 el Plan Hidrol\u00f3gico de la Cuenca del Duero 2022-2027 sin consenso, con un rechazo in\u00e9dito en la historia de los planes hidrol\u00f3gicos del Duero, que siempre hab\u00edan recibido el apoyo mayoritario del Consejo del Agua. <\/p>\n\n\n\n<p>En su etapa, la pol\u00edtica del agua ha colisionado frontalmente con los intereses de los agricultores y ganaderos: menos regad\u00edos, menos concesiones de agua para agroindustrias, agua m\u00e1s cara y mayores restricciones agron\u00f3micas en las zonas regables.<\/p>\n\n\n\n<p><strong>LOBO Y ECORREG\u00cdMENES. <\/strong>Id\u00e9ntica cerraz\u00f3n ha demostrado con su decisi\u00f3n de ampliar el estatus del lobo, pasando a ser especie estrictamente protegida, por lo que no pueden gestionarse ni controlar las poblaciones, lo que perjudica y sitia a la ganader\u00eda extensiva. <\/p>\n\n\n\n<p>Adem\u00e1s, esta postura no se ha movido un \u00e1pice, a pesar de las recomendaciones desde la propia Comisi\u00f3n Europea para proteger a los ganaderos; y de los datos contrastados sobre el aumento de los ataques a la ganader\u00eda a ra\u00edz de la decisi\u00f3n.<\/p>\n\n\n\n<p>El sesgo <em>antiagrarista<\/em> de la ministra y vicepresidenta del Gobierno qued\u00f3 demostrado en su imposici\u00f3n ante el Ministerio de Agricultura de unos ecorreg\u00edmenes y unas normas de condicionalidad reforzada de la PAC excepcionalmente duras, que incluso iban mucho m\u00e1s all\u00e1 de lo que exige Bruselas. Parte de ellas han tenido que ser matizadas por su irracionalidad, a ra\u00edz de las protestas del sector de los \u00faltimos meses, lideradas por ASAJA.<\/p>\n\n\n\n<p><strong>DOS VARAS DE MEDIR. <\/strong>La rigidez normativa demostrada con el campo se ha tornado en laxitud cuando se trata de la invasi\u00f3n de plantas fotovoltaicas, fen\u00f3meno que est\u00e1 arramplando con los usos del territorio rural espa\u00f1ol. <\/p>\n\n\n\n<p>En este tema, por el contrario, el ministerio de Teresa Ribera ha pecado de laxitud, dando facilidades a los fondos de inversi\u00f3n que han creado macroparques ocupando miles de hect\u00e1reas de suelos agr\u00edcolas y ganaderos, sin la m\u00e1s m\u00ednima cortapisa.<\/p>\n\n\n\n<p>Para ASAJA, es dif\u00edcil confiar en que ahora vaya a ser una buena defensora del campo y del medio rural la misma persona cuya obcecaci\u00f3n ha sido decisiva para empeorar las condiciones en las que los agricultores y ganaderos desempe\u00f1an su trabajo. Nuestra organizaci\u00f3n considera que Ribera es un ejemplo del despotismo verde que tanto gusta en Bruselas: todo para el campo, pero sin agricultores y ganaderos.<\/p>\n","protected":false},"excerpt":{"rendered":"<p>En la recta final de la campa\u00f1a de las elecciones europeas, que en Espa\u00f1a se celebrar\u00e1n el pr\u00f3ximo domingo, 9 de junio, ASAJA-Castilla y Le\u00f3n duda sobre la idoneidad de la candidata del PSOE, Teresa Ribera, actual ministra de Transici\u00f3n Ecol\u00f3gica y Reto Demogr\u00e1fico, para defender al sector agroganadero en el \u00e1mbito comunitario. Para nuestra [&hellip;]<\/p>\n","protected":false},"author":9,"featured_media":13433,"comment_status":"open","ping_status":"open","sticky":false,"template":"","format":"standard","meta":{"footnotes":""},"categories":[9,29,28],"tags":[58,599,351,250,77,102,110,237,339,836,668,861,607,338],"yoast_head":"<!-- This site is optimized with the Yoast SEO plugin v24.5 - https:\/\/yoast.com\/wordpress\/plugins\/seo\/ -->\n<title>ASAJA cuestiona la idoneidad de Teresa Ribera para defender en Bruselas una pol\u00edtica agraria justa - ASAJA Palencia<\/title>\n<meta name=\"description\" content=\"En la recta final de la campa\u00f1a de las elecciones europeas, que en Espa\u00f1a se celebrar\u00e1n el pr\u00f3ximo domingo, 9 de junio, ASAJA-Castilla y Le\u00f3n duda sobre\" \/>\n<meta name=\"robots\" content=\"index, follow, max-snippet:-1, max-image-preview:large, max-video-preview:-1\" \/>\n<link rel=\"canonical\" href=\"https:\/\/www.asajacyl.com\/palencia\/asaja-palencia-informa\/noticias\/asaja-cuestiona-la-idoneidad-de-teresa-ribera-para-defender-en-bruselas-una-politica-agraria-justa\" \/>\n<meta property=\"og:locale\" content=\"es_ES\" \/>\n<meta property=\"og:type\" content=\"article\" \/>\n<meta property=\"og:title\" content=\"ASAJA cuestiona la idoneidad de Teresa Ribera para defender en Bruselas una pol\u00edtica agraria justa - ASAJA Palencia\" \/>\n<meta property=\"og:description\" content=\"En la recta final de la campa\u00f1a de las elecciones europeas, que en Espa\u00f1a se celebrar\u00e1n el pr\u00f3ximo domingo, 9 de junio, ASAJA-Castilla y Le\u00f3n duda sobre\" \/>\n<meta property=\"og:url\" content=\"https:\/\/www.asajacyl.com\/palencia\/asaja-palencia-informa\/noticias\/asaja-cuestiona-la-idoneidad-de-teresa-ribera-para-defender-en-bruselas-una-politica-agraria-justa\" \/>\n<meta property=\"og:site_name\" content=\"ASAJA Palencia\" \/>\n<meta property=\"article:published_time\" content=\"2024-06-04T12:01:56+00:00\" \/>\n<meta property=\"article:modified_time\" content=\"2024-06-04T12:02:00+00:00\" \/>\n<meta property=\"og:image\" content=\"https:\/\/www.asajacyl.com\/palencia\/wp-content\/uploads\/sites\/3\/2023\/06\/230328_teresariberaalaentradadelconsejoeuropeodeenergia_tcm30-560731.jpeg\" \/>\n\t<meta property=\"og:image:width\" content=\"1600\" \/>\n\t<meta property=\"og:image:height\" content=\"1199\" \/>\n\t<meta property=\"og:image:type\" content=\"image\/jpeg\" \/>\n<meta name=\"author\" content=\"Administrador\" \/>\n<meta name=\"twitter:card\" content=\"summary_large_image\" \/>\n<meta name=\"twitter:label1\" content=\"Escrito por\" \/>\n\t<meta name=\"twitter:data1\" content=\"Administrador\" \/>\n\t<meta name=\"twitter:label2\" content=\"Tiempo de lectura\" \/>\n\t<meta name=\"twitter:data2\" content=\"4 minutos\" \/>\n<script type=\"application\/ld+json\" class=\"yoast-schema-graph\">{\"@context\":\"https:\/\/schema.org\",\"@graph\":[{\"@type\":\"WebPage\",\"@id\":\"https:\/\/www.asajacyl.com\/palencia\/asaja-palencia-informa\/noticias\/asaja-cuestiona-la-idoneidad-de-teresa-ribera-para-defender-en-bruselas-una-politica-agraria-justa\",\"url\":\"https:\/\/www.asajacyl.com\/palencia\/asaja-palencia-informa\/noticias\/asaja-cuestiona-la-idoneidad-de-teresa-ribera-para-defender-en-bruselas-una-politica-agraria-justa\",\"name\":\"ASAJA cuestiona la idoneidad de Teresa Ribera para defender en Bruselas una pol\u00edtica agraria justa - ASAJA Palencia\",\"isPartOf\":{\"@id\":\"https:\/\/www.asajacyl.com\/palencia\/#website\"},\"primaryImageOfPage\":{\"@id\":\"https:\/\/www.asajacyl.com\/palencia\/asaja-palencia-informa\/noticias\/asaja-cuestiona-la-idoneidad-de-teresa-ribera-para-defender-en-bruselas-una-politica-agraria-justa#primaryimage\"},\"image\":{\"@id\":\"https:\/\/www.asajacyl.com\/palencia\/asaja-palencia-informa\/noticias\/asaja-cuestiona-la-idoneidad-de-teresa-ribera-para-defender-en-bruselas-una-politica-agraria-justa#primaryimage\"},\"thumbnailUrl\":\"https:\/\/www.asajacyl.com\/palencia\/wp-content\/uploads\/sites\/3\/2023\/06\/230328_teresariberaalaentradadelconsejoeuropeodeenergia_tcm30-560731.jpeg\",\"datePublished\":\"2024-06-04T12:01:56+00:00\",\"dateModified\":\"2024-06-04T12:02:00+00:00\",\"author\":{\"@id\":\"https:\/\/www.asajacyl.com\/palencia\/#\/schema\/person\/3ab17aeb03527485c317557fae64aab1\"},\"description\":\"En la recta final de la campa\u00f1a de las elecciones europeas, que en Espa\u00f1a se celebrar\u00e1n el pr\u00f3ximo domingo, 9 de junio, ASAJA-Castilla y Le\u00f3n duda sobre\",\"breadcrumb\":{\"@id\":\"https:\/\/www.asajacyl.com\/palencia\/asaja-palencia-informa\/noticias\/asaja-cuestiona-la-idoneidad-de-teresa-ribera-para-defender-en-bruselas-una-politica-agraria-justa#breadcrumb\"},\"inLanguage\":\"es\",\"potentialAction\":[{\"@type\":\"ReadAction\",\"target\":[\"https:\/\/www.asajacyl.com\/palencia\/asaja-palencia-informa\/noticias\/asaja-cuestiona-la-idoneidad-de-teresa-ribera-para-defender-en-bruselas-una-politica-agraria-justa\"]}]},{\"@type\":\"ImageObject\",\"inLanguage\":\"es\",\"@id\":\"https:\/\/www.asajacyl.com\/palencia\/asaja-palencia-informa\/noticias\/asaja-cuestiona-la-idoneidad-de-teresa-ribera-para-defender-en-bruselas-una-politica-agraria-justa#primaryimage\",\"url\":\"https:\/\/www.asajacyl.com\/palencia\/wp-content\/uploads\/sites\/3\/2023\/06\/230328_teresariberaalaentradadelconsejoeuropeodeenergia_tcm30-560731.jpeg\",\"contentUrl\":\"https:\/\/www.asajacyl.com\/palencia\/wp-content\/uploads\/sites\/3\/2023\/06\/230328_teresariberaalaentradadelconsejoeuropeodeenergia_tcm30-560731.jpeg\",\"width\":1600,\"height\":1199},{\"@type\":\"BreadcrumbList\",\"@id\":\"https:\/\/www.asajacyl.com\/palencia\/asaja-palencia-informa\/noticias\/asaja-cuestiona-la-idoneidad-de-teresa-ribera-para-defender-en-bruselas-una-politica-agraria-justa#breadcrumb\",\"itemListElement\":[{\"@type\":\"ListItem\",\"position\":1,\"name\":\"Portada\",\"item\":\"https:\/\/www.asajacyl.com\/palencia\/\"},{\"@type\":\"ListItem\",\"position\":2,\"name\":\"ASAJA cuestiona la idoneidad de Teresa Ribera para defender en Bruselas una pol\u00edtica agraria justa\"}]},{\"@type\":\"WebSite\",\"@id\":\"https:\/\/www.asajacyl.com\/palencia\/#website\",\"url\":\"https:\/\/www.asajacyl.com\/palencia\/\",\"name\":\"ASAJA Palencia\",\"description\":\"Otro sitio m\u00e1s de Provincias ASAJA Castilla y Le\u00f3n\",\"potentialAction\":[{\"@type\":\"SearchAction\",\"target\":{\"@type\":\"EntryPoint\",\"urlTemplate\":\"https:\/\/www.asajacyl.com\/palencia\/?s={search_term_string}\"},\"query-input\":{\"@type\":\"PropertyValueSpecification\",\"valueRequired\":true,\"valueName\":\"search_term_string\"}}],\"inLanguage\":\"es\"},{\"@type\":\"Person\",\"@id\":\"https:\/\/www.asajacyl.com\/palencia\/#\/schema\/person\/3ab17aeb03527485c317557fae64aab1\",\"name\":\"Administrador\",\"image\":{\"@type\":\"ImageObject\",\"inLanguage\":\"es\",\"@id\":\"https:\/\/www.asajacyl.com\/palencia\/#\/schema\/person\/image\/\",\"url\":\"https:\/\/secure.gravatar.com\/avatar\/517384810d242ca9e38c180f3c9fb973?s=96&d=mm&r=g\",\"contentUrl\":\"https:\/\/secure.gravatar.com\/avatar\/517384810d242ca9e38c180f3c9fb973?s=96&d=mm&r=g\",\"caption\":\"Administrador\"},\"url\":\"https:\/\/www.asajacyl.com\/palencia\/author\/carlosrm\"}]}<\/script>\n<!-- \/ Yoast SEO plugin. -->","yoast_head_json":{"title":"ASAJA cuestiona la idoneidad de Teresa Ribera para defender en Bruselas una pol\u00edtica agraria justa - ASAJA Palencia","description":"En la recta final de la campa\u00f1a de las elecciones europeas, que en Espa\u00f1a se celebrar\u00e1n el pr\u00f3ximo domingo, 9 de junio, ASAJA-Castilla y Le\u00f3n duda sobre","robots":{"index":"index","follow":"follow","max-snippet":"max-snippet:-1","max-image-preview":"max-image-preview:large","max-video-preview":"max-video-preview:-1"},"canonical":"https:\/\/www.asajacyl.com\/palencia\/asaja-palencia-informa\/noticias\/asaja-cuestiona-la-idoneidad-de-teresa-ribera-para-defender-en-bruselas-una-politica-agraria-justa","og_locale":"es_ES","og_type":"article","og_title":"ASAJA cuestiona la idoneidad de Teresa Ribera para defender en Bruselas una pol\u00edtica agraria justa - ASAJA Palencia","og_description":"En la recta final de la campa\u00f1a de las elecciones europeas, que en Espa\u00f1a se celebrar\u00e1n el pr\u00f3ximo domingo, 9 de junio, ASAJA-Castilla y Le\u00f3n duda sobre","og_url":"https:\/\/www.asajacyl.com\/palencia\/asaja-palencia-informa\/noticias\/asaja-cuestiona-la-idoneidad-de-teresa-ribera-para-defender-en-bruselas-una-politica-agraria-justa","og_site_name":"ASAJA Palencia","article_published_time":"2024-06-04T12:01:56+00:00","article_modified_time":"2024-06-04T12:02:00+00:00","og_image":[{"width":1600,"height":1199,"url":"https:\/\/www.asajacyl.com\/palencia\/wp-content\/uploads\/sites\/3\/2023\/06\/230328_teresariberaalaentradadelconsejoeuropeodeenergia_tcm30-560731.jpeg","type":"image\/jpeg"}],"author":"Administrador","twitter_card":"summary_large_image","twitter_misc":{"Escrito por":"Administrador","Tiempo de lectura":"4 minutos"},"schema":{"@context":"https:\/\/schema.org","@graph":[{"@type":"WebPage","@id":"https:\/\/www.asajacyl.com\/palencia\/asaja-palencia-informa\/noticias\/asaja-cuestiona-la-idoneidad-de-teresa-ribera-para-defender-en-bruselas-una-politica-agraria-justa","url":"https:\/\/www.asajacyl.com\/palencia\/asaja-palencia-informa\/noticias\/asaja-cuestiona-la-idoneidad-de-teresa-ribera-para-defender-en-bruselas-una-politica-agraria-justa","name":"ASAJA cuestiona la idoneidad de Teresa Ribera para defender en Bruselas una pol\u00edtica agraria justa - ASAJA Palencia","isPartOf":{"@id":"https:\/\/www.asajacyl.com\/palencia\/#website"},"primaryImageOfPage":{"@id":"https:\/\/www.asajacyl.com\/palencia\/asaja-palencia-informa\/noticias\/asaja-cuestiona-la-idoneidad-de-teresa-ribera-para-defender-en-bruselas-una-politica-agraria-justa#primaryimage"},"image":{"@id":"https:\/\/www.asajacyl.com\/palencia\/asaja-palencia-informa\/noticias\/asaja-cuestiona-la-idoneidad-de-teresa-ribera-para-defender-en-bruselas-una-politica-agraria-justa#primaryimage"},"thumbnailUrl":"https:\/\/www.asajacyl.com\/palencia\/wp-content\/uploads\/sites\/3\/2023\/06\/230328_teresariberaalaentradadelconsejoeuropeodeenergia_tcm30-560731.jpeg","datePublished":"2024-06-04T12:01:56+00:00","dateModified":"2024-06-04T12:02:00+00:00","author":{"@id":"https:\/\/www.asajacyl.com\/palencia\/#\/schema\/person\/3ab17aeb03527485c317557fae64aab1"},"description":"En la recta final de la campa\u00f1a de las elecciones europeas, que en Espa\u00f1a se celebrar\u00e1n el pr\u00f3ximo domingo, 9 de junio, ASAJA-Castilla y Le\u00f3n duda sobre","breadcrumb":{"@id":"https:\/\/www.asajacyl.com\/palencia\/asaja-palencia-informa\/noticias\/asaja-cuestiona-la-idoneidad-de-teresa-ribera-para-defender-en-bruselas-una-politica-agraria-justa#breadcrumb"},"inLanguage":"es","potentialAction":[{"@type":"ReadAction","target":["https:\/\/www.asajacyl.com\/palencia\/asaja-palencia-informa\/noticias\/asaja-cuestiona-la-idoneidad-de-teresa-ribera-para-defender-en-bruselas-una-politica-agraria-justa"]}]},{"@type":"ImageObject","inLanguage":"es","@id":"https:\/\/www.asajacyl.com\/palencia\/asaja-palencia-informa\/noticias\/asaja-cuestiona-la-idoneidad-de-teresa-ribera-para-defender-en-bruselas-una-politica-agraria-justa#primaryimage","url":"https:\/\/www.asajacyl.com\/palencia\/wp-content\/uploads\/sites\/3\/2023\/06\/230328_teresariberaalaentradadelconsejoeuropeodeenergia_tcm30-560731.jpeg","contentUrl":"https:\/\/www.asajacyl.com\/palencia\/wp-content\/uploads\/sites\/3\/2023\/06\/230328_teresariberaalaentradadelconsejoeuropeodeenergia_tcm30-560731.jpeg","width":1600,"height":1199},{"@type":"BreadcrumbList","@id":"https:\/\/www.asajacyl.com\/palencia\/asaja-palencia-informa\/noticias\/asaja-cuestiona-la-idoneidad-de-teresa-ribera-para-defender-en-bruselas-una-politica-agraria-justa#breadcrumb","itemListElement":[{"@type":"ListItem","position":1,"name":"Portada","item":"https:\/\/www.asajacyl.com\/palencia\/"},{"@type":"ListItem","position":2,"name":"ASAJA cuestiona la idoneidad de Teresa Ribera para defender en Bruselas una pol\u00edtica agraria justa"}]},{"@type":"WebSite","@id":"https:\/\/www.asajacyl.com\/palencia\/#website","url":"https:\/\/www.asajacyl.com\/palencia\/","name":"ASAJA Palencia","description":"Otro sitio m\u00e1s de Provincias ASAJA Castilla y Le\u00f3n","potentialAction":[{"@type":"SearchAction","target":{"@type":"EntryPoint","urlTemplate":"https:\/\/www.asajacyl.com\/palencia\/?s={search_term_string}"},"query-input":{"@type":"PropertyValueSpecification","valueRequired":true,"valueName":"search_term_string"}}],"inLanguage":"es"},{"@type":"Person","@id":"https:\/\/www.asajacyl.com\/palencia\/#\/schema\/person\/3ab17aeb03527485c317557fae64aab1","name":"Administrador","image":{"@type":"ImageObject","inLanguage":"es","@id":"https:\/\/www.asajacyl.com\/palencia\/#\/schema\/person\/image\/","url":"https:\/\/secure.gravatar.com\/avatar\/517384810d242ca9e38c180f3c9fb973?s=96&d=mm&r=g","contentUrl":"https:\/\/secure.gravatar.com\/avatar\/517384810d242ca9e38c180f3c9fb973?s=96&d=mm&r=g","caption":"Administrador"},"url":"https:\/\/www.asajacyl.com\/palencia\/author\/carlosrm"}]}},"_links":{"self":[{"href":"https:\/\/www.asajacyl.com\/palencia\/wp-json\/wp\/v2\/posts\/16412"}],"collection":[{"href":"https:\/\/www.asajacyl.com\/palencia\/wp-json\/wp\/v2\/posts"}],"about":[{"href":"https:\/\/www.asajacyl.com\/palencia\/wp-json\/wp\/v2\/types\/post"}],"author":[{"embeddable":true,"href":"https:\/\/www.asajacyl.com\/palencia\/wp-json\/wp\/v2\/users\/9"}],"replies":[{"embeddable":true,"href":"https:\/\/www.asajacyl.com\/palencia\/wp-json\/wp\/v2\/comments?post=16412"}],"version-history":[{"count":1,"href":"https:\/\/www.asajacyl.com\/palencia\/wp-json\/wp\/v2\/posts\/16412\/revisions"}],"predecessor-version":[{"id":16413,"href":"https:\/\/www.asajacyl.com\/palencia\/wp-json\/wp\/v2\/posts\/16412\/revisions\/16413"}],"wp:featuredmedia":[{"embeddable":true,"href":"https:\/\/www.asajacyl.com\/palencia\/wp-json\/wp\/v2\/media\/13433"}],"wp:attachment":[{"href":"https:\/\/www.asajacyl.com\/palencia\/wp-json\/wp\/v2\/media?parent=16412"}],"wp:term":[{"taxonomy":"category","embeddable":true,"href":"https:\/\/www.asajacyl.com\/palencia\/wp-json\/wp\/v2\/categories?post=16412"},{"taxonomy":"post_tag","embeddable":true,"href":"https:\/\/www.asajacyl.com\/palencia\/wp-json\/wp\/v2\/tags?post=16412"}],"curies":[{"name":"wp","href":"https:\/\/api.w.org\/{rel}","templated":true}]}}