{"id":16418,"date":"2024-06-05T14:16:48","date_gmt":"2024-06-05T12:16:48","guid":{"rendered":"https:\/\/www.asajacyl.com\/palencia\/?p=16418"},"modified":"2024-06-06T12:46:58","modified_gmt":"2024-06-06T10:46:58","slug":"la-confederacion-del-duero-eleva-a-6-000-metros-cubicos-hectarea-la-dotacion-de-riego-del-pisuerga","status":"publish","type":"post","link":"https:\/\/www.asajacyl.com\/palencia\/asaja-palencia-informa\/la-confederacion-del-duero-eleva-a-6-000-metros-cubicos-hectarea-la-dotacion-de-riego-del-pisuerga","title":{"rendered":"La Confederaci\u00f3n del Duero eleva a 6.000 metros c\u00fabicos\/hect\u00e1rea la dotaci\u00f3n de riego del Pisuerga"},"content":{"rendered":"\n<h2 class=\"wp-block-heading\">La Confederaci\u00f3n Hidrogr\u00e1fica del Duero ha aumentado de 5.000 a 6.000 metros c\u00fabicos por hect\u00e1rea la dotaci\u00f3n m\u00e1xima para los regantes del sistema Pisuerga, ante la buena evoluci\u00f3n de los embalses en las \u00faltimas semanas y el escaso gasto efectuado en una primavera bastante h\u00fameda.<\/h2>\n\n\n\n<p>El organismo regulador recuerda que los embalses del sistema Pisuerga (Cervera, La Requejada y Aguilar), arrancaron la campa\u00f1a en abril con un escenario m\u00e1s ajustado, al igual que el otro sistema de la provincia, el Carri\u00f3n, que mantiene la dotaci\u00f3n m\u00e1xima inicial de 4.500 metros c\u00fabicos\/hect\u00e1rea, dado el peque\u00f1o tama\u00f1o de sus embalses, Camporredondo y Compuerto.<\/p>\n\n\n\n<p>Las expectativas del Pisuerga han mejorado de manera notable esta primavera y se sit\u00faan ya en m\u00e1s de tres cuartas partes de su capacidad total. Los embalses de Cervera, la Requejada y Aguilar acumulan este a\u00f1o doce hect\u00f3metros c\u00fabicos m\u00e1s que la media de la d\u00e9cada.<\/p>\n\n\n\n<p><strong>PRIMAVERA H\u00daMEDA. <\/strong>Por ese motivo, la Confederaci\u00f3n aumenta en mil metros c\u00fabicos m\u00e1s por hect\u00e1rea la dotaci\u00f3n, hasta los 6.000, una buena noticia para los agricultores usuarios del Pisuerga. En la decisi\u00f3n tambi\u00e9n ha influido el bajo nivel de uso de agua para riego que han necesitado en esta primavera h\u00fameda los sembrados de regad\u00edo durante el primer tramo de una campa\u00f1a que se inicia oficialmente el 1 de abril. En suma, las precipitaciones no s\u00f3lo llenan los embalses, sino que aminoran significativamente la demanda de riego.<\/p>\n\n\n\n<p>La asignaci\u00f3n en el sistema Carri\u00f3n no ha cambiado, debido en buena medida a que la capacidad de sus dos embalses es muy limitada. Es d\u00e9ficit hist\u00f3rico de almacenamiento y, por tanto, de capacidad de regulaci\u00f3n de los recursos hidrol\u00f3gicos, como viene denunciando ASAJA en Palencia desde hace d\u00e9cadas, en la medida en que se limitan las posibilidades del desarrollo agrario.<\/p>\n\n\n\n<p>Cabe recordar que la capacidad conjunta de los embalses de Camporredondo y Guardo (163,7 hect\u00f3metros c\u00fabicos) viene a representar la mitad de la que suman los tres del sistema Pisuerga (316,2 hect\u00f3metros c\u00fabicos). Como suele decir nuestro presidente provincial, Jos\u00e9 Luis Marcos, los embalses del Carri\u00f3n tendr\u00edan que llenarse dos veces para ofrecer al campo de su vega garant\u00edas de regad\u00edo comparables a las de otros territorios de la cuenca del Duero.<strong>\/<\/strong><\/p>\n","protected":false},"excerpt":{"rendered":"<p>La Confederaci\u00f3n Hidrogr\u00e1fica del Duero ha aumentado de 5.000 a 6.000 metros c\u00fabicos por hect\u00e1rea la dotaci\u00f3n m\u00e1xima para los regantes del sistema Pisuerga, ante la buena evoluci\u00f3n de los embalses en las \u00faltimas semanas y el escaso gasto efectuado en una primavera bastante h\u00fameda. El organismo regulador recuerda que los embalses del sistema Pisuerga [&hellip;]<\/p>\n","protected":false},"author":9,"featured_media":16419,"comment_status":"open","ping_status":"open","sticky":false,"template":"","format":"standard","meta":{"footnotes":""},"categories":[9,31,38,28,13],"tags":[58,65,134,351,92,84,55,93,136,135],"yoast_head":"<!-- This site is optimized with the Yoast SEO plugin v24.5 - https:\/\/yoast.com\/wordpress\/plugins\/seo\/ -->\n<title>La Confederaci\u00f3n del Duero eleva a 6.000 metros c\u00fabicos\/hect\u00e1rea la dotaci\u00f3n de riego del Pisuerga - ASAJA Palencia<\/title>\n<meta name=\"description\" content=\"La Confederaci\u00f3n Hidrogr\u00e1fica del Duero ha aumentado de 5.000 a 6.000 metros c\u00fabicos por hect\u00e1rea la dotaci\u00f3n m\u00e1xima para los regantes del sistema\" \/>\n<meta name=\"robots\" content=\"index, follow, max-snippet:-1, max-image-preview:large, max-video-preview:-1\" \/>\n<link rel=\"canonical\" href=\"https:\/\/www.asajacyl.com\/palencia\/asaja-palencia-informa\/la-confederacion-del-duero-eleva-a-6-000-metros-cubicos-hectarea-la-dotacion-de-riego-del-pisuerga\" \/>\n<meta property=\"og:locale\" content=\"es_ES\" \/>\n<meta property=\"og:type\" content=\"article\" \/>\n<meta property=\"og:title\" content=\"La Confederaci\u00f3n del Duero eleva a 6.000 metros c\u00fabicos\/hect\u00e1rea la dotaci\u00f3n de riego del Pisuerga - ASAJA Palencia\" \/>\n<meta property=\"og:description\" content=\"La Confederaci\u00f3n Hidrogr\u00e1fica del Duero ha aumentado de 5.000 a 6.000 metros c\u00fabicos por hect\u00e1rea la dotaci\u00f3n m\u00e1xima para los regantes del sistema\" \/>\n<meta property=\"og:url\" content=\"https:\/\/www.asajacyl.com\/palencia\/asaja-palencia-informa\/la-confederacion-del-duero-eleva-a-6-000-metros-cubicos-hectarea-la-dotacion-de-riego-del-pisuerga\" \/>\n<meta property=\"og:site_name\" content=\"ASAJA Palencia\" \/>\n<meta property=\"article:published_time\" content=\"2024-06-05T12:16:48+00:00\" \/>\n<meta property=\"article:modified_time\" content=\"2024-06-06T10:46:58+00:00\" \/>\n<meta property=\"og:image\" content=\"https:\/\/www.asajacyl.com\/palencia\/wp-content\/uploads\/sites\/3\/2024\/06\/Alfalfa-c-AlfonsoSanchezM.jpg\" \/>\n\t<meta property=\"og:image:width\" content=\"1890\" \/>\n\t<meta property=\"og:image:height\" content=\"1654\" \/>\n\t<meta property=\"og:image:type\" content=\"image\/jpeg\" \/>\n<meta name=\"author\" content=\"Administrador\" \/>\n<meta name=\"twitter:card\" content=\"summary_large_image\" \/>\n<meta name=\"twitter:label1\" content=\"Escrito por\" \/>\n\t<meta name=\"twitter:data1\" content=\"Administrador\" \/>\n\t<meta name=\"twitter:label2\" content=\"Tiempo de lectura\" \/>\n\t<meta name=\"twitter:data2\" content=\"2 minutos\" \/>\n<script type=\"application\/ld+json\" class=\"yoast-schema-graph\">{\"@context\":\"https:\/\/schema.org\",\"@graph\":[{\"@type\":\"WebPage\",\"@id\":\"https:\/\/www.asajacyl.com\/palencia\/asaja-palencia-informa\/la-confederacion-del-duero-eleva-a-6-000-metros-cubicos-hectarea-la-dotacion-de-riego-del-pisuerga\",\"url\":\"https:\/\/www.asajacyl.com\/palencia\/asaja-palencia-informa\/la-confederacion-del-duero-eleva-a-6-000-metros-cubicos-hectarea-la-dotacion-de-riego-del-pisuerga\",\"name\":\"La Confederaci\u00f3n del Duero eleva a 6.000 metros c\u00fabicos\/hect\u00e1rea la dotaci\u00f3n de riego del Pisuerga - ASAJA Palencia\",\"isPartOf\":{\"@id\":\"https:\/\/www.asajacyl.com\/palencia\/#website\"},\"primaryImageOfPage\":{\"@id\":\"https:\/\/www.asajacyl.com\/palencia\/asaja-palencia-informa\/la-confederacion-del-duero-eleva-a-6-000-metros-cubicos-hectarea-la-dotacion-de-riego-del-pisuerga#primaryimage\"},\"image\":{\"@id\":\"https:\/\/www.asajacyl.com\/palencia\/asaja-palencia-informa\/la-confederacion-del-duero-eleva-a-6-000-metros-cubicos-hectarea-la-dotacion-de-riego-del-pisuerga#primaryimage\"},\"thumbnailUrl\":\"https:\/\/www.asajacyl.com\/palencia\/wp-content\/uploads\/sites\/3\/2024\/06\/Alfalfa-c-AlfonsoSanchezM.jpg\",\"datePublished\":\"2024-06-05T12:16:48+00:00\",\"dateModified\":\"2024-06-06T10:46:58+00:00\",\"author\":{\"@id\":\"https:\/\/www.asajacyl.com\/palencia\/#\/schema\/person\/3ab17aeb03527485c317557fae64aab1\"},\"description\":\"La Confederaci\u00f3n Hidrogr\u00e1fica del Duero ha aumentado de 5.000 a 6.000 metros c\u00fabicos por hect\u00e1rea la dotaci\u00f3n m\u00e1xima para los regantes del sistema\",\"breadcrumb\":{\"@id\":\"https:\/\/www.asajacyl.com\/palencia\/asaja-palencia-informa\/la-confederacion-del-duero-eleva-a-6-000-metros-cubicos-hectarea-la-dotacion-de-riego-del-pisuerga#breadcrumb\"},\"inLanguage\":\"es\",\"potentialAction\":[{\"@type\":\"ReadAction\",\"target\":[\"https:\/\/www.asajacyl.com\/palencia\/asaja-palencia-informa\/la-confederacion-del-duero-eleva-a-6-000-metros-cubicos-hectarea-la-dotacion-de-riego-del-pisuerga\"]}]},{\"@type\":\"ImageObject\",\"inLanguage\":\"es\",\"@id\":\"https:\/\/www.asajacyl.com\/palencia\/asaja-palencia-informa\/la-confederacion-del-duero-eleva-a-6-000-metros-cubicos-hectarea-la-dotacion-de-riego-del-pisuerga#primaryimage\",\"url\":\"https:\/\/www.asajacyl.com\/palencia\/wp-content\/uploads\/sites\/3\/2024\/06\/Alfalfa-c-AlfonsoSanchezM.jpg\",\"contentUrl\":\"https:\/\/www.asajacyl.com\/palencia\/wp-content\/uploads\/sites\/3\/2024\/06\/Alfalfa-c-AlfonsoSanchezM.jpg\",\"width\":1890,\"height\":1654},{\"@type\":\"BreadcrumbList\",\"@id\":\"https:\/\/www.asajacyl.com\/palencia\/asaja-palencia-informa\/la-confederacion-del-duero-eleva-a-6-000-metros-cubicos-hectarea-la-dotacion-de-riego-del-pisuerga#breadcrumb\",\"itemListElement\":[{\"@type\":\"ListItem\",\"position\":1,\"name\":\"Portada\",\"item\":\"https:\/\/www.asajacyl.com\/palencia\/\"},{\"@type\":\"ListItem\",\"position\":2,\"name\":\"La Confederaci\u00f3n del Duero eleva a 6.000 metros c\u00fabicos\/hect\u00e1rea la dotaci\u00f3n de riego del Pisuerga\"}]},{\"@type\":\"WebSite\",\"@id\":\"https:\/\/www.asajacyl.com\/palencia\/#website\",\"url\":\"https:\/\/www.asajacyl.com\/palencia\/\",\"name\":\"ASAJA Palencia\",\"description\":\"Otro sitio m\u00e1s de Provincias ASAJA Castilla y Le\u00f3n\",\"potentialAction\":[{\"@type\":\"SearchAction\",\"target\":{\"@type\":\"EntryPoint\",\"urlTemplate\":\"https:\/\/www.asajacyl.com\/palencia\/?s={search_term_string}\"},\"query-input\":{\"@type\":\"PropertyValueSpecification\",\"valueRequired\":true,\"valueName\":\"search_term_string\"}}],\"inLanguage\":\"es\"},{\"@type\":\"Person\",\"@id\":\"https:\/\/www.asajacyl.com\/palencia\/#\/schema\/person\/3ab17aeb03527485c317557fae64aab1\",\"name\":\"Administrador\",\"image\":{\"@type\":\"ImageObject\",\"inLanguage\":\"es\",\"@id\":\"https:\/\/www.asajacyl.com\/palencia\/#\/schema\/person\/image\/\",\"url\":\"https:\/\/secure.gravatar.com\/avatar\/517384810d242ca9e38c180f3c9fb973?s=96&d=mm&r=g\",\"contentUrl\":\"https:\/\/secure.gravatar.com\/avatar\/517384810d242ca9e38c180f3c9fb973?s=96&d=mm&r=g\",\"caption\":\"Administrador\"},\"url\":\"https:\/\/www.asajacyl.com\/palencia\/author\/carlosrm\"}]}<\/script>\n<!-- \/ Yoast SEO plugin. -->","yoast_head_json":{"title":"La Confederaci\u00f3n del Duero eleva a 6.000 metros c\u00fabicos\/hect\u00e1rea la dotaci\u00f3n de riego del Pisuerga - ASAJA Palencia","description":"La Confederaci\u00f3n Hidrogr\u00e1fica del Duero ha aumentado de 5.000 a 6.000 metros c\u00fabicos por hect\u00e1rea la dotaci\u00f3n m\u00e1xima para los regantes del sistema","robots":{"index":"index","follow":"follow","max-snippet":"max-snippet:-1","max-image-preview":"max-image-preview:large","max-video-preview":"max-video-preview:-1"},"canonical":"https:\/\/www.asajacyl.com\/palencia\/asaja-palencia-informa\/la-confederacion-del-duero-eleva-a-6-000-metros-cubicos-hectarea-la-dotacion-de-riego-del-pisuerga","og_locale":"es_ES","og_type":"article","og_title":"La Confederaci\u00f3n del Duero eleva a 6.000 metros c\u00fabicos\/hect\u00e1rea la dotaci\u00f3n de riego del Pisuerga - ASAJA Palencia","og_description":"La Confederaci\u00f3n Hidrogr\u00e1fica del Duero ha aumentado de 5.000 a 6.000 metros c\u00fabicos por hect\u00e1rea la dotaci\u00f3n m\u00e1xima para los regantes del sistema","og_url":"https:\/\/www.asajacyl.com\/palencia\/asaja-palencia-informa\/la-confederacion-del-duero-eleva-a-6-000-metros-cubicos-hectarea-la-dotacion-de-riego-del-pisuerga","og_site_name":"ASAJA Palencia","article_published_time":"2024-06-05T12:16:48+00:00","article_modified_time":"2024-06-06T10:46:58+00:00","og_image":[{"width":1890,"height":1654,"url":"https:\/\/www.asajacyl.com\/palencia\/wp-content\/uploads\/sites\/3\/2024\/06\/Alfalfa-c-AlfonsoSanchezM.jpg","type":"image\/jpeg"}],"author":"Administrador","twitter_card":"summary_large_image","twitter_misc":{"Escrito por":"Administrador","Tiempo de lectura":"2 minutos"},"schema":{"@context":"https:\/\/schema.org","@graph":[{"@type":"WebPage","@id":"https:\/\/www.asajacyl.com\/palencia\/asaja-palencia-informa\/la-confederacion-del-duero-eleva-a-6-000-metros-cubicos-hectarea-la-dotacion-de-riego-del-pisuerga","url":"https:\/\/www.asajacyl.com\/palencia\/asaja-palencia-informa\/la-confederacion-del-duero-eleva-a-6-000-metros-cubicos-hectarea-la-dotacion-de-riego-del-pisuerga","name":"La Confederaci\u00f3n del Duero eleva a 6.000 metros c\u00fabicos\/hect\u00e1rea la dotaci\u00f3n de riego del Pisuerga - ASAJA Palencia","isPartOf":{"@id":"https:\/\/www.asajacyl.com\/palencia\/#website"},"primaryImageOfPage":{"@id":"https:\/\/www.asajacyl.com\/palencia\/asaja-palencia-informa\/la-confederacion-del-duero-eleva-a-6-000-metros-cubicos-hectarea-la-dotacion-de-riego-del-pisuerga#primaryimage"},"image":{"@id":"https:\/\/www.asajacyl.com\/palencia\/asaja-palencia-informa\/la-confederacion-del-duero-eleva-a-6-000-metros-cubicos-hectarea-la-dotacion-de-riego-del-pisuerga#primaryimage"},"thumbnailUrl":"https:\/\/www.asajacyl.com\/palencia\/wp-content\/uploads\/sites\/3\/2024\/06\/Alfalfa-c-AlfonsoSanchezM.jpg","datePublished":"2024-06-05T12:16:48+00:00","dateModified":"2024-06-06T10:46:58+00:00","author":{"@id":"https:\/\/www.asajacyl.com\/palencia\/#\/schema\/person\/3ab17aeb03527485c317557fae64aab1"},"description":"La Confederaci\u00f3n Hidrogr\u00e1fica del Duero ha aumentado de 5.000 a 6.000 metros c\u00fabicos por hect\u00e1rea la dotaci\u00f3n m\u00e1xima para los regantes del sistema","breadcrumb":{"@id":"https:\/\/www.asajacyl.com\/palencia\/asaja-palencia-informa\/la-confederacion-del-duero-eleva-a-6-000-metros-cubicos-hectarea-la-dotacion-de-riego-del-pisuerga#breadcrumb"},"inLanguage":"es","potentialAction":[{"@type":"ReadAction","target":["https:\/\/www.asajacyl.com\/palencia\/asaja-palencia-informa\/la-confederacion-del-duero-eleva-a-6-000-metros-cubicos-hectarea-la-dotacion-de-riego-del-pisuerga"]}]},{"@type":"ImageObject","inLanguage":"es","@id":"https:\/\/www.asajacyl.com\/palencia\/asaja-palencia-informa\/la-confederacion-del-duero-eleva-a-6-000-metros-cubicos-hectarea-la-dotacion-de-riego-del-pisuerga#primaryimage","url":"https:\/\/www.asajacyl.com\/palencia\/wp-content\/uploads\/sites\/3\/2024\/06\/Alfalfa-c-AlfonsoSanchezM.jpg","contentUrl":"https:\/\/www.asajacyl.com\/palencia\/wp-content\/uploads\/sites\/3\/2024\/06\/Alfalfa-c-AlfonsoSanchezM.jpg","width":1890,"height":1654},{"@type":"BreadcrumbList","@id":"https:\/\/www.asajacyl.com\/palencia\/asaja-palencia-informa\/la-confederacion-del-duero-eleva-a-6-000-metros-cubicos-hectarea-la-dotacion-de-riego-del-pisuerga#breadcrumb","itemListElement":[{"@type":"ListItem","position":1,"name":"Portada","item":"https:\/\/www.asajacyl.com\/palencia\/"},{"@type":"ListItem","position":2,"name":"La Confederaci\u00f3n del Duero eleva a 6.000 metros c\u00fabicos\/hect\u00e1rea la dotaci\u00f3n de riego del Pisuerga"}]},{"@type":"WebSite","@id":"https:\/\/www.asajacyl.com\/palencia\/#website","url":"https:\/\/www.asajacyl.com\/palencia\/","name":"ASAJA Palencia","description":"Otro sitio m\u00e1s de Provincias ASAJA Castilla y Le\u00f3n","potentialAction":[{"@type":"SearchAction","target":{"@type":"EntryPoint","urlTemplate":"https:\/\/www.asajacyl.com\/palencia\/?s={search_term_string}"},"query-input":{"@type":"PropertyValueSpecification","valueRequired":true,"valueName":"search_term_string"}}],"inLanguage":"es"},{"@type":"Person","@id":"https:\/\/www.asajacyl.com\/palencia\/#\/schema\/person\/3ab17aeb03527485c317557fae64aab1","name":"Administrador","image":{"@type":"ImageObject","inLanguage":"es","@id":"https:\/\/www.asajacyl.com\/palencia\/#\/schema\/person\/image\/","url":"https:\/\/secure.gravatar.com\/avatar\/517384810d242ca9e38c180f3c9fb973?s=96&d=mm&r=g","contentUrl":"https:\/\/secure.gravatar.com\/avatar\/517384810d242ca9e38c180f3c9fb973?s=96&d=mm&r=g","caption":"Administrador"},"url":"https:\/\/www.asajacyl.com\/palencia\/author\/carlosrm"}]}},"_links":{"self":[{"href":"https:\/\/www.asajacyl.com\/palencia\/wp-json\/wp\/v2\/posts\/16418"}],"collection":[{"href":"https:\/\/www.asajacyl.com\/palencia\/wp-json\/wp\/v2\/posts"}],"about":[{"href":"https:\/\/www.asajacyl.com\/palencia\/wp-json\/wp\/v2\/types\/post"}],"author":[{"embeddable":true,"href":"https:\/\/www.asajacyl.com\/palencia\/wp-json\/wp\/v2\/users\/9"}],"replies":[{"embeddable":true,"href":"https:\/\/www.asajacyl.com\/palencia\/wp-json\/wp\/v2\/comments?post=16418"}],"version-history":[{"count":1,"href":"https:\/\/www.asajacyl.com\/palencia\/wp-json\/wp\/v2\/posts\/16418\/revisions"}],"predecessor-version":[{"id":16420,"href":"https:\/\/www.asajacyl.com\/palencia\/wp-json\/wp\/v2\/posts\/16418\/revisions\/16420"}],"wp:featuredmedia":[{"embeddable":true,"href":"https:\/\/www.asajacyl.com\/palencia\/wp-json\/wp\/v2\/media\/16419"}],"wp:attachment":[{"href":"https:\/\/www.asajacyl.com\/palencia\/wp-json\/wp\/v2\/media?parent=16418"}],"wp:term":[{"taxonomy":"category","embeddable":true,"href":"https:\/\/www.asajacyl.com\/palencia\/wp-json\/wp\/v2\/categories?post=16418"},{"taxonomy":"post_tag","embeddable":true,"href":"https:\/\/www.asajacyl.com\/palencia\/wp-json\/wp\/v2\/tags?post=16418"}],"curies":[{"name":"wp","href":"https:\/\/api.w.org\/{rel}","templated":true}]}}