{"id":16453,"date":"2024-06-10T09:34:03","date_gmt":"2024-06-10T07:34:03","guid":{"rendered":"https:\/\/www.asajacyl.com\/palencia\/?p=16453"},"modified":"2024-06-10T09:34:32","modified_gmt":"2024-06-10T07:34:32","slug":"asaja-palencia-celebra-su-asamblea-ordinaria-anual-con-la-vista-puesta-en-una-cosecha-normal","status":"publish","type":"post","link":"https:\/\/www.asajacyl.com\/palencia\/asaja-palencia-informa\/asaja-palencia-celebra-su-asamblea-ordinaria-anual-con-la-vista-puesta-en-una-cosecha-normal","title":{"rendered":"ASAJA-Palencia celebra su asamblea ordinaria anual con la vista puesta en una cosecha normal"},"content":{"rendered":"\n<h2 class=\"wp-block-heading\">ASAJA-Palencia celebr\u00f3 el viernes 7 de junio su asamblea ordinaria anual, en la que aprob\u00f3 las cuentas del pasado ejercicio y el presupuesto de 2024, con la vista puesta en una cosecha de cereal de invierno con rendimientos en torno al promedio de esta provincia. Para mejorar la rentabilidad, nuestra organizaci\u00f3n seguir\u00e1 reclamando una reducci\u00f3n en los costes de producci\u00f3n (combustibles, fertilizantes, fitosanitarios\u2026), m\u00e1s que en una fuerte correcci\u00f3n al alza en la cotizaci\u00f3n de las producciones agrarias, que terminan ahogando a la ganader\u00eda. En la asamblea intervinieron el m\u00e1ximo dirigente provincial de ASAJA, Jos\u00e9 Luis Marcos, y el presidente de ASAJA-Castilla y Le\u00f3n, Donaciano Dujo.<\/h2>\n\n\n\n<p>Centenar y medio de asociados de ASAJA-Palencia acudieron al Auditorio Unicaja Banco de la capital palentina para celebrar su asamblea general ordinaria de 2024, a\u00f1o marcado por las movilizaciones agrarias en sus primeros meses. El gerente de la entidad, \u00c1lvaro de la Hera, present\u00f3 las cuentas y el balance de 2023, para dar paso a la proyecci\u00f3n de un v\u00eddeo de homenaje a los anteriores presidentes de la entidad desde su fundaci\u00f3n en 1977.<\/p>\n\n\n<div class=\"wp-block-image\">\n<figure class=\"alignleft size-large is-resized\"><img loading=\"lazy\" decoding=\"async\" width=\"1024\" height=\"594\" src=\"https:\/\/www.asajacyl.com\/palencia\/wp-content\/uploads\/sites\/3\/2024\/06\/Mesa-y-publico-ASAJA-Palencia-7junio2024-1024x594.jpg\" alt=\"\" class=\"wp-image-16455\" style=\"width:646px;height:auto\" srcset=\"https:\/\/www.asajacyl.com\/palencia\/wp-content\/uploads\/sites\/3\/2024\/06\/Mesa-y-publico-ASAJA-Palencia-7junio2024-1024x594.jpg 1024w, https:\/\/www.asajacyl.com\/palencia\/wp-content\/uploads\/sites\/3\/2024\/06\/Mesa-y-publico-ASAJA-Palencia-7junio2024-300x174.jpg 300w, https:\/\/www.asajacyl.com\/palencia\/wp-content\/uploads\/sites\/3\/2024\/06\/Mesa-y-publico-ASAJA-Palencia-7junio2024-768x445.jpg 768w, https:\/\/www.asajacyl.com\/palencia\/wp-content\/uploads\/sites\/3\/2024\/06\/Mesa-y-publico-ASAJA-Palencia-7junio2024-1536x891.jpg 1536w, https:\/\/www.asajacyl.com\/palencia\/wp-content\/uploads\/sites\/3\/2024\/06\/Mesa-y-publico-ASAJA-Palencia-7junio2024-2048x1188.jpg 2048w, https:\/\/www.asajacyl.com\/palencia\/wp-content\/uploads\/sites\/3\/2024\/06\/Mesa-y-publico-ASAJA-Palencia-7junio2024-724x420.jpg 724w, https:\/\/www.asajacyl.com\/palencia\/wp-content\/uploads\/sites\/3\/2024\/06\/Mesa-y-publico-ASAJA-Palencia-7junio2024-696x404.jpg 696w, https:\/\/www.asajacyl.com\/palencia\/wp-content\/uploads\/sites\/3\/2024\/06\/Mesa-y-publico-ASAJA-Palencia-7junio2024-1068x619.jpg 1068w, https:\/\/www.asajacyl.com\/palencia\/wp-content\/uploads\/sites\/3\/2024\/06\/Mesa-y-publico-ASAJA-Palencia-7junio2024-1920x1114.jpg 1920w\" sizes=\"(max-width: 1024px) 100vw, 1024px\" \/><\/figure><\/div>\n\n\n<p>Asimismo, Inmaculada Est\u00e9banez, t\u00e9cnico especialista en la PAC, explic\u00f3 a los presentes las numerosas dificultades a las que se ha enfrentado el equipo t\u00e9cnico de la entidad para elaborar las solicitudes \u00fanicas, en un contexto de aluvi\u00f3n normativo cambiante y contradictorio.<\/p>\n\n\n<div class=\"wp-block-image\">\n<figure class=\"alignleft size-large is-resized\"><img loading=\"lazy\" decoding=\"async\" width=\"1024\" height=\"673\" src=\"https:\/\/www.asajacyl.com\/palencia\/wp-content\/uploads\/sites\/3\/2024\/06\/Inma-Estebanez-asamblea-7jun2024-bis-1024x673.jpg\" alt=\"\" class=\"wp-image-16456\" style=\"width:646px;height:auto\" srcset=\"https:\/\/www.asajacyl.com\/palencia\/wp-content\/uploads\/sites\/3\/2024\/06\/Inma-Estebanez-asamblea-7jun2024-bis-1024x673.jpg 1024w, https:\/\/www.asajacyl.com\/palencia\/wp-content\/uploads\/sites\/3\/2024\/06\/Inma-Estebanez-asamblea-7jun2024-bis-300x197.jpg 300w, https:\/\/www.asajacyl.com\/palencia\/wp-content\/uploads\/sites\/3\/2024\/06\/Inma-Estebanez-asamblea-7jun2024-bis-768x505.jpg 768w, https:\/\/www.asajacyl.com\/palencia\/wp-content\/uploads\/sites\/3\/2024\/06\/Inma-Estebanez-asamblea-7jun2024-bis-1536x1010.jpg 1536w, https:\/\/www.asajacyl.com\/palencia\/wp-content\/uploads\/sites\/3\/2024\/06\/Inma-Estebanez-asamblea-7jun2024-bis-2048x1347.jpg 2048w, https:\/\/www.asajacyl.com\/palencia\/wp-content\/uploads\/sites\/3\/2024\/06\/Inma-Estebanez-asamblea-7jun2024-bis-639x420.jpg 639w, https:\/\/www.asajacyl.com\/palencia\/wp-content\/uploads\/sites\/3\/2024\/06\/Inma-Estebanez-asamblea-7jun2024-bis-696x458.jpg 696w, https:\/\/www.asajacyl.com\/palencia\/wp-content\/uploads\/sites\/3\/2024\/06\/Inma-Estebanez-asamblea-7jun2024-bis-1068x702.jpg 1068w, https:\/\/www.asajacyl.com\/palencia\/wp-content\/uploads\/sites\/3\/2024\/06\/Inma-Estebanez-asamblea-7jun2024-bis-1920x1263.jpg 1920w, https:\/\/www.asajacyl.com\/palencia\/wp-content\/uploads\/sites\/3\/2024\/06\/Inma-Estebanez-asamblea-7jun2024-bis-741x486.jpg 741w\" sizes=\"(max-width: 1024px) 100vw, 1024px\" \/><\/figure><\/div>\n\n\n<p>Tanto el presidente provincial como el regional agradecieron a la plantilla de la entidad el esfuerzo de preparaci\u00f3n y gesti\u00f3n de la PAC y de toda la abundante burocracia que conlleva, a la que se unen otros servicios como la tramitaci\u00f3n de otras ayudas, declaraciones de IRPF, gestiones tributarias y laborales, etc\u00e9tera.<\/p>\n\n\n\n<p>Donaciano Dujo destac\u00f3 que ASAJA-Palencia volver\u00e1 a tramitar este a\u00f1o m\u00e1s de tres mil solicitudes \u00fanicas de la PAC, ahora en fase de revisi\u00f3n tras cruzar la administraci\u00f3n auton\u00f3mica los datos, lo que supone m\u00e1s de la mitad de toda la provincia.<\/p>\n\n\n<div class=\"wp-block-image\">\n<figure class=\"alignleft size-large is-resized\"><img loading=\"lazy\" decoding=\"async\" width=\"1024\" height=\"508\" src=\"https:\/\/www.asajacyl.com\/palencia\/wp-content\/uploads\/sites\/3\/2024\/06\/Publico-y-mesa-ASAJAPalencia-7junio2024-1024x508.jpg\" alt=\"\" class=\"wp-image-16454\" style=\"width:646px;height:auto\" srcset=\"https:\/\/www.asajacyl.com\/palencia\/wp-content\/uploads\/sites\/3\/2024\/06\/Publico-y-mesa-ASAJAPalencia-7junio2024-1024x508.jpg 1024w, https:\/\/www.asajacyl.com\/palencia\/wp-content\/uploads\/sites\/3\/2024\/06\/Publico-y-mesa-ASAJAPalencia-7junio2024-300x149.jpg 300w, https:\/\/www.asajacyl.com\/palencia\/wp-content\/uploads\/sites\/3\/2024\/06\/Publico-y-mesa-ASAJAPalencia-7junio2024-768x381.jpg 768w, https:\/\/www.asajacyl.com\/palencia\/wp-content\/uploads\/sites\/3\/2024\/06\/Publico-y-mesa-ASAJAPalencia-7junio2024-1536x762.jpg 1536w, https:\/\/www.asajacyl.com\/palencia\/wp-content\/uploads\/sites\/3\/2024\/06\/Publico-y-mesa-ASAJAPalencia-7junio2024-2048x1016.jpg 2048w, https:\/\/www.asajacyl.com\/palencia\/wp-content\/uploads\/sites\/3\/2024\/06\/Publico-y-mesa-ASAJAPalencia-7junio2024-847x420.jpg 847w, https:\/\/www.asajacyl.com\/palencia\/wp-content\/uploads\/sites\/3\/2024\/06\/Publico-y-mesa-ASAJAPalencia-7junio2024-696x345.jpg 696w, https:\/\/www.asajacyl.com\/palencia\/wp-content\/uploads\/sites\/3\/2024\/06\/Publico-y-mesa-ASAJAPalencia-7junio2024-1068x530.jpg 1068w, https:\/\/www.asajacyl.com\/palencia\/wp-content\/uploads\/sites\/3\/2024\/06\/Publico-y-mesa-ASAJAPalencia-7junio2024-1920x952.jpg 1920w, https:\/\/www.asajacyl.com\/palencia\/wp-content\/uploads\/sites\/3\/2024\/06\/Publico-y-mesa-ASAJAPalencia-7junio2024-324x160.jpg 324w\" sizes=\"(max-width: 1024px) 100vw, 1024px\" \/><\/figure><\/div>\n\n\n<p><strong>IMPLICACI\u00d3N. <\/strong>Por su parte, Jos\u00e9 Luis Marcos subray\u00f3 y agradeci\u00f3 la implicaci\u00f3n de los socios y en especial de la junta provincial en las movilizaciones agrarias de este a\u00f1o, al tiempo que defendi\u00f3 que ASAJA no haya suscrito un documento del Ministerio de Agricultura \u00aba todas luces insuficiente\u00bb, firmado por algunos que nos criticaban por ser demasiado blandos. En esa l\u00ednea, no descart\u00f3 que vuelvan las manifestaciones para reclamar mejoras en el sector. Igualmente, Donaciano Dujo se\u00f1al\u00f3 que esta decisi\u00f3n corresponder\u00e1 \u00fanicamente a los socios de ASAJA-Palencia.<\/p>\n\n\n\n<p><strong>COSECHA.<\/strong> Dujo aprovech\u00f3 la asamblea para avanzar que los rendimientos medios del cereal de invierno se situar\u00e1n en torno a los 3.500 kilos por hect\u00e1rea, incluidos secanos y regad\u00edos, \u00abel umbral que seg\u00fan dijimos ya en la sementera era necesario para cubrir gastos\u00bb. Estim\u00f3 una cosecha en torno a los seis millones de toneladas en el conjunto de Castilla y Le\u00f3n para esa producci\u00f3n cerealista de invierno, de la que la provincia Palencia aportar\u00e1 aproximadamente una quinta parte de la comunidad.<\/p>\n\n\n\n<p>Seg\u00fan Dujo, con estos rendimientos \u00abse mantendr\u00e1 un equilibrio entre los gastos de una sementera muy cara y el valor de la producci\u00f3n\u00bb. Por ello, abog\u00f3 por una cierta subida en la cotizaci\u00f3n del cereal, pero matiz\u00f3 que, \u00abcuando Asaja reclama elevar precios, no solicita que se produzca de manera tan desorbitada y desproporcionada, que provoque que los ganaderos no puedan pagar los piensos, sino con un equilibrio, es decir, subir un poco el precio del cereal y bajar mucho los costes de producci\u00f3n\u00bb.<\/p>\n\n\n\n<p>Tras el turno de ruegos y preguntas, la asamblea se clausur\u00f3 con el habitual sorteo de cinco viajes (para dos personas) entre los socios que han tramitado la PAC en ASAJA-Palencia y otros cinco (tambi\u00e9n para dos personas), entre quienes han contratado el seguro agrario a trav\u00e9s de esta organizaci\u00f3n. A ellos se sumaron este a\u00f1o dos viajes dobles m\u00e1s, sorteados entre los socios que asistieron presencialmente a la asamblea.<strong>\/<\/strong><\/p>\n\n\n\n<p>Ambos animaron a los profesionales del campo y a sus familias a participar en las elecciones europeas del domingo, 9 de junio, \u00abtan importantes para la agricultura y la ganader\u00eda como las que m\u00e1s\u00bb, seg\u00fan destac\u00f3 el presidente regional de la organizaci\u00f3n, valorando las opciones que no aplican pol\u00edticas en contra del campo.<strong>\/<\/strong><\/p>\n","protected":false},"excerpt":{"rendered":"<p>ASAJA-Palencia celebr\u00f3 el viernes 7 de junio su asamblea ordinaria anual, en la que aprob\u00f3 las cuentas del pasado ejercicio y el presupuesto de 2024, con la vista puesta en una cosecha de cereal de invierno con rendimientos en torno al promedio de esta provincia. Para mejorar la rentabilidad, nuestra organizaci\u00f3n seguir\u00e1 reclamando una reducci\u00f3n [&hellip;]<\/p>\n","protected":false},"author":9,"featured_media":16455,"comment_status":"open","ping_status":"open","sticky":false,"template":"","format":"standard","meta":{"footnotes":""},"categories":[9,28],"tags":[],"yoast_head":"<!-- This site is optimized with the Yoast SEO plugin v24.5 - https:\/\/yoast.com\/wordpress\/plugins\/seo\/ -->\n<title>ASAJA-Palencia celebra su asamblea ordinaria anual con la vista puesta en una cosecha normal - ASAJA Palencia<\/title>\n<meta name=\"description\" content=\"ASAJA-Palencia celebr\u00f3 el viernes 7 de junio su asamblea ordinaria anual, en la que aprob\u00f3 las cuentas del pasado ejercicio y el presupuesto de 2024, con\" \/>\n<meta name=\"robots\" content=\"index, follow, max-snippet:-1, max-image-preview:large, max-video-preview:-1\" \/>\n<link rel=\"canonical\" href=\"https:\/\/www.asajacyl.com\/palencia\/asaja-palencia-informa\/asaja-palencia-celebra-su-asamblea-ordinaria-anual-con-la-vista-puesta-en-una-cosecha-normal\" \/>\n<meta property=\"og:locale\" content=\"es_ES\" \/>\n<meta property=\"og:type\" content=\"article\" \/>\n<meta property=\"og:title\" content=\"ASAJA-Palencia celebra su asamblea ordinaria anual con la vista puesta en una cosecha normal - ASAJA Palencia\" \/>\n<meta property=\"og:description\" content=\"ASAJA-Palencia celebr\u00f3 el viernes 7 de junio su asamblea ordinaria anual, en la que aprob\u00f3 las cuentas del pasado ejercicio y el presupuesto de 2024, con\" \/>\n<meta property=\"og:url\" content=\"https:\/\/www.asajacyl.com\/palencia\/asaja-palencia-informa\/asaja-palencia-celebra-su-asamblea-ordinaria-anual-con-la-vista-puesta-en-una-cosecha-normal\" \/>\n<meta property=\"og:site_name\" content=\"ASAJA Palencia\" \/>\n<meta property=\"article:published_time\" content=\"2024-06-10T07:34:03+00:00\" \/>\n<meta property=\"article:modified_time\" content=\"2024-06-10T07:34:32+00:00\" \/>\n<meta property=\"og:image\" content=\"https:\/\/www.asajacyl.com\/palencia\/wp-content\/uploads\/sites\/3\/2024\/06\/Mesa-y-publico-ASAJA-Palencia-7junio2024.jpg\" \/>\n\t<meta property=\"og:image:width\" content=\"2500\" \/>\n\t<meta property=\"og:image:height\" content=\"1450\" \/>\n\t<meta property=\"og:image:type\" content=\"image\/jpeg\" \/>\n<meta name=\"author\" content=\"Administrador\" \/>\n<meta name=\"twitter:card\" content=\"summary_large_image\" \/>\n<meta name=\"twitter:label1\" content=\"Escrito por\" \/>\n\t<meta name=\"twitter:data1\" content=\"Administrador\" \/>\n\t<meta name=\"twitter:label2\" content=\"Tiempo de lectura\" \/>\n\t<meta name=\"twitter:data2\" content=\"4 minutos\" \/>\n<script type=\"application\/ld+json\" class=\"yoast-schema-graph\">{\"@context\":\"https:\/\/schema.org\",\"@graph\":[{\"@type\":\"WebPage\",\"@id\":\"https:\/\/www.asajacyl.com\/palencia\/asaja-palencia-informa\/asaja-palencia-celebra-su-asamblea-ordinaria-anual-con-la-vista-puesta-en-una-cosecha-normal\",\"url\":\"https:\/\/www.asajacyl.com\/palencia\/asaja-palencia-informa\/asaja-palencia-celebra-su-asamblea-ordinaria-anual-con-la-vista-puesta-en-una-cosecha-normal\",\"name\":\"ASAJA-Palencia celebra su asamblea ordinaria anual con la vista puesta en una cosecha normal - ASAJA Palencia\",\"isPartOf\":{\"@id\":\"https:\/\/www.asajacyl.com\/palencia\/#website\"},\"primaryImageOfPage\":{\"@id\":\"https:\/\/www.asajacyl.com\/palencia\/asaja-palencia-informa\/asaja-palencia-celebra-su-asamblea-ordinaria-anual-con-la-vista-puesta-en-una-cosecha-normal#primaryimage\"},\"image\":{\"@id\":\"https:\/\/www.asajacyl.com\/palencia\/asaja-palencia-informa\/asaja-palencia-celebra-su-asamblea-ordinaria-anual-con-la-vista-puesta-en-una-cosecha-normal#primaryimage\"},\"thumbnailUrl\":\"https:\/\/www.asajacyl.com\/palencia\/wp-content\/uploads\/sites\/3\/2024\/06\/Mesa-y-publico-ASAJA-Palencia-7junio2024.jpg\",\"datePublished\":\"2024-06-10T07:34:03+00:00\",\"dateModified\":\"2024-06-10T07:34:32+00:00\",\"author\":{\"@id\":\"https:\/\/www.asajacyl.com\/palencia\/#\/schema\/person\/3ab17aeb03527485c317557fae64aab1\"},\"description\":\"ASAJA-Palencia celebr\u00f3 el viernes 7 de junio su asamblea ordinaria anual, en la que aprob\u00f3 las cuentas del pasado ejercicio y el presupuesto de 2024, con\",\"breadcrumb\":{\"@id\":\"https:\/\/www.asajacyl.com\/palencia\/asaja-palencia-informa\/asaja-palencia-celebra-su-asamblea-ordinaria-anual-con-la-vista-puesta-en-una-cosecha-normal#breadcrumb\"},\"inLanguage\":\"es\",\"potentialAction\":[{\"@type\":\"ReadAction\",\"target\":[\"https:\/\/www.asajacyl.com\/palencia\/asaja-palencia-informa\/asaja-palencia-celebra-su-asamblea-ordinaria-anual-con-la-vista-puesta-en-una-cosecha-normal\"]}]},{\"@type\":\"ImageObject\",\"inLanguage\":\"es\",\"@id\":\"https:\/\/www.asajacyl.com\/palencia\/asaja-palencia-informa\/asaja-palencia-celebra-su-asamblea-ordinaria-anual-con-la-vista-puesta-en-una-cosecha-normal#primaryimage\",\"url\":\"https:\/\/www.asajacyl.com\/palencia\/wp-content\/uploads\/sites\/3\/2024\/06\/Mesa-y-publico-ASAJA-Palencia-7junio2024.jpg\",\"contentUrl\":\"https:\/\/www.asajacyl.com\/palencia\/wp-content\/uploads\/sites\/3\/2024\/06\/Mesa-y-publico-ASAJA-Palencia-7junio2024.jpg\",\"width\":2500,\"height\":1450},{\"@type\":\"BreadcrumbList\",\"@id\":\"https:\/\/www.asajacyl.com\/palencia\/asaja-palencia-informa\/asaja-palencia-celebra-su-asamblea-ordinaria-anual-con-la-vista-puesta-en-una-cosecha-normal#breadcrumb\",\"itemListElement\":[{\"@type\":\"ListItem\",\"position\":1,\"name\":\"Portada\",\"item\":\"https:\/\/www.asajacyl.com\/palencia\/\"},{\"@type\":\"ListItem\",\"position\":2,\"name\":\"ASAJA-Palencia celebra su asamblea ordinaria anual con la vista puesta en una cosecha normal\"}]},{\"@type\":\"WebSite\",\"@id\":\"https:\/\/www.asajacyl.com\/palencia\/#website\",\"url\":\"https:\/\/www.asajacyl.com\/palencia\/\",\"name\":\"ASAJA Palencia\",\"description\":\"Otro sitio m\u00e1s de Provincias ASAJA Castilla y Le\u00f3n\",\"potentialAction\":[{\"@type\":\"SearchAction\",\"target\":{\"@type\":\"EntryPoint\",\"urlTemplate\":\"https:\/\/www.asajacyl.com\/palencia\/?s={search_term_string}\"},\"query-input\":{\"@type\":\"PropertyValueSpecification\",\"valueRequired\":true,\"valueName\":\"search_term_string\"}}],\"inLanguage\":\"es\"},{\"@type\":\"Person\",\"@id\":\"https:\/\/www.asajacyl.com\/palencia\/#\/schema\/person\/3ab17aeb03527485c317557fae64aab1\",\"name\":\"Administrador\",\"image\":{\"@type\":\"ImageObject\",\"inLanguage\":\"es\",\"@id\":\"https:\/\/www.asajacyl.com\/palencia\/#\/schema\/person\/image\/\",\"url\":\"https:\/\/secure.gravatar.com\/avatar\/517384810d242ca9e38c180f3c9fb973?s=96&d=mm&r=g\",\"contentUrl\":\"https:\/\/secure.gravatar.com\/avatar\/517384810d242ca9e38c180f3c9fb973?s=96&d=mm&r=g\",\"caption\":\"Administrador\"},\"url\":\"https:\/\/www.asajacyl.com\/palencia\/author\/carlosrm\"}]}<\/script>\n<!-- \/ Yoast SEO plugin. -->","yoast_head_json":{"title":"ASAJA-Palencia celebra su asamblea ordinaria anual con la vista puesta en una cosecha normal - ASAJA Palencia","description":"ASAJA-Palencia celebr\u00f3 el viernes 7 de junio su asamblea ordinaria anual, en la que aprob\u00f3 las cuentas del pasado ejercicio y el presupuesto de 2024, con","robots":{"index":"index","follow":"follow","max-snippet":"max-snippet:-1","max-image-preview":"max-image-preview:large","max-video-preview":"max-video-preview:-1"},"canonical":"https:\/\/www.asajacyl.com\/palencia\/asaja-palencia-informa\/asaja-palencia-celebra-su-asamblea-ordinaria-anual-con-la-vista-puesta-en-una-cosecha-normal","og_locale":"es_ES","og_type":"article","og_title":"ASAJA-Palencia celebra su asamblea ordinaria anual con la vista puesta en una cosecha normal - ASAJA Palencia","og_description":"ASAJA-Palencia celebr\u00f3 el viernes 7 de junio su asamblea ordinaria anual, en la que aprob\u00f3 las cuentas del pasado ejercicio y el presupuesto de 2024, con","og_url":"https:\/\/www.asajacyl.com\/palencia\/asaja-palencia-informa\/asaja-palencia-celebra-su-asamblea-ordinaria-anual-con-la-vista-puesta-en-una-cosecha-normal","og_site_name":"ASAJA Palencia","article_published_time":"2024-06-10T07:34:03+00:00","article_modified_time":"2024-06-10T07:34:32+00:00","og_image":[{"width":2500,"height":1450,"url":"https:\/\/www.asajacyl.com\/palencia\/wp-content\/uploads\/sites\/3\/2024\/06\/Mesa-y-publico-ASAJA-Palencia-7junio2024.jpg","type":"image\/jpeg"}],"author":"Administrador","twitter_card":"summary_large_image","twitter_misc":{"Escrito por":"Administrador","Tiempo de lectura":"4 minutos"},"schema":{"@context":"https:\/\/schema.org","@graph":[{"@type":"WebPage","@id":"https:\/\/www.asajacyl.com\/palencia\/asaja-palencia-informa\/asaja-palencia-celebra-su-asamblea-ordinaria-anual-con-la-vista-puesta-en-una-cosecha-normal","url":"https:\/\/www.asajacyl.com\/palencia\/asaja-palencia-informa\/asaja-palencia-celebra-su-asamblea-ordinaria-anual-con-la-vista-puesta-en-una-cosecha-normal","name":"ASAJA-Palencia celebra su asamblea ordinaria anual con la vista puesta en una cosecha normal - ASAJA Palencia","isPartOf":{"@id":"https:\/\/www.asajacyl.com\/palencia\/#website"},"primaryImageOfPage":{"@id":"https:\/\/www.asajacyl.com\/palencia\/asaja-palencia-informa\/asaja-palencia-celebra-su-asamblea-ordinaria-anual-con-la-vista-puesta-en-una-cosecha-normal#primaryimage"},"image":{"@id":"https:\/\/www.asajacyl.com\/palencia\/asaja-palencia-informa\/asaja-palencia-celebra-su-asamblea-ordinaria-anual-con-la-vista-puesta-en-una-cosecha-normal#primaryimage"},"thumbnailUrl":"https:\/\/www.asajacyl.com\/palencia\/wp-content\/uploads\/sites\/3\/2024\/06\/Mesa-y-publico-ASAJA-Palencia-7junio2024.jpg","datePublished":"2024-06-10T07:34:03+00:00","dateModified":"2024-06-10T07:34:32+00:00","author":{"@id":"https:\/\/www.asajacyl.com\/palencia\/#\/schema\/person\/3ab17aeb03527485c317557fae64aab1"},"description":"ASAJA-Palencia celebr\u00f3 el viernes 7 de junio su asamblea ordinaria anual, en la que aprob\u00f3 las cuentas del pasado ejercicio y el presupuesto de 2024, con","breadcrumb":{"@id":"https:\/\/www.asajacyl.com\/palencia\/asaja-palencia-informa\/asaja-palencia-celebra-su-asamblea-ordinaria-anual-con-la-vista-puesta-en-una-cosecha-normal#breadcrumb"},"inLanguage":"es","potentialAction":[{"@type":"ReadAction","target":["https:\/\/www.asajacyl.com\/palencia\/asaja-palencia-informa\/asaja-palencia-celebra-su-asamblea-ordinaria-anual-con-la-vista-puesta-en-una-cosecha-normal"]}]},{"@type":"ImageObject","inLanguage":"es","@id":"https:\/\/www.asajacyl.com\/palencia\/asaja-palencia-informa\/asaja-palencia-celebra-su-asamblea-ordinaria-anual-con-la-vista-puesta-en-una-cosecha-normal#primaryimage","url":"https:\/\/www.asajacyl.com\/palencia\/wp-content\/uploads\/sites\/3\/2024\/06\/Mesa-y-publico-ASAJA-Palencia-7junio2024.jpg","contentUrl":"https:\/\/www.asajacyl.com\/palencia\/wp-content\/uploads\/sites\/3\/2024\/06\/Mesa-y-publico-ASAJA-Palencia-7junio2024.jpg","width":2500,"height":1450},{"@type":"BreadcrumbList","@id":"https:\/\/www.asajacyl.com\/palencia\/asaja-palencia-informa\/asaja-palencia-celebra-su-asamblea-ordinaria-anual-con-la-vista-puesta-en-una-cosecha-normal#breadcrumb","itemListElement":[{"@type":"ListItem","position":1,"name":"Portada","item":"https:\/\/www.asajacyl.com\/palencia\/"},{"@type":"ListItem","position":2,"name":"ASAJA-Palencia celebra su asamblea ordinaria anual con la vista puesta en una cosecha normal"}]},{"@type":"WebSite","@id":"https:\/\/www.asajacyl.com\/palencia\/#website","url":"https:\/\/www.asajacyl.com\/palencia\/","name":"ASAJA Palencia","description":"Otro sitio m\u00e1s de Provincias ASAJA Castilla y Le\u00f3n","potentialAction":[{"@type":"SearchAction","target":{"@type":"EntryPoint","urlTemplate":"https:\/\/www.asajacyl.com\/palencia\/?s={search_term_string}"},"query-input":{"@type":"PropertyValueSpecification","valueRequired":true,"valueName":"search_term_string"}}],"inLanguage":"es"},{"@type":"Person","@id":"https:\/\/www.asajacyl.com\/palencia\/#\/schema\/person\/3ab17aeb03527485c317557fae64aab1","name":"Administrador","image":{"@type":"ImageObject","inLanguage":"es","@id":"https:\/\/www.asajacyl.com\/palencia\/#\/schema\/person\/image\/","url":"https:\/\/secure.gravatar.com\/avatar\/517384810d242ca9e38c180f3c9fb973?s=96&d=mm&r=g","contentUrl":"https:\/\/secure.gravatar.com\/avatar\/517384810d242ca9e38c180f3c9fb973?s=96&d=mm&r=g","caption":"Administrador"},"url":"https:\/\/www.asajacyl.com\/palencia\/author\/carlosrm"}]}},"_links":{"self":[{"href":"https:\/\/www.asajacyl.com\/palencia\/wp-json\/wp\/v2\/posts\/16453"}],"collection":[{"href":"https:\/\/www.asajacyl.com\/palencia\/wp-json\/wp\/v2\/posts"}],"about":[{"href":"https:\/\/www.asajacyl.com\/palencia\/wp-json\/wp\/v2\/types\/post"}],"author":[{"embeddable":true,"href":"https:\/\/www.asajacyl.com\/palencia\/wp-json\/wp\/v2\/users\/9"}],"replies":[{"embeddable":true,"href":"https:\/\/www.asajacyl.com\/palencia\/wp-json\/wp\/v2\/comments?post=16453"}],"version-history":[{"count":3,"href":"https:\/\/www.asajacyl.com\/palencia\/wp-json\/wp\/v2\/posts\/16453\/revisions"}],"predecessor-version":[{"id":16464,"href":"https:\/\/www.asajacyl.com\/palencia\/wp-json\/wp\/v2\/posts\/16453\/revisions\/16464"}],"wp:featuredmedia":[{"embeddable":true,"href":"https:\/\/www.asajacyl.com\/palencia\/wp-json\/wp\/v2\/media\/16455"}],"wp:attachment":[{"href":"https:\/\/www.asajacyl.com\/palencia\/wp-json\/wp\/v2\/media?parent=16453"}],"wp:term":[{"taxonomy":"category","embeddable":true,"href":"https:\/\/www.asajacyl.com\/palencia\/wp-json\/wp\/v2\/categories?post=16453"},{"taxonomy":"post_tag","embeddable":true,"href":"https:\/\/www.asajacyl.com\/palencia\/wp-json\/wp\/v2\/tags?post=16453"}],"curies":[{"name":"wp","href":"https:\/\/api.w.org\/{rel}","templated":true}]}}