{"id":16459,"date":"2024-06-10T10:00:00","date_gmt":"2024-06-10T08:00:00","guid":{"rendered":"https:\/\/www.asajacyl.com\/palencia\/?p=16459"},"modified":"2024-06-10T10:08:53","modified_gmt":"2024-06-10T08:08:53","slug":"el-pasado-mayo-algo-mas-fresco-que-lo-propio-del-mes-pero-con-un-nivel-de-precipitaciones-normal","status":"publish","type":"post","link":"https:\/\/www.asajacyl.com\/palencia\/asaja-palencia-informa\/el-pasado-mayo-algo-mas-fresco-que-lo-propio-del-mes-pero-con-un-nivel-de-precipitaciones-normal","title":{"rendered":"El pasado mayo, algo m\u00e1s fresco que lo propio del mes, pero con un nivel de precipitaciones normal"},"content":{"rendered":"\n<h2 class=\"wp-block-heading\">Como muestra el mapa inferior de la AEMET, mayo fue un&nbsp;mes m\u00e1s fr\u00edo&nbsp;de lo normal en casi toda la provincia (incluso bastante m\u00e1s fr\u00edo en zonas localizadas). Fue la t\u00f3nica en toda Castilla y Le\u00f3n, con medias en torno a siete d\u00e9cimas por debajo del promedio de mayo. Asimismo, como es habitual en Palencia, a\u00fan se registraron heladas. En precipitaciones, fue un mayo&nbsp;normal&nbsp;en la provincia de Palencia, salvo en el tercio norte, donde fue ligeramente m\u00e1s h\u00famedo que la media de los precedentes del mes.&nbsp;<\/h2>\n\n\n<div class=\"wp-block-image\">\n<figure class=\"alignleft size-large is-resized\"><img loading=\"lazy\" decoding=\"async\" width=\"1024\" height=\"926\" src=\"https:\/\/www.asajacyl.com\/palencia\/wp-content\/uploads\/sites\/3\/2024\/06\/Mapa-temperatura-mayo2024-1024x926.jpg\" alt=\"\" class=\"wp-image-16460\" style=\"width:646px;height:auto\" srcset=\"https:\/\/www.asajacyl.com\/palencia\/wp-content\/uploads\/sites\/3\/2024\/06\/Mapa-temperatura-mayo2024-1024x926.jpg 1024w, https:\/\/www.asajacyl.com\/palencia\/wp-content\/uploads\/sites\/3\/2024\/06\/Mapa-temperatura-mayo2024-300x271.jpg 300w, https:\/\/www.asajacyl.com\/palencia\/wp-content\/uploads\/sites\/3\/2024\/06\/Mapa-temperatura-mayo2024-768x695.jpg 768w, https:\/\/www.asajacyl.com\/palencia\/wp-content\/uploads\/sites\/3\/2024\/06\/Mapa-temperatura-mayo2024-1536x1390.jpg 1536w, https:\/\/www.asajacyl.com\/palencia\/wp-content\/uploads\/sites\/3\/2024\/06\/Mapa-temperatura-mayo2024-464x420.jpg 464w, https:\/\/www.asajacyl.com\/palencia\/wp-content\/uploads\/sites\/3\/2024\/06\/Mapa-temperatura-mayo2024-696x630.jpg 696w, https:\/\/www.asajacyl.com\/palencia\/wp-content\/uploads\/sites\/3\/2024\/06\/Mapa-temperatura-mayo2024-1068x966.jpg 1068w, https:\/\/www.asajacyl.com\/palencia\/wp-content\/uploads\/sites\/3\/2024\/06\/Mapa-temperatura-mayo2024.jpg 1764w\" sizes=\"(max-width: 1024px) 100vw, 1024px\" \/><\/figure><\/div>\n\n\n<p>Las estaciones agrometeorol\u00f3gicas del ITACYL (Instituto Tecnol\u00f3gico Agrario de Castilla y Le\u00f3n) en la provincia de Palencia que estuvieron operativas todo el mes de mayo fueron siete: Fuentes de Nava, Herrera de Pisuerga, Lantadilla, Lomilla de Aguilar, Villaluenga de la Vega, Villamuriel de Cerrato y Villoldo. La de Fuentes de Nava midi\u00f3 la temperatura\u00a0m\u00e1xima mensual, que subi\u00f3 a los\u00a029,7 \u00baC, as\u00ed como la\u00a0m\u00ednima mensual, que baj\u00f3 a los\u00a0\u20131,2 \u00baC, un registro que tambi\u00e9n se marc\u00f3 como la m\u00e1s baja en las estaciones de Villoldo y Lomilla de Aguilar. Por lo tanto, la localidad vivi\u00f3 la mayor oscilaci\u00f3n t\u00e9rmica mensual (30,9 \u00ba C) entre las siete estaciones del ITACyL operativas todo el mes de mayo.\u00a0<\/p>\n\n\n\n<p>La temperatura media m\u00e1s alta (12,9 \u00baC) se registr\u00f3, como en marzo y abril, en Villamuriel de Cerrato; y la m\u00e1s baja (10,1 \u00baC), en Lomilla de Aguilar. La media entre las siete estaciones fue de 11,7 \u00baC.<\/p>\n\n\n\n<p>En el mapa adjunto de la delegaci\u00f3n en Castilla y Le\u00f3n de la Agencia Estatal de Meteorolog\u00eda (AEMET) se aprecia c\u00f3mo en la mayor parte de la comunidad (salvo las provincias de \u00c1vila y Soria, donde fueron relativamente normales, lo que aparece en color blanco), las temperaturas fueron algo m\u00e1s frescas que la media del mes de mayo; incluso en algunos puntos de la comunidad bastante m\u00e1s fr\u00edas (\u00e1reas en azul m\u00e1s oscuro).<\/p>\n\n\n\n<p>Las&nbsp;precipitaciones&nbsp;totales del mes arrojaron un promedio de&nbsp;44,8 litros por metro cuadrado&nbsp;contando los datos de las siete estaciones, cifra casi id\u00e9ntica a la de abril (44,4 l\/m<sup>2<\/sup>). Sin embargo, cabe destacar la diferencia entre los 64,4 litros\/m<sup>2<\/sup>&nbsp;que acumul\u00f3 en mayo la estaci\u00f3n de Lomilla y los 28,5 litros\/m<sup>2<\/sup>&nbsp;de Lantadilla.<strong>\/<\/strong><\/p>\n","protected":false},"excerpt":{"rendered":"<p>Como muestra el mapa inferior de la AEMET, mayo fue un&nbsp;mes m\u00e1s fr\u00edo&nbsp;de lo normal en casi toda la provincia (incluso bastante m\u00e1s fr\u00edo en zonas localizadas). Fue la t\u00f3nica en toda Castilla y Le\u00f3n, con medias en torno a siete d\u00e9cimas por debajo del promedio de mayo. Asimismo, como es habitual en Palencia, a\u00fan [&hellip;]<\/p>\n","protected":false},"author":9,"featured_media":16460,"comment_status":"open","ping_status":"open","sticky":false,"template":"","format":"standard","meta":{"footnotes":""},"categories":[9,29,28],"tags":[112,58,77,63,92,299,93,303],"yoast_head":"<!-- This site is optimized with the Yoast SEO plugin v24.5 - https:\/\/yoast.com\/wordpress\/plugins\/seo\/ -->\n<title>El pasado mayo, algo m\u00e1s fresco que lo propio del mes, pero con un nivel de precipitaciones normal - ASAJA Palencia<\/title>\n<meta name=\"description\" content=\"Como muestra el mapa inferior de la AEMET, mayo fue un&nbsp;mes m\u00e1s fr\u00edo&nbsp;de lo normal en casi toda la provincia (incluso bastante m\u00e1s fr\u00edo en zonas\" \/>\n<meta name=\"robots\" content=\"index, follow, max-snippet:-1, max-image-preview:large, max-video-preview:-1\" \/>\n<link rel=\"canonical\" href=\"https:\/\/www.asajacyl.com\/palencia\/asaja-palencia-informa\/el-pasado-mayo-algo-mas-fresco-que-lo-propio-del-mes-pero-con-un-nivel-de-precipitaciones-normal\" \/>\n<meta property=\"og:locale\" content=\"es_ES\" \/>\n<meta property=\"og:type\" content=\"article\" \/>\n<meta property=\"og:title\" content=\"El pasado mayo, algo m\u00e1s fresco que lo propio del mes, pero con un nivel de precipitaciones normal - ASAJA Palencia\" \/>\n<meta property=\"og:description\" content=\"Como muestra el mapa inferior de la AEMET, mayo fue un&nbsp;mes m\u00e1s fr\u00edo&nbsp;de lo normal en casi toda la provincia (incluso bastante m\u00e1s fr\u00edo en zonas\" \/>\n<meta property=\"og:url\" content=\"https:\/\/www.asajacyl.com\/palencia\/asaja-palencia-informa\/el-pasado-mayo-algo-mas-fresco-que-lo-propio-del-mes-pero-con-un-nivel-de-precipitaciones-normal\" \/>\n<meta property=\"og:site_name\" content=\"ASAJA Palencia\" \/>\n<meta property=\"article:published_time\" content=\"2024-06-10T08:00:00+00:00\" \/>\n<meta property=\"article:modified_time\" content=\"2024-06-10T08:08:53+00:00\" \/>\n<meta property=\"og:image\" content=\"https:\/\/www.asajacyl.com\/palencia\/wp-content\/uploads\/sites\/3\/2024\/06\/Mapa-temperatura-mayo2024.jpg\" \/>\n\t<meta property=\"og:image:width\" content=\"1764\" \/>\n\t<meta property=\"og:image:height\" content=\"1596\" \/>\n\t<meta property=\"og:image:type\" content=\"image\/jpeg\" \/>\n<meta name=\"author\" content=\"Administrador\" \/>\n<meta name=\"twitter:card\" content=\"summary_large_image\" \/>\n<meta name=\"twitter:label1\" content=\"Escrito por\" \/>\n\t<meta name=\"twitter:data1\" content=\"Administrador\" \/>\n\t<meta name=\"twitter:label2\" content=\"Tiempo de lectura\" \/>\n\t<meta name=\"twitter:data2\" content=\"3 minutos\" \/>\n<script type=\"application\/ld+json\" class=\"yoast-schema-graph\">{\"@context\":\"https:\/\/schema.org\",\"@graph\":[{\"@type\":\"WebPage\",\"@id\":\"https:\/\/www.asajacyl.com\/palencia\/asaja-palencia-informa\/el-pasado-mayo-algo-mas-fresco-que-lo-propio-del-mes-pero-con-un-nivel-de-precipitaciones-normal\",\"url\":\"https:\/\/www.asajacyl.com\/palencia\/asaja-palencia-informa\/el-pasado-mayo-algo-mas-fresco-que-lo-propio-del-mes-pero-con-un-nivel-de-precipitaciones-normal\",\"name\":\"El pasado mayo, algo m\u00e1s fresco que lo propio del mes, pero con un nivel de precipitaciones normal - ASAJA Palencia\",\"isPartOf\":{\"@id\":\"https:\/\/www.asajacyl.com\/palencia\/#website\"},\"primaryImageOfPage\":{\"@id\":\"https:\/\/www.asajacyl.com\/palencia\/asaja-palencia-informa\/el-pasado-mayo-algo-mas-fresco-que-lo-propio-del-mes-pero-con-un-nivel-de-precipitaciones-normal#primaryimage\"},\"image\":{\"@id\":\"https:\/\/www.asajacyl.com\/palencia\/asaja-palencia-informa\/el-pasado-mayo-algo-mas-fresco-que-lo-propio-del-mes-pero-con-un-nivel-de-precipitaciones-normal#primaryimage\"},\"thumbnailUrl\":\"https:\/\/www.asajacyl.com\/palencia\/wp-content\/uploads\/sites\/3\/2024\/06\/Mapa-temperatura-mayo2024.jpg\",\"datePublished\":\"2024-06-10T08:00:00+00:00\",\"dateModified\":\"2024-06-10T08:08:53+00:00\",\"author\":{\"@id\":\"https:\/\/www.asajacyl.com\/palencia\/#\/schema\/person\/3ab17aeb03527485c317557fae64aab1\"},\"description\":\"Como muestra el mapa inferior de la AEMET, mayo fue un&nbsp;mes m\u00e1s fr\u00edo&nbsp;de lo normal en casi toda la provincia (incluso bastante m\u00e1s fr\u00edo en zonas\",\"breadcrumb\":{\"@id\":\"https:\/\/www.asajacyl.com\/palencia\/asaja-palencia-informa\/el-pasado-mayo-algo-mas-fresco-que-lo-propio-del-mes-pero-con-un-nivel-de-precipitaciones-normal#breadcrumb\"},\"inLanguage\":\"es\",\"potentialAction\":[{\"@type\":\"ReadAction\",\"target\":[\"https:\/\/www.asajacyl.com\/palencia\/asaja-palencia-informa\/el-pasado-mayo-algo-mas-fresco-que-lo-propio-del-mes-pero-con-un-nivel-de-precipitaciones-normal\"]}]},{\"@type\":\"ImageObject\",\"inLanguage\":\"es\",\"@id\":\"https:\/\/www.asajacyl.com\/palencia\/asaja-palencia-informa\/el-pasado-mayo-algo-mas-fresco-que-lo-propio-del-mes-pero-con-un-nivel-de-precipitaciones-normal#primaryimage\",\"url\":\"https:\/\/www.asajacyl.com\/palencia\/wp-content\/uploads\/sites\/3\/2024\/06\/Mapa-temperatura-mayo2024.jpg\",\"contentUrl\":\"https:\/\/www.asajacyl.com\/palencia\/wp-content\/uploads\/sites\/3\/2024\/06\/Mapa-temperatura-mayo2024.jpg\",\"width\":1764,\"height\":1596},{\"@type\":\"BreadcrumbList\",\"@id\":\"https:\/\/www.asajacyl.com\/palencia\/asaja-palencia-informa\/el-pasado-mayo-algo-mas-fresco-que-lo-propio-del-mes-pero-con-un-nivel-de-precipitaciones-normal#breadcrumb\",\"itemListElement\":[{\"@type\":\"ListItem\",\"position\":1,\"name\":\"Portada\",\"item\":\"https:\/\/www.asajacyl.com\/palencia\/\"},{\"@type\":\"ListItem\",\"position\":2,\"name\":\"El pasado mayo, algo m\u00e1s fresco que lo propio del mes, pero con un nivel de precipitaciones normal\"}]},{\"@type\":\"WebSite\",\"@id\":\"https:\/\/www.asajacyl.com\/palencia\/#website\",\"url\":\"https:\/\/www.asajacyl.com\/palencia\/\",\"name\":\"ASAJA Palencia\",\"description\":\"Otro sitio m\u00e1s de Provincias ASAJA Castilla y Le\u00f3n\",\"potentialAction\":[{\"@type\":\"SearchAction\",\"target\":{\"@type\":\"EntryPoint\",\"urlTemplate\":\"https:\/\/www.asajacyl.com\/palencia\/?s={search_term_string}\"},\"query-input\":{\"@type\":\"PropertyValueSpecification\",\"valueRequired\":true,\"valueName\":\"search_term_string\"}}],\"inLanguage\":\"es\"},{\"@type\":\"Person\",\"@id\":\"https:\/\/www.asajacyl.com\/palencia\/#\/schema\/person\/3ab17aeb03527485c317557fae64aab1\",\"name\":\"Administrador\",\"image\":{\"@type\":\"ImageObject\",\"inLanguage\":\"es\",\"@id\":\"https:\/\/www.asajacyl.com\/palencia\/#\/schema\/person\/image\/\",\"url\":\"https:\/\/secure.gravatar.com\/avatar\/517384810d242ca9e38c180f3c9fb973?s=96&d=mm&r=g\",\"contentUrl\":\"https:\/\/secure.gravatar.com\/avatar\/517384810d242ca9e38c180f3c9fb973?s=96&d=mm&r=g\",\"caption\":\"Administrador\"},\"url\":\"https:\/\/www.asajacyl.com\/palencia\/author\/carlosrm\"}]}<\/script>\n<!-- \/ Yoast SEO plugin. -->","yoast_head_json":{"title":"El pasado mayo, algo m\u00e1s fresco que lo propio del mes, pero con un nivel de precipitaciones normal - ASAJA Palencia","description":"Como muestra el mapa inferior de la AEMET, mayo fue un&nbsp;mes m\u00e1s fr\u00edo&nbsp;de lo normal en casi toda la provincia (incluso bastante m\u00e1s fr\u00edo en zonas","robots":{"index":"index","follow":"follow","max-snippet":"max-snippet:-1","max-image-preview":"max-image-preview:large","max-video-preview":"max-video-preview:-1"},"canonical":"https:\/\/www.asajacyl.com\/palencia\/asaja-palencia-informa\/el-pasado-mayo-algo-mas-fresco-que-lo-propio-del-mes-pero-con-un-nivel-de-precipitaciones-normal","og_locale":"es_ES","og_type":"article","og_title":"El pasado mayo, algo m\u00e1s fresco que lo propio del mes, pero con un nivel de precipitaciones normal - ASAJA Palencia","og_description":"Como muestra el mapa inferior de la AEMET, mayo fue un&nbsp;mes m\u00e1s fr\u00edo&nbsp;de lo normal en casi toda la provincia (incluso bastante m\u00e1s fr\u00edo en zonas","og_url":"https:\/\/www.asajacyl.com\/palencia\/asaja-palencia-informa\/el-pasado-mayo-algo-mas-fresco-que-lo-propio-del-mes-pero-con-un-nivel-de-precipitaciones-normal","og_site_name":"ASAJA Palencia","article_published_time":"2024-06-10T08:00:00+00:00","article_modified_time":"2024-06-10T08:08:53+00:00","og_image":[{"width":1764,"height":1596,"url":"https:\/\/www.asajacyl.com\/palencia\/wp-content\/uploads\/sites\/3\/2024\/06\/Mapa-temperatura-mayo2024.jpg","type":"image\/jpeg"}],"author":"Administrador","twitter_card":"summary_large_image","twitter_misc":{"Escrito por":"Administrador","Tiempo de lectura":"3 minutos"},"schema":{"@context":"https:\/\/schema.org","@graph":[{"@type":"WebPage","@id":"https:\/\/www.asajacyl.com\/palencia\/asaja-palencia-informa\/el-pasado-mayo-algo-mas-fresco-que-lo-propio-del-mes-pero-con-un-nivel-de-precipitaciones-normal","url":"https:\/\/www.asajacyl.com\/palencia\/asaja-palencia-informa\/el-pasado-mayo-algo-mas-fresco-que-lo-propio-del-mes-pero-con-un-nivel-de-precipitaciones-normal","name":"El pasado mayo, algo m\u00e1s fresco que lo propio del mes, pero con un nivel de precipitaciones normal - ASAJA Palencia","isPartOf":{"@id":"https:\/\/www.asajacyl.com\/palencia\/#website"},"primaryImageOfPage":{"@id":"https:\/\/www.asajacyl.com\/palencia\/asaja-palencia-informa\/el-pasado-mayo-algo-mas-fresco-que-lo-propio-del-mes-pero-con-un-nivel-de-precipitaciones-normal#primaryimage"},"image":{"@id":"https:\/\/www.asajacyl.com\/palencia\/asaja-palencia-informa\/el-pasado-mayo-algo-mas-fresco-que-lo-propio-del-mes-pero-con-un-nivel-de-precipitaciones-normal#primaryimage"},"thumbnailUrl":"https:\/\/www.asajacyl.com\/palencia\/wp-content\/uploads\/sites\/3\/2024\/06\/Mapa-temperatura-mayo2024.jpg","datePublished":"2024-06-10T08:00:00+00:00","dateModified":"2024-06-10T08:08:53+00:00","author":{"@id":"https:\/\/www.asajacyl.com\/palencia\/#\/schema\/person\/3ab17aeb03527485c317557fae64aab1"},"description":"Como muestra el mapa inferior de la AEMET, mayo fue un&nbsp;mes m\u00e1s fr\u00edo&nbsp;de lo normal en casi toda la provincia (incluso bastante m\u00e1s fr\u00edo en zonas","breadcrumb":{"@id":"https:\/\/www.asajacyl.com\/palencia\/asaja-palencia-informa\/el-pasado-mayo-algo-mas-fresco-que-lo-propio-del-mes-pero-con-un-nivel-de-precipitaciones-normal#breadcrumb"},"inLanguage":"es","potentialAction":[{"@type":"ReadAction","target":["https:\/\/www.asajacyl.com\/palencia\/asaja-palencia-informa\/el-pasado-mayo-algo-mas-fresco-que-lo-propio-del-mes-pero-con-un-nivel-de-precipitaciones-normal"]}]},{"@type":"ImageObject","inLanguage":"es","@id":"https:\/\/www.asajacyl.com\/palencia\/asaja-palencia-informa\/el-pasado-mayo-algo-mas-fresco-que-lo-propio-del-mes-pero-con-un-nivel-de-precipitaciones-normal#primaryimage","url":"https:\/\/www.asajacyl.com\/palencia\/wp-content\/uploads\/sites\/3\/2024\/06\/Mapa-temperatura-mayo2024.jpg","contentUrl":"https:\/\/www.asajacyl.com\/palencia\/wp-content\/uploads\/sites\/3\/2024\/06\/Mapa-temperatura-mayo2024.jpg","width":1764,"height":1596},{"@type":"BreadcrumbList","@id":"https:\/\/www.asajacyl.com\/palencia\/asaja-palencia-informa\/el-pasado-mayo-algo-mas-fresco-que-lo-propio-del-mes-pero-con-un-nivel-de-precipitaciones-normal#breadcrumb","itemListElement":[{"@type":"ListItem","position":1,"name":"Portada","item":"https:\/\/www.asajacyl.com\/palencia\/"},{"@type":"ListItem","position":2,"name":"El pasado mayo, algo m\u00e1s fresco que lo propio del mes, pero con un nivel de precipitaciones normal"}]},{"@type":"WebSite","@id":"https:\/\/www.asajacyl.com\/palencia\/#website","url":"https:\/\/www.asajacyl.com\/palencia\/","name":"ASAJA Palencia","description":"Otro sitio m\u00e1s de Provincias ASAJA Castilla y Le\u00f3n","potentialAction":[{"@type":"SearchAction","target":{"@type":"EntryPoint","urlTemplate":"https:\/\/www.asajacyl.com\/palencia\/?s={search_term_string}"},"query-input":{"@type":"PropertyValueSpecification","valueRequired":true,"valueName":"search_term_string"}}],"inLanguage":"es"},{"@type":"Person","@id":"https:\/\/www.asajacyl.com\/palencia\/#\/schema\/person\/3ab17aeb03527485c317557fae64aab1","name":"Administrador","image":{"@type":"ImageObject","inLanguage":"es","@id":"https:\/\/www.asajacyl.com\/palencia\/#\/schema\/person\/image\/","url":"https:\/\/secure.gravatar.com\/avatar\/517384810d242ca9e38c180f3c9fb973?s=96&d=mm&r=g","contentUrl":"https:\/\/secure.gravatar.com\/avatar\/517384810d242ca9e38c180f3c9fb973?s=96&d=mm&r=g","caption":"Administrador"},"url":"https:\/\/www.asajacyl.com\/palencia\/author\/carlosrm"}]}},"_links":{"self":[{"href":"https:\/\/www.asajacyl.com\/palencia\/wp-json\/wp\/v2\/posts\/16459"}],"collection":[{"href":"https:\/\/www.asajacyl.com\/palencia\/wp-json\/wp\/v2\/posts"}],"about":[{"href":"https:\/\/www.asajacyl.com\/palencia\/wp-json\/wp\/v2\/types\/post"}],"author":[{"embeddable":true,"href":"https:\/\/www.asajacyl.com\/palencia\/wp-json\/wp\/v2\/users\/9"}],"replies":[{"embeddable":true,"href":"https:\/\/www.asajacyl.com\/palencia\/wp-json\/wp\/v2\/comments?post=16459"}],"version-history":[{"count":3,"href":"https:\/\/www.asajacyl.com\/palencia\/wp-json\/wp\/v2\/posts\/16459\/revisions"}],"predecessor-version":[{"id":16466,"href":"https:\/\/www.asajacyl.com\/palencia\/wp-json\/wp\/v2\/posts\/16459\/revisions\/16466"}],"wp:featuredmedia":[{"embeddable":true,"href":"https:\/\/www.asajacyl.com\/palencia\/wp-json\/wp\/v2\/media\/16460"}],"wp:attachment":[{"href":"https:\/\/www.asajacyl.com\/palencia\/wp-json\/wp\/v2\/media?parent=16459"}],"wp:term":[{"taxonomy":"category","embeddable":true,"href":"https:\/\/www.asajacyl.com\/palencia\/wp-json\/wp\/v2\/categories?post=16459"},{"taxonomy":"post_tag","embeddable":true,"href":"https:\/\/www.asajacyl.com\/palencia\/wp-json\/wp\/v2\/tags?post=16459"}],"curies":[{"name":"wp","href":"https:\/\/api.w.org\/{rel}","templated":true}]}}