{"id":16476,"date":"2024-06-11T08:48:36","date_gmt":"2024-06-11T06:48:36","guid":{"rendered":"https:\/\/www.asajacyl.com\/palencia\/?p=16476"},"modified":"2024-06-11T09:11:57","modified_gmt":"2024-06-11T07:11:57","slug":"medio-ambiente-el-mayor-peligro-es-el-abandono","status":"publish","type":"post","link":"https:\/\/www.asajacyl.com\/palencia\/asaja-palencia-informa\/medio-ambiente-el-mayor-peligro-es-el-abandono","title":{"rendered":"Medio Ambiente: el mayor peligro es el abandono"},"content":{"rendered":"\n<h2 class=\"wp-block-heading\">DONACIANO DUJO | Presidente de ASAJA-Castilla y Le\u00f3n<\/h2>\n\n\n<div class=\"wp-block-image\">\n<figure class=\"alignright is-resized\"><a href=\"https:\/\/www.asajacyl.com\/wp-content\/uploads\/2023\/03\/donaciano-cuadrada-e1711450946996.jpg\"><img decoding=\"async\" src=\"https:\/\/www.asajacyl.com\/wp-content\/uploads\/2023\/03\/donaciano-cuadrada-e1711450946996.jpg\" alt=\"\" class=\"wp-image-21730\" style=\"width:529px;height:auto\" \/><\/a><\/figure><\/div>\n\n\n<p>Cada 5 de junio, D\u00eda Mundial del Medio Ambiente, escucho discursos grandilocuentes sobre lo que es y lo que debe ser el medio ambiente. En realidad, su definici\u00f3n es m\u00e1s sencilla: \u00abEspacio donde se desarrolla la vida de los distintos organismos, favoreciendo su interacci\u00f3n\u00bb. Cuando eres agricultor, tienes muy claro que tu vida y tu profesi\u00f3n est\u00e1n ligadas al medio ambiente, a la naturaleza, como dec\u00edamos de ni\u00f1os. En mi pueblo, Ledigos, hace cincuenta a\u00f1os hab\u00eda treinta agricultores, con explotaciones mixtas de cereal y vacuno de leche, y otros seis ganaderos de ovino, que pastoreaban por las cerca de tres mil hect\u00e1reas que ocupa el t\u00e9rmino municipal. La uni\u00f3n al territorio era total, como tambi\u00e9n lo fue para sus antepasados. Durante siglos vivieron en una econom\u00eda de subsistencia. No hab\u00eda pensiones, ni ayudas sociales, ni PAC, los \u00fanicos ingresos que hab\u00eda proced\u00edan del campo y sus recursos, que se aprovechaban al mil\u00edmetro. La caba\u00f1a ganadera aprovechaba a diente hierbas y pastos, el pienso ni exist\u00eda y no digamos las bolas de forraje deshidratado. Los restos de poda y malezas acababan en la cocina econ\u00f3mica, y lo que no se pod\u00eda utilizar se limpiaba con peque\u00f1as quemas. Cada primavera hab\u00eda brotes nuevos, y el pinar, m\u00e1s de mil hect\u00e1reas, estaba abierto y limpio, hasta se pod\u00eda pasear por \u00e9l.<\/p>\n\n\n\n<p>Hoy, de los cuatrocientos vecinos de mi ni\u00f1ez quedan poco m\u00e1s de treinta. Cinco somos agricultores y la ganader\u00eda ha desaparecido en su totalidad. Aparte de las fincas agr\u00edcolas, el abandono ha hecho perder vigor al campo, y al monte da pena verlo, lleno de espinos y maleza. Y ese declive ha arrastrado tambi\u00e9n a la fauna que antes era habitual; liebres, conejos de monte, perdices y codornices, que eran muy abundantes en estas fechas, entre finales de primavera y principios de verano. A veces aparec\u00eda alg\u00fan lobo, que los cazadores manten\u00edan a raya.<\/p>\n\n\n\n<p>Ahora apenas asoman la cabeza algunos conejos; el resto desaparecieron. Eso a pesar de tantos se\u00f1ores y normas que, desde la ciudad, dicen que protegen el medio ambiente. Los del pueblo nos creemos de la misa la media, porque lo que vemos es que, en muchas ocasiones, los que vienen de la ciudad aparcan el coche y lo que hacen es apa\u00f1ar lo poco que queda en los pueblos: los cangrejos en primavera, los caracoles los d\u00edas de lluvia, las setas en oto\u00f1o, la caza cuando se abre la veda. Antes se cazaba para comer y ahora por deporte, y encima lo que queda son jabal\u00edes y corzos, que provocan tanto da\u00f1o en las explotaciones.<\/p>\n\n\n\n<p>Cuento todo esto para quien quiera escucharlo, aunque no tengo mucha confianza, porque <strong>cada d\u00eda escuchamos a alguien que echa la culpa a los agricultores y ganaderos de destruir el medio ambiente<\/strong>. Por supuesto que no todas las zonas son como Ledigos. Y tambi\u00e9n es cierto que el tiempo ya no es fr\u00edo en invierno, y que el agua escasea. Todo eso precisar\u00e1 de soluciones nuevas, fruto de la investigaci\u00f3n y la tecnolog\u00eda. Lo que no puede ser es que las administraciones, para proteger el medio ambiente, solo se dediquen a prohibir. Porque el abandono es un riesgo a\u00fan mayor para el futuro de nuestro territorio, extenso, rural y despoblado.<\/p>\n\n\n\n<blockquote class=\"wp-block-quote is-layout-flow wp-block-quote-is-layout-flow\">\n<p class=\"has-text-align-center\"><strong>\u00abdesde la ciudad hay muchos se\u00f1ores y muchas normas que dicen proteger el medio ambiente&#8230; pero los del pueblo nos creemos de la misa la media, porque vemos que, en ocasiones, los de la ciudad aparcan y apa\u00f1an lo poco que queda\u00bb<\/strong><\/p>\n<\/blockquote>\n","protected":false},"excerpt":{"rendered":"<p>DONACIANO DUJO | Presidente de ASAJA-Castilla y Le\u00f3n Cada 5 de junio, D\u00eda Mundial del Medio Ambiente, escucho discursos grandilocuentes sobre lo que es y lo que debe ser el medio ambiente. En realidad, su definici\u00f3n es m\u00e1s sencilla: \u00abEspacio donde se desarrolla la vida de los distintos organismos, favoreciendo su interacci\u00f3n\u00bb. Cuando eres agricultor, [&hellip;]<\/p>\n","protected":false},"author":9,"featured_media":14501,"comment_status":"open","ping_status":"open","sticky":false,"template":"","format":"standard","meta":{"footnotes":""},"categories":[9,29,30,28],"tags":[58,133,46,351,77,474,104,92,276,98,93],"yoast_head":"<!-- This site is optimized with the Yoast SEO plugin v24.5 - https:\/\/yoast.com\/wordpress\/plugins\/seo\/ -->\n<title>Medio Ambiente: el mayor peligro es el abandono - ASAJA Palencia<\/title>\n<meta name=\"description\" content=\"DONACIANO DUJO | Presidente de ASAJA-Castilla y Le\u00f3n Cada 5 de junio, D\u00eda Mundial del Medio Ambiente, escucho discursos grandilocuentes sobre lo que es y\" \/>\n<meta name=\"robots\" content=\"index, follow, max-snippet:-1, max-image-preview:large, max-video-preview:-1\" \/>\n<link rel=\"canonical\" href=\"https:\/\/www.asajacyl.com\/palencia\/asaja-palencia-informa\/medio-ambiente-el-mayor-peligro-es-el-abandono\" \/>\n<meta property=\"og:locale\" content=\"es_ES\" \/>\n<meta property=\"og:type\" content=\"article\" \/>\n<meta property=\"og:title\" content=\"Medio Ambiente: el mayor peligro es el abandono - ASAJA Palencia\" \/>\n<meta property=\"og:description\" content=\"DONACIANO DUJO | Presidente de ASAJA-Castilla y Le\u00f3n Cada 5 de junio, D\u00eda Mundial del Medio Ambiente, escucho discursos grandilocuentes sobre lo que es y\" \/>\n<meta property=\"og:url\" content=\"https:\/\/www.asajacyl.com\/palencia\/asaja-palencia-informa\/medio-ambiente-el-mayor-peligro-es-el-abandono\" \/>\n<meta property=\"og:site_name\" content=\"ASAJA Palencia\" \/>\n<meta property=\"article:published_time\" content=\"2024-06-11T06:48:36+00:00\" \/>\n<meta property=\"article:modified_time\" content=\"2024-06-11T07:11:57+00:00\" \/>\n<meta property=\"og:image\" content=\"https:\/\/www.asajacyl.com\/palencia\/wp-content\/uploads\/sites\/3\/2023\/10\/Donaciano-chaleco-sede-1024x896.jpg\" \/>\n\t<meta property=\"og:image:width\" content=\"1024\" \/>\n\t<meta property=\"og:image:height\" content=\"896\" \/>\n\t<meta property=\"og:image:type\" content=\"image\/jpeg\" \/>\n<meta name=\"author\" content=\"Administrador\" \/>\n<meta name=\"twitter:card\" content=\"summary_large_image\" \/>\n<meta name=\"twitter:label1\" content=\"Escrito por\" \/>\n\t<meta name=\"twitter:data1\" content=\"Administrador\" \/>\n\t<meta name=\"twitter:label2\" content=\"Tiempo de lectura\" \/>\n\t<meta name=\"twitter:data2\" content=\"3 minutos\" \/>\n<script type=\"application\/ld+json\" class=\"yoast-schema-graph\">{\"@context\":\"https:\/\/schema.org\",\"@graph\":[{\"@type\":\"WebPage\",\"@id\":\"https:\/\/www.asajacyl.com\/palencia\/asaja-palencia-informa\/medio-ambiente-el-mayor-peligro-es-el-abandono\",\"url\":\"https:\/\/www.asajacyl.com\/palencia\/asaja-palencia-informa\/medio-ambiente-el-mayor-peligro-es-el-abandono\",\"name\":\"Medio Ambiente: el mayor peligro es el abandono - ASAJA Palencia\",\"isPartOf\":{\"@id\":\"https:\/\/www.asajacyl.com\/palencia\/#website\"},\"primaryImageOfPage\":{\"@id\":\"https:\/\/www.asajacyl.com\/palencia\/asaja-palencia-informa\/medio-ambiente-el-mayor-peligro-es-el-abandono#primaryimage\"},\"image\":{\"@id\":\"https:\/\/www.asajacyl.com\/palencia\/asaja-palencia-informa\/medio-ambiente-el-mayor-peligro-es-el-abandono#primaryimage\"},\"thumbnailUrl\":\"https:\/\/www.asajacyl.com\/palencia\/wp-content\/uploads\/sites\/3\/2023\/10\/Donaciano-chaleco-sede.jpg\",\"datePublished\":\"2024-06-11T06:48:36+00:00\",\"dateModified\":\"2024-06-11T07:11:57+00:00\",\"author\":{\"@id\":\"https:\/\/www.asajacyl.com\/palencia\/#\/schema\/person\/3ab17aeb03527485c317557fae64aab1\"},\"description\":\"DONACIANO DUJO | Presidente de ASAJA-Castilla y Le\u00f3n Cada 5 de junio, D\u00eda Mundial del Medio Ambiente, escucho discursos grandilocuentes sobre lo que es y\",\"breadcrumb\":{\"@id\":\"https:\/\/www.asajacyl.com\/palencia\/asaja-palencia-informa\/medio-ambiente-el-mayor-peligro-es-el-abandono#breadcrumb\"},\"inLanguage\":\"es\",\"potentialAction\":[{\"@type\":\"ReadAction\",\"target\":[\"https:\/\/www.asajacyl.com\/palencia\/asaja-palencia-informa\/medio-ambiente-el-mayor-peligro-es-el-abandono\"]}]},{\"@type\":\"ImageObject\",\"inLanguage\":\"es\",\"@id\":\"https:\/\/www.asajacyl.com\/palencia\/asaja-palencia-informa\/medio-ambiente-el-mayor-peligro-es-el-abandono#primaryimage\",\"url\":\"https:\/\/www.asajacyl.com\/palencia\/wp-content\/uploads\/sites\/3\/2023\/10\/Donaciano-chaleco-sede.jpg\",\"contentUrl\":\"https:\/\/www.asajacyl.com\/palencia\/wp-content\/uploads\/sites\/3\/2023\/10\/Donaciano-chaleco-sede.jpg\",\"width\":1890,\"height\":1654},{\"@type\":\"BreadcrumbList\",\"@id\":\"https:\/\/www.asajacyl.com\/palencia\/asaja-palencia-informa\/medio-ambiente-el-mayor-peligro-es-el-abandono#breadcrumb\",\"itemListElement\":[{\"@type\":\"ListItem\",\"position\":1,\"name\":\"Portada\",\"item\":\"https:\/\/www.asajacyl.com\/palencia\/\"},{\"@type\":\"ListItem\",\"position\":2,\"name\":\"Medio Ambiente: el mayor peligro es el abandono\"}]},{\"@type\":\"WebSite\",\"@id\":\"https:\/\/www.asajacyl.com\/palencia\/#website\",\"url\":\"https:\/\/www.asajacyl.com\/palencia\/\",\"name\":\"ASAJA Palencia\",\"description\":\"Otro sitio m\u00e1s de Provincias ASAJA Castilla y Le\u00f3n\",\"potentialAction\":[{\"@type\":\"SearchAction\",\"target\":{\"@type\":\"EntryPoint\",\"urlTemplate\":\"https:\/\/www.asajacyl.com\/palencia\/?s={search_term_string}\"},\"query-input\":{\"@type\":\"PropertyValueSpecification\",\"valueRequired\":true,\"valueName\":\"search_term_string\"}}],\"inLanguage\":\"es\"},{\"@type\":\"Person\",\"@id\":\"https:\/\/www.asajacyl.com\/palencia\/#\/schema\/person\/3ab17aeb03527485c317557fae64aab1\",\"name\":\"Administrador\",\"image\":{\"@type\":\"ImageObject\",\"inLanguage\":\"es\",\"@id\":\"https:\/\/www.asajacyl.com\/palencia\/#\/schema\/person\/image\/\",\"url\":\"https:\/\/secure.gravatar.com\/avatar\/517384810d242ca9e38c180f3c9fb973?s=96&d=mm&r=g\",\"contentUrl\":\"https:\/\/secure.gravatar.com\/avatar\/517384810d242ca9e38c180f3c9fb973?s=96&d=mm&r=g\",\"caption\":\"Administrador\"},\"url\":\"https:\/\/www.asajacyl.com\/palencia\/author\/carlosrm\"}]}<\/script>\n<!-- \/ Yoast SEO plugin. -->","yoast_head_json":{"title":"Medio Ambiente: el mayor peligro es el abandono - ASAJA Palencia","description":"DONACIANO DUJO | Presidente de ASAJA-Castilla y Le\u00f3n Cada 5 de junio, D\u00eda Mundial del Medio Ambiente, escucho discursos grandilocuentes sobre lo que es y","robots":{"index":"index","follow":"follow","max-snippet":"max-snippet:-1","max-image-preview":"max-image-preview:large","max-video-preview":"max-video-preview:-1"},"canonical":"https:\/\/www.asajacyl.com\/palencia\/asaja-palencia-informa\/medio-ambiente-el-mayor-peligro-es-el-abandono","og_locale":"es_ES","og_type":"article","og_title":"Medio Ambiente: el mayor peligro es el abandono - ASAJA Palencia","og_description":"DONACIANO DUJO | Presidente de ASAJA-Castilla y Le\u00f3n Cada 5 de junio, D\u00eda Mundial del Medio Ambiente, escucho discursos grandilocuentes sobre lo que es y","og_url":"https:\/\/www.asajacyl.com\/palencia\/asaja-palencia-informa\/medio-ambiente-el-mayor-peligro-es-el-abandono","og_site_name":"ASAJA Palencia","article_published_time":"2024-06-11T06:48:36+00:00","article_modified_time":"2024-06-11T07:11:57+00:00","og_image":[{"width":1024,"height":896,"url":"https:\/\/www.asajacyl.com\/palencia\/wp-content\/uploads\/sites\/3\/2023\/10\/Donaciano-chaleco-sede-1024x896.jpg","type":"image\/jpeg"}],"author":"Administrador","twitter_card":"summary_large_image","twitter_misc":{"Escrito por":"Administrador","Tiempo de lectura":"3 minutos"},"schema":{"@context":"https:\/\/schema.org","@graph":[{"@type":"WebPage","@id":"https:\/\/www.asajacyl.com\/palencia\/asaja-palencia-informa\/medio-ambiente-el-mayor-peligro-es-el-abandono","url":"https:\/\/www.asajacyl.com\/palencia\/asaja-palencia-informa\/medio-ambiente-el-mayor-peligro-es-el-abandono","name":"Medio Ambiente: el mayor peligro es el abandono - ASAJA Palencia","isPartOf":{"@id":"https:\/\/www.asajacyl.com\/palencia\/#website"},"primaryImageOfPage":{"@id":"https:\/\/www.asajacyl.com\/palencia\/asaja-palencia-informa\/medio-ambiente-el-mayor-peligro-es-el-abandono#primaryimage"},"image":{"@id":"https:\/\/www.asajacyl.com\/palencia\/asaja-palencia-informa\/medio-ambiente-el-mayor-peligro-es-el-abandono#primaryimage"},"thumbnailUrl":"https:\/\/www.asajacyl.com\/palencia\/wp-content\/uploads\/sites\/3\/2023\/10\/Donaciano-chaleco-sede.jpg","datePublished":"2024-06-11T06:48:36+00:00","dateModified":"2024-06-11T07:11:57+00:00","author":{"@id":"https:\/\/www.asajacyl.com\/palencia\/#\/schema\/person\/3ab17aeb03527485c317557fae64aab1"},"description":"DONACIANO DUJO | Presidente de ASAJA-Castilla y Le\u00f3n Cada 5 de junio, D\u00eda Mundial del Medio Ambiente, escucho discursos grandilocuentes sobre lo que es y","breadcrumb":{"@id":"https:\/\/www.asajacyl.com\/palencia\/asaja-palencia-informa\/medio-ambiente-el-mayor-peligro-es-el-abandono#breadcrumb"},"inLanguage":"es","potentialAction":[{"@type":"ReadAction","target":["https:\/\/www.asajacyl.com\/palencia\/asaja-palencia-informa\/medio-ambiente-el-mayor-peligro-es-el-abandono"]}]},{"@type":"ImageObject","inLanguage":"es","@id":"https:\/\/www.asajacyl.com\/palencia\/asaja-palencia-informa\/medio-ambiente-el-mayor-peligro-es-el-abandono#primaryimage","url":"https:\/\/www.asajacyl.com\/palencia\/wp-content\/uploads\/sites\/3\/2023\/10\/Donaciano-chaleco-sede.jpg","contentUrl":"https:\/\/www.asajacyl.com\/palencia\/wp-content\/uploads\/sites\/3\/2023\/10\/Donaciano-chaleco-sede.jpg","width":1890,"height":1654},{"@type":"BreadcrumbList","@id":"https:\/\/www.asajacyl.com\/palencia\/asaja-palencia-informa\/medio-ambiente-el-mayor-peligro-es-el-abandono#breadcrumb","itemListElement":[{"@type":"ListItem","position":1,"name":"Portada","item":"https:\/\/www.asajacyl.com\/palencia\/"},{"@type":"ListItem","position":2,"name":"Medio Ambiente: el mayor peligro es el abandono"}]},{"@type":"WebSite","@id":"https:\/\/www.asajacyl.com\/palencia\/#website","url":"https:\/\/www.asajacyl.com\/palencia\/","name":"ASAJA Palencia","description":"Otro sitio m\u00e1s de Provincias ASAJA Castilla y Le\u00f3n","potentialAction":[{"@type":"SearchAction","target":{"@type":"EntryPoint","urlTemplate":"https:\/\/www.asajacyl.com\/palencia\/?s={search_term_string}"},"query-input":{"@type":"PropertyValueSpecification","valueRequired":true,"valueName":"search_term_string"}}],"inLanguage":"es"},{"@type":"Person","@id":"https:\/\/www.asajacyl.com\/palencia\/#\/schema\/person\/3ab17aeb03527485c317557fae64aab1","name":"Administrador","image":{"@type":"ImageObject","inLanguage":"es","@id":"https:\/\/www.asajacyl.com\/palencia\/#\/schema\/person\/image\/","url":"https:\/\/secure.gravatar.com\/avatar\/517384810d242ca9e38c180f3c9fb973?s=96&d=mm&r=g","contentUrl":"https:\/\/secure.gravatar.com\/avatar\/517384810d242ca9e38c180f3c9fb973?s=96&d=mm&r=g","caption":"Administrador"},"url":"https:\/\/www.asajacyl.com\/palencia\/author\/carlosrm"}]}},"_links":{"self":[{"href":"https:\/\/www.asajacyl.com\/palencia\/wp-json\/wp\/v2\/posts\/16476"}],"collection":[{"href":"https:\/\/www.asajacyl.com\/palencia\/wp-json\/wp\/v2\/posts"}],"about":[{"href":"https:\/\/www.asajacyl.com\/palencia\/wp-json\/wp\/v2\/types\/post"}],"author":[{"embeddable":true,"href":"https:\/\/www.asajacyl.com\/palencia\/wp-json\/wp\/v2\/users\/9"}],"replies":[{"embeddable":true,"href":"https:\/\/www.asajacyl.com\/palencia\/wp-json\/wp\/v2\/comments?post=16476"}],"version-history":[{"count":6,"href":"https:\/\/www.asajacyl.com\/palencia\/wp-json\/wp\/v2\/posts\/16476\/revisions"}],"predecessor-version":[{"id":16483,"href":"https:\/\/www.asajacyl.com\/palencia\/wp-json\/wp\/v2\/posts\/16476\/revisions\/16483"}],"wp:featuredmedia":[{"embeddable":true,"href":"https:\/\/www.asajacyl.com\/palencia\/wp-json\/wp\/v2\/media\/14501"}],"wp:attachment":[{"href":"https:\/\/www.asajacyl.com\/palencia\/wp-json\/wp\/v2\/media?parent=16476"}],"wp:term":[{"taxonomy":"category","embeddable":true,"href":"https:\/\/www.asajacyl.com\/palencia\/wp-json\/wp\/v2\/categories?post=16476"},{"taxonomy":"post_tag","embeddable":true,"href":"https:\/\/www.asajacyl.com\/palencia\/wp-json\/wp\/v2\/tags?post=16476"}],"curies":[{"name":"wp","href":"https:\/\/api.w.org\/{rel}","templated":true}]}}