{"id":16484,"date":"2024-06-12T09:30:00","date_gmt":"2024-06-12T07:30:00","guid":{"rendered":"https:\/\/www.asajacyl.com\/palencia\/?p=16484"},"modified":"2024-06-11T14:24:58","modified_gmt":"2024-06-11T12:24:58","slug":"asaja-valora-que-la-junta-flexibilice-la-recuperacion-de-fincas-abandonadas-para-uso-agricola-y-pastos","status":"publish","type":"post","link":"https:\/\/www.asajacyl.com\/palencia\/asaja-palencia-informa\/asaja-valora-que-la-junta-flexibilice-la-recuperacion-de-fincas-abandonadas-para-uso-agricola-y-pastos","title":{"rendered":"ASAJA valora que la Junta flexibilice la recuperaci\u00f3n de fincas abandonadas para uso agr\u00edcola y pastos"},"content":{"rendered":"\n<h2 class=\"wp-block-heading\">ASAJA-Castilla y Le\u00f3n valora positivamente el cambio que propicia el decreto publicado por la Consejer\u00eda de Medio Ambiente, Vivienda y Ordenaci\u00f3n del Territorio que regula las autorizaciones de cambio de uso forestal con car\u00e1cter excepcional. Esta flexibilizaci\u00f3n de la Junta responde a una petici\u00f3n hist\u00f3rica de nuestra organizaci\u00f3n: la recuperaci\u00f3n de fincas abandonadas en su d\u00eda, convertidas en matorral y monte bajo. Lejos de tener alguna utilidad, esos terrenos son combustible de incendios forestales. <\/h2>\n\n\n\n<p>Principalmente situados en \u00e1reas perif\u00e9ricas y de agricultura marginal ligada al minifundismo, esos eriales deben recuperarse para el uso agr\u00edcola y, en especial, para pastos.<\/p>\n\n\n\n<p>La propia consejer\u00eda destaca que, transcurridos m\u00e1s de treinta a\u00f1os desde el anterior decreto sobre roturaci\u00f3n de terrenos forestales para cultivo agr\u00edcola, la superficie arbolada en Castilla y Le\u00f3n ha aumentado notablemente, en buena parte debido al abandono de cultivos, por lo que procede adaptar la normativa a la nueva realidad forestal de nuestra comunidad.<\/p>\n\n\n\n<p>Este cambio de uso forestal ser\u00e1 excepcional y siempre contar\u00e1 con la conformidad previa de la persona propietaria de los terrenos y la autorizaci\u00f3n de la consejer\u00eda. <\/p>\n\n\n\n<p>Adem\u00e1s, el decreto especifica los terrenos  donde en ning\u00fan caso se autorizar\u00e1 un cambio de uso forestal: espacios naturales protegidos, valor de \u00e1rboles, fauna o flora, distancia inferior a cinco metros de cauces, ayudas en los cinco a\u00f1os anteriores para forestaci\u00f3n, etc\u00e9tera.<\/p>\n\n\n\n<p><strong>PENDIENTE. <\/strong>Por otra parte, marca las condiciones de excepcionalidad que han de cumplirse para poder autorizar dicho cambio en el resto de los terrenos que, con car\u00e1cter general, no podr\u00e1n superar el 15 % de pendiente, adem\u00e1s de cumplir una serie de requisitos, m\u00e1s sencillos en aquellos casos que previamente ya se destinaron al cultivo agr\u00edcola.<\/p>\n\n\n\n<p>Por \u00faltimo, en el decreto se establece tambi\u00e9n el procedimiento para los cambios de uso forestal que se deriven de los procesos de concentraci\u00f3n parcelaria, as\u00ed como un procedimiento simplificado sobre terrenos que sustenten plantaciones forestales temporales (chopos, eucaliptos, etc\u00e9tera) para las que se solicite una reversi\u00f3n a usos anteriores no forestales, o que hubieran sido destinados al cultivo agr\u00edcola dentro de los treinta a\u00f1os anteriores.<strong>\/<\/strong><\/p>\n","protected":false},"excerpt":{"rendered":"<p>ASAJA-Castilla y Le\u00f3n valora positivamente el cambio que propicia el decreto publicado por la Consejer\u00eda de Medio Ambiente, Vivienda y Ordenaci\u00f3n del Territorio que regula las autorizaciones de cambio de uso forestal con car\u00e1cter excepcional. Esta flexibilizaci\u00f3n de la Junta responde a una petici\u00f3n hist\u00f3rica de nuestra organizaci\u00f3n: la recuperaci\u00f3n de fincas abandonadas en su [&hellip;]<\/p>\n","protected":false},"author":9,"featured_media":16486,"comment_status":"open","ping_status":"open","sticky":false,"template":"","format":"standard","meta":{"footnotes":""},"categories":[9,29,28],"tags":[58,917,351,77,66,923,98],"yoast_head":"<!-- This site is optimized with the Yoast SEO plugin v24.5 - https:\/\/yoast.com\/wordpress\/plugins\/seo\/ -->\n<title>ASAJA valora que la Junta flexibilice la recuperaci\u00f3n de fincas abandonadas para uso agr\u00edcola y pastos - ASAJA Palencia<\/title>\n<meta name=\"description\" content=\"ASAJA-Castilla y Le\u00f3n valora positivamente el cambio que propicia el decreto publicado por la Consejer\u00eda de Medio Ambiente, Vivienda y Ordenaci\u00f3n del\" \/>\n<meta name=\"robots\" content=\"index, follow, max-snippet:-1, max-image-preview:large, max-video-preview:-1\" \/>\n<link rel=\"canonical\" href=\"https:\/\/www.asajacyl.com\/palencia\/asaja-palencia-informa\/asaja-valora-que-la-junta-flexibilice-la-recuperacion-de-fincas-abandonadas-para-uso-agricola-y-pastos\" \/>\n<meta property=\"og:locale\" content=\"es_ES\" \/>\n<meta property=\"og:type\" content=\"article\" \/>\n<meta property=\"og:title\" content=\"ASAJA valora que la Junta flexibilice la recuperaci\u00f3n de fincas abandonadas para uso agr\u00edcola y pastos - ASAJA Palencia\" \/>\n<meta property=\"og:description\" content=\"ASAJA-Castilla y Le\u00f3n valora positivamente el cambio que propicia el decreto publicado por la Consejer\u00eda de Medio Ambiente, Vivienda y Ordenaci\u00f3n del\" \/>\n<meta property=\"og:url\" content=\"https:\/\/www.asajacyl.com\/palencia\/asaja-palencia-informa\/asaja-valora-que-la-junta-flexibilice-la-recuperacion-de-fincas-abandonadas-para-uso-agricola-y-pastos\" \/>\n<meta property=\"og:site_name\" content=\"ASAJA Palencia\" \/>\n<meta property=\"article:published_time\" content=\"2024-06-12T07:30:00+00:00\" \/>\n<meta property=\"og:image\" content=\"https:\/\/www.asajacyl.com\/palencia\/wp-content\/uploads\/sites\/3\/2024\/06\/Campo-abandonado.jpg\" \/>\n\t<meta property=\"og:image:width\" content=\"800\" \/>\n\t<meta property=\"og:image:height\" content=\"431\" \/>\n\t<meta property=\"og:image:type\" content=\"image\/jpeg\" \/>\n<meta name=\"author\" content=\"Administrador\" \/>\n<meta name=\"twitter:card\" content=\"summary_large_image\" \/>\n<meta name=\"twitter:label1\" content=\"Escrito por\" \/>\n\t<meta name=\"twitter:data1\" content=\"Administrador\" \/>\n\t<meta name=\"twitter:label2\" content=\"Tiempo de lectura\" \/>\n\t<meta name=\"twitter:data2\" content=\"2 minutos\" \/>\n<script type=\"application\/ld+json\" class=\"yoast-schema-graph\">{\"@context\":\"https:\/\/schema.org\",\"@graph\":[{\"@type\":\"WebPage\",\"@id\":\"https:\/\/www.asajacyl.com\/palencia\/asaja-palencia-informa\/asaja-valora-que-la-junta-flexibilice-la-recuperacion-de-fincas-abandonadas-para-uso-agricola-y-pastos\",\"url\":\"https:\/\/www.asajacyl.com\/palencia\/asaja-palencia-informa\/asaja-valora-que-la-junta-flexibilice-la-recuperacion-de-fincas-abandonadas-para-uso-agricola-y-pastos\",\"name\":\"ASAJA valora que la Junta flexibilice la recuperaci\u00f3n de fincas abandonadas para uso agr\u00edcola y pastos - ASAJA Palencia\",\"isPartOf\":{\"@id\":\"https:\/\/www.asajacyl.com\/palencia\/#website\"},\"primaryImageOfPage\":{\"@id\":\"https:\/\/www.asajacyl.com\/palencia\/asaja-palencia-informa\/asaja-valora-que-la-junta-flexibilice-la-recuperacion-de-fincas-abandonadas-para-uso-agricola-y-pastos#primaryimage\"},\"image\":{\"@id\":\"https:\/\/www.asajacyl.com\/palencia\/asaja-palencia-informa\/asaja-valora-que-la-junta-flexibilice-la-recuperacion-de-fincas-abandonadas-para-uso-agricola-y-pastos#primaryimage\"},\"thumbnailUrl\":\"https:\/\/www.asajacyl.com\/palencia\/wp-content\/uploads\/sites\/3\/2024\/06\/Campo-abandonado.jpg\",\"datePublished\":\"2024-06-12T07:30:00+00:00\",\"author\":{\"@id\":\"https:\/\/www.asajacyl.com\/palencia\/#\/schema\/person\/3ab17aeb03527485c317557fae64aab1\"},\"description\":\"ASAJA-Castilla y Le\u00f3n valora positivamente el cambio que propicia el decreto publicado por la Consejer\u00eda de Medio Ambiente, Vivienda y Ordenaci\u00f3n del\",\"breadcrumb\":{\"@id\":\"https:\/\/www.asajacyl.com\/palencia\/asaja-palencia-informa\/asaja-valora-que-la-junta-flexibilice-la-recuperacion-de-fincas-abandonadas-para-uso-agricola-y-pastos#breadcrumb\"},\"inLanguage\":\"es\",\"potentialAction\":[{\"@type\":\"ReadAction\",\"target\":[\"https:\/\/www.asajacyl.com\/palencia\/asaja-palencia-informa\/asaja-valora-que-la-junta-flexibilice-la-recuperacion-de-fincas-abandonadas-para-uso-agricola-y-pastos\"]}]},{\"@type\":\"ImageObject\",\"inLanguage\":\"es\",\"@id\":\"https:\/\/www.asajacyl.com\/palencia\/asaja-palencia-informa\/asaja-valora-que-la-junta-flexibilice-la-recuperacion-de-fincas-abandonadas-para-uso-agricola-y-pastos#primaryimage\",\"url\":\"https:\/\/www.asajacyl.com\/palencia\/wp-content\/uploads\/sites\/3\/2024\/06\/Campo-abandonado.jpg\",\"contentUrl\":\"https:\/\/www.asajacyl.com\/palencia\/wp-content\/uploads\/sites\/3\/2024\/06\/Campo-abandonado.jpg\",\"width\":800,\"height\":431},{\"@type\":\"BreadcrumbList\",\"@id\":\"https:\/\/www.asajacyl.com\/palencia\/asaja-palencia-informa\/asaja-valora-que-la-junta-flexibilice-la-recuperacion-de-fincas-abandonadas-para-uso-agricola-y-pastos#breadcrumb\",\"itemListElement\":[{\"@type\":\"ListItem\",\"position\":1,\"name\":\"Portada\",\"item\":\"https:\/\/www.asajacyl.com\/palencia\/\"},{\"@type\":\"ListItem\",\"position\":2,\"name\":\"ASAJA valora que la Junta flexibilice la recuperaci\u00f3n de fincas abandonadas para uso agr\u00edcola y pastos\"}]},{\"@type\":\"WebSite\",\"@id\":\"https:\/\/www.asajacyl.com\/palencia\/#website\",\"url\":\"https:\/\/www.asajacyl.com\/palencia\/\",\"name\":\"ASAJA Palencia\",\"description\":\"Otro sitio m\u00e1s de Provincias ASAJA Castilla y Le\u00f3n\",\"potentialAction\":[{\"@type\":\"SearchAction\",\"target\":{\"@type\":\"EntryPoint\",\"urlTemplate\":\"https:\/\/www.asajacyl.com\/palencia\/?s={search_term_string}\"},\"query-input\":{\"@type\":\"PropertyValueSpecification\",\"valueRequired\":true,\"valueName\":\"search_term_string\"}}],\"inLanguage\":\"es\"},{\"@type\":\"Person\",\"@id\":\"https:\/\/www.asajacyl.com\/palencia\/#\/schema\/person\/3ab17aeb03527485c317557fae64aab1\",\"name\":\"Administrador\",\"image\":{\"@type\":\"ImageObject\",\"inLanguage\":\"es\",\"@id\":\"https:\/\/www.asajacyl.com\/palencia\/#\/schema\/person\/image\/\",\"url\":\"https:\/\/secure.gravatar.com\/avatar\/517384810d242ca9e38c180f3c9fb973?s=96&d=mm&r=g\",\"contentUrl\":\"https:\/\/secure.gravatar.com\/avatar\/517384810d242ca9e38c180f3c9fb973?s=96&d=mm&r=g\",\"caption\":\"Administrador\"},\"url\":\"https:\/\/www.asajacyl.com\/palencia\/author\/carlosrm\"}]}<\/script>\n<!-- \/ Yoast SEO plugin. -->","yoast_head_json":{"title":"ASAJA valora que la Junta flexibilice la recuperaci\u00f3n de fincas abandonadas para uso agr\u00edcola y pastos - ASAJA Palencia","description":"ASAJA-Castilla y Le\u00f3n valora positivamente el cambio que propicia el decreto publicado por la Consejer\u00eda de Medio Ambiente, Vivienda y Ordenaci\u00f3n del","robots":{"index":"index","follow":"follow","max-snippet":"max-snippet:-1","max-image-preview":"max-image-preview:large","max-video-preview":"max-video-preview:-1"},"canonical":"https:\/\/www.asajacyl.com\/palencia\/asaja-palencia-informa\/asaja-valora-que-la-junta-flexibilice-la-recuperacion-de-fincas-abandonadas-para-uso-agricola-y-pastos","og_locale":"es_ES","og_type":"article","og_title":"ASAJA valora que la Junta flexibilice la recuperaci\u00f3n de fincas abandonadas para uso agr\u00edcola y pastos - ASAJA Palencia","og_description":"ASAJA-Castilla y Le\u00f3n valora positivamente el cambio que propicia el decreto publicado por la Consejer\u00eda de Medio Ambiente, Vivienda y Ordenaci\u00f3n del","og_url":"https:\/\/www.asajacyl.com\/palencia\/asaja-palencia-informa\/asaja-valora-que-la-junta-flexibilice-la-recuperacion-de-fincas-abandonadas-para-uso-agricola-y-pastos","og_site_name":"ASAJA Palencia","article_published_time":"2024-06-12T07:30:00+00:00","og_image":[{"width":800,"height":431,"url":"https:\/\/www.asajacyl.com\/palencia\/wp-content\/uploads\/sites\/3\/2024\/06\/Campo-abandonado.jpg","type":"image\/jpeg"}],"author":"Administrador","twitter_card":"summary_large_image","twitter_misc":{"Escrito por":"Administrador","Tiempo de lectura":"2 minutos"},"schema":{"@context":"https:\/\/schema.org","@graph":[{"@type":"WebPage","@id":"https:\/\/www.asajacyl.com\/palencia\/asaja-palencia-informa\/asaja-valora-que-la-junta-flexibilice-la-recuperacion-de-fincas-abandonadas-para-uso-agricola-y-pastos","url":"https:\/\/www.asajacyl.com\/palencia\/asaja-palencia-informa\/asaja-valora-que-la-junta-flexibilice-la-recuperacion-de-fincas-abandonadas-para-uso-agricola-y-pastos","name":"ASAJA valora que la Junta flexibilice la recuperaci\u00f3n de fincas abandonadas para uso agr\u00edcola y pastos - ASAJA Palencia","isPartOf":{"@id":"https:\/\/www.asajacyl.com\/palencia\/#website"},"primaryImageOfPage":{"@id":"https:\/\/www.asajacyl.com\/palencia\/asaja-palencia-informa\/asaja-valora-que-la-junta-flexibilice-la-recuperacion-de-fincas-abandonadas-para-uso-agricola-y-pastos#primaryimage"},"image":{"@id":"https:\/\/www.asajacyl.com\/palencia\/asaja-palencia-informa\/asaja-valora-que-la-junta-flexibilice-la-recuperacion-de-fincas-abandonadas-para-uso-agricola-y-pastos#primaryimage"},"thumbnailUrl":"https:\/\/www.asajacyl.com\/palencia\/wp-content\/uploads\/sites\/3\/2024\/06\/Campo-abandonado.jpg","datePublished":"2024-06-12T07:30:00+00:00","author":{"@id":"https:\/\/www.asajacyl.com\/palencia\/#\/schema\/person\/3ab17aeb03527485c317557fae64aab1"},"description":"ASAJA-Castilla y Le\u00f3n valora positivamente el cambio que propicia el decreto publicado por la Consejer\u00eda de Medio Ambiente, Vivienda y Ordenaci\u00f3n del","breadcrumb":{"@id":"https:\/\/www.asajacyl.com\/palencia\/asaja-palencia-informa\/asaja-valora-que-la-junta-flexibilice-la-recuperacion-de-fincas-abandonadas-para-uso-agricola-y-pastos#breadcrumb"},"inLanguage":"es","potentialAction":[{"@type":"ReadAction","target":["https:\/\/www.asajacyl.com\/palencia\/asaja-palencia-informa\/asaja-valora-que-la-junta-flexibilice-la-recuperacion-de-fincas-abandonadas-para-uso-agricola-y-pastos"]}]},{"@type":"ImageObject","inLanguage":"es","@id":"https:\/\/www.asajacyl.com\/palencia\/asaja-palencia-informa\/asaja-valora-que-la-junta-flexibilice-la-recuperacion-de-fincas-abandonadas-para-uso-agricola-y-pastos#primaryimage","url":"https:\/\/www.asajacyl.com\/palencia\/wp-content\/uploads\/sites\/3\/2024\/06\/Campo-abandonado.jpg","contentUrl":"https:\/\/www.asajacyl.com\/palencia\/wp-content\/uploads\/sites\/3\/2024\/06\/Campo-abandonado.jpg","width":800,"height":431},{"@type":"BreadcrumbList","@id":"https:\/\/www.asajacyl.com\/palencia\/asaja-palencia-informa\/asaja-valora-que-la-junta-flexibilice-la-recuperacion-de-fincas-abandonadas-para-uso-agricola-y-pastos#breadcrumb","itemListElement":[{"@type":"ListItem","position":1,"name":"Portada","item":"https:\/\/www.asajacyl.com\/palencia\/"},{"@type":"ListItem","position":2,"name":"ASAJA valora que la Junta flexibilice la recuperaci\u00f3n de fincas abandonadas para uso agr\u00edcola y pastos"}]},{"@type":"WebSite","@id":"https:\/\/www.asajacyl.com\/palencia\/#website","url":"https:\/\/www.asajacyl.com\/palencia\/","name":"ASAJA Palencia","description":"Otro sitio m\u00e1s de Provincias ASAJA Castilla y Le\u00f3n","potentialAction":[{"@type":"SearchAction","target":{"@type":"EntryPoint","urlTemplate":"https:\/\/www.asajacyl.com\/palencia\/?s={search_term_string}"},"query-input":{"@type":"PropertyValueSpecification","valueRequired":true,"valueName":"search_term_string"}}],"inLanguage":"es"},{"@type":"Person","@id":"https:\/\/www.asajacyl.com\/palencia\/#\/schema\/person\/3ab17aeb03527485c317557fae64aab1","name":"Administrador","image":{"@type":"ImageObject","inLanguage":"es","@id":"https:\/\/www.asajacyl.com\/palencia\/#\/schema\/person\/image\/","url":"https:\/\/secure.gravatar.com\/avatar\/517384810d242ca9e38c180f3c9fb973?s=96&d=mm&r=g","contentUrl":"https:\/\/secure.gravatar.com\/avatar\/517384810d242ca9e38c180f3c9fb973?s=96&d=mm&r=g","caption":"Administrador"},"url":"https:\/\/www.asajacyl.com\/palencia\/author\/carlosrm"}]}},"_links":{"self":[{"href":"https:\/\/www.asajacyl.com\/palencia\/wp-json\/wp\/v2\/posts\/16484"}],"collection":[{"href":"https:\/\/www.asajacyl.com\/palencia\/wp-json\/wp\/v2\/posts"}],"about":[{"href":"https:\/\/www.asajacyl.com\/palencia\/wp-json\/wp\/v2\/types\/post"}],"author":[{"embeddable":true,"href":"https:\/\/www.asajacyl.com\/palencia\/wp-json\/wp\/v2\/users\/9"}],"replies":[{"embeddable":true,"href":"https:\/\/www.asajacyl.com\/palencia\/wp-json\/wp\/v2\/comments?post=16484"}],"version-history":[{"count":2,"href":"https:\/\/www.asajacyl.com\/palencia\/wp-json\/wp\/v2\/posts\/16484\/revisions"}],"predecessor-version":[{"id":16487,"href":"https:\/\/www.asajacyl.com\/palencia\/wp-json\/wp\/v2\/posts\/16484\/revisions\/16487"}],"wp:featuredmedia":[{"embeddable":true,"href":"https:\/\/www.asajacyl.com\/palencia\/wp-json\/wp\/v2\/media\/16486"}],"wp:attachment":[{"href":"https:\/\/www.asajacyl.com\/palencia\/wp-json\/wp\/v2\/media?parent=16484"}],"wp:term":[{"taxonomy":"category","embeddable":true,"href":"https:\/\/www.asajacyl.com\/palencia\/wp-json\/wp\/v2\/categories?post=16484"},{"taxonomy":"post_tag","embeddable":true,"href":"https:\/\/www.asajacyl.com\/palencia\/wp-json\/wp\/v2\/tags?post=16484"}],"curies":[{"name":"wp","href":"https:\/\/api.w.org\/{rel}","templated":true}]}}