{"id":16507,"date":"2024-06-13T14:02:45","date_gmt":"2024-06-13T12:02:45","guid":{"rendered":"https:\/\/www.asajacyl.com\/palencia\/?p=16507"},"modified":"2024-06-13T14:02:49","modified_gmt":"2024-06-13T12:02:49","slug":"en-el-primer-balance-anual-del-plan-hidrologico-del-duero-asaja-recuerda-que-se-impuso-sin-consenso","status":"publish","type":"post","link":"https:\/\/www.asajacyl.com\/palencia\/asaja-palencia-informa\/en-el-primer-balance-anual-del-plan-hidrologico-del-duero-asaja-recuerda-que-se-impuso-sin-consenso","title":{"rendered":"En el primer balance anual del Plan Hidrol\u00f3gico del Duero, ASAJA recuerda que se impuso sin consenso"},"content":{"rendered":"\n<h2 class=\"wp-block-heading\">Con motivo de la celebraci\u00f3n este jueves, 13 de junio, de la sesi\u00f3n del Consejo del Agua de la Cuenca del Duero, donde se ha presentado un informe de seguimiento del primer a\u00f1o de desarrollo del Plan Hidrol\u00f3gico de la Demarcaci\u00f3n Hidrol\u00f3gica del Duero 2023-2027, desde ASAJA-Castilla y Le\u00f3n recordamos que dicho plan, aprobado por el Real Decreto 35\/2023 y que entr\u00f3 en vigor el 11 de febrero de 2023, es una imposici\u00f3n del Gobierno de Espa\u00f1a, y no cuenta ni con la aprobaci\u00f3n previa de la Junta de Castilla y Le\u00f3n ni con el respaldo de los representantes de los regantes (organizaciones agrarias y comunidades de regantes), por lo que fue en su d\u00eda rechazado mayoritariamente por este \u00f3rgano hoy reunido.<\/h2>\n\n\n\n<p>Siendo 2023 un a\u00f1o hidrol\u00f3gicamente muy dif\u00edcil, por motivo de la sequ\u00eda clim\u00e1tica y en determinados casos tambi\u00e9n la sequ\u00eda hidrol\u00f3gica, el sector agrario ha demostrado responsabilidad en la gesti\u00f3n de este recurso, al consumir \u00fanicamente el agua estrictamente indispensable para sacar adelante los cultivos, y llevando a cabo pr\u00e1cticas agron\u00f3micas que no han perjudicado la calidad del recurso, como es el uso racional de los abonos y de los fitosanitarios.<\/p>\n\n\n\n<p>ASAJA-Castilla y Le\u00f3n no comparte la decisi\u00f3n sobre caudales ecol\u00f3gicos m\u00e1s restrictivos que se impusieron en este plan, ni que se haya cerrado la puerta a nuevos regad\u00edos, condenando la agricultura a no crecer en los pr\u00f3ximos a\u00f1os.<\/p>\n\n\n\n<p>Nuestra organizaci\u00f3n tambi\u00e9n critica que se haya prohibido que se establezcan nuevas ganader\u00edas en zonas de acu\u00edferos considerados en mal estado cuantitativo, cuando la ganader\u00eda representa una demanda de agua residual.<\/p>\n\n\n\n<p><strong>POCO AVANCE INVERSOR. <\/strong>ASAJA-Castilla y Le\u00f3n pone de manifiesto el escaso avance en las inversiones previstas en el Plan, y en particular las que tienen un cometido agrario. En ese sentido, denunciamos que quedar\u00e1 una gran parte sin ejecutar porque no hay un compromiso por parte de otras administraciones p\u00fablicas para incluirlo en sus presupuestos. Se trata de un presupuesto voluntarista, hecho sin el compromiso de las administraciones que gestionan esas inversiones, como son el Ministerio de Agricultura o la Junta de Castilla y Le\u00f3n). El programa de medidas del plan alcanza los 2.265 millones de euros, de los que apensas se han ejecutado en 2023 el 8,53%; es decir, poco m\u00e1s de la doceava parte.<\/p>\n\n\n\n<p>En otro asunto controvertido, como es la aplicaci\u00f3n del principio de recuperaci\u00f3n de costes que contempla el plan, ASAJA-Castilla y Le\u00f3n valora que el Gobierno no haya aprobado la\u00a0normativa\u00a0 que permita subir el precio del agua. Los costes del agua en el sector agrario en el a\u00f1o 2023 rondaron los 640 millones de euros, entre los 421 millones de euros en costes financieros y los 218 millones de euros en costes ambientales, establecidos \u00e9stos con los criterios arbitrarios de la Confederaci\u00f3n Hisrogr\u00e1fica del Duero. La repercusi\u00f3n del gasto en los regantes asciende al 55 %, porcentaje muy pr\u00f3ximo al 57% que se repercute en los gastos del agua de consumo humano.<\/p>\n\n\n\n<p><strong>BUROCRACIA LENTA.<\/strong> Por otro lado, nuestra organizaci\u00f3n reitera su descontento por los tediosos tr\u00e1mites administrativos que soportan los agricultores y ganaderos en todas sus gestiones con esta administraci\u00f3n con competencia en materia de agua, dependiente del Ministerio para la Transici\u00f3n Ecol\u00f3gica y el Reto Demogr\u00e1fico (MITECO), as\u00ed como por los insoportables tiempos que transcurren hasta que se resuelven los expedientes. <\/p>\n\n\n\n<p>ASAJA-Castilla y Le\u00f3n denuncia la retenci\u00f3n de muchas solicitudes presentadas durante el anterior plan hidrol\u00f3gico de cuenca que, tras estar paralizadas a\u00f1os, se han denegado masivamente a los pocos meses de aprobarse el nuevo plan hidrol\u00f3gico, al aplicarse sus normas m\u00e1s restrictivas. Esta lentitud administrativa frena la inversi\u00f3n tanto en agricultura y ganader\u00eda como en peque\u00f1as agroindustrias, y con ello el desarrollo econ\u00f3mico y la generaci\u00f3n de empleo en nuestros pueblos.<\/p>\n\n\n\n<p>El Consejo del Agua es el \u00f3rgano de participaci\u00f3n y planificaci\u00f3n de la CHD, con presencia de la Administraci\u00f3n General del Estado, las comunidades aut\u00f3nomas, las entidades locales y los usuarios del agua y las organizaciones de defensa de intereses ambientales, econ\u00f3micos y sociales relacionados con la gesti\u00f3n del agua. <\/p>\n","protected":false},"excerpt":{"rendered":"<p>Con motivo de la celebraci\u00f3n este jueves, 13 de junio, de la sesi\u00f3n del Consejo del Agua de la Cuenca del Duero, donde se ha presentado un informe de seguimiento del primer a\u00f1o de desarrollo del Plan Hidrol\u00f3gico de la Demarcaci\u00f3n Hidrol\u00f3gica del Duero 2023-2027, desde ASAJA-Castilla y Le\u00f3n recordamos que dicho plan, aprobado por [&hellip;]<\/p>\n","protected":false},"author":9,"featured_media":16509,"comment_status":"open","ping_status":"open","sticky":false,"template":"","format":"standard","meta":{"footnotes":""},"categories":[9,29,28],"tags":[58,298,83,134,351,77,66,92,110,929,55,93],"yoast_head":"<!-- This site is optimized with the Yoast SEO plugin v24.5 - https:\/\/yoast.com\/wordpress\/plugins\/seo\/ -->\n<title>En el primer balance anual del Plan Hidrol\u00f3gico del Duero, ASAJA recuerda que se impuso sin consenso - ASAJA Palencia<\/title>\n<meta name=\"description\" content=\"Con motivo de la celebraci\u00f3n este jueves, 13 de junio, de la sesi\u00f3n del Consejo del Agua de la Cuenca del Duero, donde se ha presentado un informe de\" \/>\n<meta name=\"robots\" content=\"index, follow, max-snippet:-1, max-image-preview:large, max-video-preview:-1\" \/>\n<link rel=\"canonical\" href=\"https:\/\/www.asajacyl.com\/palencia\/asaja-palencia-informa\/en-el-primer-balance-anual-del-plan-hidrologico-del-duero-asaja-recuerda-que-se-impuso-sin-consenso\" \/>\n<meta property=\"og:locale\" content=\"es_ES\" \/>\n<meta property=\"og:type\" content=\"article\" \/>\n<meta property=\"og:title\" content=\"En el primer balance anual del Plan Hidrol\u00f3gico del Duero, ASAJA recuerda que se impuso sin consenso - ASAJA Palencia\" \/>\n<meta property=\"og:description\" content=\"Con motivo de la celebraci\u00f3n este jueves, 13 de junio, de la sesi\u00f3n del Consejo del Agua de la Cuenca del Duero, donde se ha presentado un informe de\" \/>\n<meta property=\"og:url\" content=\"https:\/\/www.asajacyl.com\/palencia\/asaja-palencia-informa\/en-el-primer-balance-anual-del-plan-hidrologico-del-duero-asaja-recuerda-que-se-impuso-sin-consenso\" \/>\n<meta property=\"og:site_name\" content=\"ASAJA Palencia\" \/>\n<meta property=\"article:published_time\" content=\"2024-06-13T12:02:45+00:00\" \/>\n<meta property=\"article:modified_time\" content=\"2024-06-13T12:02:49+00:00\" \/>\n<meta property=\"og:image\" content=\"https:\/\/www.asajacyl.com\/palencia\/wp-content\/uploads\/sites\/3\/2024\/06\/P22-demarcacion-PHDuero.jpg\" \/>\n\t<meta property=\"og:image:width\" content=\"914\" \/>\n\t<meta property=\"og:image:height\" content=\"592\" \/>\n\t<meta property=\"og:image:type\" content=\"image\/jpeg\" \/>\n<meta name=\"author\" content=\"Administrador\" \/>\n<meta name=\"twitter:card\" content=\"summary_large_image\" \/>\n<meta name=\"twitter:label1\" content=\"Escrito por\" \/>\n\t<meta name=\"twitter:data1\" content=\"Administrador\" \/>\n\t<meta name=\"twitter:label2\" content=\"Tiempo de lectura\" \/>\n\t<meta name=\"twitter:data2\" content=\"4 minutos\" \/>\n<script type=\"application\/ld+json\" class=\"yoast-schema-graph\">{\"@context\":\"https:\/\/schema.org\",\"@graph\":[{\"@type\":\"WebPage\",\"@id\":\"https:\/\/www.asajacyl.com\/palencia\/asaja-palencia-informa\/en-el-primer-balance-anual-del-plan-hidrologico-del-duero-asaja-recuerda-que-se-impuso-sin-consenso\",\"url\":\"https:\/\/www.asajacyl.com\/palencia\/asaja-palencia-informa\/en-el-primer-balance-anual-del-plan-hidrologico-del-duero-asaja-recuerda-que-se-impuso-sin-consenso\",\"name\":\"En el primer balance anual del Plan Hidrol\u00f3gico del Duero, ASAJA recuerda que se impuso sin consenso - ASAJA Palencia\",\"isPartOf\":{\"@id\":\"https:\/\/www.asajacyl.com\/palencia\/#website\"},\"primaryImageOfPage\":{\"@id\":\"https:\/\/www.asajacyl.com\/palencia\/asaja-palencia-informa\/en-el-primer-balance-anual-del-plan-hidrologico-del-duero-asaja-recuerda-que-se-impuso-sin-consenso#primaryimage\"},\"image\":{\"@id\":\"https:\/\/www.asajacyl.com\/palencia\/asaja-palencia-informa\/en-el-primer-balance-anual-del-plan-hidrologico-del-duero-asaja-recuerda-que-se-impuso-sin-consenso#primaryimage\"},\"thumbnailUrl\":\"https:\/\/www.asajacyl.com\/palencia\/wp-content\/uploads\/sites\/3\/2024\/06\/P22-demarcacion-PHDuero.jpg\",\"datePublished\":\"2024-06-13T12:02:45+00:00\",\"dateModified\":\"2024-06-13T12:02:49+00:00\",\"author\":{\"@id\":\"https:\/\/www.asajacyl.com\/palencia\/#\/schema\/person\/3ab17aeb03527485c317557fae64aab1\"},\"description\":\"Con motivo de la celebraci\u00f3n este jueves, 13 de junio, de la sesi\u00f3n del Consejo del Agua de la Cuenca del Duero, donde se ha presentado un informe de\",\"breadcrumb\":{\"@id\":\"https:\/\/www.asajacyl.com\/palencia\/asaja-palencia-informa\/en-el-primer-balance-anual-del-plan-hidrologico-del-duero-asaja-recuerda-que-se-impuso-sin-consenso#breadcrumb\"},\"inLanguage\":\"es\",\"potentialAction\":[{\"@type\":\"ReadAction\",\"target\":[\"https:\/\/www.asajacyl.com\/palencia\/asaja-palencia-informa\/en-el-primer-balance-anual-del-plan-hidrologico-del-duero-asaja-recuerda-que-se-impuso-sin-consenso\"]}]},{\"@type\":\"ImageObject\",\"inLanguage\":\"es\",\"@id\":\"https:\/\/www.asajacyl.com\/palencia\/asaja-palencia-informa\/en-el-primer-balance-anual-del-plan-hidrologico-del-duero-asaja-recuerda-que-se-impuso-sin-consenso#primaryimage\",\"url\":\"https:\/\/www.asajacyl.com\/palencia\/wp-content\/uploads\/sites\/3\/2024\/06\/P22-demarcacion-PHDuero.jpg\",\"contentUrl\":\"https:\/\/www.asajacyl.com\/palencia\/wp-content\/uploads\/sites\/3\/2024\/06\/P22-demarcacion-PHDuero.jpg\",\"width\":914,\"height\":592},{\"@type\":\"BreadcrumbList\",\"@id\":\"https:\/\/www.asajacyl.com\/palencia\/asaja-palencia-informa\/en-el-primer-balance-anual-del-plan-hidrologico-del-duero-asaja-recuerda-que-se-impuso-sin-consenso#breadcrumb\",\"itemListElement\":[{\"@type\":\"ListItem\",\"position\":1,\"name\":\"Portada\",\"item\":\"https:\/\/www.asajacyl.com\/palencia\/\"},{\"@type\":\"ListItem\",\"position\":2,\"name\":\"En el primer balance anual del Plan Hidrol\u00f3gico del Duero, ASAJA recuerda que se impuso sin consenso\"}]},{\"@type\":\"WebSite\",\"@id\":\"https:\/\/www.asajacyl.com\/palencia\/#website\",\"url\":\"https:\/\/www.asajacyl.com\/palencia\/\",\"name\":\"ASAJA Palencia\",\"description\":\"Otro sitio m\u00e1s de Provincias ASAJA Castilla y Le\u00f3n\",\"potentialAction\":[{\"@type\":\"SearchAction\",\"target\":{\"@type\":\"EntryPoint\",\"urlTemplate\":\"https:\/\/www.asajacyl.com\/palencia\/?s={search_term_string}\"},\"query-input\":{\"@type\":\"PropertyValueSpecification\",\"valueRequired\":true,\"valueName\":\"search_term_string\"}}],\"inLanguage\":\"es\"},{\"@type\":\"Person\",\"@id\":\"https:\/\/www.asajacyl.com\/palencia\/#\/schema\/person\/3ab17aeb03527485c317557fae64aab1\",\"name\":\"Administrador\",\"image\":{\"@type\":\"ImageObject\",\"inLanguage\":\"es\",\"@id\":\"https:\/\/www.asajacyl.com\/palencia\/#\/schema\/person\/image\/\",\"url\":\"https:\/\/secure.gravatar.com\/avatar\/517384810d242ca9e38c180f3c9fb973?s=96&d=mm&r=g\",\"contentUrl\":\"https:\/\/secure.gravatar.com\/avatar\/517384810d242ca9e38c180f3c9fb973?s=96&d=mm&r=g\",\"caption\":\"Administrador\"},\"url\":\"https:\/\/www.asajacyl.com\/palencia\/author\/carlosrm\"}]}<\/script>\n<!-- \/ Yoast SEO plugin. -->","yoast_head_json":{"title":"En el primer balance anual del Plan Hidrol\u00f3gico del Duero, ASAJA recuerda que se impuso sin consenso - ASAJA Palencia","description":"Con motivo de la celebraci\u00f3n este jueves, 13 de junio, de la sesi\u00f3n del Consejo del Agua de la Cuenca del Duero, donde se ha presentado un informe de","robots":{"index":"index","follow":"follow","max-snippet":"max-snippet:-1","max-image-preview":"max-image-preview:large","max-video-preview":"max-video-preview:-1"},"canonical":"https:\/\/www.asajacyl.com\/palencia\/asaja-palencia-informa\/en-el-primer-balance-anual-del-plan-hidrologico-del-duero-asaja-recuerda-que-se-impuso-sin-consenso","og_locale":"es_ES","og_type":"article","og_title":"En el primer balance anual del Plan Hidrol\u00f3gico del Duero, ASAJA recuerda que se impuso sin consenso - ASAJA Palencia","og_description":"Con motivo de la celebraci\u00f3n este jueves, 13 de junio, de la sesi\u00f3n del Consejo del Agua de la Cuenca del Duero, donde se ha presentado un informe de","og_url":"https:\/\/www.asajacyl.com\/palencia\/asaja-palencia-informa\/en-el-primer-balance-anual-del-plan-hidrologico-del-duero-asaja-recuerda-que-se-impuso-sin-consenso","og_site_name":"ASAJA Palencia","article_published_time":"2024-06-13T12:02:45+00:00","article_modified_time":"2024-06-13T12:02:49+00:00","og_image":[{"width":914,"height":592,"url":"https:\/\/www.asajacyl.com\/palencia\/wp-content\/uploads\/sites\/3\/2024\/06\/P22-demarcacion-PHDuero.jpg","type":"image\/jpeg"}],"author":"Administrador","twitter_card":"summary_large_image","twitter_misc":{"Escrito por":"Administrador","Tiempo de lectura":"4 minutos"},"schema":{"@context":"https:\/\/schema.org","@graph":[{"@type":"WebPage","@id":"https:\/\/www.asajacyl.com\/palencia\/asaja-palencia-informa\/en-el-primer-balance-anual-del-plan-hidrologico-del-duero-asaja-recuerda-que-se-impuso-sin-consenso","url":"https:\/\/www.asajacyl.com\/palencia\/asaja-palencia-informa\/en-el-primer-balance-anual-del-plan-hidrologico-del-duero-asaja-recuerda-que-se-impuso-sin-consenso","name":"En el primer balance anual del Plan Hidrol\u00f3gico del Duero, ASAJA recuerda que se impuso sin consenso - ASAJA Palencia","isPartOf":{"@id":"https:\/\/www.asajacyl.com\/palencia\/#website"},"primaryImageOfPage":{"@id":"https:\/\/www.asajacyl.com\/palencia\/asaja-palencia-informa\/en-el-primer-balance-anual-del-plan-hidrologico-del-duero-asaja-recuerda-que-se-impuso-sin-consenso#primaryimage"},"image":{"@id":"https:\/\/www.asajacyl.com\/palencia\/asaja-palencia-informa\/en-el-primer-balance-anual-del-plan-hidrologico-del-duero-asaja-recuerda-que-se-impuso-sin-consenso#primaryimage"},"thumbnailUrl":"https:\/\/www.asajacyl.com\/palencia\/wp-content\/uploads\/sites\/3\/2024\/06\/P22-demarcacion-PHDuero.jpg","datePublished":"2024-06-13T12:02:45+00:00","dateModified":"2024-06-13T12:02:49+00:00","author":{"@id":"https:\/\/www.asajacyl.com\/palencia\/#\/schema\/person\/3ab17aeb03527485c317557fae64aab1"},"description":"Con motivo de la celebraci\u00f3n este jueves, 13 de junio, de la sesi\u00f3n del Consejo del Agua de la Cuenca del Duero, donde se ha presentado un informe de","breadcrumb":{"@id":"https:\/\/www.asajacyl.com\/palencia\/asaja-palencia-informa\/en-el-primer-balance-anual-del-plan-hidrologico-del-duero-asaja-recuerda-que-se-impuso-sin-consenso#breadcrumb"},"inLanguage":"es","potentialAction":[{"@type":"ReadAction","target":["https:\/\/www.asajacyl.com\/palencia\/asaja-palencia-informa\/en-el-primer-balance-anual-del-plan-hidrologico-del-duero-asaja-recuerda-que-se-impuso-sin-consenso"]}]},{"@type":"ImageObject","inLanguage":"es","@id":"https:\/\/www.asajacyl.com\/palencia\/asaja-palencia-informa\/en-el-primer-balance-anual-del-plan-hidrologico-del-duero-asaja-recuerda-que-se-impuso-sin-consenso#primaryimage","url":"https:\/\/www.asajacyl.com\/palencia\/wp-content\/uploads\/sites\/3\/2024\/06\/P22-demarcacion-PHDuero.jpg","contentUrl":"https:\/\/www.asajacyl.com\/palencia\/wp-content\/uploads\/sites\/3\/2024\/06\/P22-demarcacion-PHDuero.jpg","width":914,"height":592},{"@type":"BreadcrumbList","@id":"https:\/\/www.asajacyl.com\/palencia\/asaja-palencia-informa\/en-el-primer-balance-anual-del-plan-hidrologico-del-duero-asaja-recuerda-que-se-impuso-sin-consenso#breadcrumb","itemListElement":[{"@type":"ListItem","position":1,"name":"Portada","item":"https:\/\/www.asajacyl.com\/palencia\/"},{"@type":"ListItem","position":2,"name":"En el primer balance anual del Plan Hidrol\u00f3gico del Duero, ASAJA recuerda que se impuso sin consenso"}]},{"@type":"WebSite","@id":"https:\/\/www.asajacyl.com\/palencia\/#website","url":"https:\/\/www.asajacyl.com\/palencia\/","name":"ASAJA Palencia","description":"Otro sitio m\u00e1s de Provincias ASAJA Castilla y Le\u00f3n","potentialAction":[{"@type":"SearchAction","target":{"@type":"EntryPoint","urlTemplate":"https:\/\/www.asajacyl.com\/palencia\/?s={search_term_string}"},"query-input":{"@type":"PropertyValueSpecification","valueRequired":true,"valueName":"search_term_string"}}],"inLanguage":"es"},{"@type":"Person","@id":"https:\/\/www.asajacyl.com\/palencia\/#\/schema\/person\/3ab17aeb03527485c317557fae64aab1","name":"Administrador","image":{"@type":"ImageObject","inLanguage":"es","@id":"https:\/\/www.asajacyl.com\/palencia\/#\/schema\/person\/image\/","url":"https:\/\/secure.gravatar.com\/avatar\/517384810d242ca9e38c180f3c9fb973?s=96&d=mm&r=g","contentUrl":"https:\/\/secure.gravatar.com\/avatar\/517384810d242ca9e38c180f3c9fb973?s=96&d=mm&r=g","caption":"Administrador"},"url":"https:\/\/www.asajacyl.com\/palencia\/author\/carlosrm"}]}},"_links":{"self":[{"href":"https:\/\/www.asajacyl.com\/palencia\/wp-json\/wp\/v2\/posts\/16507"}],"collection":[{"href":"https:\/\/www.asajacyl.com\/palencia\/wp-json\/wp\/v2\/posts"}],"about":[{"href":"https:\/\/www.asajacyl.com\/palencia\/wp-json\/wp\/v2\/types\/post"}],"author":[{"embeddable":true,"href":"https:\/\/www.asajacyl.com\/palencia\/wp-json\/wp\/v2\/users\/9"}],"replies":[{"embeddable":true,"href":"https:\/\/www.asajacyl.com\/palencia\/wp-json\/wp\/v2\/comments?post=16507"}],"version-history":[{"count":1,"href":"https:\/\/www.asajacyl.com\/palencia\/wp-json\/wp\/v2\/posts\/16507\/revisions"}],"predecessor-version":[{"id":16510,"href":"https:\/\/www.asajacyl.com\/palencia\/wp-json\/wp\/v2\/posts\/16507\/revisions\/16510"}],"wp:featuredmedia":[{"embeddable":true,"href":"https:\/\/www.asajacyl.com\/palencia\/wp-json\/wp\/v2\/media\/16509"}],"wp:attachment":[{"href":"https:\/\/www.asajacyl.com\/palencia\/wp-json\/wp\/v2\/media?parent=16507"}],"wp:term":[{"taxonomy":"category","embeddable":true,"href":"https:\/\/www.asajacyl.com\/palencia\/wp-json\/wp\/v2\/categories?post=16507"},{"taxonomy":"post_tag","embeddable":true,"href":"https:\/\/www.asajacyl.com\/palencia\/wp-json\/wp\/v2\/tags?post=16507"}],"curies":[{"name":"wp","href":"https:\/\/api.w.org\/{rel}","templated":true}]}}