{"id":16546,"date":"2024-06-14T13:33:19","date_gmt":"2024-06-14T11:33:19","guid":{"rendered":"https:\/\/www.asajacyl.com\/palencia\/?p=16546"},"modified":"2024-06-14T13:33:22","modified_gmt":"2024-06-14T11:33:22","slug":"5-167-palentinos-percibiran-los-proximos-dias-la-liquidacion-pendiente-de-las-ayudas-de-la-pac-2023","status":"publish","type":"post","link":"https:\/\/www.asajacyl.com\/palencia\/asaja-palencia-informa\/5-167-palentinos-percibiran-los-proximos-dias-la-liquidacion-pendiente-de-las-ayudas-de-la-pac-2023","title":{"rendered":"5.167 palentinos percibir\u00e1n los pr\u00f3ximos d\u00edas la liquidaci\u00f3n pendiente de las ayudas de la PAC 2023"},"content":{"rendered":"\n<h2 class=\"wp-block-heading\">La Consejer\u00eda de Agricultura, Ganader\u00eda y Desarrollo Rural de la Junta de Castilla y Le\u00f3n ha autorizado este viernes, 14 de junio, el pago de la liquidaci\u00f3n a 5.167 agricultores y ganaderos de la provincia de Palencia, por un importe cercano a los diez millones de euros, que incluye el 10 % pendiente de los importes de las ayudas directas por superficies de la PAC 2023.<\/h2>\n\n\n\n<p>En el conjunto de Castilla y Le\u00f3n ser\u00e1n 54.688 los beneficiarios que percibir\u00e1n esta liquidaci\u00f3n, por un importe global que supera los 80,4 millones de euros. De esta cantidad, el mayor importe corresponde a la ayuda b\u00e1sica a la renta, el pago redistributivo y el pago complementario para j\u00f3venes agricultores, por valor de 53,6 millones de euros. Tambi\u00e9n se incluye la intervenci\u00f3n m\u00e1s novedosa, los ecorreg\u00edmenes, cuyo importe de la liquidaci\u00f3n supone 22,9 millones de euros, y a ello se suman las ayudas asociadas por superficie con 3,9 millones de euros.<\/p>\n\n\n\n<p>El importe total saldado de estos pagos de la PAC 2023 en Palencia asciende a 103.261.028,11 euros. La liquidaci\u00f3n reci\u00e9n tramitada por la Junta, que se abonar\u00e1 estos pr\u00f3ximos d\u00edas, suma en nuestra provincia 9.928.736,32, lo que arroja un promedio pendiente por beneficiario de unos 1.920 euros, frente a los 1.470 euros de la media regional.<\/p>\n\n\n\n<p>Con este pago de la liquidaci\u00f3n, que reglamentariamente debe realizarse no m\u00e1s tarde del 30 de junio, se cierra la campa\u00f1a PAC 2023, que seg\u00fan reconoce la propia administraci\u00f3n auton\u00f3mica en su comunicado ha estado \u00abmarcada por las dificultades de adaptaci\u00f3n, principalmente para los agricultores y ganaderos, por ser la primera del periodo 2023-2027, en la que se han incorporado nuevas normas, obligaciones y requisitos\u00bb.<\/p>\n\n\n\n<p>Pese a todo, la Consejer\u00eda de Agricultura sostiene que \u00abha intentado gestionar dichas ayudas de la mejor forma posible, realizando pagos desde el primer d\u00eda h\u00e1bil (16 de octubre de 2023)\u00bb y destaca que fue la \u00fanica comunidad aut\u00f3noma que efect\u00fao el anticipo de esta medida e esa fecha.<\/p>\n\n\n\n<p><strong>PAGOS COMPLEMENTARIOS. <\/strong>La administraci\u00f3n auton\u00f3mica explica que estos pagos de liquidaci\u00f3n \u00abse han calculado mediante unos derechos de ayuda b\u00e1sica a\u00fan provisionales, puesto que hasta mediados de julio el Fondo Espa\u00f1ol de Garant\u00eda Agraria (FEGA) no establecer\u00e1 la conversi\u00f3n definitiva, por lo que es previsible que, una vez realizados los \u00faltimos ajustes, sea necesario realizar pagos complementarios\u00bb. <\/p>\n\n\n\n<p>Por ese motivo, la Consejer\u00eda prev\u00e9 en futuro cercano una cifra global de pago superior. Hasta ahora, seg\u00fan sus datos que ayer facilit\u00f3 la Junta, el importe total de pagos de las ayudas directas PAC 2023 alcanza una cifra cercana a 924 millones de euros, superior al importe de los pagos de la PAC 2022, que fue de 906,5 millones de euros, un leve aumento que no llega al 2 %. <\/p>\n","protected":false},"excerpt":{"rendered":"<p>La Consejer\u00eda de Agricultura, Ganader\u00eda y Desarrollo Rural de la Junta de Castilla y Le\u00f3n ha autorizado este viernes, 14 de junio, el pago de la liquidaci\u00f3n a 5.167 agricultores y ganaderos de la provincia de Palencia, por un importe cercano a los diez millones de euros, que incluye el 10 % pendiente de los [&hellip;]<\/p>\n","protected":false},"author":9,"featured_media":13488,"comment_status":"open","ping_status":"open","sticky":false,"template":"","format":"standard","meta":{"footnotes":""},"categories":[9,31,38,29,28,13],"tags":[58,343,59,931,142,250,56,77,296,66,110,342,344],"yoast_head":"<!-- This site is optimized with the Yoast SEO plugin v24.5 - https:\/\/yoast.com\/wordpress\/plugins\/seo\/ -->\n<title>5.167 palentinos percibir\u00e1n los pr\u00f3ximos d\u00edas la liquidaci\u00f3n pendiente de las ayudas de la PAC 2023 - ASAJA Palencia<\/title>\n<meta name=\"description\" content=\"La Consejer\u00eda de Agricultura, Ganader\u00eda y Desarrollo Rural de la Junta de Castilla y Le\u00f3n ha autorizado este viernes, 14 de junio, el pago de la\" \/>\n<meta name=\"robots\" content=\"index, follow, max-snippet:-1, max-image-preview:large, max-video-preview:-1\" \/>\n<link rel=\"canonical\" href=\"https:\/\/www.asajacyl.com\/palencia\/asaja-palencia-informa\/5-167-palentinos-percibiran-los-proximos-dias-la-liquidacion-pendiente-de-las-ayudas-de-la-pac-2023\" \/>\n<meta property=\"og:locale\" content=\"es_ES\" \/>\n<meta property=\"og:type\" content=\"article\" \/>\n<meta property=\"og:title\" content=\"5.167 palentinos percibir\u00e1n los pr\u00f3ximos d\u00edas la liquidaci\u00f3n pendiente de las ayudas de la PAC 2023 - ASAJA Palencia\" \/>\n<meta property=\"og:description\" content=\"La Consejer\u00eda de Agricultura, Ganader\u00eda y Desarrollo Rural de la Junta de Castilla y Le\u00f3n ha autorizado este viernes, 14 de junio, el pago de la\" \/>\n<meta property=\"og:url\" content=\"https:\/\/www.asajacyl.com\/palencia\/asaja-palencia-informa\/5-167-palentinos-percibiran-los-proximos-dias-la-liquidacion-pendiente-de-las-ayudas-de-la-pac-2023\" \/>\n<meta property=\"og:site_name\" content=\"ASAJA Palencia\" \/>\n<meta property=\"article:published_time\" content=\"2024-06-14T11:33:19+00:00\" \/>\n<meta property=\"article:modified_time\" content=\"2024-06-14T11:33:22+00:00\" \/>\n<meta property=\"og:image\" content=\"https:\/\/www.asajacyl.com\/palencia\/wp-content\/uploads\/sites\/3\/2023\/06\/PAC-2023-2027.jpg\" \/>\n\t<meta property=\"og:image:width\" content=\"1600\" \/>\n\t<meta property=\"og:image:height\" content=\"1031\" \/>\n\t<meta property=\"og:image:type\" content=\"image\/jpeg\" \/>\n<meta name=\"author\" content=\"Administrador\" \/>\n<meta name=\"twitter:card\" content=\"summary_large_image\" \/>\n<meta name=\"twitter:label1\" content=\"Escrito por\" \/>\n\t<meta name=\"twitter:data1\" content=\"Administrador\" \/>\n\t<meta name=\"twitter:label2\" content=\"Tiempo de lectura\" \/>\n\t<meta name=\"twitter:data2\" content=\"3 minutos\" \/>\n<script type=\"application\/ld+json\" class=\"yoast-schema-graph\">{\"@context\":\"https:\/\/schema.org\",\"@graph\":[{\"@type\":\"WebPage\",\"@id\":\"https:\/\/www.asajacyl.com\/palencia\/asaja-palencia-informa\/5-167-palentinos-percibiran-los-proximos-dias-la-liquidacion-pendiente-de-las-ayudas-de-la-pac-2023\",\"url\":\"https:\/\/www.asajacyl.com\/palencia\/asaja-palencia-informa\/5-167-palentinos-percibiran-los-proximos-dias-la-liquidacion-pendiente-de-las-ayudas-de-la-pac-2023\",\"name\":\"5.167 palentinos percibir\u00e1n los pr\u00f3ximos d\u00edas la liquidaci\u00f3n pendiente de las ayudas de la PAC 2023 - ASAJA Palencia\",\"isPartOf\":{\"@id\":\"https:\/\/www.asajacyl.com\/palencia\/#website\"},\"primaryImageOfPage\":{\"@id\":\"https:\/\/www.asajacyl.com\/palencia\/asaja-palencia-informa\/5-167-palentinos-percibiran-los-proximos-dias-la-liquidacion-pendiente-de-las-ayudas-de-la-pac-2023#primaryimage\"},\"image\":{\"@id\":\"https:\/\/www.asajacyl.com\/palencia\/asaja-palencia-informa\/5-167-palentinos-percibiran-los-proximos-dias-la-liquidacion-pendiente-de-las-ayudas-de-la-pac-2023#primaryimage\"},\"thumbnailUrl\":\"https:\/\/www.asajacyl.com\/palencia\/wp-content\/uploads\/sites\/3\/2023\/06\/PAC-2023-2027.jpg\",\"datePublished\":\"2024-06-14T11:33:19+00:00\",\"dateModified\":\"2024-06-14T11:33:22+00:00\",\"author\":{\"@id\":\"https:\/\/www.asajacyl.com\/palencia\/#\/schema\/person\/3ab17aeb03527485c317557fae64aab1\"},\"description\":\"La Consejer\u00eda de Agricultura, Ganader\u00eda y Desarrollo Rural de la Junta de Castilla y Le\u00f3n ha autorizado este viernes, 14 de junio, el pago de la\",\"breadcrumb\":{\"@id\":\"https:\/\/www.asajacyl.com\/palencia\/asaja-palencia-informa\/5-167-palentinos-percibiran-los-proximos-dias-la-liquidacion-pendiente-de-las-ayudas-de-la-pac-2023#breadcrumb\"},\"inLanguage\":\"es\",\"potentialAction\":[{\"@type\":\"ReadAction\",\"target\":[\"https:\/\/www.asajacyl.com\/palencia\/asaja-palencia-informa\/5-167-palentinos-percibiran-los-proximos-dias-la-liquidacion-pendiente-de-las-ayudas-de-la-pac-2023\"]}]},{\"@type\":\"ImageObject\",\"inLanguage\":\"es\",\"@id\":\"https:\/\/www.asajacyl.com\/palencia\/asaja-palencia-informa\/5-167-palentinos-percibiran-los-proximos-dias-la-liquidacion-pendiente-de-las-ayudas-de-la-pac-2023#primaryimage\",\"url\":\"https:\/\/www.asajacyl.com\/palencia\/wp-content\/uploads\/sites\/3\/2023\/06\/PAC-2023-2027.jpg\",\"contentUrl\":\"https:\/\/www.asajacyl.com\/palencia\/wp-content\/uploads\/sites\/3\/2023\/06\/PAC-2023-2027.jpg\",\"width\":1600,\"height\":1031},{\"@type\":\"BreadcrumbList\",\"@id\":\"https:\/\/www.asajacyl.com\/palencia\/asaja-palencia-informa\/5-167-palentinos-percibiran-los-proximos-dias-la-liquidacion-pendiente-de-las-ayudas-de-la-pac-2023#breadcrumb\",\"itemListElement\":[{\"@type\":\"ListItem\",\"position\":1,\"name\":\"Portada\",\"item\":\"https:\/\/www.asajacyl.com\/palencia\/\"},{\"@type\":\"ListItem\",\"position\":2,\"name\":\"5.167 palentinos percibir\u00e1n los pr\u00f3ximos d\u00edas la liquidaci\u00f3n pendiente de las ayudas de la PAC 2023\"}]},{\"@type\":\"WebSite\",\"@id\":\"https:\/\/www.asajacyl.com\/palencia\/#website\",\"url\":\"https:\/\/www.asajacyl.com\/palencia\/\",\"name\":\"ASAJA Palencia\",\"description\":\"Otro sitio m\u00e1s de Provincias ASAJA Castilla y Le\u00f3n\",\"potentialAction\":[{\"@type\":\"SearchAction\",\"target\":{\"@type\":\"EntryPoint\",\"urlTemplate\":\"https:\/\/www.asajacyl.com\/palencia\/?s={search_term_string}\"},\"query-input\":{\"@type\":\"PropertyValueSpecification\",\"valueRequired\":true,\"valueName\":\"search_term_string\"}}],\"inLanguage\":\"es\"},{\"@type\":\"Person\",\"@id\":\"https:\/\/www.asajacyl.com\/palencia\/#\/schema\/person\/3ab17aeb03527485c317557fae64aab1\",\"name\":\"Administrador\",\"image\":{\"@type\":\"ImageObject\",\"inLanguage\":\"es\",\"@id\":\"https:\/\/www.asajacyl.com\/palencia\/#\/schema\/person\/image\/\",\"url\":\"https:\/\/secure.gravatar.com\/avatar\/517384810d242ca9e38c180f3c9fb973?s=96&d=mm&r=g\",\"contentUrl\":\"https:\/\/secure.gravatar.com\/avatar\/517384810d242ca9e38c180f3c9fb973?s=96&d=mm&r=g\",\"caption\":\"Administrador\"},\"url\":\"https:\/\/www.asajacyl.com\/palencia\/author\/carlosrm\"}]}<\/script>\n<!-- \/ Yoast SEO plugin. -->","yoast_head_json":{"title":"5.167 palentinos percibir\u00e1n los pr\u00f3ximos d\u00edas la liquidaci\u00f3n pendiente de las ayudas de la PAC 2023 - ASAJA Palencia","description":"La Consejer\u00eda de Agricultura, Ganader\u00eda y Desarrollo Rural de la Junta de Castilla y Le\u00f3n ha autorizado este viernes, 14 de junio, el pago de la","robots":{"index":"index","follow":"follow","max-snippet":"max-snippet:-1","max-image-preview":"max-image-preview:large","max-video-preview":"max-video-preview:-1"},"canonical":"https:\/\/www.asajacyl.com\/palencia\/asaja-palencia-informa\/5-167-palentinos-percibiran-los-proximos-dias-la-liquidacion-pendiente-de-las-ayudas-de-la-pac-2023","og_locale":"es_ES","og_type":"article","og_title":"5.167 palentinos percibir\u00e1n los pr\u00f3ximos d\u00edas la liquidaci\u00f3n pendiente de las ayudas de la PAC 2023 - ASAJA Palencia","og_description":"La Consejer\u00eda de Agricultura, Ganader\u00eda y Desarrollo Rural de la Junta de Castilla y Le\u00f3n ha autorizado este viernes, 14 de junio, el pago de la","og_url":"https:\/\/www.asajacyl.com\/palencia\/asaja-palencia-informa\/5-167-palentinos-percibiran-los-proximos-dias-la-liquidacion-pendiente-de-las-ayudas-de-la-pac-2023","og_site_name":"ASAJA Palencia","article_published_time":"2024-06-14T11:33:19+00:00","article_modified_time":"2024-06-14T11:33:22+00:00","og_image":[{"width":1600,"height":1031,"url":"https:\/\/www.asajacyl.com\/palencia\/wp-content\/uploads\/sites\/3\/2023\/06\/PAC-2023-2027.jpg","type":"image\/jpeg"}],"author":"Administrador","twitter_card":"summary_large_image","twitter_misc":{"Escrito por":"Administrador","Tiempo de lectura":"3 minutos"},"schema":{"@context":"https:\/\/schema.org","@graph":[{"@type":"WebPage","@id":"https:\/\/www.asajacyl.com\/palencia\/asaja-palencia-informa\/5-167-palentinos-percibiran-los-proximos-dias-la-liquidacion-pendiente-de-las-ayudas-de-la-pac-2023","url":"https:\/\/www.asajacyl.com\/palencia\/asaja-palencia-informa\/5-167-palentinos-percibiran-los-proximos-dias-la-liquidacion-pendiente-de-las-ayudas-de-la-pac-2023","name":"5.167 palentinos percibir\u00e1n los pr\u00f3ximos d\u00edas la liquidaci\u00f3n pendiente de las ayudas de la PAC 2023 - ASAJA Palencia","isPartOf":{"@id":"https:\/\/www.asajacyl.com\/palencia\/#website"},"primaryImageOfPage":{"@id":"https:\/\/www.asajacyl.com\/palencia\/asaja-palencia-informa\/5-167-palentinos-percibiran-los-proximos-dias-la-liquidacion-pendiente-de-las-ayudas-de-la-pac-2023#primaryimage"},"image":{"@id":"https:\/\/www.asajacyl.com\/palencia\/asaja-palencia-informa\/5-167-palentinos-percibiran-los-proximos-dias-la-liquidacion-pendiente-de-las-ayudas-de-la-pac-2023#primaryimage"},"thumbnailUrl":"https:\/\/www.asajacyl.com\/palencia\/wp-content\/uploads\/sites\/3\/2023\/06\/PAC-2023-2027.jpg","datePublished":"2024-06-14T11:33:19+00:00","dateModified":"2024-06-14T11:33:22+00:00","author":{"@id":"https:\/\/www.asajacyl.com\/palencia\/#\/schema\/person\/3ab17aeb03527485c317557fae64aab1"},"description":"La Consejer\u00eda de Agricultura, Ganader\u00eda y Desarrollo Rural de la Junta de Castilla y Le\u00f3n ha autorizado este viernes, 14 de junio, el pago de la","breadcrumb":{"@id":"https:\/\/www.asajacyl.com\/palencia\/asaja-palencia-informa\/5-167-palentinos-percibiran-los-proximos-dias-la-liquidacion-pendiente-de-las-ayudas-de-la-pac-2023#breadcrumb"},"inLanguage":"es","potentialAction":[{"@type":"ReadAction","target":["https:\/\/www.asajacyl.com\/palencia\/asaja-palencia-informa\/5-167-palentinos-percibiran-los-proximos-dias-la-liquidacion-pendiente-de-las-ayudas-de-la-pac-2023"]}]},{"@type":"ImageObject","inLanguage":"es","@id":"https:\/\/www.asajacyl.com\/palencia\/asaja-palencia-informa\/5-167-palentinos-percibiran-los-proximos-dias-la-liquidacion-pendiente-de-las-ayudas-de-la-pac-2023#primaryimage","url":"https:\/\/www.asajacyl.com\/palencia\/wp-content\/uploads\/sites\/3\/2023\/06\/PAC-2023-2027.jpg","contentUrl":"https:\/\/www.asajacyl.com\/palencia\/wp-content\/uploads\/sites\/3\/2023\/06\/PAC-2023-2027.jpg","width":1600,"height":1031},{"@type":"BreadcrumbList","@id":"https:\/\/www.asajacyl.com\/palencia\/asaja-palencia-informa\/5-167-palentinos-percibiran-los-proximos-dias-la-liquidacion-pendiente-de-las-ayudas-de-la-pac-2023#breadcrumb","itemListElement":[{"@type":"ListItem","position":1,"name":"Portada","item":"https:\/\/www.asajacyl.com\/palencia\/"},{"@type":"ListItem","position":2,"name":"5.167 palentinos percibir\u00e1n los pr\u00f3ximos d\u00edas la liquidaci\u00f3n pendiente de las ayudas de la PAC 2023"}]},{"@type":"WebSite","@id":"https:\/\/www.asajacyl.com\/palencia\/#website","url":"https:\/\/www.asajacyl.com\/palencia\/","name":"ASAJA Palencia","description":"Otro sitio m\u00e1s de Provincias ASAJA Castilla y Le\u00f3n","potentialAction":[{"@type":"SearchAction","target":{"@type":"EntryPoint","urlTemplate":"https:\/\/www.asajacyl.com\/palencia\/?s={search_term_string}"},"query-input":{"@type":"PropertyValueSpecification","valueRequired":true,"valueName":"search_term_string"}}],"inLanguage":"es"},{"@type":"Person","@id":"https:\/\/www.asajacyl.com\/palencia\/#\/schema\/person\/3ab17aeb03527485c317557fae64aab1","name":"Administrador","image":{"@type":"ImageObject","inLanguage":"es","@id":"https:\/\/www.asajacyl.com\/palencia\/#\/schema\/person\/image\/","url":"https:\/\/secure.gravatar.com\/avatar\/517384810d242ca9e38c180f3c9fb973?s=96&d=mm&r=g","contentUrl":"https:\/\/secure.gravatar.com\/avatar\/517384810d242ca9e38c180f3c9fb973?s=96&d=mm&r=g","caption":"Administrador"},"url":"https:\/\/www.asajacyl.com\/palencia\/author\/carlosrm"}]}},"_links":{"self":[{"href":"https:\/\/www.asajacyl.com\/palencia\/wp-json\/wp\/v2\/posts\/16546"}],"collection":[{"href":"https:\/\/www.asajacyl.com\/palencia\/wp-json\/wp\/v2\/posts"}],"about":[{"href":"https:\/\/www.asajacyl.com\/palencia\/wp-json\/wp\/v2\/types\/post"}],"author":[{"embeddable":true,"href":"https:\/\/www.asajacyl.com\/palencia\/wp-json\/wp\/v2\/users\/9"}],"replies":[{"embeddable":true,"href":"https:\/\/www.asajacyl.com\/palencia\/wp-json\/wp\/v2\/comments?post=16546"}],"version-history":[{"count":1,"href":"https:\/\/www.asajacyl.com\/palencia\/wp-json\/wp\/v2\/posts\/16546\/revisions"}],"predecessor-version":[{"id":16547,"href":"https:\/\/www.asajacyl.com\/palencia\/wp-json\/wp\/v2\/posts\/16546\/revisions\/16547"}],"wp:featuredmedia":[{"embeddable":true,"href":"https:\/\/www.asajacyl.com\/palencia\/wp-json\/wp\/v2\/media\/13488"}],"wp:attachment":[{"href":"https:\/\/www.asajacyl.com\/palencia\/wp-json\/wp\/v2\/media?parent=16546"}],"wp:term":[{"taxonomy":"category","embeddable":true,"href":"https:\/\/www.asajacyl.com\/palencia\/wp-json\/wp\/v2\/categories?post=16546"},{"taxonomy":"post_tag","embeddable":true,"href":"https:\/\/www.asajacyl.com\/palencia\/wp-json\/wp\/v2\/tags?post=16546"}],"curies":[{"name":"wp","href":"https:\/\/api.w.org\/{rel}","templated":true}]}}