{"id":16549,"date":"2024-06-17T09:00:00","date_gmt":"2024-06-17T07:00:00","guid":{"rendered":"https:\/\/www.asajacyl.com\/palencia\/?p=16549"},"modified":"2024-06-14T13:58:31","modified_gmt":"2024-06-14T11:58:31","slug":"la-ue-flexibiliza-las-ayudas-sin-su-supervision-que-pueden-conceder-los-estados-ayudas-de-minimis","status":"publish","type":"post","link":"https:\/\/www.asajacyl.com\/palencia\/sin-categoria\/la-ue-flexibiliza-las-ayudas-sin-su-supervision-que-pueden-conceder-los-estados-ayudas-de-minimis","title":{"rendered":"La UE flexibiliza la norma de las peque\u00f1as ayudas sin su supervisi\u00f3n que dan los estados (minimis)"},"content":{"rendered":"\n<h2 class=\"wp-block-heading\">El Diario Oficial de la Uni\u00f3n Europea ha publicado recientemente (jueves 13 de junio) el proyecto de modificaci\u00f3n del Reglamento (UE) n\u00famero 1408\/2013 sobre las ayudas de minimis en el sector agr\u00edcola. Se cambia as\u00ed la regulaci\u00f3n de estas ayudas de menor cuant\u00eda, que pueden aplicar los estados miembros sin rendir cuentas a la UE al considerar que no distorsionan el mercado comunitario. El objetivo es ganar eficacia y adaptarlo a las realidades econ\u00f3micas actuales.<\/h2>\n\n\n\n<p>El\u00a0<a href=\"https:\/\/www.boe.es\/doue\/2013\/352\/L00009-00017.pdf\" target=\"_blank\" rel=\"noreferrer noopener\">Reglamento de 2013<\/a>\u00a0establec\u00eda un marco para garantizar que las ayudas de minimis no distorsionen la competencia en el mercado interno de la Uni\u00f3n Europea. Sin embargo, con el paso del tiempo, han surgido necesidades de ajuste y actualizaci\u00f3n. Las\u00a0<a href=\"https:\/\/eur-lex.europa.eu\/legal-content\/ES\/TXT\/HTML\/?uri=OJ:C_202403813\" target=\"_blank\" rel=\"noreferrer noopener\">modificaciones propuestas al Reglamento<\/a>\u00a0buscan modernizar y adaptar las normativas a las necesidades actuales del sector agr\u00edcola. <\/p>\n\n\n\n<p>Los principales cambios son los siguientes:<\/p>\n\n\n\n<ul>\n<li>1. Se incrementa el <strong>l\u00edmite m\u00e1ximo de ayudas<\/strong> de 25.000 euros a 37.000 euros por empresa durante un per\u00edodo de tres a\u00f1os. Este aumento responde a la inflaci\u00f3n y a la necesidad de proporcionar un apoyo financiero m\u00e1s significativo a las empresas agr\u00edcolas.<br><\/li>\n\n\n\n<li>2. Respecto al <strong>control y transparencia<\/strong>, se introduce la obligatoriedad de crear un <strong>registro central <\/strong>para todas las ayudas de minimis concedidas. Este registro centralizado permitir\u00e1 un mejor seguimiento y control de las ayudas, garantizando que se cumplan los l\u00edmites y que se eviten abusos o errores en la concesi\u00f3n de las ayudas.<br><\/li>\n\n\n\n<li>3. Se ajustan\u00a0los <strong>topes nacionales y sectoriales <\/strong>para reflejar mejor la inflaci\u00f3n y las condiciones econ\u00f3micas actuales. Estos ajustes buscan asegurar que las ayudas de minimis sigan siendo efectivas y no distorsionen la competencia en el mercado interno.<br><\/li>\n\n\n\n<li>4. Se establecen <strong>reglas claras sobre la acumulaci\u00f3n de ayudas <\/strong>provenientes de diferentes sectores. Estas normas buscan mejorar la coherencia en la concesi\u00f3n de ayudas y asegurar que las empresas no reciban un apoyo financiero excesivo que pudiera distorsionar la competencia.<\/li>\n<\/ul>\n\n\n\n<p>Las modificaciones propuestas reducir\u00e1n la carga administrativa para los profesionales del campo, gracias a los nuevos registros centrales de ayudas de minimis obligatorios, que evitar\u00e1 la obligaci\u00f3n de notificar por parte de agricultores y ganaderos.<\/p>\n\n\n\n<p>La revisi\u00f3n prorrogar\u00e1 el actual Reglamento hasta 2032. La publicaci\u00f3n en el Bolet\u00edn Oficial de la UE por parte de la Comisi\u00f3n Europea abre el proceso para que todas las partes interesadas pueden presentar alegaciones y observaciones sobre el proyecto de modificaciones hasta el 21 de julio de 2024.<strong>\/<\/strong> <\/p>\n","protected":false},"excerpt":{"rendered":"<p>El Diario Oficial de la Uni\u00f3n Europea ha publicado recientemente (jueves 13 de junio) el proyecto de modificaci\u00f3n del Reglamento (UE) n\u00famero 1408\/2013 sobre las ayudas de minimis en el sector agr\u00edcola. Se cambia as\u00ed la regulaci\u00f3n de estas ayudas de menor cuant\u00eda, que pueden aplicar los estados miembros sin rendir cuentas a la UE [&hellip;]<\/p>\n","protected":false},"author":9,"featured_media":13810,"comment_status":"open","ping_status":"open","sticky":false,"template":"","format":"standard","meta":{"footnotes":""},"categories":[9,29,28,1],"tags":[58,932,260,77,44],"yoast_head":"<!-- This site is optimized with the Yoast SEO plugin v24.5 - https:\/\/yoast.com\/wordpress\/plugins\/seo\/ -->\n<title>La UE flexibiliza la norma de las peque\u00f1as ayudas sin su supervisi\u00f3n que dan los estados (minimis) - ASAJA Palencia<\/title>\n<meta name=\"description\" content=\"El Diario Oficial de la Uni\u00f3n Europea ha publicado recientemente (jueves 13 de junio) el proyecto de modificaci\u00f3n del Reglamento (UE) n\u00famero 1408\/2013\" \/>\n<meta name=\"robots\" content=\"index, follow, max-snippet:-1, max-image-preview:large, max-video-preview:-1\" \/>\n<link rel=\"canonical\" href=\"https:\/\/www.asajacyl.com\/palencia\/sin-categoria\/la-ue-flexibiliza-las-ayudas-sin-su-supervision-que-pueden-conceder-los-estados-ayudas-de-minimis\" \/>\n<meta property=\"og:locale\" content=\"es_ES\" \/>\n<meta property=\"og:type\" content=\"article\" \/>\n<meta property=\"og:title\" content=\"La UE flexibiliza la norma de las peque\u00f1as ayudas sin su supervisi\u00f3n que dan los estados (minimis) - ASAJA Palencia\" \/>\n<meta property=\"og:description\" content=\"El Diario Oficial de la Uni\u00f3n Europea ha publicado recientemente (jueves 13 de junio) el proyecto de modificaci\u00f3n del Reglamento (UE) n\u00famero 1408\/2013\" \/>\n<meta property=\"og:url\" content=\"https:\/\/www.asajacyl.com\/palencia\/sin-categoria\/la-ue-flexibiliza-las-ayudas-sin-su-supervision-que-pueden-conceder-los-estados-ayudas-de-minimis\" \/>\n<meta property=\"og:site_name\" content=\"ASAJA Palencia\" \/>\n<meta property=\"article:published_time\" content=\"2024-06-17T07:00:00+00:00\" \/>\n<meta property=\"og:image\" content=\"https:\/\/www.asajacyl.com\/palencia\/wp-content\/uploads\/sites\/3\/2023\/07\/Comision-europea-web-1.jpg\" \/>\n\t<meta property=\"og:image:width\" content=\"1890\" \/>\n\t<meta property=\"og:image:height\" content=\"1654\" \/>\n\t<meta property=\"og:image:type\" content=\"image\/jpeg\" \/>\n<meta name=\"author\" content=\"Administrador\" \/>\n<meta name=\"twitter:card\" content=\"summary_large_image\" \/>\n<meta name=\"twitter:label1\" content=\"Escrito por\" \/>\n\t<meta name=\"twitter:data1\" content=\"Administrador\" \/>\n\t<meta name=\"twitter:label2\" content=\"Tiempo de lectura\" \/>\n\t<meta name=\"twitter:data2\" content=\"3 minutos\" \/>\n<script type=\"application\/ld+json\" class=\"yoast-schema-graph\">{\"@context\":\"https:\/\/schema.org\",\"@graph\":[{\"@type\":\"WebPage\",\"@id\":\"https:\/\/www.asajacyl.com\/palencia\/sin-categoria\/la-ue-flexibiliza-las-ayudas-sin-su-supervision-que-pueden-conceder-los-estados-ayudas-de-minimis\",\"url\":\"https:\/\/www.asajacyl.com\/palencia\/sin-categoria\/la-ue-flexibiliza-las-ayudas-sin-su-supervision-que-pueden-conceder-los-estados-ayudas-de-minimis\",\"name\":\"La UE flexibiliza la norma de las peque\u00f1as ayudas sin su supervisi\u00f3n que dan los estados (minimis) - ASAJA Palencia\",\"isPartOf\":{\"@id\":\"https:\/\/www.asajacyl.com\/palencia\/#website\"},\"primaryImageOfPage\":{\"@id\":\"https:\/\/www.asajacyl.com\/palencia\/sin-categoria\/la-ue-flexibiliza-las-ayudas-sin-su-supervision-que-pueden-conceder-los-estados-ayudas-de-minimis#primaryimage\"},\"image\":{\"@id\":\"https:\/\/www.asajacyl.com\/palencia\/sin-categoria\/la-ue-flexibiliza-las-ayudas-sin-su-supervision-que-pueden-conceder-los-estados-ayudas-de-minimis#primaryimage\"},\"thumbnailUrl\":\"https:\/\/www.asajacyl.com\/palencia\/wp-content\/uploads\/sites\/3\/2023\/07\/Comision-europea-web-1.jpg\",\"datePublished\":\"2024-06-17T07:00:00+00:00\",\"author\":{\"@id\":\"https:\/\/www.asajacyl.com\/palencia\/#\/schema\/person\/3ab17aeb03527485c317557fae64aab1\"},\"description\":\"El Diario Oficial de la Uni\u00f3n Europea ha publicado recientemente (jueves 13 de junio) el proyecto de modificaci\u00f3n del Reglamento (UE) n\u00famero 1408\/2013\",\"breadcrumb\":{\"@id\":\"https:\/\/www.asajacyl.com\/palencia\/sin-categoria\/la-ue-flexibiliza-las-ayudas-sin-su-supervision-que-pueden-conceder-los-estados-ayudas-de-minimis#breadcrumb\"},\"inLanguage\":\"es\",\"potentialAction\":[{\"@type\":\"ReadAction\",\"target\":[\"https:\/\/www.asajacyl.com\/palencia\/sin-categoria\/la-ue-flexibiliza-las-ayudas-sin-su-supervision-que-pueden-conceder-los-estados-ayudas-de-minimis\"]}]},{\"@type\":\"ImageObject\",\"inLanguage\":\"es\",\"@id\":\"https:\/\/www.asajacyl.com\/palencia\/sin-categoria\/la-ue-flexibiliza-las-ayudas-sin-su-supervision-que-pueden-conceder-los-estados-ayudas-de-minimis#primaryimage\",\"url\":\"https:\/\/www.asajacyl.com\/palencia\/wp-content\/uploads\/sites\/3\/2023\/07\/Comision-europea-web-1.jpg\",\"contentUrl\":\"https:\/\/www.asajacyl.com\/palencia\/wp-content\/uploads\/sites\/3\/2023\/07\/Comision-europea-web-1.jpg\",\"width\":1890,\"height\":1654},{\"@type\":\"BreadcrumbList\",\"@id\":\"https:\/\/www.asajacyl.com\/palencia\/sin-categoria\/la-ue-flexibiliza-las-ayudas-sin-su-supervision-que-pueden-conceder-los-estados-ayudas-de-minimis#breadcrumb\",\"itemListElement\":[{\"@type\":\"ListItem\",\"position\":1,\"name\":\"Portada\",\"item\":\"https:\/\/www.asajacyl.com\/palencia\/\"},{\"@type\":\"ListItem\",\"position\":2,\"name\":\"La UE flexibiliza la norma de las peque\u00f1as ayudas sin su supervisi\u00f3n que dan los estados (minimis)\"}]},{\"@type\":\"WebSite\",\"@id\":\"https:\/\/www.asajacyl.com\/palencia\/#website\",\"url\":\"https:\/\/www.asajacyl.com\/palencia\/\",\"name\":\"ASAJA Palencia\",\"description\":\"Otro sitio m\u00e1s de Provincias ASAJA Castilla y Le\u00f3n\",\"potentialAction\":[{\"@type\":\"SearchAction\",\"target\":{\"@type\":\"EntryPoint\",\"urlTemplate\":\"https:\/\/www.asajacyl.com\/palencia\/?s={search_term_string}\"},\"query-input\":{\"@type\":\"PropertyValueSpecification\",\"valueRequired\":true,\"valueName\":\"search_term_string\"}}],\"inLanguage\":\"es\"},{\"@type\":\"Person\",\"@id\":\"https:\/\/www.asajacyl.com\/palencia\/#\/schema\/person\/3ab17aeb03527485c317557fae64aab1\",\"name\":\"Administrador\",\"image\":{\"@type\":\"ImageObject\",\"inLanguage\":\"es\",\"@id\":\"https:\/\/www.asajacyl.com\/palencia\/#\/schema\/person\/image\/\",\"url\":\"https:\/\/secure.gravatar.com\/avatar\/517384810d242ca9e38c180f3c9fb973?s=96&d=mm&r=g\",\"contentUrl\":\"https:\/\/secure.gravatar.com\/avatar\/517384810d242ca9e38c180f3c9fb973?s=96&d=mm&r=g\",\"caption\":\"Administrador\"},\"url\":\"https:\/\/www.asajacyl.com\/palencia\/author\/carlosrm\"}]}<\/script>\n<!-- \/ Yoast SEO plugin. -->","yoast_head_json":{"title":"La UE flexibiliza la norma de las peque\u00f1as ayudas sin su supervisi\u00f3n que dan los estados (minimis) - ASAJA Palencia","description":"El Diario Oficial de la Uni\u00f3n Europea ha publicado recientemente (jueves 13 de junio) el proyecto de modificaci\u00f3n del Reglamento (UE) n\u00famero 1408\/2013","robots":{"index":"index","follow":"follow","max-snippet":"max-snippet:-1","max-image-preview":"max-image-preview:large","max-video-preview":"max-video-preview:-1"},"canonical":"https:\/\/www.asajacyl.com\/palencia\/sin-categoria\/la-ue-flexibiliza-las-ayudas-sin-su-supervision-que-pueden-conceder-los-estados-ayudas-de-minimis","og_locale":"es_ES","og_type":"article","og_title":"La UE flexibiliza la norma de las peque\u00f1as ayudas sin su supervisi\u00f3n que dan los estados (minimis) - ASAJA Palencia","og_description":"El Diario Oficial de la Uni\u00f3n Europea ha publicado recientemente (jueves 13 de junio) el proyecto de modificaci\u00f3n del Reglamento (UE) n\u00famero 1408\/2013","og_url":"https:\/\/www.asajacyl.com\/palencia\/sin-categoria\/la-ue-flexibiliza-las-ayudas-sin-su-supervision-que-pueden-conceder-los-estados-ayudas-de-minimis","og_site_name":"ASAJA Palencia","article_published_time":"2024-06-17T07:00:00+00:00","og_image":[{"width":1890,"height":1654,"url":"https:\/\/www.asajacyl.com\/palencia\/wp-content\/uploads\/sites\/3\/2023\/07\/Comision-europea-web-1.jpg","type":"image\/jpeg"}],"author":"Administrador","twitter_card":"summary_large_image","twitter_misc":{"Escrito por":"Administrador","Tiempo de lectura":"3 minutos"},"schema":{"@context":"https:\/\/schema.org","@graph":[{"@type":"WebPage","@id":"https:\/\/www.asajacyl.com\/palencia\/sin-categoria\/la-ue-flexibiliza-las-ayudas-sin-su-supervision-que-pueden-conceder-los-estados-ayudas-de-minimis","url":"https:\/\/www.asajacyl.com\/palencia\/sin-categoria\/la-ue-flexibiliza-las-ayudas-sin-su-supervision-que-pueden-conceder-los-estados-ayudas-de-minimis","name":"La UE flexibiliza la norma de las peque\u00f1as ayudas sin su supervisi\u00f3n que dan los estados (minimis) - ASAJA Palencia","isPartOf":{"@id":"https:\/\/www.asajacyl.com\/palencia\/#website"},"primaryImageOfPage":{"@id":"https:\/\/www.asajacyl.com\/palencia\/sin-categoria\/la-ue-flexibiliza-las-ayudas-sin-su-supervision-que-pueden-conceder-los-estados-ayudas-de-minimis#primaryimage"},"image":{"@id":"https:\/\/www.asajacyl.com\/palencia\/sin-categoria\/la-ue-flexibiliza-las-ayudas-sin-su-supervision-que-pueden-conceder-los-estados-ayudas-de-minimis#primaryimage"},"thumbnailUrl":"https:\/\/www.asajacyl.com\/palencia\/wp-content\/uploads\/sites\/3\/2023\/07\/Comision-europea-web-1.jpg","datePublished":"2024-06-17T07:00:00+00:00","author":{"@id":"https:\/\/www.asajacyl.com\/palencia\/#\/schema\/person\/3ab17aeb03527485c317557fae64aab1"},"description":"El Diario Oficial de la Uni\u00f3n Europea ha publicado recientemente (jueves 13 de junio) el proyecto de modificaci\u00f3n del Reglamento (UE) n\u00famero 1408\/2013","breadcrumb":{"@id":"https:\/\/www.asajacyl.com\/palencia\/sin-categoria\/la-ue-flexibiliza-las-ayudas-sin-su-supervision-que-pueden-conceder-los-estados-ayudas-de-minimis#breadcrumb"},"inLanguage":"es","potentialAction":[{"@type":"ReadAction","target":["https:\/\/www.asajacyl.com\/palencia\/sin-categoria\/la-ue-flexibiliza-las-ayudas-sin-su-supervision-que-pueden-conceder-los-estados-ayudas-de-minimis"]}]},{"@type":"ImageObject","inLanguage":"es","@id":"https:\/\/www.asajacyl.com\/palencia\/sin-categoria\/la-ue-flexibiliza-las-ayudas-sin-su-supervision-que-pueden-conceder-los-estados-ayudas-de-minimis#primaryimage","url":"https:\/\/www.asajacyl.com\/palencia\/wp-content\/uploads\/sites\/3\/2023\/07\/Comision-europea-web-1.jpg","contentUrl":"https:\/\/www.asajacyl.com\/palencia\/wp-content\/uploads\/sites\/3\/2023\/07\/Comision-europea-web-1.jpg","width":1890,"height":1654},{"@type":"BreadcrumbList","@id":"https:\/\/www.asajacyl.com\/palencia\/sin-categoria\/la-ue-flexibiliza-las-ayudas-sin-su-supervision-que-pueden-conceder-los-estados-ayudas-de-minimis#breadcrumb","itemListElement":[{"@type":"ListItem","position":1,"name":"Portada","item":"https:\/\/www.asajacyl.com\/palencia\/"},{"@type":"ListItem","position":2,"name":"La UE flexibiliza la norma de las peque\u00f1as ayudas sin su supervisi\u00f3n que dan los estados (minimis)"}]},{"@type":"WebSite","@id":"https:\/\/www.asajacyl.com\/palencia\/#website","url":"https:\/\/www.asajacyl.com\/palencia\/","name":"ASAJA Palencia","description":"Otro sitio m\u00e1s de Provincias ASAJA Castilla y Le\u00f3n","potentialAction":[{"@type":"SearchAction","target":{"@type":"EntryPoint","urlTemplate":"https:\/\/www.asajacyl.com\/palencia\/?s={search_term_string}"},"query-input":{"@type":"PropertyValueSpecification","valueRequired":true,"valueName":"search_term_string"}}],"inLanguage":"es"},{"@type":"Person","@id":"https:\/\/www.asajacyl.com\/palencia\/#\/schema\/person\/3ab17aeb03527485c317557fae64aab1","name":"Administrador","image":{"@type":"ImageObject","inLanguage":"es","@id":"https:\/\/www.asajacyl.com\/palencia\/#\/schema\/person\/image\/","url":"https:\/\/secure.gravatar.com\/avatar\/517384810d242ca9e38c180f3c9fb973?s=96&d=mm&r=g","contentUrl":"https:\/\/secure.gravatar.com\/avatar\/517384810d242ca9e38c180f3c9fb973?s=96&d=mm&r=g","caption":"Administrador"},"url":"https:\/\/www.asajacyl.com\/palencia\/author\/carlosrm"}]}},"_links":{"self":[{"href":"https:\/\/www.asajacyl.com\/palencia\/wp-json\/wp\/v2\/posts\/16549"}],"collection":[{"href":"https:\/\/www.asajacyl.com\/palencia\/wp-json\/wp\/v2\/posts"}],"about":[{"href":"https:\/\/www.asajacyl.com\/palencia\/wp-json\/wp\/v2\/types\/post"}],"author":[{"embeddable":true,"href":"https:\/\/www.asajacyl.com\/palencia\/wp-json\/wp\/v2\/users\/9"}],"replies":[{"embeddable":true,"href":"https:\/\/www.asajacyl.com\/palencia\/wp-json\/wp\/v2\/comments?post=16549"}],"version-history":[{"count":3,"href":"https:\/\/www.asajacyl.com\/palencia\/wp-json\/wp\/v2\/posts\/16549\/revisions"}],"predecessor-version":[{"id":16553,"href":"https:\/\/www.asajacyl.com\/palencia\/wp-json\/wp\/v2\/posts\/16549\/revisions\/16553"}],"wp:featuredmedia":[{"embeddable":true,"href":"https:\/\/www.asajacyl.com\/palencia\/wp-json\/wp\/v2\/media\/13810"}],"wp:attachment":[{"href":"https:\/\/www.asajacyl.com\/palencia\/wp-json\/wp\/v2\/media?parent=16549"}],"wp:term":[{"taxonomy":"category","embeddable":true,"href":"https:\/\/www.asajacyl.com\/palencia\/wp-json\/wp\/v2\/categories?post=16549"},{"taxonomy":"post_tag","embeddable":true,"href":"https:\/\/www.asajacyl.com\/palencia\/wp-json\/wp\/v2\/tags?post=16549"}],"curies":[{"name":"wp","href":"https:\/\/api.w.org\/{rel}","templated":true}]}}