{"id":16623,"date":"2024-06-26T08:55:54","date_gmt":"2024-06-26T06:55:54","guid":{"rendered":"https:\/\/www.asajacyl.com\/palencia\/?p=16623"},"modified":"2024-06-26T08:55:58","modified_gmt":"2024-06-26T06:55:58","slug":"suprimir-el-iva-a-ciertos-alimentos-perjudica-la-liquidez-de-muchos-profesionales-agroganaderos","status":"publish","type":"post","link":"https:\/\/www.asajacyl.com\/palencia\/asaja-palencia-informa\/suprimir-el-iva-a-ciertos-alimentos-perjudica-la-liquidez-de-muchos-profesionales-agroganaderos","title":{"rendered":"Suprimir el IVA a ciertos alimentos perjudica la liquidez de muchos profesionales agroganaderos"},"content":{"rendered":"\n<h2 class=\"wp-block-heading\">La nueva pr\u00f3rroga de la medida anticrisis que el Gobierno de Espa\u00f1a adopt\u00f3 en enero de 2023, que consiste en la reducci\u00f3n o la supresi\u00f3n del IVA en determinados alimentos (a los que se suma el aceite de oliva) es positiva porque incentiva el consumo, pero a su vez supone un quebranto econ\u00f3mico para muchas explotaciones agroganaderas, seg\u00fan denuncia ASAJA-Castilla y Le\u00f3n.<\/h2>\n\n\n\n<p>Los profesionales agrarios acogidos al R\u00e9gimen Especial del IVA de la agricultura y la ganader\u00eda no notar\u00e1n la medida en sus bolsillos, porque siguen recibiendo la misma compensaci\u00f3n del tributo al vender sus productos. Pero no sucede con quienes cotizan en el R\u00e9gimen General de IVA, que son mayor\u00eda en sectores como el l\u00e1cteo. En ese caso, el profesional del campo no percibe el IVA al vender sus productos, pero s\u00ed tiene que seguir pagando el que se aplica al comprar los insumos o al efectuar inversiones. <\/p>\n\n\n\n<p>La Agencia Tributariaa acaba finalmente compensando ese IVA soportado, pero no lo hace hasta el final del segundo semestre del a\u00f1o fiscal siguiente, lo que deja sin tesorer\u00eda a muchas explotaciones.<\/p>\n\n\n\n<p><strong>UN A\u00d1O. <\/strong>El IVA, que paga el consumidor final, es un impuesto neutro en el sector productivo, como es el caso de la agricultura y la ganader\u00eda: la hacienda p\u00fablica devuelve lo que no se compensa. Pero la cuesti\u00f3n es que, en la situaci\u00f3n actual, no se compensa nada, por lo que la cifra est\u00e1 muy engordada y la Agencia Tributaria tarda una media de un a\u00f1o en devolverlo. Muchos agricultores y ganaderos han recurrido a los pr\u00e9stamos con los bancos para financiar esa devoluci\u00f3n de IVA, con intereses en el entorno del 6 %.<\/p>\n\n\n\n<p>En Castilla y Le\u00f3n se ven afectados por esta medida de supresi\u00f3n del IVA los cerealistas y los ganaderos de leche, as\u00ed como los productores de legumbres, tub\u00e9rculos, frutas, hortalizas y verduras.<\/p>\n\n\n\n<p>Ante esta situaci\u00f3n, ASAJA-Castilla y Le\u00f3n reclama al Gobierno un cambio normativo que permita la regularizaci\u00f3n del impuesto de manera trimestral, para devolver cada tres meses la diferencia entre el IVA soportado y el IVA repercutido, sin esperar a que pase todo un a\u00f1o y causar severos problemas de tesorer\u00eda a los profesionales agrarios.<strong>\/<\/strong><\/p>\n\n\n\n<p><a href=\"https:\/\/www.asajacyl.com\/wp-content\/uploads\/2017\/11\/web_ovejas_assaf_awasi.jpg\"><\/a><\/p>\n","protected":false},"excerpt":{"rendered":"<p>La nueva pr\u00f3rroga de la medida anticrisis que el Gobierno de Espa\u00f1a adopt\u00f3 en enero de 2023, que consiste en la reducci\u00f3n o la supresi\u00f3n del IVA en determinados alimentos (a los que se suma el aceite de oliva) es positiva porque incentiva el consumo, pero a su vez supone un quebranto econ\u00f3mico para muchas [&hellip;]<\/p>\n","protected":false},"author":9,"featured_media":13840,"comment_status":"open","ping_status":"open","sticky":false,"template":"","format":"standard","meta":{"footnotes":""},"categories":[9,29,28],"tags":[580,58,46,351,77,280,121,944],"yoast_head":"<!-- This site is optimized with the Yoast SEO plugin v24.5 - https:\/\/yoast.com\/wordpress\/plugins\/seo\/ -->\n<title>Suprimir el IVA a ciertos alimentos perjudica la liquidez de muchos profesionales agroganaderos - ASAJA Palencia<\/title>\n<meta name=\"description\" content=\"La nueva pr\u00f3rroga de la medida anticrisis que el Gobierno de Espa\u00f1a adopt\u00f3 en enero de 2023, que consiste en la reducci\u00f3n o la supresi\u00f3n del IVA en\" \/>\n<meta name=\"robots\" content=\"index, follow, max-snippet:-1, max-image-preview:large, max-video-preview:-1\" \/>\n<link rel=\"canonical\" href=\"https:\/\/www.asajacyl.com\/palencia\/asaja-palencia-informa\/suprimir-el-iva-a-ciertos-alimentos-perjudica-la-liquidez-de-muchos-profesionales-agroganaderos\" \/>\n<meta property=\"og:locale\" content=\"es_ES\" \/>\n<meta property=\"og:type\" content=\"article\" \/>\n<meta property=\"og:title\" content=\"Suprimir el IVA a ciertos alimentos perjudica la liquidez de muchos profesionales agroganaderos - ASAJA Palencia\" \/>\n<meta property=\"og:description\" content=\"La nueva pr\u00f3rroga de la medida anticrisis que el Gobierno de Espa\u00f1a adopt\u00f3 en enero de 2023, que consiste en la reducci\u00f3n o la supresi\u00f3n del IVA en\" \/>\n<meta property=\"og:url\" content=\"https:\/\/www.asajacyl.com\/palencia\/asaja-palencia-informa\/suprimir-el-iva-a-ciertos-alimentos-perjudica-la-liquidez-de-muchos-profesionales-agroganaderos\" \/>\n<meta property=\"og:site_name\" content=\"ASAJA Palencia\" \/>\n<meta property=\"article:published_time\" content=\"2024-06-26T06:55:54+00:00\" \/>\n<meta property=\"article:modified_time\" content=\"2024-06-26T06:55:58+00:00\" \/>\n<meta property=\"og:image\" content=\"https:\/\/www.asajacyl.com\/palencia\/wp-content\/uploads\/sites\/3\/2023\/07\/Vacuno-de-leche-para-web-1024x896.jpg\" \/>\n\t<meta property=\"og:image:width\" content=\"1024\" \/>\n\t<meta property=\"og:image:height\" content=\"896\" \/>\n\t<meta property=\"og:image:type\" content=\"image\/jpeg\" \/>\n<meta name=\"author\" content=\"Administrador\" \/>\n<meta name=\"twitter:card\" content=\"summary_large_image\" \/>\n<meta name=\"twitter:label1\" content=\"Escrito por\" \/>\n\t<meta name=\"twitter:data1\" content=\"Administrador\" \/>\n\t<meta name=\"twitter:label2\" content=\"Tiempo de lectura\" \/>\n\t<meta name=\"twitter:data2\" content=\"2 minutos\" \/>\n<script type=\"application\/ld+json\" class=\"yoast-schema-graph\">{\"@context\":\"https:\/\/schema.org\",\"@graph\":[{\"@type\":\"WebPage\",\"@id\":\"https:\/\/www.asajacyl.com\/palencia\/asaja-palencia-informa\/suprimir-el-iva-a-ciertos-alimentos-perjudica-la-liquidez-de-muchos-profesionales-agroganaderos\",\"url\":\"https:\/\/www.asajacyl.com\/palencia\/asaja-palencia-informa\/suprimir-el-iva-a-ciertos-alimentos-perjudica-la-liquidez-de-muchos-profesionales-agroganaderos\",\"name\":\"Suprimir el IVA a ciertos alimentos perjudica la liquidez de muchos profesionales agroganaderos - ASAJA Palencia\",\"isPartOf\":{\"@id\":\"https:\/\/www.asajacyl.com\/palencia\/#website\"},\"primaryImageOfPage\":{\"@id\":\"https:\/\/www.asajacyl.com\/palencia\/asaja-palencia-informa\/suprimir-el-iva-a-ciertos-alimentos-perjudica-la-liquidez-de-muchos-profesionales-agroganaderos#primaryimage\"},\"image\":{\"@id\":\"https:\/\/www.asajacyl.com\/palencia\/asaja-palencia-informa\/suprimir-el-iva-a-ciertos-alimentos-perjudica-la-liquidez-de-muchos-profesionales-agroganaderos#primaryimage\"},\"thumbnailUrl\":\"https:\/\/www.asajacyl.com\/palencia\/wp-content\/uploads\/sites\/3\/2023\/07\/Vacuno-de-leche-para-web.jpg\",\"datePublished\":\"2024-06-26T06:55:54+00:00\",\"dateModified\":\"2024-06-26T06:55:58+00:00\",\"author\":{\"@id\":\"https:\/\/www.asajacyl.com\/palencia\/#\/schema\/person\/3ab17aeb03527485c317557fae64aab1\"},\"description\":\"La nueva pr\u00f3rroga de la medida anticrisis que el Gobierno de Espa\u00f1a adopt\u00f3 en enero de 2023, que consiste en la reducci\u00f3n o la supresi\u00f3n del IVA en\",\"breadcrumb\":{\"@id\":\"https:\/\/www.asajacyl.com\/palencia\/asaja-palencia-informa\/suprimir-el-iva-a-ciertos-alimentos-perjudica-la-liquidez-de-muchos-profesionales-agroganaderos#breadcrumb\"},\"inLanguage\":\"es\",\"potentialAction\":[{\"@type\":\"ReadAction\",\"target\":[\"https:\/\/www.asajacyl.com\/palencia\/asaja-palencia-informa\/suprimir-el-iva-a-ciertos-alimentos-perjudica-la-liquidez-de-muchos-profesionales-agroganaderos\"]}]},{\"@type\":\"ImageObject\",\"inLanguage\":\"es\",\"@id\":\"https:\/\/www.asajacyl.com\/palencia\/asaja-palencia-informa\/suprimir-el-iva-a-ciertos-alimentos-perjudica-la-liquidez-de-muchos-profesionales-agroganaderos#primaryimage\",\"url\":\"https:\/\/www.asajacyl.com\/palencia\/wp-content\/uploads\/sites\/3\/2023\/07\/Vacuno-de-leche-para-web.jpg\",\"contentUrl\":\"https:\/\/www.asajacyl.com\/palencia\/wp-content\/uploads\/sites\/3\/2023\/07\/Vacuno-de-leche-para-web.jpg\",\"width\":1890,\"height\":1654},{\"@type\":\"BreadcrumbList\",\"@id\":\"https:\/\/www.asajacyl.com\/palencia\/asaja-palencia-informa\/suprimir-el-iva-a-ciertos-alimentos-perjudica-la-liquidez-de-muchos-profesionales-agroganaderos#breadcrumb\",\"itemListElement\":[{\"@type\":\"ListItem\",\"position\":1,\"name\":\"Portada\",\"item\":\"https:\/\/www.asajacyl.com\/palencia\/\"},{\"@type\":\"ListItem\",\"position\":2,\"name\":\"Suprimir el IVA a ciertos alimentos perjudica la liquidez de muchos profesionales agroganaderos\"}]},{\"@type\":\"WebSite\",\"@id\":\"https:\/\/www.asajacyl.com\/palencia\/#website\",\"url\":\"https:\/\/www.asajacyl.com\/palencia\/\",\"name\":\"ASAJA Palencia\",\"description\":\"Otro sitio m\u00e1s de Provincias ASAJA Castilla y Le\u00f3n\",\"potentialAction\":[{\"@type\":\"SearchAction\",\"target\":{\"@type\":\"EntryPoint\",\"urlTemplate\":\"https:\/\/www.asajacyl.com\/palencia\/?s={search_term_string}\"},\"query-input\":{\"@type\":\"PropertyValueSpecification\",\"valueRequired\":true,\"valueName\":\"search_term_string\"}}],\"inLanguage\":\"es\"},{\"@type\":\"Person\",\"@id\":\"https:\/\/www.asajacyl.com\/palencia\/#\/schema\/person\/3ab17aeb03527485c317557fae64aab1\",\"name\":\"Administrador\",\"image\":{\"@type\":\"ImageObject\",\"inLanguage\":\"es\",\"@id\":\"https:\/\/www.asajacyl.com\/palencia\/#\/schema\/person\/image\/\",\"url\":\"https:\/\/secure.gravatar.com\/avatar\/517384810d242ca9e38c180f3c9fb973?s=96&d=mm&r=g\",\"contentUrl\":\"https:\/\/secure.gravatar.com\/avatar\/517384810d242ca9e38c180f3c9fb973?s=96&d=mm&r=g\",\"caption\":\"Administrador\"},\"url\":\"https:\/\/www.asajacyl.com\/palencia\/author\/carlosrm\"}]}<\/script>\n<!-- \/ Yoast SEO plugin. -->","yoast_head_json":{"title":"Suprimir el IVA a ciertos alimentos perjudica la liquidez de muchos profesionales agroganaderos - ASAJA Palencia","description":"La nueva pr\u00f3rroga de la medida anticrisis que el Gobierno de Espa\u00f1a adopt\u00f3 en enero de 2023, que consiste en la reducci\u00f3n o la supresi\u00f3n del IVA en","robots":{"index":"index","follow":"follow","max-snippet":"max-snippet:-1","max-image-preview":"max-image-preview:large","max-video-preview":"max-video-preview:-1"},"canonical":"https:\/\/www.asajacyl.com\/palencia\/asaja-palencia-informa\/suprimir-el-iva-a-ciertos-alimentos-perjudica-la-liquidez-de-muchos-profesionales-agroganaderos","og_locale":"es_ES","og_type":"article","og_title":"Suprimir el IVA a ciertos alimentos perjudica la liquidez de muchos profesionales agroganaderos - ASAJA Palencia","og_description":"La nueva pr\u00f3rroga de la medida anticrisis que el Gobierno de Espa\u00f1a adopt\u00f3 en enero de 2023, que consiste en la reducci\u00f3n o la supresi\u00f3n del IVA en","og_url":"https:\/\/www.asajacyl.com\/palencia\/asaja-palencia-informa\/suprimir-el-iva-a-ciertos-alimentos-perjudica-la-liquidez-de-muchos-profesionales-agroganaderos","og_site_name":"ASAJA Palencia","article_published_time":"2024-06-26T06:55:54+00:00","article_modified_time":"2024-06-26T06:55:58+00:00","og_image":[{"width":1024,"height":896,"url":"https:\/\/www.asajacyl.com\/palencia\/wp-content\/uploads\/sites\/3\/2023\/07\/Vacuno-de-leche-para-web-1024x896.jpg","type":"image\/jpeg"}],"author":"Administrador","twitter_card":"summary_large_image","twitter_misc":{"Escrito por":"Administrador","Tiempo de lectura":"2 minutos"},"schema":{"@context":"https:\/\/schema.org","@graph":[{"@type":"WebPage","@id":"https:\/\/www.asajacyl.com\/palencia\/asaja-palencia-informa\/suprimir-el-iva-a-ciertos-alimentos-perjudica-la-liquidez-de-muchos-profesionales-agroganaderos","url":"https:\/\/www.asajacyl.com\/palencia\/asaja-palencia-informa\/suprimir-el-iva-a-ciertos-alimentos-perjudica-la-liquidez-de-muchos-profesionales-agroganaderos","name":"Suprimir el IVA a ciertos alimentos perjudica la liquidez de muchos profesionales agroganaderos - ASAJA Palencia","isPartOf":{"@id":"https:\/\/www.asajacyl.com\/palencia\/#website"},"primaryImageOfPage":{"@id":"https:\/\/www.asajacyl.com\/palencia\/asaja-palencia-informa\/suprimir-el-iva-a-ciertos-alimentos-perjudica-la-liquidez-de-muchos-profesionales-agroganaderos#primaryimage"},"image":{"@id":"https:\/\/www.asajacyl.com\/palencia\/asaja-palencia-informa\/suprimir-el-iva-a-ciertos-alimentos-perjudica-la-liquidez-de-muchos-profesionales-agroganaderos#primaryimage"},"thumbnailUrl":"https:\/\/www.asajacyl.com\/palencia\/wp-content\/uploads\/sites\/3\/2023\/07\/Vacuno-de-leche-para-web.jpg","datePublished":"2024-06-26T06:55:54+00:00","dateModified":"2024-06-26T06:55:58+00:00","author":{"@id":"https:\/\/www.asajacyl.com\/palencia\/#\/schema\/person\/3ab17aeb03527485c317557fae64aab1"},"description":"La nueva pr\u00f3rroga de la medida anticrisis que el Gobierno de Espa\u00f1a adopt\u00f3 en enero de 2023, que consiste en la reducci\u00f3n o la supresi\u00f3n del IVA en","breadcrumb":{"@id":"https:\/\/www.asajacyl.com\/palencia\/asaja-palencia-informa\/suprimir-el-iva-a-ciertos-alimentos-perjudica-la-liquidez-de-muchos-profesionales-agroganaderos#breadcrumb"},"inLanguage":"es","potentialAction":[{"@type":"ReadAction","target":["https:\/\/www.asajacyl.com\/palencia\/asaja-palencia-informa\/suprimir-el-iva-a-ciertos-alimentos-perjudica-la-liquidez-de-muchos-profesionales-agroganaderos"]}]},{"@type":"ImageObject","inLanguage":"es","@id":"https:\/\/www.asajacyl.com\/palencia\/asaja-palencia-informa\/suprimir-el-iva-a-ciertos-alimentos-perjudica-la-liquidez-de-muchos-profesionales-agroganaderos#primaryimage","url":"https:\/\/www.asajacyl.com\/palencia\/wp-content\/uploads\/sites\/3\/2023\/07\/Vacuno-de-leche-para-web.jpg","contentUrl":"https:\/\/www.asajacyl.com\/palencia\/wp-content\/uploads\/sites\/3\/2023\/07\/Vacuno-de-leche-para-web.jpg","width":1890,"height":1654},{"@type":"BreadcrumbList","@id":"https:\/\/www.asajacyl.com\/palencia\/asaja-palencia-informa\/suprimir-el-iva-a-ciertos-alimentos-perjudica-la-liquidez-de-muchos-profesionales-agroganaderos#breadcrumb","itemListElement":[{"@type":"ListItem","position":1,"name":"Portada","item":"https:\/\/www.asajacyl.com\/palencia\/"},{"@type":"ListItem","position":2,"name":"Suprimir el IVA a ciertos alimentos perjudica la liquidez de muchos profesionales agroganaderos"}]},{"@type":"WebSite","@id":"https:\/\/www.asajacyl.com\/palencia\/#website","url":"https:\/\/www.asajacyl.com\/palencia\/","name":"ASAJA Palencia","description":"Otro sitio m\u00e1s de Provincias ASAJA Castilla y Le\u00f3n","potentialAction":[{"@type":"SearchAction","target":{"@type":"EntryPoint","urlTemplate":"https:\/\/www.asajacyl.com\/palencia\/?s={search_term_string}"},"query-input":{"@type":"PropertyValueSpecification","valueRequired":true,"valueName":"search_term_string"}}],"inLanguage":"es"},{"@type":"Person","@id":"https:\/\/www.asajacyl.com\/palencia\/#\/schema\/person\/3ab17aeb03527485c317557fae64aab1","name":"Administrador","image":{"@type":"ImageObject","inLanguage":"es","@id":"https:\/\/www.asajacyl.com\/palencia\/#\/schema\/person\/image\/","url":"https:\/\/secure.gravatar.com\/avatar\/517384810d242ca9e38c180f3c9fb973?s=96&d=mm&r=g","contentUrl":"https:\/\/secure.gravatar.com\/avatar\/517384810d242ca9e38c180f3c9fb973?s=96&d=mm&r=g","caption":"Administrador"},"url":"https:\/\/www.asajacyl.com\/palencia\/author\/carlosrm"}]}},"_links":{"self":[{"href":"https:\/\/www.asajacyl.com\/palencia\/wp-json\/wp\/v2\/posts\/16623"}],"collection":[{"href":"https:\/\/www.asajacyl.com\/palencia\/wp-json\/wp\/v2\/posts"}],"about":[{"href":"https:\/\/www.asajacyl.com\/palencia\/wp-json\/wp\/v2\/types\/post"}],"author":[{"embeddable":true,"href":"https:\/\/www.asajacyl.com\/palencia\/wp-json\/wp\/v2\/users\/9"}],"replies":[{"embeddable":true,"href":"https:\/\/www.asajacyl.com\/palencia\/wp-json\/wp\/v2\/comments?post=16623"}],"version-history":[{"count":2,"href":"https:\/\/www.asajacyl.com\/palencia\/wp-json\/wp\/v2\/posts\/16623\/revisions"}],"predecessor-version":[{"id":16625,"href":"https:\/\/www.asajacyl.com\/palencia\/wp-json\/wp\/v2\/posts\/16623\/revisions\/16625"}],"wp:featuredmedia":[{"embeddable":true,"href":"https:\/\/www.asajacyl.com\/palencia\/wp-json\/wp\/v2\/media\/13840"}],"wp:attachment":[{"href":"https:\/\/www.asajacyl.com\/palencia\/wp-json\/wp\/v2\/media?parent=16623"}],"wp:term":[{"taxonomy":"category","embeddable":true,"href":"https:\/\/www.asajacyl.com\/palencia\/wp-json\/wp\/v2\/categories?post=16623"},{"taxonomy":"post_tag","embeddable":true,"href":"https:\/\/www.asajacyl.com\/palencia\/wp-json\/wp\/v2\/tags?post=16623"}],"curies":[{"name":"wp","href":"https:\/\/api.w.org\/{rel}","templated":true}]}}