{"id":16629,"date":"2024-06-26T09:53:37","date_gmt":"2024-06-26T07:53:37","guid":{"rendered":"https:\/\/www.asajacyl.com\/palencia\/?p=16629"},"modified":"2024-06-26T09:53:41","modified_gmt":"2024-06-26T07:53:41","slug":"la-cotizacion-de-los-lechazos-sigue-su-recuperacion-y-ya-se-paga-en-torno-al-10-mas-que-hace-un-ano","status":"publish","type":"post","link":"https:\/\/www.asajacyl.com\/palencia\/asaja-palencia-informa\/la-cotizacion-de-los-lechazos-sigue-su-recuperacion-y-ya-se-paga-en-torno-al-10-mas-que-hace-un-ano","title":{"rendered":"La cotizaci\u00f3n de los lechazos sigue su recuperaci\u00f3n y ya se paga en torno al 10 % m\u00e1s que hace un a\u00f1o"},"content":{"rendered":"\n<h2 class=\"wp-block-heading\">La cotizaci\u00f3n de los lechazos mantiene su recuperaci\u00f3n en esta segunda quincena de junio, como corresponde a esta \u00e9poca del a\u00f1o. Seg\u00fan los datos de la Mesa del Lechazo de Castilla y Le\u00f3n, los precios que actualmente percibe el ganadero se sit\u00faan en torno al 10 % m\u00e1s que hace un a\u00f1o, tras constatarse en la \u00faltima sesi\u00f3n de la lonja una nueva subida de veinte c\u00e9ntimos de euros por kilogramo. Esa escalada viene registr\u00e1ndose pr\u00e1cticamente de manera regular desde mediados de abril. <\/h2>\n\n\n\n<figure class=\"wp-block-image size-full is-resized\"><img loading=\"lazy\" decoding=\"async\" width=\"1024\" height=\"768\" src=\"https:\/\/www.asajacyl.com\/palencia\/wp-content\/uploads\/sites\/3\/2024\/06\/Tabla-precios-ganaderia-24junio2024.png\" alt=\"\" class=\"wp-image-16630\" style=\"width:1065px;height:auto\" srcset=\"https:\/\/www.asajacyl.com\/palencia\/wp-content\/uploads\/sites\/3\/2024\/06\/Tabla-precios-ganaderia-24junio2024.png 1024w, https:\/\/www.asajacyl.com\/palencia\/wp-content\/uploads\/sites\/3\/2024\/06\/Tabla-precios-ganaderia-24junio2024-300x225.png 300w, https:\/\/www.asajacyl.com\/palencia\/wp-content\/uploads\/sites\/3\/2024\/06\/Tabla-precios-ganaderia-24junio2024-768x576.png 768w, https:\/\/www.asajacyl.com\/palencia\/wp-content\/uploads\/sites\/3\/2024\/06\/Tabla-precios-ganaderia-24junio2024-560x420.png 560w, https:\/\/www.asajacyl.com\/palencia\/wp-content\/uploads\/sites\/3\/2024\/06\/Tabla-precios-ganaderia-24junio2024-80x60.png 80w, https:\/\/www.asajacyl.com\/palencia\/wp-content\/uploads\/sites\/3\/2024\/06\/Tabla-precios-ganaderia-24junio2024-696x522.png 696w\" sizes=\"(max-width: 1024px) 100vw, 1024px\" \/><\/figure>\n\n\n\n<p>Tras una primavera de alzas, los ganaderos de ovino de carne est\u00e1n expectantes ante la evoluci\u00f3n de su producto en verano y el primer tramo del oto\u00f1o. Cierto es que de manera m\u00e1s amortiguada, la subida de la cotizaci\u00f3n de los lechazos se mantuvo constante en estos meses  de 2023 y hasta el puente de la Constituci\u00f3n, que es cuando los precios tocaron techo.<\/p>\n\n\n\n<p>Las tablillas de la Mesa del Lechazo de Castilla y Le\u00f3n, con arreglo a su lonja de referencia (Villalpando, Zamora) recogen ahora subidas interanuales en el entorno del 10 %. Llega al 11 % en el caso del lechazo IGP (Identificaci\u00f3n Geogr\u00e1fica Protegida), que se est\u00e1 pagando a 5,55 euros\/kilo, seg\u00fan esta mesa regional. La subida con respecto hace un a\u00f1o no llega por d\u00e9cimas al umbral del 10 % en las otras dos categor\u00edas: lechazo Tierra de Sabor (9,7 %) y lechazo para sacrificio sin marchamo de unos once kilos de peso (9,9 %).<\/p>\n\n\n\n<p>Tambi\u00e9n hay una significativa revalorizaci\u00f3n (+25,5 %) de la cotizaci\u00f3n del lechal de 12 a 16 kilos para cebar, que se sit\u00faa esta campa\u00f1a, desde mediados de febrero, en torno a los 61,50 euros por cabeza, frente al suelo de 49 euros\/cabeza que se anotaba la mesa auton\u00f3mica hace un a\u00f1o y pr\u00e1cticamente durante todo el verano de 2023.<\/p>\n\n\n\n<p><strong>VACUNO DE CARNE. <\/strong>Panorama de estabilidad, e incluso leves correcciones a la baja, presenta el vacuno de carne, a tenor de lo sucedido este lunes, 24 de junio, en la Lonja de Salamanca, donde una vez m\u00e1s perdieron c\u00e9ntimos las terneras de m\u00e1s peso y los a\u00f1ojos, mientras la ternera de hasta 270 kilos repite cotizaci\u00f3n. Por su parte, la vaca sigue apreci\u00e1ndose ante la escasez de oferta por las seculas de la Enfermedad Hemorr\u00e1gica Epizo\u00f3tica de la pasada campa\u00f1a, que merm\u00f3 la caba\u00f1a regional del bovino c\u00e1rnico.<\/p>\n\n\n\n<p>Cierto es que los precios de estos productos en la lonja salmantina pr\u00e1cticamente se vienen manteniendo en niveles altos desde la notable subida que experimentaron en el verano de 2021, tras haber permanecido planos o con subidas moderadas durante un sexenio, e incluso verse reducidos durante la pandemia del coronavirus, en el caso del a\u00f1ojo; o de arrastrar en el caso de las terneras descensos paulatinos durante a\u00f1os hasta la crisis sanitaria y la recuperaci\u00f3n iniciada hace tres a\u00f1os.<\/p>\n\n\n\n<p>As\u00ed se refleja tambi\u00e9n en estas dos gr\u00e1ficas de la <strong>ternera <\/strong>(arriba) y del <strong>a\u00f1ojo <\/strong>(abajo) del <strong>periodo 2015-2024<\/strong> (mayo) que reproducimos a continuaci\u00f3n, tomadas del <strong>Observatorio de Precios Agrarios y Ganaderos de la Junta de Castilla y Le\u00f3n<\/strong>, referidas en ambos casos a las cotizaciones en la provincia de Palencia. <\/p>\n\n\n\n<figure class=\"wp-block-image size-large is-resized\"><img loading=\"lazy\" decoding=\"async\" width=\"1024\" height=\"205\" src=\"https:\/\/www.asajacyl.com\/palencia\/wp-content\/uploads\/sites\/3\/2024\/06\/image-4-1024x205.png\" alt=\"\" class=\"wp-image-16634\" style=\"width:1068px;height:auto\" srcset=\"https:\/\/www.asajacyl.com\/palencia\/wp-content\/uploads\/sites\/3\/2024\/06\/image-4-1024x205.png 1024w, https:\/\/www.asajacyl.com\/palencia\/wp-content\/uploads\/sites\/3\/2024\/06\/image-4-300x60.png 300w, https:\/\/www.asajacyl.com\/palencia\/wp-content\/uploads\/sites\/3\/2024\/06\/image-4-768x153.png 768w, https:\/\/www.asajacyl.com\/palencia\/wp-content\/uploads\/sites\/3\/2024\/06\/image-4-1536x307.png 1536w, https:\/\/www.asajacyl.com\/palencia\/wp-content\/uploads\/sites\/3\/2024\/06\/image-4-2048x409.png 2048w, https:\/\/www.asajacyl.com\/palencia\/wp-content\/uploads\/sites\/3\/2024\/06\/image-4-696x139.png 696w, https:\/\/www.asajacyl.com\/palencia\/wp-content\/uploads\/sites\/3\/2024\/06\/image-4-1068x213.png 1068w, https:\/\/www.asajacyl.com\/palencia\/wp-content\/uploads\/sites\/3\/2024\/06\/image-4-1920x384.png 1920w\" sizes=\"(max-width: 1024px) 100vw, 1024px\" \/><\/figure>\n\n\n\n<figure class=\"wp-block-image size-large is-resized\"><img loading=\"lazy\" decoding=\"async\" width=\"1024\" height=\"205\" src=\"https:\/\/www.asajacyl.com\/palencia\/wp-content\/uploads\/sites\/3\/2024\/06\/image-3-1024x205.png\" alt=\"\" class=\"wp-image-16633\" style=\"width:1065px;height:auto\" srcset=\"https:\/\/www.asajacyl.com\/palencia\/wp-content\/uploads\/sites\/3\/2024\/06\/image-3-1024x205.png 1024w, https:\/\/www.asajacyl.com\/palencia\/wp-content\/uploads\/sites\/3\/2024\/06\/image-3-300x60.png 300w, https:\/\/www.asajacyl.com\/palencia\/wp-content\/uploads\/sites\/3\/2024\/06\/image-3-768x153.png 768w, https:\/\/www.asajacyl.com\/palencia\/wp-content\/uploads\/sites\/3\/2024\/06\/image-3-1536x307.png 1536w, https:\/\/www.asajacyl.com\/palencia\/wp-content\/uploads\/sites\/3\/2024\/06\/image-3-2048x409.png 2048w, https:\/\/www.asajacyl.com\/palencia\/wp-content\/uploads\/sites\/3\/2024\/06\/image-3-696x139.png 696w, https:\/\/www.asajacyl.com\/palencia\/wp-content\/uploads\/sites\/3\/2024\/06\/image-3-1068x213.png 1068w, https:\/\/www.asajacyl.com\/palencia\/wp-content\/uploads\/sites\/3\/2024\/06\/image-3-1920x384.png 1920w\" sizes=\"(max-width: 1024px) 100vw, 1024px\" \/><\/figure>\n\n\n\n<p>En el siguiente gr\u00e1fico, tambi\u00e9n obtenido del Observatorio, sobre la evoluci\u00f3n del precio del <strong>lechal <\/strong>en nuestra provincia en ese mismo periodo, se aprecia en el ovino de carne un comportamiento no muy distinto al del vacuno desde 2015 hasta la actualidad: tras un primer sexenio (2015-2020) de pr\u00e1ctica estabilidad, e incluso de bajada en los a\u00f1os del coronavirus ante la merma de la demanda, desde 2021 se nota una recuperaci\u00f3n del precio percibido por los ganaderos. En el caso del ovino, la gr\u00e1fica muestra c\u00f3mo se ve m\u00e1s afectado por la estacionalidad, con picos en torno a la Navidad de cada a\u00f1o, frente a unos precios del vacuno de carne mucho m\u00e1s constantes a lo largo del a\u00f1o, sin esa temporada alta con gran demanda en torno a las fiestas navide\u00f1as. <\/p>\n\n\n\n<figure class=\"wp-block-image size-large\"><img loading=\"lazy\" decoding=\"async\" width=\"1024\" height=\"205\" src=\"https:\/\/www.asajacyl.com\/palencia\/wp-content\/uploads\/sites\/3\/2024\/06\/image-5-1024x205.png\" alt=\"\" class=\"wp-image-16635\" srcset=\"https:\/\/www.asajacyl.com\/palencia\/wp-content\/uploads\/sites\/3\/2024\/06\/image-5-1024x205.png 1024w, https:\/\/www.asajacyl.com\/palencia\/wp-content\/uploads\/sites\/3\/2024\/06\/image-5-300x60.png 300w, https:\/\/www.asajacyl.com\/palencia\/wp-content\/uploads\/sites\/3\/2024\/06\/image-5-768x153.png 768w, https:\/\/www.asajacyl.com\/palencia\/wp-content\/uploads\/sites\/3\/2024\/06\/image-5-1536x307.png 1536w, https:\/\/www.asajacyl.com\/palencia\/wp-content\/uploads\/sites\/3\/2024\/06\/image-5-2048x409.png 2048w, https:\/\/www.asajacyl.com\/palencia\/wp-content\/uploads\/sites\/3\/2024\/06\/image-5-696x139.png 696w, https:\/\/www.asajacyl.com\/palencia\/wp-content\/uploads\/sites\/3\/2024\/06\/image-5-1068x213.png 1068w, https:\/\/www.asajacyl.com\/palencia\/wp-content\/uploads\/sites\/3\/2024\/06\/image-5-1920x384.png 1920w\" sizes=\"(max-width: 1024px) 100vw, 1024px\" \/><\/figure>\n","protected":false},"excerpt":{"rendered":"<p>La cotizaci\u00f3n de los lechazos mantiene su recuperaci\u00f3n en esta segunda quincena de junio, como corresponde a esta \u00e9poca del a\u00f1o. Seg\u00fan los datos de la Mesa del Lechazo de Castilla y Le\u00f3n, los precios que actualmente percibe el ganadero se sit\u00faan en torno al 10 % m\u00e1s que hace un a\u00f1o, tras constatarse en [&hellip;]<\/p>\n","protected":false},"author":9,"featured_media":16636,"comment_status":"open","ping_status":"open","sticky":false,"template":"","format":"standard","meta":{"footnotes":""},"categories":[9,29,36,28,13],"tags":[478,203,142,569,77,66,467,510,311,57,294],"yoast_head":"<!-- This site is optimized with the Yoast SEO plugin v24.5 - https:\/\/yoast.com\/wordpress\/plugins\/seo\/ -->\n<title>La cotizaci\u00f3n de los lechazos sigue su recuperaci\u00f3n y ya se paga en torno al 10 % m\u00e1s que hace un a\u00f1o - ASAJA Palencia<\/title>\n<meta name=\"description\" content=\"La cotizaci\u00f3n de los lechazos mantiene su recuperaci\u00f3n en esta segunda quincena de junio, como corresponde a esta \u00e9poca del a\u00f1o. Seg\u00fan los datos de la\" \/>\n<meta name=\"robots\" content=\"index, follow, max-snippet:-1, max-image-preview:large, max-video-preview:-1\" \/>\n<link rel=\"canonical\" href=\"https:\/\/www.asajacyl.com\/palencia\/asaja-palencia-informa\/la-cotizacion-de-los-lechazos-sigue-su-recuperacion-y-ya-se-paga-en-torno-al-10-mas-que-hace-un-ano\" \/>\n<meta property=\"og:locale\" content=\"es_ES\" \/>\n<meta property=\"og:type\" content=\"article\" \/>\n<meta property=\"og:title\" content=\"La cotizaci\u00f3n de los lechazos sigue su recuperaci\u00f3n y ya se paga en torno al 10 % m\u00e1s que hace un a\u00f1o - ASAJA Palencia\" \/>\n<meta property=\"og:description\" content=\"La cotizaci\u00f3n de los lechazos mantiene su recuperaci\u00f3n en esta segunda quincena de junio, como corresponde a esta \u00e9poca del a\u00f1o. Seg\u00fan los datos de la\" \/>\n<meta property=\"og:url\" content=\"https:\/\/www.asajacyl.com\/palencia\/asaja-palencia-informa\/la-cotizacion-de-los-lechazos-sigue-su-recuperacion-y-ya-se-paga-en-torno-al-10-mas-que-hace-un-ano\" \/>\n<meta property=\"og:site_name\" content=\"ASAJA Palencia\" \/>\n<meta property=\"article:published_time\" content=\"2024-06-26T07:53:37+00:00\" \/>\n<meta property=\"article:modified_time\" content=\"2024-06-26T07:53:41+00:00\" \/>\n<meta property=\"og:image\" content=\"https:\/\/www.asajacyl.com\/palencia\/wp-content\/uploads\/sites\/3\/2024\/06\/Oveja-churra-pastando-Guillermo-Escribano-2.jpg\" \/>\n\t<meta property=\"og:image:width\" content=\"1458\" \/>\n\t<meta property=\"og:image:height\" content=\"967\" \/>\n\t<meta property=\"og:image:type\" content=\"image\/jpeg\" \/>\n<meta name=\"author\" content=\"Administrador\" \/>\n<meta name=\"twitter:card\" content=\"summary_large_image\" \/>\n<meta name=\"twitter:label1\" content=\"Escrito por\" \/>\n\t<meta name=\"twitter:data1\" content=\"Administrador\" \/>\n\t<meta name=\"twitter:label2\" content=\"Tiempo de lectura\" \/>\n\t<meta name=\"twitter:data2\" content=\"4 minutos\" \/>\n<script type=\"application\/ld+json\" class=\"yoast-schema-graph\">{\"@context\":\"https:\/\/schema.org\",\"@graph\":[{\"@type\":\"WebPage\",\"@id\":\"https:\/\/www.asajacyl.com\/palencia\/asaja-palencia-informa\/la-cotizacion-de-los-lechazos-sigue-su-recuperacion-y-ya-se-paga-en-torno-al-10-mas-que-hace-un-ano\",\"url\":\"https:\/\/www.asajacyl.com\/palencia\/asaja-palencia-informa\/la-cotizacion-de-los-lechazos-sigue-su-recuperacion-y-ya-se-paga-en-torno-al-10-mas-que-hace-un-ano\",\"name\":\"La cotizaci\u00f3n de los lechazos sigue su recuperaci\u00f3n y ya se paga en torno al 10 % m\u00e1s que hace un a\u00f1o - ASAJA Palencia\",\"isPartOf\":{\"@id\":\"https:\/\/www.asajacyl.com\/palencia\/#website\"},\"primaryImageOfPage\":{\"@id\":\"https:\/\/www.asajacyl.com\/palencia\/asaja-palencia-informa\/la-cotizacion-de-los-lechazos-sigue-su-recuperacion-y-ya-se-paga-en-torno-al-10-mas-que-hace-un-ano#primaryimage\"},\"image\":{\"@id\":\"https:\/\/www.asajacyl.com\/palencia\/asaja-palencia-informa\/la-cotizacion-de-los-lechazos-sigue-su-recuperacion-y-ya-se-paga-en-torno-al-10-mas-que-hace-un-ano#primaryimage\"},\"thumbnailUrl\":\"https:\/\/www.asajacyl.com\/palencia\/wp-content\/uploads\/sites\/3\/2024\/06\/Oveja-churra-pastando-Guillermo-Escribano-2.jpg\",\"datePublished\":\"2024-06-26T07:53:37+00:00\",\"dateModified\":\"2024-06-26T07:53:41+00:00\",\"author\":{\"@id\":\"https:\/\/www.asajacyl.com\/palencia\/#\/schema\/person\/3ab17aeb03527485c317557fae64aab1\"},\"description\":\"La cotizaci\u00f3n de los lechazos mantiene su recuperaci\u00f3n en esta segunda quincena de junio, como corresponde a esta \u00e9poca del a\u00f1o. Seg\u00fan los datos de la\",\"breadcrumb\":{\"@id\":\"https:\/\/www.asajacyl.com\/palencia\/asaja-palencia-informa\/la-cotizacion-de-los-lechazos-sigue-su-recuperacion-y-ya-se-paga-en-torno-al-10-mas-que-hace-un-ano#breadcrumb\"},\"inLanguage\":\"es\",\"potentialAction\":[{\"@type\":\"ReadAction\",\"target\":[\"https:\/\/www.asajacyl.com\/palencia\/asaja-palencia-informa\/la-cotizacion-de-los-lechazos-sigue-su-recuperacion-y-ya-se-paga-en-torno-al-10-mas-que-hace-un-ano\"]}]},{\"@type\":\"ImageObject\",\"inLanguage\":\"es\",\"@id\":\"https:\/\/www.asajacyl.com\/palencia\/asaja-palencia-informa\/la-cotizacion-de-los-lechazos-sigue-su-recuperacion-y-ya-se-paga-en-torno-al-10-mas-que-hace-un-ano#primaryimage\",\"url\":\"https:\/\/www.asajacyl.com\/palencia\/wp-content\/uploads\/sites\/3\/2024\/06\/Oveja-churra-pastando-Guillermo-Escribano-2.jpg\",\"contentUrl\":\"https:\/\/www.asajacyl.com\/palencia\/wp-content\/uploads\/sites\/3\/2024\/06\/Oveja-churra-pastando-Guillermo-Escribano-2.jpg\",\"width\":1458,\"height\":967},{\"@type\":\"BreadcrumbList\",\"@id\":\"https:\/\/www.asajacyl.com\/palencia\/asaja-palencia-informa\/la-cotizacion-de-los-lechazos-sigue-su-recuperacion-y-ya-se-paga-en-torno-al-10-mas-que-hace-un-ano#breadcrumb\",\"itemListElement\":[{\"@type\":\"ListItem\",\"position\":1,\"name\":\"Portada\",\"item\":\"https:\/\/www.asajacyl.com\/palencia\/\"},{\"@type\":\"ListItem\",\"position\":2,\"name\":\"La cotizaci\u00f3n de los lechazos sigue su recuperaci\u00f3n y ya se paga en torno al 10 % m\u00e1s que hace un a\u00f1o\"}]},{\"@type\":\"WebSite\",\"@id\":\"https:\/\/www.asajacyl.com\/palencia\/#website\",\"url\":\"https:\/\/www.asajacyl.com\/palencia\/\",\"name\":\"ASAJA Palencia\",\"description\":\"Otro sitio m\u00e1s de Provincias ASAJA Castilla y Le\u00f3n\",\"potentialAction\":[{\"@type\":\"SearchAction\",\"target\":{\"@type\":\"EntryPoint\",\"urlTemplate\":\"https:\/\/www.asajacyl.com\/palencia\/?s={search_term_string}\"},\"query-input\":{\"@type\":\"PropertyValueSpecification\",\"valueRequired\":true,\"valueName\":\"search_term_string\"}}],\"inLanguage\":\"es\"},{\"@type\":\"Person\",\"@id\":\"https:\/\/www.asajacyl.com\/palencia\/#\/schema\/person\/3ab17aeb03527485c317557fae64aab1\",\"name\":\"Administrador\",\"image\":{\"@type\":\"ImageObject\",\"inLanguage\":\"es\",\"@id\":\"https:\/\/www.asajacyl.com\/palencia\/#\/schema\/person\/image\/\",\"url\":\"https:\/\/secure.gravatar.com\/avatar\/517384810d242ca9e38c180f3c9fb973?s=96&d=mm&r=g\",\"contentUrl\":\"https:\/\/secure.gravatar.com\/avatar\/517384810d242ca9e38c180f3c9fb973?s=96&d=mm&r=g\",\"caption\":\"Administrador\"},\"url\":\"https:\/\/www.asajacyl.com\/palencia\/author\/carlosrm\"}]}<\/script>\n<!-- \/ Yoast SEO plugin. -->","yoast_head_json":{"title":"La cotizaci\u00f3n de los lechazos sigue su recuperaci\u00f3n y ya se paga en torno al 10 % m\u00e1s que hace un a\u00f1o - ASAJA Palencia","description":"La cotizaci\u00f3n de los lechazos mantiene su recuperaci\u00f3n en esta segunda quincena de junio, como corresponde a esta \u00e9poca del a\u00f1o. Seg\u00fan los datos de la","robots":{"index":"index","follow":"follow","max-snippet":"max-snippet:-1","max-image-preview":"max-image-preview:large","max-video-preview":"max-video-preview:-1"},"canonical":"https:\/\/www.asajacyl.com\/palencia\/asaja-palencia-informa\/la-cotizacion-de-los-lechazos-sigue-su-recuperacion-y-ya-se-paga-en-torno-al-10-mas-que-hace-un-ano","og_locale":"es_ES","og_type":"article","og_title":"La cotizaci\u00f3n de los lechazos sigue su recuperaci\u00f3n y ya se paga en torno al 10 % m\u00e1s que hace un a\u00f1o - ASAJA Palencia","og_description":"La cotizaci\u00f3n de los lechazos mantiene su recuperaci\u00f3n en esta segunda quincena de junio, como corresponde a esta \u00e9poca del a\u00f1o. Seg\u00fan los datos de la","og_url":"https:\/\/www.asajacyl.com\/palencia\/asaja-palencia-informa\/la-cotizacion-de-los-lechazos-sigue-su-recuperacion-y-ya-se-paga-en-torno-al-10-mas-que-hace-un-ano","og_site_name":"ASAJA Palencia","article_published_time":"2024-06-26T07:53:37+00:00","article_modified_time":"2024-06-26T07:53:41+00:00","og_image":[{"width":1458,"height":967,"url":"https:\/\/www.asajacyl.com\/palencia\/wp-content\/uploads\/sites\/3\/2024\/06\/Oveja-churra-pastando-Guillermo-Escribano-2.jpg","type":"image\/jpeg"}],"author":"Administrador","twitter_card":"summary_large_image","twitter_misc":{"Escrito por":"Administrador","Tiempo de lectura":"4 minutos"},"schema":{"@context":"https:\/\/schema.org","@graph":[{"@type":"WebPage","@id":"https:\/\/www.asajacyl.com\/palencia\/asaja-palencia-informa\/la-cotizacion-de-los-lechazos-sigue-su-recuperacion-y-ya-se-paga-en-torno-al-10-mas-que-hace-un-ano","url":"https:\/\/www.asajacyl.com\/palencia\/asaja-palencia-informa\/la-cotizacion-de-los-lechazos-sigue-su-recuperacion-y-ya-se-paga-en-torno-al-10-mas-que-hace-un-ano","name":"La cotizaci\u00f3n de los lechazos sigue su recuperaci\u00f3n y ya se paga en torno al 10 % m\u00e1s que hace un a\u00f1o - ASAJA Palencia","isPartOf":{"@id":"https:\/\/www.asajacyl.com\/palencia\/#website"},"primaryImageOfPage":{"@id":"https:\/\/www.asajacyl.com\/palencia\/asaja-palencia-informa\/la-cotizacion-de-los-lechazos-sigue-su-recuperacion-y-ya-se-paga-en-torno-al-10-mas-que-hace-un-ano#primaryimage"},"image":{"@id":"https:\/\/www.asajacyl.com\/palencia\/asaja-palencia-informa\/la-cotizacion-de-los-lechazos-sigue-su-recuperacion-y-ya-se-paga-en-torno-al-10-mas-que-hace-un-ano#primaryimage"},"thumbnailUrl":"https:\/\/www.asajacyl.com\/palencia\/wp-content\/uploads\/sites\/3\/2024\/06\/Oveja-churra-pastando-Guillermo-Escribano-2.jpg","datePublished":"2024-06-26T07:53:37+00:00","dateModified":"2024-06-26T07:53:41+00:00","author":{"@id":"https:\/\/www.asajacyl.com\/palencia\/#\/schema\/person\/3ab17aeb03527485c317557fae64aab1"},"description":"La cotizaci\u00f3n de los lechazos mantiene su recuperaci\u00f3n en esta segunda quincena de junio, como corresponde a esta \u00e9poca del a\u00f1o. Seg\u00fan los datos de la","breadcrumb":{"@id":"https:\/\/www.asajacyl.com\/palencia\/asaja-palencia-informa\/la-cotizacion-de-los-lechazos-sigue-su-recuperacion-y-ya-se-paga-en-torno-al-10-mas-que-hace-un-ano#breadcrumb"},"inLanguage":"es","potentialAction":[{"@type":"ReadAction","target":["https:\/\/www.asajacyl.com\/palencia\/asaja-palencia-informa\/la-cotizacion-de-los-lechazos-sigue-su-recuperacion-y-ya-se-paga-en-torno-al-10-mas-que-hace-un-ano"]}]},{"@type":"ImageObject","inLanguage":"es","@id":"https:\/\/www.asajacyl.com\/palencia\/asaja-palencia-informa\/la-cotizacion-de-los-lechazos-sigue-su-recuperacion-y-ya-se-paga-en-torno-al-10-mas-que-hace-un-ano#primaryimage","url":"https:\/\/www.asajacyl.com\/palencia\/wp-content\/uploads\/sites\/3\/2024\/06\/Oveja-churra-pastando-Guillermo-Escribano-2.jpg","contentUrl":"https:\/\/www.asajacyl.com\/palencia\/wp-content\/uploads\/sites\/3\/2024\/06\/Oveja-churra-pastando-Guillermo-Escribano-2.jpg","width":1458,"height":967},{"@type":"BreadcrumbList","@id":"https:\/\/www.asajacyl.com\/palencia\/asaja-palencia-informa\/la-cotizacion-de-los-lechazos-sigue-su-recuperacion-y-ya-se-paga-en-torno-al-10-mas-que-hace-un-ano#breadcrumb","itemListElement":[{"@type":"ListItem","position":1,"name":"Portada","item":"https:\/\/www.asajacyl.com\/palencia\/"},{"@type":"ListItem","position":2,"name":"La cotizaci\u00f3n de los lechazos sigue su recuperaci\u00f3n y ya se paga en torno al 10 % m\u00e1s que hace un a\u00f1o"}]},{"@type":"WebSite","@id":"https:\/\/www.asajacyl.com\/palencia\/#website","url":"https:\/\/www.asajacyl.com\/palencia\/","name":"ASAJA Palencia","description":"Otro sitio m\u00e1s de Provincias ASAJA Castilla y Le\u00f3n","potentialAction":[{"@type":"SearchAction","target":{"@type":"EntryPoint","urlTemplate":"https:\/\/www.asajacyl.com\/palencia\/?s={search_term_string}"},"query-input":{"@type":"PropertyValueSpecification","valueRequired":true,"valueName":"search_term_string"}}],"inLanguage":"es"},{"@type":"Person","@id":"https:\/\/www.asajacyl.com\/palencia\/#\/schema\/person\/3ab17aeb03527485c317557fae64aab1","name":"Administrador","image":{"@type":"ImageObject","inLanguage":"es","@id":"https:\/\/www.asajacyl.com\/palencia\/#\/schema\/person\/image\/","url":"https:\/\/secure.gravatar.com\/avatar\/517384810d242ca9e38c180f3c9fb973?s=96&d=mm&r=g","contentUrl":"https:\/\/secure.gravatar.com\/avatar\/517384810d242ca9e38c180f3c9fb973?s=96&d=mm&r=g","caption":"Administrador"},"url":"https:\/\/www.asajacyl.com\/palencia\/author\/carlosrm"}]}},"_links":{"self":[{"href":"https:\/\/www.asajacyl.com\/palencia\/wp-json\/wp\/v2\/posts\/16629"}],"collection":[{"href":"https:\/\/www.asajacyl.com\/palencia\/wp-json\/wp\/v2\/posts"}],"about":[{"href":"https:\/\/www.asajacyl.com\/palencia\/wp-json\/wp\/v2\/types\/post"}],"author":[{"embeddable":true,"href":"https:\/\/www.asajacyl.com\/palencia\/wp-json\/wp\/v2\/users\/9"}],"replies":[{"embeddable":true,"href":"https:\/\/www.asajacyl.com\/palencia\/wp-json\/wp\/v2\/comments?post=16629"}],"version-history":[{"count":1,"href":"https:\/\/www.asajacyl.com\/palencia\/wp-json\/wp\/v2\/posts\/16629\/revisions"}],"predecessor-version":[{"id":16637,"href":"https:\/\/www.asajacyl.com\/palencia\/wp-json\/wp\/v2\/posts\/16629\/revisions\/16637"}],"wp:featuredmedia":[{"embeddable":true,"href":"https:\/\/www.asajacyl.com\/palencia\/wp-json\/wp\/v2\/media\/16636"}],"wp:attachment":[{"href":"https:\/\/www.asajacyl.com\/palencia\/wp-json\/wp\/v2\/media?parent=16629"}],"wp:term":[{"taxonomy":"category","embeddable":true,"href":"https:\/\/www.asajacyl.com\/palencia\/wp-json\/wp\/v2\/categories?post=16629"},{"taxonomy":"post_tag","embeddable":true,"href":"https:\/\/www.asajacyl.com\/palencia\/wp-json\/wp\/v2\/tags?post=16629"}],"curies":[{"name":"wp","href":"https:\/\/api.w.org\/{rel}","templated":true}]}}