{"id":16662,"date":"2024-06-28T09:45:55","date_gmt":"2024-06-28T07:45:55","guid":{"rendered":"https:\/\/www.asajacyl.com\/palencia\/?p=16662"},"modified":"2024-06-28T09:45:59","modified_gmt":"2024-06-28T07:45:59","slug":"se-prorroga-a-los-regantes-la-opcion-del-cambio-estacional-de-la-potencia-electrica-sin-coste-anadido","status":"publish","type":"post","link":"https:\/\/www.asajacyl.com\/palencia\/asaja-palencia-informa\/se-prorroga-a-los-regantes-la-opcion-del-cambio-estacional-de-la-potencia-electrica-sin-coste-anadido","title":{"rendered":"Se prorroga a los regantes la opci\u00f3n del cambio estacional de la potencia el\u00e9ctrica sin coste a\u00f1adido"},"content":{"rendered":"\n<h2 class=\"wp-block-heading\">El Gobierno de Espa\u00f1a ha prorrogado hasta fin de a\u00f1o la medida que permite a los regantes cambiar sin coste a\u00f1adido la potencia de tarifa el\u00e9ctrica en menos de doce meses. Con este r\u00e9gimen, vigente desde finales de 2022, se atiende una demanda hist\u00f3rica de ASAJA para que el regante realice m\u00e1s de un cambio de la potencia el\u00e9ctrica sin coste y adaptarla as\u00ed al consumo estacional que precisa su explotaci\u00f3n.<\/h2>\n\n\n\n<p>La Administraci\u00f3n General del Estado asume el coste de los cambios de potencia para reducir los gastos de los regad\u00edos que usen energ\u00eda el\u00e9ctrica. Esta medida de flexibilizaci\u00f3n de los contratos de suministro de energ\u00eda el\u00e9ctrica es una demanda hist\u00f3rica de las comunidades de regantes, as\u00ed como de ASAJA. <\/p>\n\n\n\n<p>El regad\u00edo representa en nuestro pa\u00eds el 22,1 % de la superficie agraria \u00fatil (SAU), con algo m\u00e1s de 3,7 millones de hect\u00e1reas, seg\u00fan los \u00faltimos datos de la ESYRCE (Encuesta sobre Superficies y Rendimientos de Cultivo) de\u00a02023, que publica anualmente el Ministerio de Agricultura, Pesca y Alimentaci\u00f3n (MAPA).<\/p>\n\n\n\n<p><strong>REGAD\u00cdO A LA BAJA, EN PALENCIA. <\/strong>En la provincia de Palencia, seg\u00fan la misma ESYRCE, la superficie de regad\u00edo el pasado a\u00f1o cay\u00f3 a las 58.752 hect\u00e1reas, que no s\u00f3lo es la cifra m\u00e1s baja desde 2010, sino que supone el 13% menos que la superficie m\u00e1xima de regad\u00edo desde aquel a\u00f1o, alcanzada en 2014, con 67.663 hect\u00e1reas.<\/p>\n\n\n\n<p>Es decir, con respecto a ese techo de hace casi una d\u00e9cada, nuestra provincia ha ido perdiendo en superficie de regad\u00edo unas nueve mil hect\u00e1reas. Para hacerse idea, la merma equivaldr\u00eda a todas las parcelas que en la PAC 2024 han declarado los agricultores palentinos sembradas de ma\u00edz y remolacha: unas 9.500 hect\u00e1reas entre ambos cultivos. En cambio, en el conjunto de Espa\u00f1a se han ganado alrededor de 300.000 hect\u00e1reas de regad\u00edo en el periodo 2010-2023.<\/p>\n\n\n\n<p><strong>IVA DE ALIMENTOS B\u00c1SICOS. <\/strong>El real decreto-ley publicado este jueves en el Bolet\u00edn Oficial del Estado recoge adem\u00e1s la pr\u00f3rroga del IVA al 0 % (hasta el 30 de septiembre) de los alimentos b\u00e1sicos: leche, pan, harinas, frutas, verduras hortalizas, legumbres, cereales, quesos y huevos, a los que se suma tambi\u00e9n el aceite de oliva. Del 1 de octubre hasta el 31 de diciembre, el IVA de esos productos pasar\u00e1 al 2 %. Los dem\u00e1s aceites de semillas y las pastas alimenticias mantendr\u00e1n el IVA al 5 % hasta que finalice septiembre, y desde el 1 de octubre se situar\u00e1 en el 7,5 %.<\/p>\n\n\n\n<p>El aceite de oliva pasa a formar parte de la cesta de alimentos b\u00e1sicos, por lo que se gravar\u00e1 con un tipo IVA superreducido (4 %) cuando se reestablezcan los tipos normales.<\/p>\n\n\n\n<p>El real dectreto-ley tambi\u00e9n recoge pr\u00f3rrogas de beneficios para ayudar a la competitividad de las industrias electrointensivas del sector agroalimentario, como la reducci\u00f3n del 80 % de los peajes. Esta industria representa casi el 16 % del consumo energ\u00e9tico de la industria manufacturera espa\u00f1ola. Entre otras, forman parte de este grupo de consumidores intensivos en electricidad las industrias de elaboraci\u00f3n de aceite; el procesado y conservaci\u00f3n de patatas; la elaboraci\u00f3n de zumos de frutas y hortalizas; la fabricaci\u00f3n de az\u00facar; el procesado de pescados, crust\u00e1ceos y moluscos, y la fabricaci\u00f3n de conservas de pescado. Asimismo, se recogen otros beneficios para las industrias de consumo intensivo de gas, entre las que fuiguran algunas agroalimentarias (az\u00facar, aceites y grasas, etc\u00e9tera).<strong>\/<\/strong><\/p>\n","protected":false},"excerpt":{"rendered":"<p>El Gobierno de Espa\u00f1a ha prorrogado hasta fin de a\u00f1o la medida que permite a los regantes cambiar sin coste a\u00f1adido la potencia de tarifa el\u00e9ctrica en menos de doce meses. Con este r\u00e9gimen, vigente desde finales de 2022, se atiende una demanda hist\u00f3rica de ASAJA para que el regante realice m\u00e1s de un cambio [&hellip;]<\/p>\n","protected":false},"author":9,"featured_media":13378,"comment_status":"open","ping_status":"open","sticky":false,"template":"","format":"standard","meta":{"footnotes":""},"categories":[9,29,28],"tags":[58,59,351,948,77,55,949],"yoast_head":"<!-- This site is optimized with the Yoast SEO plugin v24.5 - https:\/\/yoast.com\/wordpress\/plugins\/seo\/ -->\n<title>Se prorroga a los regantes la opci\u00f3n del cambio estacional de la potencia el\u00e9ctrica sin coste a\u00f1adido - ASAJA Palencia<\/title>\n<meta name=\"description\" content=\"El Gobierno de Espa\u00f1a ha prorrogado hasta fin de a\u00f1o la medida que permite a los regantes cambiar sin coste a\u00f1adido la potencia de tarifa el\u00e9ctrica en\" \/>\n<meta name=\"robots\" content=\"index, follow, max-snippet:-1, max-image-preview:large, max-video-preview:-1\" \/>\n<link rel=\"canonical\" href=\"https:\/\/www.asajacyl.com\/palencia\/asaja-palencia-informa\/se-prorroga-a-los-regantes-la-opcion-del-cambio-estacional-de-la-potencia-electrica-sin-coste-anadido\" \/>\n<meta property=\"og:locale\" content=\"es_ES\" \/>\n<meta property=\"og:type\" content=\"article\" \/>\n<meta property=\"og:title\" content=\"Se prorroga a los regantes la opci\u00f3n del cambio estacional de la potencia el\u00e9ctrica sin coste a\u00f1adido - ASAJA Palencia\" \/>\n<meta property=\"og:description\" content=\"El Gobierno de Espa\u00f1a ha prorrogado hasta fin de a\u00f1o la medida que permite a los regantes cambiar sin coste a\u00f1adido la potencia de tarifa el\u00e9ctrica en\" \/>\n<meta property=\"og:url\" content=\"https:\/\/www.asajacyl.com\/palencia\/asaja-palencia-informa\/se-prorroga-a-los-regantes-la-opcion-del-cambio-estacional-de-la-potencia-electrica-sin-coste-anadido\" \/>\n<meta property=\"og:site_name\" content=\"ASAJA Palencia\" \/>\n<meta property=\"article:published_time\" content=\"2024-06-28T07:45:55+00:00\" \/>\n<meta property=\"article:modified_time\" content=\"2024-06-28T07:45:59+00:00\" \/>\n<meta property=\"og:image\" content=\"https:\/\/www.asajacyl.com\/palencia\/wp-content\/uploads\/sites\/3\/2023\/05\/REGADIO-PIVOT-1024x666.jpg\" \/>\n\t<meta property=\"og:image:width\" content=\"1024\" \/>\n\t<meta property=\"og:image:height\" content=\"666\" \/>\n\t<meta property=\"og:image:type\" content=\"image\/jpeg\" \/>\n<meta name=\"author\" content=\"Administrador\" \/>\n<meta name=\"twitter:card\" content=\"summary_large_image\" \/>\n<meta name=\"twitter:label1\" content=\"Escrito por\" \/>\n\t<meta name=\"twitter:data1\" content=\"Administrador\" \/>\n\t<meta name=\"twitter:label2\" content=\"Tiempo de lectura\" \/>\n\t<meta name=\"twitter:data2\" content=\"3 minutos\" \/>\n<script type=\"application\/ld+json\" class=\"yoast-schema-graph\">{\"@context\":\"https:\/\/schema.org\",\"@graph\":[{\"@type\":\"WebPage\",\"@id\":\"https:\/\/www.asajacyl.com\/palencia\/asaja-palencia-informa\/se-prorroga-a-los-regantes-la-opcion-del-cambio-estacional-de-la-potencia-electrica-sin-coste-anadido\",\"url\":\"https:\/\/www.asajacyl.com\/palencia\/asaja-palencia-informa\/se-prorroga-a-los-regantes-la-opcion-del-cambio-estacional-de-la-potencia-electrica-sin-coste-anadido\",\"name\":\"Se prorroga a los regantes la opci\u00f3n del cambio estacional de la potencia el\u00e9ctrica sin coste a\u00f1adido - ASAJA Palencia\",\"isPartOf\":{\"@id\":\"https:\/\/www.asajacyl.com\/palencia\/#website\"},\"primaryImageOfPage\":{\"@id\":\"https:\/\/www.asajacyl.com\/palencia\/asaja-palencia-informa\/se-prorroga-a-los-regantes-la-opcion-del-cambio-estacional-de-la-potencia-electrica-sin-coste-anadido#primaryimage\"},\"image\":{\"@id\":\"https:\/\/www.asajacyl.com\/palencia\/asaja-palencia-informa\/se-prorroga-a-los-regantes-la-opcion-del-cambio-estacional-de-la-potencia-electrica-sin-coste-anadido#primaryimage\"},\"thumbnailUrl\":\"https:\/\/www.asajacyl.com\/palencia\/wp-content\/uploads\/sites\/3\/2023\/05\/REGADIO-PIVOT.jpg\",\"datePublished\":\"2024-06-28T07:45:55+00:00\",\"dateModified\":\"2024-06-28T07:45:59+00:00\",\"author\":{\"@id\":\"https:\/\/www.asajacyl.com\/palencia\/#\/schema\/person\/3ab17aeb03527485c317557fae64aab1\"},\"description\":\"El Gobierno de Espa\u00f1a ha prorrogado hasta fin de a\u00f1o la medida que permite a los regantes cambiar sin coste a\u00f1adido la potencia de tarifa el\u00e9ctrica en\",\"breadcrumb\":{\"@id\":\"https:\/\/www.asajacyl.com\/palencia\/asaja-palencia-informa\/se-prorroga-a-los-regantes-la-opcion-del-cambio-estacional-de-la-potencia-electrica-sin-coste-anadido#breadcrumb\"},\"inLanguage\":\"es\",\"potentialAction\":[{\"@type\":\"ReadAction\",\"target\":[\"https:\/\/www.asajacyl.com\/palencia\/asaja-palencia-informa\/se-prorroga-a-los-regantes-la-opcion-del-cambio-estacional-de-la-potencia-electrica-sin-coste-anadido\"]}]},{\"@type\":\"ImageObject\",\"inLanguage\":\"es\",\"@id\":\"https:\/\/www.asajacyl.com\/palencia\/asaja-palencia-informa\/se-prorroga-a-los-regantes-la-opcion-del-cambio-estacional-de-la-potencia-electrica-sin-coste-anadido#primaryimage\",\"url\":\"https:\/\/www.asajacyl.com\/palencia\/wp-content\/uploads\/sites\/3\/2023\/05\/REGADIO-PIVOT.jpg\",\"contentUrl\":\"https:\/\/www.asajacyl.com\/palencia\/wp-content\/uploads\/sites\/3\/2023\/05\/REGADIO-PIVOT.jpg\",\"width\":2444,\"height\":1589},{\"@type\":\"BreadcrumbList\",\"@id\":\"https:\/\/www.asajacyl.com\/palencia\/asaja-palencia-informa\/se-prorroga-a-los-regantes-la-opcion-del-cambio-estacional-de-la-potencia-electrica-sin-coste-anadido#breadcrumb\",\"itemListElement\":[{\"@type\":\"ListItem\",\"position\":1,\"name\":\"Portada\",\"item\":\"https:\/\/www.asajacyl.com\/palencia\/\"},{\"@type\":\"ListItem\",\"position\":2,\"name\":\"Se prorroga a los regantes la opci\u00f3n del cambio estacional de la potencia el\u00e9ctrica sin coste a\u00f1adido\"}]},{\"@type\":\"WebSite\",\"@id\":\"https:\/\/www.asajacyl.com\/palencia\/#website\",\"url\":\"https:\/\/www.asajacyl.com\/palencia\/\",\"name\":\"ASAJA Palencia\",\"description\":\"Otro sitio m\u00e1s de Provincias ASAJA Castilla y Le\u00f3n\",\"potentialAction\":[{\"@type\":\"SearchAction\",\"target\":{\"@type\":\"EntryPoint\",\"urlTemplate\":\"https:\/\/www.asajacyl.com\/palencia\/?s={search_term_string}\"},\"query-input\":{\"@type\":\"PropertyValueSpecification\",\"valueRequired\":true,\"valueName\":\"search_term_string\"}}],\"inLanguage\":\"es\"},{\"@type\":\"Person\",\"@id\":\"https:\/\/www.asajacyl.com\/palencia\/#\/schema\/person\/3ab17aeb03527485c317557fae64aab1\",\"name\":\"Administrador\",\"image\":{\"@type\":\"ImageObject\",\"inLanguage\":\"es\",\"@id\":\"https:\/\/www.asajacyl.com\/palencia\/#\/schema\/person\/image\/\",\"url\":\"https:\/\/secure.gravatar.com\/avatar\/517384810d242ca9e38c180f3c9fb973?s=96&d=mm&r=g\",\"contentUrl\":\"https:\/\/secure.gravatar.com\/avatar\/517384810d242ca9e38c180f3c9fb973?s=96&d=mm&r=g\",\"caption\":\"Administrador\"},\"url\":\"https:\/\/www.asajacyl.com\/palencia\/author\/carlosrm\"}]}<\/script>\n<!-- \/ Yoast SEO plugin. -->","yoast_head_json":{"title":"Se prorroga a los regantes la opci\u00f3n del cambio estacional de la potencia el\u00e9ctrica sin coste a\u00f1adido - ASAJA Palencia","description":"El Gobierno de Espa\u00f1a ha prorrogado hasta fin de a\u00f1o la medida que permite a los regantes cambiar sin coste a\u00f1adido la potencia de tarifa el\u00e9ctrica en","robots":{"index":"index","follow":"follow","max-snippet":"max-snippet:-1","max-image-preview":"max-image-preview:large","max-video-preview":"max-video-preview:-1"},"canonical":"https:\/\/www.asajacyl.com\/palencia\/asaja-palencia-informa\/se-prorroga-a-los-regantes-la-opcion-del-cambio-estacional-de-la-potencia-electrica-sin-coste-anadido","og_locale":"es_ES","og_type":"article","og_title":"Se prorroga a los regantes la opci\u00f3n del cambio estacional de la potencia el\u00e9ctrica sin coste a\u00f1adido - ASAJA Palencia","og_description":"El Gobierno de Espa\u00f1a ha prorrogado hasta fin de a\u00f1o la medida que permite a los regantes cambiar sin coste a\u00f1adido la potencia de tarifa el\u00e9ctrica en","og_url":"https:\/\/www.asajacyl.com\/palencia\/asaja-palencia-informa\/se-prorroga-a-los-regantes-la-opcion-del-cambio-estacional-de-la-potencia-electrica-sin-coste-anadido","og_site_name":"ASAJA Palencia","article_published_time":"2024-06-28T07:45:55+00:00","article_modified_time":"2024-06-28T07:45:59+00:00","og_image":[{"width":1024,"height":666,"url":"https:\/\/www.asajacyl.com\/palencia\/wp-content\/uploads\/sites\/3\/2023\/05\/REGADIO-PIVOT-1024x666.jpg","type":"image\/jpeg"}],"author":"Administrador","twitter_card":"summary_large_image","twitter_misc":{"Escrito por":"Administrador","Tiempo de lectura":"3 minutos"},"schema":{"@context":"https:\/\/schema.org","@graph":[{"@type":"WebPage","@id":"https:\/\/www.asajacyl.com\/palencia\/asaja-palencia-informa\/se-prorroga-a-los-regantes-la-opcion-del-cambio-estacional-de-la-potencia-electrica-sin-coste-anadido","url":"https:\/\/www.asajacyl.com\/palencia\/asaja-palencia-informa\/se-prorroga-a-los-regantes-la-opcion-del-cambio-estacional-de-la-potencia-electrica-sin-coste-anadido","name":"Se prorroga a los regantes la opci\u00f3n del cambio estacional de la potencia el\u00e9ctrica sin coste a\u00f1adido - ASAJA Palencia","isPartOf":{"@id":"https:\/\/www.asajacyl.com\/palencia\/#website"},"primaryImageOfPage":{"@id":"https:\/\/www.asajacyl.com\/palencia\/asaja-palencia-informa\/se-prorroga-a-los-regantes-la-opcion-del-cambio-estacional-de-la-potencia-electrica-sin-coste-anadido#primaryimage"},"image":{"@id":"https:\/\/www.asajacyl.com\/palencia\/asaja-palencia-informa\/se-prorroga-a-los-regantes-la-opcion-del-cambio-estacional-de-la-potencia-electrica-sin-coste-anadido#primaryimage"},"thumbnailUrl":"https:\/\/www.asajacyl.com\/palencia\/wp-content\/uploads\/sites\/3\/2023\/05\/REGADIO-PIVOT.jpg","datePublished":"2024-06-28T07:45:55+00:00","dateModified":"2024-06-28T07:45:59+00:00","author":{"@id":"https:\/\/www.asajacyl.com\/palencia\/#\/schema\/person\/3ab17aeb03527485c317557fae64aab1"},"description":"El Gobierno de Espa\u00f1a ha prorrogado hasta fin de a\u00f1o la medida que permite a los regantes cambiar sin coste a\u00f1adido la potencia de tarifa el\u00e9ctrica en","breadcrumb":{"@id":"https:\/\/www.asajacyl.com\/palencia\/asaja-palencia-informa\/se-prorroga-a-los-regantes-la-opcion-del-cambio-estacional-de-la-potencia-electrica-sin-coste-anadido#breadcrumb"},"inLanguage":"es","potentialAction":[{"@type":"ReadAction","target":["https:\/\/www.asajacyl.com\/palencia\/asaja-palencia-informa\/se-prorroga-a-los-regantes-la-opcion-del-cambio-estacional-de-la-potencia-electrica-sin-coste-anadido"]}]},{"@type":"ImageObject","inLanguage":"es","@id":"https:\/\/www.asajacyl.com\/palencia\/asaja-palencia-informa\/se-prorroga-a-los-regantes-la-opcion-del-cambio-estacional-de-la-potencia-electrica-sin-coste-anadido#primaryimage","url":"https:\/\/www.asajacyl.com\/palencia\/wp-content\/uploads\/sites\/3\/2023\/05\/REGADIO-PIVOT.jpg","contentUrl":"https:\/\/www.asajacyl.com\/palencia\/wp-content\/uploads\/sites\/3\/2023\/05\/REGADIO-PIVOT.jpg","width":2444,"height":1589},{"@type":"BreadcrumbList","@id":"https:\/\/www.asajacyl.com\/palencia\/asaja-palencia-informa\/se-prorroga-a-los-regantes-la-opcion-del-cambio-estacional-de-la-potencia-electrica-sin-coste-anadido#breadcrumb","itemListElement":[{"@type":"ListItem","position":1,"name":"Portada","item":"https:\/\/www.asajacyl.com\/palencia\/"},{"@type":"ListItem","position":2,"name":"Se prorroga a los regantes la opci\u00f3n del cambio estacional de la potencia el\u00e9ctrica sin coste a\u00f1adido"}]},{"@type":"WebSite","@id":"https:\/\/www.asajacyl.com\/palencia\/#website","url":"https:\/\/www.asajacyl.com\/palencia\/","name":"ASAJA Palencia","description":"Otro sitio m\u00e1s de Provincias ASAJA Castilla y Le\u00f3n","potentialAction":[{"@type":"SearchAction","target":{"@type":"EntryPoint","urlTemplate":"https:\/\/www.asajacyl.com\/palencia\/?s={search_term_string}"},"query-input":{"@type":"PropertyValueSpecification","valueRequired":true,"valueName":"search_term_string"}}],"inLanguage":"es"},{"@type":"Person","@id":"https:\/\/www.asajacyl.com\/palencia\/#\/schema\/person\/3ab17aeb03527485c317557fae64aab1","name":"Administrador","image":{"@type":"ImageObject","inLanguage":"es","@id":"https:\/\/www.asajacyl.com\/palencia\/#\/schema\/person\/image\/","url":"https:\/\/secure.gravatar.com\/avatar\/517384810d242ca9e38c180f3c9fb973?s=96&d=mm&r=g","contentUrl":"https:\/\/secure.gravatar.com\/avatar\/517384810d242ca9e38c180f3c9fb973?s=96&d=mm&r=g","caption":"Administrador"},"url":"https:\/\/www.asajacyl.com\/palencia\/author\/carlosrm"}]}},"_links":{"self":[{"href":"https:\/\/www.asajacyl.com\/palencia\/wp-json\/wp\/v2\/posts\/16662"}],"collection":[{"href":"https:\/\/www.asajacyl.com\/palencia\/wp-json\/wp\/v2\/posts"}],"about":[{"href":"https:\/\/www.asajacyl.com\/palencia\/wp-json\/wp\/v2\/types\/post"}],"author":[{"embeddable":true,"href":"https:\/\/www.asajacyl.com\/palencia\/wp-json\/wp\/v2\/users\/9"}],"replies":[{"embeddable":true,"href":"https:\/\/www.asajacyl.com\/palencia\/wp-json\/wp\/v2\/comments?post=16662"}],"version-history":[{"count":4,"href":"https:\/\/www.asajacyl.com\/palencia\/wp-json\/wp\/v2\/posts\/16662\/revisions"}],"predecessor-version":[{"id":16666,"href":"https:\/\/www.asajacyl.com\/palencia\/wp-json\/wp\/v2\/posts\/16662\/revisions\/16666"}],"wp:featuredmedia":[{"embeddable":true,"href":"https:\/\/www.asajacyl.com\/palencia\/wp-json\/wp\/v2\/media\/13378"}],"wp:attachment":[{"href":"https:\/\/www.asajacyl.com\/palencia\/wp-json\/wp\/v2\/media?parent=16662"}],"wp:term":[{"taxonomy":"category","embeddable":true,"href":"https:\/\/www.asajacyl.com\/palencia\/wp-json\/wp\/v2\/categories?post=16662"},{"taxonomy":"post_tag","embeddable":true,"href":"https:\/\/www.asajacyl.com\/palencia\/wp-json\/wp\/v2\/tags?post=16662"}],"curies":[{"name":"wp","href":"https:\/\/api.w.org\/{rel}","templated":true}]}}