{"id":16678,"date":"2024-06-29T08:38:00","date_gmt":"2024-06-29T06:38:00","guid":{"rendered":"https:\/\/www.asajacyl.com\/palencia\/?p=16678"},"modified":"2024-07-09T10:46:55","modified_gmt":"2024-07-09T08:46:55","slug":"las-bases-provisionales-de-la-concentracion-de-osornillo-ii-en-plazo-de-alegaciones-hasta-el-4-de-julio","status":"publish","type":"post","link":"https:\/\/www.asajacyl.com\/palencia\/asaja-palencia-informa\/las-bases-provisionales-de-la-concentracion-de-osornillo-ii-en-plazo-de-alegaciones-hasta-el-4-de-julio","title":{"rendered":"Las bases provisionales de la concentraci\u00f3n de Osornillo II, en plazo de alegaciones hasta el 4 de julio"},"content":{"rendered":"\n<h2 class=\"wp-block-heading\">Las bases provisionales de la concentraci\u00f3n parcelaria Osornillo II se han publicado el pasado 4 de junio, por lo que se encuentran actualmente en plazo para presentar alegaciones hasta este pr\u00f3ximo jueves, 4 de julio. La zona de concentraci\u00f3n parcelaria afecta a una superficie cercana a los 1.808 hect\u00e1reas de las que 1.485 corresponden a las 694 parcelas para concentrar.  Estas parcelas est\u00e1n aportadas por 192 propietarios y se distribuyen en casi 210 hect\u00e1reas de regad\u00edo y cerca de 1.276 de secano.<\/h2>\n\n\n\n<p>La superficie media por propietario antes de la concentraci\u00f3n de este proyecto Osornillo II ronda las 7,74 hect\u00e1reas, con una superficie media por parcela de 2,14 hect\u00e1reas y un promedio de 3,6 parcelas por propietario. En Osornillo ya se efectu\u00f3 un proceso de concentraci\u00f3n parcelaria que concluy\u00f3 en 1970, para una superficie cercana a las mil quinientas hect\u00e1reas de 352 propietarios. <\/p>\n\n\n\n<p>A finales de 1999 se declararon de inter\u00e9s general las obras de consolidaci\u00f3n y mejora de los regad\u00edos de la Comunidad de Regantes del Canal de Pisuerga, con terrenos en la provincia de Palencia, pero tambi\u00e9n en la de Burgos; obras de las que se han ejecutado ya los sectores A, B, C, D, E y F, con una superficie total modernizada de algo m\u00e1s de siete mil hect\u00e1reas en los municipios de Astudillo, Villalaco y Villodre (sectores A y B, a\u00f1o 2005), Itero de la Vega, Melgar de Yuso, Herrera de Pisuerga, Ventosa, Zarzosa, Melgar de Fernamental y San Llorente (sectores C, D y E, a\u00f1o 2006) y T\u00e1mara de Campos y parte de Pi\u00f1a de Campos, Fr\u00f3mista, Amusco y una peque\u00f1a parte de Santoyo (sector F, a\u00f1o 2015). Quedan pendientes 3.440 hect\u00e1reas de modernizar, que incluyen las de Osornillo II.<\/p>\n\n\n\n<p>La citada comunidad de regantes aprob\u00f3 en diciembre de 2017 impulsar la modernizaci\u00f3n de la parte correspondiente a Osornillo II. Paralelamente, en diciembre de 2018 fue aprobado por el Ayuntamiento de Osornillo solicitar la reconcentraci\u00f3n parcelaria correspondiente a su t\u00e9rmino municipal, declarada de utilidad p\u00fablica y urgente ejecuci\u00f3n en octubre de 2020. Dos a\u00f1os m\u00e1s tarde empez\u00f3 la investigaci\u00f3n de la propiedad, trabajos que se han prolongado hasta la elaboraci\u00f3n de estas bases provisionales ahora en tr\u00e1mite de alegaciones.<\/p>\n\n\n\n<p>Las bases son el conjunto de documentos que reconocen el valor de las superficies aportadas por cada propietario, seg\u00fan su calidad agron\u00f3mica y las parcelas en el terreno. Se obtiene un listado de los propietarios y sus parcelas diferenciadas seg\u00fan su clase, as\u00ed como unos coeficientes de clasificaci\u00f3n que valoran qu\u00e9 aporta cada propietario a la concentraci\u00f3n parcelaria.<\/p>\n\n\n\n<p>Seg\u00fan el estudio t\u00e9cnico previo de la zona de concentraci\u00f3n parcelaria Osornillo II, fechado en abril de 2019, su presupuesto de ejecuci\u00f3n por contrata se aproxima a los 1,42 millones de euros.<strong>\/<\/strong> <\/p>\n\n\n\n<figure class=\"wp-block-image size-large is-resized\"><img loading=\"lazy\" decoding=\"async\" width=\"1024\" height=\"731\" src=\"https:\/\/www.asajacyl.com\/palencia\/wp-content\/uploads\/sites\/3\/2024\/06\/BP-PLA-SITUACION-Osornillo-II-bj-1024x731.jpg\" alt=\"\" class=\"wp-image-16680\" style=\"width:1069px;height:auto\" srcset=\"https:\/\/www.asajacyl.com\/palencia\/wp-content\/uploads\/sites\/3\/2024\/06\/BP-PLA-SITUACION-Osornillo-II-bj-1024x731.jpg 1024w, https:\/\/www.asajacyl.com\/palencia\/wp-content\/uploads\/sites\/3\/2024\/06\/BP-PLA-SITUACION-Osornillo-II-bj-300x214.jpg 300w, https:\/\/www.asajacyl.com\/palencia\/wp-content\/uploads\/sites\/3\/2024\/06\/BP-PLA-SITUACION-Osornillo-II-bj-768x548.jpg 768w, https:\/\/www.asajacyl.com\/palencia\/wp-content\/uploads\/sites\/3\/2024\/06\/BP-PLA-SITUACION-Osornillo-II-bj-1536x1097.jpg 1536w, https:\/\/www.asajacyl.com\/palencia\/wp-content\/uploads\/sites\/3\/2024\/06\/BP-PLA-SITUACION-Osornillo-II-bj-2048x1462.jpg 2048w, https:\/\/www.asajacyl.com\/palencia\/wp-content\/uploads\/sites\/3\/2024\/06\/BP-PLA-SITUACION-Osornillo-II-bj-588x420.jpg 588w, https:\/\/www.asajacyl.com\/palencia\/wp-content\/uploads\/sites\/3\/2024\/06\/BP-PLA-SITUACION-Osornillo-II-bj-696x497.jpg 696w, https:\/\/www.asajacyl.com\/palencia\/wp-content\/uploads\/sites\/3\/2024\/06\/BP-PLA-SITUACION-Osornillo-II-bj-1068x763.jpg 1068w, https:\/\/www.asajacyl.com\/palencia\/wp-content\/uploads\/sites\/3\/2024\/06\/BP-PLA-SITUACION-Osornillo-II-bj-1920x1371.jpg 1920w\" sizes=\"(max-width: 1024px) 100vw, 1024px\" \/><\/figure>\n\n\n\n<p><\/p>\n","protected":false},"excerpt":{"rendered":"<p>Las bases provisionales de la concentraci\u00f3n parcelaria Osornillo II se han publicado el pasado 4 de junio, por lo que se encuentran actualmente en plazo para presentar alegaciones hasta este pr\u00f3ximo jueves, 4 de julio. La zona de concentraci\u00f3n parcelaria afecta a una superficie cercana a los 1.808 hect\u00e1reas de las que 1.485 corresponden a [&hellip;]<\/p>\n","protected":false},"author":9,"featured_media":16681,"comment_status":"open","ping_status":"open","sticky":false,"template":"","format":"standard","meta":{"footnotes":""},"categories":[9,29,28],"tags":[58,953,169,142,66,716,952,84,55,131,722],"yoast_head":"<!-- This site is optimized with the Yoast SEO plugin v24.5 - https:\/\/yoast.com\/wordpress\/plugins\/seo\/ -->\n<title>Las bases provisionales de la concentraci\u00f3n de Osornillo II, en plazo de alegaciones hasta el 4 de julio - ASAJA Palencia<\/title>\n<meta name=\"description\" content=\"Las bases provisionales de la concentraci\u00f3n parcelaria Osornillo II se han publicado el pasado 4 de junio, por lo que se encuentran actualmente en plazo\" \/>\n<meta name=\"robots\" content=\"index, follow, max-snippet:-1, max-image-preview:large, max-video-preview:-1\" \/>\n<link rel=\"canonical\" href=\"https:\/\/www.asajacyl.com\/palencia\/asaja-palencia-informa\/las-bases-provisionales-de-la-concentracion-de-osornillo-ii-en-plazo-de-alegaciones-hasta-el-4-de-julio\" \/>\n<meta property=\"og:locale\" content=\"es_ES\" \/>\n<meta property=\"og:type\" content=\"article\" \/>\n<meta property=\"og:title\" content=\"Las bases provisionales de la concentraci\u00f3n de Osornillo II, en plazo de alegaciones hasta el 4 de julio - ASAJA Palencia\" \/>\n<meta property=\"og:description\" content=\"Las bases provisionales de la concentraci\u00f3n parcelaria Osornillo II se han publicado el pasado 4 de junio, por lo que se encuentran actualmente en plazo\" \/>\n<meta property=\"og:url\" content=\"https:\/\/www.asajacyl.com\/palencia\/asaja-palencia-informa\/las-bases-provisionales-de-la-concentracion-de-osornillo-ii-en-plazo-de-alegaciones-hasta-el-4-de-julio\" \/>\n<meta property=\"og:site_name\" content=\"ASAJA Palencia\" \/>\n<meta property=\"article:published_time\" content=\"2024-06-29T06:38:00+00:00\" \/>\n<meta property=\"article:modified_time\" content=\"2024-07-09T08:46:55+00:00\" \/>\n<meta property=\"og:image\" content=\"https:\/\/www.asajacyl.com\/palencia\/wp-content\/uploads\/sites\/3\/2024\/06\/BP-PLA-SITUACION-Osornillo-.jpg\" \/>\n\t<meta property=\"og:image:width\" content=\"1890\" \/>\n\t<meta property=\"og:image:height\" content=\"1417\" \/>\n\t<meta property=\"og:image:type\" content=\"image\/jpeg\" \/>\n<meta name=\"author\" content=\"Administrador\" \/>\n<meta name=\"twitter:card\" content=\"summary_large_image\" \/>\n<meta name=\"twitter:label1\" content=\"Escrito por\" \/>\n\t<meta name=\"twitter:data1\" content=\"Administrador\" \/>\n\t<meta name=\"twitter:label2\" content=\"Tiempo de lectura\" \/>\n\t<meta name=\"twitter:data2\" content=\"3 minutos\" \/>\n<script type=\"application\/ld+json\" class=\"yoast-schema-graph\">{\"@context\":\"https:\/\/schema.org\",\"@graph\":[{\"@type\":\"WebPage\",\"@id\":\"https:\/\/www.asajacyl.com\/palencia\/asaja-palencia-informa\/las-bases-provisionales-de-la-concentracion-de-osornillo-ii-en-plazo-de-alegaciones-hasta-el-4-de-julio\",\"url\":\"https:\/\/www.asajacyl.com\/palencia\/asaja-palencia-informa\/las-bases-provisionales-de-la-concentracion-de-osornillo-ii-en-plazo-de-alegaciones-hasta-el-4-de-julio\",\"name\":\"Las bases provisionales de la concentraci\u00f3n de Osornillo II, en plazo de alegaciones hasta el 4 de julio - ASAJA Palencia\",\"isPartOf\":{\"@id\":\"https:\/\/www.asajacyl.com\/palencia\/#website\"},\"primaryImageOfPage\":{\"@id\":\"https:\/\/www.asajacyl.com\/palencia\/asaja-palencia-informa\/las-bases-provisionales-de-la-concentracion-de-osornillo-ii-en-plazo-de-alegaciones-hasta-el-4-de-julio#primaryimage\"},\"image\":{\"@id\":\"https:\/\/www.asajacyl.com\/palencia\/asaja-palencia-informa\/las-bases-provisionales-de-la-concentracion-de-osornillo-ii-en-plazo-de-alegaciones-hasta-el-4-de-julio#primaryimage\"},\"thumbnailUrl\":\"https:\/\/www.asajacyl.com\/palencia\/wp-content\/uploads\/sites\/3\/2024\/06\/BP-PLA-SITUACION-Osornillo-.jpg\",\"datePublished\":\"2024-06-29T06:38:00+00:00\",\"dateModified\":\"2024-07-09T08:46:55+00:00\",\"author\":{\"@id\":\"https:\/\/www.asajacyl.com\/palencia\/#\/schema\/person\/3ab17aeb03527485c317557fae64aab1\"},\"description\":\"Las bases provisionales de la concentraci\u00f3n parcelaria Osornillo II se han publicado el pasado 4 de junio, por lo que se encuentran actualmente en plazo\",\"breadcrumb\":{\"@id\":\"https:\/\/www.asajacyl.com\/palencia\/asaja-palencia-informa\/las-bases-provisionales-de-la-concentracion-de-osornillo-ii-en-plazo-de-alegaciones-hasta-el-4-de-julio#breadcrumb\"},\"inLanguage\":\"es\",\"potentialAction\":[{\"@type\":\"ReadAction\",\"target\":[\"https:\/\/www.asajacyl.com\/palencia\/asaja-palencia-informa\/las-bases-provisionales-de-la-concentracion-de-osornillo-ii-en-plazo-de-alegaciones-hasta-el-4-de-julio\"]}]},{\"@type\":\"ImageObject\",\"inLanguage\":\"es\",\"@id\":\"https:\/\/www.asajacyl.com\/palencia\/asaja-palencia-informa\/las-bases-provisionales-de-la-concentracion-de-osornillo-ii-en-plazo-de-alegaciones-hasta-el-4-de-julio#primaryimage\",\"url\":\"https:\/\/www.asajacyl.com\/palencia\/wp-content\/uploads\/sites\/3\/2024\/06\/BP-PLA-SITUACION-Osornillo-.jpg\",\"contentUrl\":\"https:\/\/www.asajacyl.com\/palencia\/wp-content\/uploads\/sites\/3\/2024\/06\/BP-PLA-SITUACION-Osornillo-.jpg\",\"width\":1890,\"height\":1417},{\"@type\":\"BreadcrumbList\",\"@id\":\"https:\/\/www.asajacyl.com\/palencia\/asaja-palencia-informa\/las-bases-provisionales-de-la-concentracion-de-osornillo-ii-en-plazo-de-alegaciones-hasta-el-4-de-julio#breadcrumb\",\"itemListElement\":[{\"@type\":\"ListItem\",\"position\":1,\"name\":\"Portada\",\"item\":\"https:\/\/www.asajacyl.com\/palencia\/\"},{\"@type\":\"ListItem\",\"position\":2,\"name\":\"Las bases provisionales de la concentraci\u00f3n de Osornillo II, en plazo de alegaciones hasta el 4 de julio\"}]},{\"@type\":\"WebSite\",\"@id\":\"https:\/\/www.asajacyl.com\/palencia\/#website\",\"url\":\"https:\/\/www.asajacyl.com\/palencia\/\",\"name\":\"ASAJA Palencia\",\"description\":\"Otro sitio m\u00e1s de Provincias ASAJA Castilla y Le\u00f3n\",\"potentialAction\":[{\"@type\":\"SearchAction\",\"target\":{\"@type\":\"EntryPoint\",\"urlTemplate\":\"https:\/\/www.asajacyl.com\/palencia\/?s={search_term_string}\"},\"query-input\":{\"@type\":\"PropertyValueSpecification\",\"valueRequired\":true,\"valueName\":\"search_term_string\"}}],\"inLanguage\":\"es\"},{\"@type\":\"Person\",\"@id\":\"https:\/\/www.asajacyl.com\/palencia\/#\/schema\/person\/3ab17aeb03527485c317557fae64aab1\",\"name\":\"Administrador\",\"image\":{\"@type\":\"ImageObject\",\"inLanguage\":\"es\",\"@id\":\"https:\/\/www.asajacyl.com\/palencia\/#\/schema\/person\/image\/\",\"url\":\"https:\/\/secure.gravatar.com\/avatar\/517384810d242ca9e38c180f3c9fb973?s=96&d=mm&r=g\",\"contentUrl\":\"https:\/\/secure.gravatar.com\/avatar\/517384810d242ca9e38c180f3c9fb973?s=96&d=mm&r=g\",\"caption\":\"Administrador\"},\"url\":\"https:\/\/www.asajacyl.com\/palencia\/author\/carlosrm\"}]}<\/script>\n<!-- \/ Yoast SEO plugin. -->","yoast_head_json":{"title":"Las bases provisionales de la concentraci\u00f3n de Osornillo II, en plazo de alegaciones hasta el 4 de julio - ASAJA Palencia","description":"Las bases provisionales de la concentraci\u00f3n parcelaria Osornillo II se han publicado el pasado 4 de junio, por lo que se encuentran actualmente en plazo","robots":{"index":"index","follow":"follow","max-snippet":"max-snippet:-1","max-image-preview":"max-image-preview:large","max-video-preview":"max-video-preview:-1"},"canonical":"https:\/\/www.asajacyl.com\/palencia\/asaja-palencia-informa\/las-bases-provisionales-de-la-concentracion-de-osornillo-ii-en-plazo-de-alegaciones-hasta-el-4-de-julio","og_locale":"es_ES","og_type":"article","og_title":"Las bases provisionales de la concentraci\u00f3n de Osornillo II, en plazo de alegaciones hasta el 4 de julio - ASAJA Palencia","og_description":"Las bases provisionales de la concentraci\u00f3n parcelaria Osornillo II se han publicado el pasado 4 de junio, por lo que se encuentran actualmente en plazo","og_url":"https:\/\/www.asajacyl.com\/palencia\/asaja-palencia-informa\/las-bases-provisionales-de-la-concentracion-de-osornillo-ii-en-plazo-de-alegaciones-hasta-el-4-de-julio","og_site_name":"ASAJA Palencia","article_published_time":"2024-06-29T06:38:00+00:00","article_modified_time":"2024-07-09T08:46:55+00:00","og_image":[{"width":1890,"height":1417,"url":"https:\/\/www.asajacyl.com\/palencia\/wp-content\/uploads\/sites\/3\/2024\/06\/BP-PLA-SITUACION-Osornillo-.jpg","type":"image\/jpeg"}],"author":"Administrador","twitter_card":"summary_large_image","twitter_misc":{"Escrito por":"Administrador","Tiempo de lectura":"3 minutos"},"schema":{"@context":"https:\/\/schema.org","@graph":[{"@type":"WebPage","@id":"https:\/\/www.asajacyl.com\/palencia\/asaja-palencia-informa\/las-bases-provisionales-de-la-concentracion-de-osornillo-ii-en-plazo-de-alegaciones-hasta-el-4-de-julio","url":"https:\/\/www.asajacyl.com\/palencia\/asaja-palencia-informa\/las-bases-provisionales-de-la-concentracion-de-osornillo-ii-en-plazo-de-alegaciones-hasta-el-4-de-julio","name":"Las bases provisionales de la concentraci\u00f3n de Osornillo II, en plazo de alegaciones hasta el 4 de julio - ASAJA Palencia","isPartOf":{"@id":"https:\/\/www.asajacyl.com\/palencia\/#website"},"primaryImageOfPage":{"@id":"https:\/\/www.asajacyl.com\/palencia\/asaja-palencia-informa\/las-bases-provisionales-de-la-concentracion-de-osornillo-ii-en-plazo-de-alegaciones-hasta-el-4-de-julio#primaryimage"},"image":{"@id":"https:\/\/www.asajacyl.com\/palencia\/asaja-palencia-informa\/las-bases-provisionales-de-la-concentracion-de-osornillo-ii-en-plazo-de-alegaciones-hasta-el-4-de-julio#primaryimage"},"thumbnailUrl":"https:\/\/www.asajacyl.com\/palencia\/wp-content\/uploads\/sites\/3\/2024\/06\/BP-PLA-SITUACION-Osornillo-.jpg","datePublished":"2024-06-29T06:38:00+00:00","dateModified":"2024-07-09T08:46:55+00:00","author":{"@id":"https:\/\/www.asajacyl.com\/palencia\/#\/schema\/person\/3ab17aeb03527485c317557fae64aab1"},"description":"Las bases provisionales de la concentraci\u00f3n parcelaria Osornillo II se han publicado el pasado 4 de junio, por lo que se encuentran actualmente en plazo","breadcrumb":{"@id":"https:\/\/www.asajacyl.com\/palencia\/asaja-palencia-informa\/las-bases-provisionales-de-la-concentracion-de-osornillo-ii-en-plazo-de-alegaciones-hasta-el-4-de-julio#breadcrumb"},"inLanguage":"es","potentialAction":[{"@type":"ReadAction","target":["https:\/\/www.asajacyl.com\/palencia\/asaja-palencia-informa\/las-bases-provisionales-de-la-concentracion-de-osornillo-ii-en-plazo-de-alegaciones-hasta-el-4-de-julio"]}]},{"@type":"ImageObject","inLanguage":"es","@id":"https:\/\/www.asajacyl.com\/palencia\/asaja-palencia-informa\/las-bases-provisionales-de-la-concentracion-de-osornillo-ii-en-plazo-de-alegaciones-hasta-el-4-de-julio#primaryimage","url":"https:\/\/www.asajacyl.com\/palencia\/wp-content\/uploads\/sites\/3\/2024\/06\/BP-PLA-SITUACION-Osornillo-.jpg","contentUrl":"https:\/\/www.asajacyl.com\/palencia\/wp-content\/uploads\/sites\/3\/2024\/06\/BP-PLA-SITUACION-Osornillo-.jpg","width":1890,"height":1417},{"@type":"BreadcrumbList","@id":"https:\/\/www.asajacyl.com\/palencia\/asaja-palencia-informa\/las-bases-provisionales-de-la-concentracion-de-osornillo-ii-en-plazo-de-alegaciones-hasta-el-4-de-julio#breadcrumb","itemListElement":[{"@type":"ListItem","position":1,"name":"Portada","item":"https:\/\/www.asajacyl.com\/palencia\/"},{"@type":"ListItem","position":2,"name":"Las bases provisionales de la concentraci\u00f3n de Osornillo II, en plazo de alegaciones hasta el 4 de julio"}]},{"@type":"WebSite","@id":"https:\/\/www.asajacyl.com\/palencia\/#website","url":"https:\/\/www.asajacyl.com\/palencia\/","name":"ASAJA Palencia","description":"Otro sitio m\u00e1s de Provincias ASAJA Castilla y Le\u00f3n","potentialAction":[{"@type":"SearchAction","target":{"@type":"EntryPoint","urlTemplate":"https:\/\/www.asajacyl.com\/palencia\/?s={search_term_string}"},"query-input":{"@type":"PropertyValueSpecification","valueRequired":true,"valueName":"search_term_string"}}],"inLanguage":"es"},{"@type":"Person","@id":"https:\/\/www.asajacyl.com\/palencia\/#\/schema\/person\/3ab17aeb03527485c317557fae64aab1","name":"Administrador","image":{"@type":"ImageObject","inLanguage":"es","@id":"https:\/\/www.asajacyl.com\/palencia\/#\/schema\/person\/image\/","url":"https:\/\/secure.gravatar.com\/avatar\/517384810d242ca9e38c180f3c9fb973?s=96&d=mm&r=g","contentUrl":"https:\/\/secure.gravatar.com\/avatar\/517384810d242ca9e38c180f3c9fb973?s=96&d=mm&r=g","caption":"Administrador"},"url":"https:\/\/www.asajacyl.com\/palencia\/author\/carlosrm"}]}},"_links":{"self":[{"href":"https:\/\/www.asajacyl.com\/palencia\/wp-json\/wp\/v2\/posts\/16678"}],"collection":[{"href":"https:\/\/www.asajacyl.com\/palencia\/wp-json\/wp\/v2\/posts"}],"about":[{"href":"https:\/\/www.asajacyl.com\/palencia\/wp-json\/wp\/v2\/types\/post"}],"author":[{"embeddable":true,"href":"https:\/\/www.asajacyl.com\/palencia\/wp-json\/wp\/v2\/users\/9"}],"replies":[{"embeddable":true,"href":"https:\/\/www.asajacyl.com\/palencia\/wp-json\/wp\/v2\/comments?post=16678"}],"version-history":[{"count":2,"href":"https:\/\/www.asajacyl.com\/palencia\/wp-json\/wp\/v2\/posts\/16678\/revisions"}],"predecessor-version":[{"id":16682,"href":"https:\/\/www.asajacyl.com\/palencia\/wp-json\/wp\/v2\/posts\/16678\/revisions\/16682"}],"wp:featuredmedia":[{"embeddable":true,"href":"https:\/\/www.asajacyl.com\/palencia\/wp-json\/wp\/v2\/media\/16681"}],"wp:attachment":[{"href":"https:\/\/www.asajacyl.com\/palencia\/wp-json\/wp\/v2\/media?parent=16678"}],"wp:term":[{"taxonomy":"category","embeddable":true,"href":"https:\/\/www.asajacyl.com\/palencia\/wp-json\/wp\/v2\/categories?post=16678"},{"taxonomy":"post_tag","embeddable":true,"href":"https:\/\/www.asajacyl.com\/palencia\/wp-json\/wp\/v2\/tags?post=16678"}],"curies":[{"name":"wp","href":"https:\/\/api.w.org\/{rel}","templated":true}]}}