{"id":16683,"date":"2024-07-01T09:00:00","date_gmt":"2024-07-01T07:00:00","guid":{"rendered":"https:\/\/www.asajacyl.com\/palencia\/?p=16683"},"modified":"2024-06-28T14:10:19","modified_gmt":"2024-06-28T12:10:19","slug":"asaja-palencia-teme-que-el-bajo-precio-de-los-cereales-frustre-la-rentabilidad-de-la-cosecha-de-2024","status":"publish","type":"post","link":"https:\/\/www.asajacyl.com\/palencia\/asaja-palencia-informa\/asaja-palencia-teme-que-el-bajo-precio-de-los-cereales-frustre-la-rentabilidad-de-la-cosecha-de-2024","title":{"rendered":"ASAJA-Palencia teme que el bajo precio de los cereales frustre la rentabilidad de la cosecha de 2024"},"content":{"rendered":"\n<h2 class=\"wp-block-heading\">Nuestra organizaci\u00f3n denuncia que la cotizaci\u00f3n del grano ya se sit\u00faa por debajo de los niveles previos a la guerra de Ucrania  <strong>|<\/strong>  <em>El IPC desde enero de 2020 ronda el 20 %, pero los costes de producci\u00f3n se han disparado a\u00fan m\u00e1s desde el conflicto b\u00e9lico<\/em>  <strong>| <\/strong> El agricultor es v\u00edctima tanto de la especulaci\u00f3n de los grandes compradores como de la importaci\u00f3n sin controles ni aranceles <strong> | <\/strong><em>La presi\u00f3n puede llevar la tonelada de trigo y cebada a precios incluso menores de los que se pagaban hace ahora tres a\u00f1os<\/em><\/h2>\n\n\n\n<p><strong>ASAJA-Palencia teme que el bajo precios de los cereales, en continuo descenso desde hace dos a\u00f1os, puede frustrar la rentabilidad de la buena cosecha que, a priori, se presenta para este 2024. <\/strong><\/p>\n\n\n\n<p><strong>La actual cotizaci\u00f3n del trigo y de la cebada \u2014los dos cereales predominantes en nuestra provincia, con 220.000 hect\u00e1reas\u2014 se sit\u00faa ya por debajo incluso de la anterior a la guerra de Ucrania, desencadenada en febrero de 2022 por la invasi\u00f3n rusa, mientras los costes de producci\u00f3n han crecido de manera m\u00e1s que notable. <\/strong><\/p>\n\n\n\n<p><strong>Varios factores explican esa presi\u00f3n que, de mantenerse, repercutir\u00e1 mucho en la viabilidad de las explotaciones cerealistas, m\u00e1xime tras dos cosechas con rendimiento mediocre en 2022 y 2023. Por un lado, los grandes compradores alimentan la tendencia bajista para obligar a una venta a esos precios a los agricultores m\u00e1s necesitados de liquidez. Por otro, desde que la Uni\u00f3n Europea impuls\u00f3 en la primavera de 2022 los mecanismos solidarios con Ucrania, los puertos espa\u00f1oles se han convertido en un coladero de importaci\u00f3n masiva de grano, en muchos casos sin arancel, como viene denunciando ASAJA. <\/strong><\/p>\n\n\n\n<p><strong>El agricultor padece una gravosa inflaci\u00f3n en los costes de producci\u00f3n los \u00faltimos a\u00f1os, pero ve c\u00f3mo su mercanc\u00eda se deval\u00faa y ni siquiera se revaloriza conforme al IPC (desde 2020 ha subido el 20 %). El propio Ministerio de Agricultura reconoce que esos costes productivos han crecido desde ese a\u00f1o el 27,4% como promedio, con alzas del 49 % en los fertilizantes y del 74 % en los carburantes.<\/strong><\/p>\n\n\n\n<figure class=\"wp-block-image size-large is-resized\"><img loading=\"lazy\" decoding=\"async\" width=\"1024\" height=\"204\" src=\"https:\/\/www.asajacyl.com\/palencia\/wp-content\/uploads\/sites\/3\/2024\/06\/Precio-trigo-CyL-2019-2024-junio-1-1024x204.jpg\" alt=\"\" class=\"wp-image-16686\" style=\"width:1067px;height:auto\" srcset=\"https:\/\/www.asajacyl.com\/palencia\/wp-content\/uploads\/sites\/3\/2024\/06\/Precio-trigo-CyL-2019-2024-junio-1-1024x204.jpg 1024w, https:\/\/www.asajacyl.com\/palencia\/wp-content\/uploads\/sites\/3\/2024\/06\/Precio-trigo-CyL-2019-2024-junio-1-300x60.jpg 300w, https:\/\/www.asajacyl.com\/palencia\/wp-content\/uploads\/sites\/3\/2024\/06\/Precio-trigo-CyL-2019-2024-junio-1-768x153.jpg 768w, https:\/\/www.asajacyl.com\/palencia\/wp-content\/uploads\/sites\/3\/2024\/06\/Precio-trigo-CyL-2019-2024-junio-1-1536x307.jpg 1536w, https:\/\/www.asajacyl.com\/palencia\/wp-content\/uploads\/sites\/3\/2024\/06\/Precio-trigo-CyL-2019-2024-junio-1-2048x409.jpg 2048w, https:\/\/www.asajacyl.com\/palencia\/wp-content\/uploads\/sites\/3\/2024\/06\/Precio-trigo-CyL-2019-2024-junio-1-696x139.jpg 696w, https:\/\/www.asajacyl.com\/palencia\/wp-content\/uploads\/sites\/3\/2024\/06\/Precio-trigo-CyL-2019-2024-junio-1-1068x213.jpg 1068w, https:\/\/www.asajacyl.com\/palencia\/wp-content\/uploads\/sites\/3\/2024\/06\/Precio-trigo-CyL-2019-2024-junio-1-1920x383.jpg 1920w\" sizes=\"(max-width: 1024px) 100vw, 1024px\" \/><\/figure>\n\n\n\n<figure class=\"wp-block-image size-large is-resized\"><img loading=\"lazy\" decoding=\"async\" width=\"1024\" height=\"204\" src=\"https:\/\/www.asajacyl.com\/palencia\/wp-content\/uploads\/sites\/3\/2024\/06\/Precio-cebada-CyL-2019-2024-junio-copia-1024x204.jpg\" alt=\"\" class=\"wp-image-16685\" style=\"width:1069px;height:auto\" srcset=\"https:\/\/www.asajacyl.com\/palencia\/wp-content\/uploads\/sites\/3\/2024\/06\/Precio-cebada-CyL-2019-2024-junio-copia-1024x204.jpg 1024w, https:\/\/www.asajacyl.com\/palencia\/wp-content\/uploads\/sites\/3\/2024\/06\/Precio-cebada-CyL-2019-2024-junio-copia-300x60.jpg 300w, https:\/\/www.asajacyl.com\/palencia\/wp-content\/uploads\/sites\/3\/2024\/06\/Precio-cebada-CyL-2019-2024-junio-copia-768x153.jpg 768w, https:\/\/www.asajacyl.com\/palencia\/wp-content\/uploads\/sites\/3\/2024\/06\/Precio-cebada-CyL-2019-2024-junio-copia-1536x307.jpg 1536w, https:\/\/www.asajacyl.com\/palencia\/wp-content\/uploads\/sites\/3\/2024\/06\/Precio-cebada-CyL-2019-2024-junio-copia-2048x409.jpg 2048w, https:\/\/www.asajacyl.com\/palencia\/wp-content\/uploads\/sites\/3\/2024\/06\/Precio-cebada-CyL-2019-2024-junio-copia-696x139.jpg 696w, https:\/\/www.asajacyl.com\/palencia\/wp-content\/uploads\/sites\/3\/2024\/06\/Precio-cebada-CyL-2019-2024-junio-copia-1068x213.jpg 1068w, https:\/\/www.asajacyl.com\/palencia\/wp-content\/uploads\/sites\/3\/2024\/06\/Precio-cebada-CyL-2019-2024-junio-copia-1920x383.jpg 1920w\" sizes=\"(max-width: 1024px) 100vw, 1024px\" \/><\/figure>\n\n\n\n<p>Los dos gr\u00e1ficos adjuntos muestran c\u00f3mo la cotizaci\u00f3n de los cereales no ha dejado de depreciarse desde hace m\u00e1s de dos a\u00f1os y se sit\u00faan ya en niveles por debajo de los que ten\u00edan tanto el <strong>trigo <\/strong>(arriba) como la <strong>cebada <\/strong>(abajo) antes de la invasi\u00f3n de Ucrania del 24 de febrero de 2022. Ciertamente, en los meses previos ya se hab\u00eda registrado un alza del precio del grano, movimiento que anticipaba el conflicto b\u00e9lico; pero esa misma inflaci\u00f3n, e incluso superior, tambi\u00e9n se observaba en los meses previos en los costes de producci\u00f3n, como saben bien los agricultores por los gastos que afrontaron en la sementera de 2021. Ambos gr\u00e1ficos corresponden al precio medio semanal del trigo y la cebada en Castilla y Le\u00f3n en el periodo enero de 2019-junio de 2024, extra\u00eddos del Observatorio de Precios de la Consejer\u00eda de Agricultura de la Junta.<\/p>\n\n\n\n<p>Las \u00faltimas cifras de cotizaci\u00f3n revelan la seria amenaza de que la tonelada de trigo pierda el umbral de los 200 euros; y la de cebada, la de los 180 euros. Con esos precios, sin duda, la rentabilidad de no pocas explotaciones cerealistas de la provincia va a verse muy cuestionada, en el actual contexto de costes de producci\u00f3n agraria muy elevados e inflaci\u00f3n constante que viene padeciendo Espa\u00f1a en la d\u00e9cada actual.<\/p>\n\n\n\n<p>De hecho, el IPC desde enero de 2020 ya ronda el 20%, pero est\u00e1 por ver que los precios del cereal que perciba el agricultor vayan esta campa\u00f1a a mantener al menos ese \u00edndice. No digamos ya el de los costes de producci\u00f3n que, a fecha del pasado marzo, el propio Ministerio de Agricultura cifraba como promedio en el 27,4 % (<em>\u00cdndice general de precios pagados por los bienes y servicios agrarios<\/em>), con alzas disparadas en el \u00faltimo cuatrienio en insumos clave como las semillas y los fitosanitarios (ambos en torno al 23 %), los fertilizantes (49 %) y los carburantes (74 %), siempre seg\u00fan los \u00edndices ministeriales.<\/p>\n\n\n\n<p><strong>MAL PARA LA ECONOM\u00cdA PROVINCIAL.<\/strong><strong> <\/strong>La PAC 2024 revela que esa merma de ingresos que pueden padecer los agricultores, pese a una cosecha que se presenta en niveles medios de rendimiento, resulta importante en la provincia de Palencia, donde se han sembrado m\u00e1s de 121.000 hect\u00e1reas de trigo, cerca de 99.000 de cebada, casi 30.000 de avena, m\u00e1s de 15.000 de centeno, cerca de 7.000 de ma\u00edz y unas 5.000 de otros cereales. Es decir, hablamos de unas 280.000 hect\u00e1reas de cereales, seg\u00fan las solicitudes de ayudas de la PAC en esta provincia, que suponen la parte mayoritaria de las 532.000 hect\u00e1reas de terrenos agrarios de Palencia, incluidos barbechos y pastos.<\/p>\n\n\n\n<p>Si nos atenemos a los costes productivos, nada justifica que el cereal de la cosecha ya en marcha se pague menos que en la campa\u00f1a pasada. Tampoco las cifras globales de producci\u00f3n cerealista a nivel mundial que se pronostican justifican una depreciaci\u00f3n tan patente, puesto que se estiman en vol\u00famenes de grano dentro de un a\u00f1o normal. La pregunta es si los agricultores cerealistas van a seguir siendo v\u00edctimas de la especulaci\u00f3n de los grandes compradores y de unas decisiones internacionales de la UE cuyas consecuencias negativas entre los productores comunitarios ni se miden, ni se valoran, ni se compensan.<\/p>\n\n\n\n<p><strong>CA\u00cdDAS DEL 50 %.<\/strong><strong> <\/strong>Desde los m\u00e1ximos que hace ahora quince meses (marzo de 2023) cotizaron el trigo y la cebada (370 y 350 euros por tonelada, respectivamente, se acumulan ya depreciaciones en torno al 50 % del precio de ambos cereales. Nadie reclama volver a tales precios, porque repercuten negativamente en sectores como el ganadero y en la inflaci\u00f3n general, pero tampoco pueden permitirse los agricultores cerealista de la provincia de Palencia que su producto se pague ahora menos que en la campa\u00f1a de 2021, cuando el IPC y, sobre todo, los costes de producci\u00f3n, acumulan desde entonces subidas de dos d\u00edgitos.<\/p>\n\n\n\n<p>ASAJA-Palencia lamenta, adem\u00e1s, que la creaci\u00f3n de una lonja para las provincias de Palencia y Valladolid, con sede en esta \u00faltima ciudad, no haya servido como un foro m\u00e1s donde lograr el equilibrio de precios y que el agricultor vea respetado su trabajo y su inversi\u00f3n. En ese sentido, la organizaci\u00f3n en Palencia se congratula de haber declinado desde el primer momento su participaci\u00f3n en la citada lonja, al intuir que no nac\u00eda con esa pretensi\u00f3n, sino con objetivos que ni los agricultores de Palencia, ni su principal organizaci\u00f3n representativa pueden en absoluto compartir.<\/p>\n\n\n\n<p><strong>COMP\u00c1S DE ESPERA. <\/strong>Bajo estas l\u00edneas ofrecemos los \u00faltimos precios de cereales y cultivos forrajeros de la Lonja de Le\u00f3n, donde ya llevan dos semanas sin cotizar los cereales (salvo el ma\u00edz, que perdi\u00f3 dos euros por tonelada en la sesi\u00f3n del mi\u00e9rcoles 26 de junio), a la espera de transacciones significativas que indiquen precios de referencia con la cosecha de 2024 en marcha.<\/p>\n\n\n\n<p>La lonja leonesa constat\u00f3 que \u00aben el sector del forraje continua la preocupaci\u00f3n por las persistentes tormentas, en un a\u00f1o complicado para su recogida, mirando siempre para el cielo, y coincidiendo este empeoramiento del tiempo con el momento m\u00e1s alto en siegas, tanto de alfalfa, hierba y forraje\u00bb.\u00a0Previsiblemente, la Lonja de Le\u00f3n\u00a0dar\u00e1 ya nuevos precios de la colza y de los cereales esta semana.<strong>\/<\/strong><\/p>\n\n\n\n<figure class=\"wp-block-image size-full is-resized\"><img loading=\"lazy\" decoding=\"async\" width=\"1024\" height=\"768\" src=\"https:\/\/www.asajacyl.com\/palencia\/wp-content\/uploads\/sites\/3\/2024\/06\/Tabla-precios-agricultura-26jun2024.png\" alt=\"\" class=\"wp-image-16687\" style=\"width:1067px;height:auto\" srcset=\"https:\/\/www.asajacyl.com\/palencia\/wp-content\/uploads\/sites\/3\/2024\/06\/Tabla-precios-agricultura-26jun2024.png 1024w, https:\/\/www.asajacyl.com\/palencia\/wp-content\/uploads\/sites\/3\/2024\/06\/Tabla-precios-agricultura-26jun2024-300x225.png 300w, https:\/\/www.asajacyl.com\/palencia\/wp-content\/uploads\/sites\/3\/2024\/06\/Tabla-precios-agricultura-26jun2024-768x576.png 768w, https:\/\/www.asajacyl.com\/palencia\/wp-content\/uploads\/sites\/3\/2024\/06\/Tabla-precios-agricultura-26jun2024-560x420.png 560w, https:\/\/www.asajacyl.com\/palencia\/wp-content\/uploads\/sites\/3\/2024\/06\/Tabla-precios-agricultura-26jun2024-80x60.png 80w, https:\/\/www.asajacyl.com\/palencia\/wp-content\/uploads\/sites\/3\/2024\/06\/Tabla-precios-agricultura-26jun2024-696x522.png 696w\" sizes=\"(max-width: 1024px) 100vw, 1024px\" \/><\/figure>\n","protected":false},"excerpt":{"rendered":"<p>Nuestra organizaci\u00f3n denuncia que la cotizaci\u00f3n del grano ya se sit\u00faa por debajo de los niveles previos a la guerra de Ucrania | El IPC desde enero de 2020 ronda el 20 %, pero los costes de producci\u00f3n se han disparado a\u00fan m\u00e1s desde el conflicto b\u00e9lico | El agricultor es v\u00edctima tanto de la [&hellip;]<\/p>\n","protected":false},"author":9,"featured_media":15651,"comment_status":"open","ping_status":"open","sticky":false,"template":"","format":"standard","meta":{"footnotes":""},"categories":[9,36,28,13],"tags":[58,677,290,221,289,46,213,87,142,351,105,77,137,657,66,293,955,954,219,92,110,285,502,220,44],"yoast_head":"<!-- This site is optimized with the Yoast SEO plugin v24.5 - https:\/\/yoast.com\/wordpress\/plugins\/seo\/ -->\n<title>ASAJA-Palencia teme que el bajo precio de los cereales frustre la rentabilidad de la cosecha de 2024 - ASAJA Palencia<\/title>\n<meta name=\"description\" content=\"Nuestra organizaci\u00f3n denuncia que la cotizaci\u00f3n del grano ya se sit\u00faa por debajo de los niveles previos a la guerra de Ucrania | El IPC desde enero de\" \/>\n<meta name=\"robots\" content=\"index, follow, max-snippet:-1, max-image-preview:large, max-video-preview:-1\" \/>\n<link rel=\"canonical\" href=\"https:\/\/www.asajacyl.com\/palencia\/asaja-palencia-informa\/asaja-palencia-teme-que-el-bajo-precio-de-los-cereales-frustre-la-rentabilidad-de-la-cosecha-de-2024\" \/>\n<meta property=\"og:locale\" content=\"es_ES\" \/>\n<meta property=\"og:type\" content=\"article\" \/>\n<meta property=\"og:title\" content=\"ASAJA-Palencia teme que el bajo precio de los cereales frustre la rentabilidad de la cosecha de 2024 - ASAJA Palencia\" \/>\n<meta property=\"og:description\" content=\"Nuestra organizaci\u00f3n denuncia que la cotizaci\u00f3n del grano ya se sit\u00faa por debajo de los niveles previos a la guerra de Ucrania | El IPC desde enero de\" \/>\n<meta property=\"og:url\" content=\"https:\/\/www.asajacyl.com\/palencia\/asaja-palencia-informa\/asaja-palencia-teme-que-el-bajo-precio-de-los-cereales-frustre-la-rentabilidad-de-la-cosecha-de-2024\" \/>\n<meta property=\"og:site_name\" content=\"ASAJA Palencia\" \/>\n<meta property=\"article:published_time\" content=\"2024-07-01T07:00:00+00:00\" \/>\n<meta property=\"og:image\" content=\"https:\/\/www.asajacyl.com\/palencia\/wp-content\/uploads\/sites\/3\/2024\/03\/Cereal-cosecha-descarga-cam-1024x896.jpg\" \/>\n\t<meta property=\"og:image:width\" content=\"1024\" \/>\n\t<meta property=\"og:image:height\" content=\"896\" \/>\n\t<meta property=\"og:image:type\" content=\"image\/jpeg\" \/>\n<meta name=\"author\" content=\"Administrador\" \/>\n<meta name=\"twitter:card\" content=\"summary_large_image\" \/>\n<meta name=\"twitter:label1\" content=\"Escrito por\" \/>\n\t<meta name=\"twitter:data1\" content=\"Administrador\" \/>\n\t<meta name=\"twitter:label2\" content=\"Tiempo de lectura\" \/>\n\t<meta name=\"twitter:data2\" content=\"7 minutos\" \/>\n<script type=\"application\/ld+json\" class=\"yoast-schema-graph\">{\"@context\":\"https:\/\/schema.org\",\"@graph\":[{\"@type\":\"WebPage\",\"@id\":\"https:\/\/www.asajacyl.com\/palencia\/asaja-palencia-informa\/asaja-palencia-teme-que-el-bajo-precio-de-los-cereales-frustre-la-rentabilidad-de-la-cosecha-de-2024\",\"url\":\"https:\/\/www.asajacyl.com\/palencia\/asaja-palencia-informa\/asaja-palencia-teme-que-el-bajo-precio-de-los-cereales-frustre-la-rentabilidad-de-la-cosecha-de-2024\",\"name\":\"ASAJA-Palencia teme que el bajo precio de los cereales frustre la rentabilidad de la cosecha de 2024 - ASAJA Palencia\",\"isPartOf\":{\"@id\":\"https:\/\/www.asajacyl.com\/palencia\/#website\"},\"primaryImageOfPage\":{\"@id\":\"https:\/\/www.asajacyl.com\/palencia\/asaja-palencia-informa\/asaja-palencia-teme-que-el-bajo-precio-de-los-cereales-frustre-la-rentabilidad-de-la-cosecha-de-2024#primaryimage\"},\"image\":{\"@id\":\"https:\/\/www.asajacyl.com\/palencia\/asaja-palencia-informa\/asaja-palencia-teme-que-el-bajo-precio-de-los-cereales-frustre-la-rentabilidad-de-la-cosecha-de-2024#primaryimage\"},\"thumbnailUrl\":\"https:\/\/www.asajacyl.com\/palencia\/wp-content\/uploads\/sites\/3\/2024\/03\/Cereal-cosecha-descarga-cam.jpg\",\"datePublished\":\"2024-07-01T07:00:00+00:00\",\"author\":{\"@id\":\"https:\/\/www.asajacyl.com\/palencia\/#\/schema\/person\/3ab17aeb03527485c317557fae64aab1\"},\"description\":\"Nuestra organizaci\u00f3n denuncia que la cotizaci\u00f3n del grano ya se sit\u00faa por debajo de los niveles previos a la guerra de Ucrania | El IPC desde enero de\",\"breadcrumb\":{\"@id\":\"https:\/\/www.asajacyl.com\/palencia\/asaja-palencia-informa\/asaja-palencia-teme-que-el-bajo-precio-de-los-cereales-frustre-la-rentabilidad-de-la-cosecha-de-2024#breadcrumb\"},\"inLanguage\":\"es\",\"potentialAction\":[{\"@type\":\"ReadAction\",\"target\":[\"https:\/\/www.asajacyl.com\/palencia\/asaja-palencia-informa\/asaja-palencia-teme-que-el-bajo-precio-de-los-cereales-frustre-la-rentabilidad-de-la-cosecha-de-2024\"]}]},{\"@type\":\"ImageObject\",\"inLanguage\":\"es\",\"@id\":\"https:\/\/www.asajacyl.com\/palencia\/asaja-palencia-informa\/asaja-palencia-teme-que-el-bajo-precio-de-los-cereales-frustre-la-rentabilidad-de-la-cosecha-de-2024#primaryimage\",\"url\":\"https:\/\/www.asajacyl.com\/palencia\/wp-content\/uploads\/sites\/3\/2024\/03\/Cereal-cosecha-descarga-cam.jpg\",\"contentUrl\":\"https:\/\/www.asajacyl.com\/palencia\/wp-content\/uploads\/sites\/3\/2024\/03\/Cereal-cosecha-descarga-cam.jpg\",\"width\":1890,\"height\":1654},{\"@type\":\"BreadcrumbList\",\"@id\":\"https:\/\/www.asajacyl.com\/palencia\/asaja-palencia-informa\/asaja-palencia-teme-que-el-bajo-precio-de-los-cereales-frustre-la-rentabilidad-de-la-cosecha-de-2024#breadcrumb\",\"itemListElement\":[{\"@type\":\"ListItem\",\"position\":1,\"name\":\"Portada\",\"item\":\"https:\/\/www.asajacyl.com\/palencia\/\"},{\"@type\":\"ListItem\",\"position\":2,\"name\":\"ASAJA-Palencia teme que el bajo precio de los cereales frustre la rentabilidad de la cosecha de 2024\"}]},{\"@type\":\"WebSite\",\"@id\":\"https:\/\/www.asajacyl.com\/palencia\/#website\",\"url\":\"https:\/\/www.asajacyl.com\/palencia\/\",\"name\":\"ASAJA Palencia\",\"description\":\"Otro sitio m\u00e1s de Provincias ASAJA Castilla y Le\u00f3n\",\"potentialAction\":[{\"@type\":\"SearchAction\",\"target\":{\"@type\":\"EntryPoint\",\"urlTemplate\":\"https:\/\/www.asajacyl.com\/palencia\/?s={search_term_string}\"},\"query-input\":{\"@type\":\"PropertyValueSpecification\",\"valueRequired\":true,\"valueName\":\"search_term_string\"}}],\"inLanguage\":\"es\"},{\"@type\":\"Person\",\"@id\":\"https:\/\/www.asajacyl.com\/palencia\/#\/schema\/person\/3ab17aeb03527485c317557fae64aab1\",\"name\":\"Administrador\",\"image\":{\"@type\":\"ImageObject\",\"inLanguage\":\"es\",\"@id\":\"https:\/\/www.asajacyl.com\/palencia\/#\/schema\/person\/image\/\",\"url\":\"https:\/\/secure.gravatar.com\/avatar\/517384810d242ca9e38c180f3c9fb973?s=96&d=mm&r=g\",\"contentUrl\":\"https:\/\/secure.gravatar.com\/avatar\/517384810d242ca9e38c180f3c9fb973?s=96&d=mm&r=g\",\"caption\":\"Administrador\"},\"url\":\"https:\/\/www.asajacyl.com\/palencia\/author\/carlosrm\"}]}<\/script>\n<!-- \/ Yoast SEO plugin. -->","yoast_head_json":{"title":"ASAJA-Palencia teme que el bajo precio de los cereales frustre la rentabilidad de la cosecha de 2024 - ASAJA Palencia","description":"Nuestra organizaci\u00f3n denuncia que la cotizaci\u00f3n del grano ya se sit\u00faa por debajo de los niveles previos a la guerra de Ucrania | El IPC desde enero de","robots":{"index":"index","follow":"follow","max-snippet":"max-snippet:-1","max-image-preview":"max-image-preview:large","max-video-preview":"max-video-preview:-1"},"canonical":"https:\/\/www.asajacyl.com\/palencia\/asaja-palencia-informa\/asaja-palencia-teme-que-el-bajo-precio-de-los-cereales-frustre-la-rentabilidad-de-la-cosecha-de-2024","og_locale":"es_ES","og_type":"article","og_title":"ASAJA-Palencia teme que el bajo precio de los cereales frustre la rentabilidad de la cosecha de 2024 - ASAJA Palencia","og_description":"Nuestra organizaci\u00f3n denuncia que la cotizaci\u00f3n del grano ya se sit\u00faa por debajo de los niveles previos a la guerra de Ucrania | El IPC desde enero de","og_url":"https:\/\/www.asajacyl.com\/palencia\/asaja-palencia-informa\/asaja-palencia-teme-que-el-bajo-precio-de-los-cereales-frustre-la-rentabilidad-de-la-cosecha-de-2024","og_site_name":"ASAJA Palencia","article_published_time":"2024-07-01T07:00:00+00:00","og_image":[{"width":1024,"height":896,"url":"https:\/\/www.asajacyl.com\/palencia\/wp-content\/uploads\/sites\/3\/2024\/03\/Cereal-cosecha-descarga-cam-1024x896.jpg","type":"image\/jpeg"}],"author":"Administrador","twitter_card":"summary_large_image","twitter_misc":{"Escrito por":"Administrador","Tiempo de lectura":"7 minutos"},"schema":{"@context":"https:\/\/schema.org","@graph":[{"@type":"WebPage","@id":"https:\/\/www.asajacyl.com\/palencia\/asaja-palencia-informa\/asaja-palencia-teme-que-el-bajo-precio-de-los-cereales-frustre-la-rentabilidad-de-la-cosecha-de-2024","url":"https:\/\/www.asajacyl.com\/palencia\/asaja-palencia-informa\/asaja-palencia-teme-que-el-bajo-precio-de-los-cereales-frustre-la-rentabilidad-de-la-cosecha-de-2024","name":"ASAJA-Palencia teme que el bajo precio de los cereales frustre la rentabilidad de la cosecha de 2024 - ASAJA Palencia","isPartOf":{"@id":"https:\/\/www.asajacyl.com\/palencia\/#website"},"primaryImageOfPage":{"@id":"https:\/\/www.asajacyl.com\/palencia\/asaja-palencia-informa\/asaja-palencia-teme-que-el-bajo-precio-de-los-cereales-frustre-la-rentabilidad-de-la-cosecha-de-2024#primaryimage"},"image":{"@id":"https:\/\/www.asajacyl.com\/palencia\/asaja-palencia-informa\/asaja-palencia-teme-que-el-bajo-precio-de-los-cereales-frustre-la-rentabilidad-de-la-cosecha-de-2024#primaryimage"},"thumbnailUrl":"https:\/\/www.asajacyl.com\/palencia\/wp-content\/uploads\/sites\/3\/2024\/03\/Cereal-cosecha-descarga-cam.jpg","datePublished":"2024-07-01T07:00:00+00:00","author":{"@id":"https:\/\/www.asajacyl.com\/palencia\/#\/schema\/person\/3ab17aeb03527485c317557fae64aab1"},"description":"Nuestra organizaci\u00f3n denuncia que la cotizaci\u00f3n del grano ya se sit\u00faa por debajo de los niveles previos a la guerra de Ucrania | El IPC desde enero de","breadcrumb":{"@id":"https:\/\/www.asajacyl.com\/palencia\/asaja-palencia-informa\/asaja-palencia-teme-que-el-bajo-precio-de-los-cereales-frustre-la-rentabilidad-de-la-cosecha-de-2024#breadcrumb"},"inLanguage":"es","potentialAction":[{"@type":"ReadAction","target":["https:\/\/www.asajacyl.com\/palencia\/asaja-palencia-informa\/asaja-palencia-teme-que-el-bajo-precio-de-los-cereales-frustre-la-rentabilidad-de-la-cosecha-de-2024"]}]},{"@type":"ImageObject","inLanguage":"es","@id":"https:\/\/www.asajacyl.com\/palencia\/asaja-palencia-informa\/asaja-palencia-teme-que-el-bajo-precio-de-los-cereales-frustre-la-rentabilidad-de-la-cosecha-de-2024#primaryimage","url":"https:\/\/www.asajacyl.com\/palencia\/wp-content\/uploads\/sites\/3\/2024\/03\/Cereal-cosecha-descarga-cam.jpg","contentUrl":"https:\/\/www.asajacyl.com\/palencia\/wp-content\/uploads\/sites\/3\/2024\/03\/Cereal-cosecha-descarga-cam.jpg","width":1890,"height":1654},{"@type":"BreadcrumbList","@id":"https:\/\/www.asajacyl.com\/palencia\/asaja-palencia-informa\/asaja-palencia-teme-que-el-bajo-precio-de-los-cereales-frustre-la-rentabilidad-de-la-cosecha-de-2024#breadcrumb","itemListElement":[{"@type":"ListItem","position":1,"name":"Portada","item":"https:\/\/www.asajacyl.com\/palencia\/"},{"@type":"ListItem","position":2,"name":"ASAJA-Palencia teme que el bajo precio de los cereales frustre la rentabilidad de la cosecha de 2024"}]},{"@type":"WebSite","@id":"https:\/\/www.asajacyl.com\/palencia\/#website","url":"https:\/\/www.asajacyl.com\/palencia\/","name":"ASAJA Palencia","description":"Otro sitio m\u00e1s de Provincias ASAJA Castilla y Le\u00f3n","potentialAction":[{"@type":"SearchAction","target":{"@type":"EntryPoint","urlTemplate":"https:\/\/www.asajacyl.com\/palencia\/?s={search_term_string}"},"query-input":{"@type":"PropertyValueSpecification","valueRequired":true,"valueName":"search_term_string"}}],"inLanguage":"es"},{"@type":"Person","@id":"https:\/\/www.asajacyl.com\/palencia\/#\/schema\/person\/3ab17aeb03527485c317557fae64aab1","name":"Administrador","image":{"@type":"ImageObject","inLanguage":"es","@id":"https:\/\/www.asajacyl.com\/palencia\/#\/schema\/person\/image\/","url":"https:\/\/secure.gravatar.com\/avatar\/517384810d242ca9e38c180f3c9fb973?s=96&d=mm&r=g","contentUrl":"https:\/\/secure.gravatar.com\/avatar\/517384810d242ca9e38c180f3c9fb973?s=96&d=mm&r=g","caption":"Administrador"},"url":"https:\/\/www.asajacyl.com\/palencia\/author\/carlosrm"}]}},"_links":{"self":[{"href":"https:\/\/www.asajacyl.com\/palencia\/wp-json\/wp\/v2\/posts\/16683"}],"collection":[{"href":"https:\/\/www.asajacyl.com\/palencia\/wp-json\/wp\/v2\/posts"}],"about":[{"href":"https:\/\/www.asajacyl.com\/palencia\/wp-json\/wp\/v2\/types\/post"}],"author":[{"embeddable":true,"href":"https:\/\/www.asajacyl.com\/palencia\/wp-json\/wp\/v2\/users\/9"}],"replies":[{"embeddable":true,"href":"https:\/\/www.asajacyl.com\/palencia\/wp-json\/wp\/v2\/comments?post=16683"}],"version-history":[{"count":4,"href":"https:\/\/www.asajacyl.com\/palencia\/wp-json\/wp\/v2\/posts\/16683\/revisions"}],"predecessor-version":[{"id":16691,"href":"https:\/\/www.asajacyl.com\/palencia\/wp-json\/wp\/v2\/posts\/16683\/revisions\/16691"}],"wp:featuredmedia":[{"embeddable":true,"href":"https:\/\/www.asajacyl.com\/palencia\/wp-json\/wp\/v2\/media\/15651"}],"wp:attachment":[{"href":"https:\/\/www.asajacyl.com\/palencia\/wp-json\/wp\/v2\/media?parent=16683"}],"wp:term":[{"taxonomy":"category","embeddable":true,"href":"https:\/\/www.asajacyl.com\/palencia\/wp-json\/wp\/v2\/categories?post=16683"},{"taxonomy":"post_tag","embeddable":true,"href":"https:\/\/www.asajacyl.com\/palencia\/wp-json\/wp\/v2\/tags?post=16683"}],"curies":[{"name":"wp","href":"https:\/\/api.w.org\/{rel}","templated":true}]}}