{"id":16701,"date":"2024-07-04T08:16:15","date_gmt":"2024-07-04T06:16:15","guid":{"rendered":"https:\/\/www.asajacyl.com\/palencia\/?p=16701"},"modified":"2024-07-03T08:32:13","modified_gmt":"2024-07-03T06:32:13","slug":"existe-un-cartel-de-la-maquinaria-agricola","status":"publish","type":"post","link":"https:\/\/www.asajacyl.com\/palencia\/asaja-palencia-informa\/existe-un-cartel-de-la-maquinaria-agricola","title":{"rendered":"\u00bfExiste un c\u00e1rtel de la maquinaria agr\u00edcola?"},"content":{"rendered":"\n<h2 class=\"wp-block-heading\">JOS\u00c9 ANTONIO TURRADO | Secretario general de ASAJA-Castilla y Le\u00f3n<\/h2>\n\n\n\n<p>Todos los agricultores y ganaderos de Castilla y Le\u00f3n, como los del resto de Espa\u00f1a, sabemos que no podemos comprar la maquinaria nueva donde queramos, como s\u00ed podemos hacer a la hora de comprar un coche o a la hora de cambiar el televisor. Las grandes firmas de maquinaria agr\u00edcola, representada por los tractores, e incluso los talleres que tienen fabricaci\u00f3n propia y una red de distribuci\u00f3n m\u00e1s modesta, tienen establecidos sus propios puntos de venta en el territorio en el que se desenvuelven, y el cliente o comprador, que es el agricultor o ganadero, tiene que circunscribirse a ellos. A nadie se le escapa que si el vendedor es solo uno, en vez de dos o varios, la capacidad de negociaci\u00f3n del precio se reduce, por lo tanto, con esta medida, se est\u00e1 influyendo para intervenir artificialmente en los precios, se est\u00e1 influyendo para perjudicar al cliente o consumidor final del producto, se est\u00e1, en definitiva, creando un c\u00e1rtel.<\/p>\n\n\n<div class=\"wp-block-image is-style-default\">\n<figure class=\"alignright size-large is-resized\"><img loading=\"lazy\" decoding=\"async\" width=\"1024\" height=\"800\" src=\"https:\/\/www.asajacyl.com\/palencia\/wp-content\/uploads\/sites\/3\/2024\/07\/tractor-silueta-e1719570877678-1024x800.png\" alt=\"\" class=\"wp-image-16702\" style=\"width:480px;height:auto\" srcset=\"https:\/\/www.asajacyl.com\/palencia\/wp-content\/uploads\/sites\/3\/2024\/07\/tractor-silueta-e1719570877678-1024x800.png 1024w, https:\/\/www.asajacyl.com\/palencia\/wp-content\/uploads\/sites\/3\/2024\/07\/tractor-silueta-e1719570877678-300x234.png 300w, https:\/\/www.asajacyl.com\/palencia\/wp-content\/uploads\/sites\/3\/2024\/07\/tractor-silueta-e1719570877678-768x600.png 768w, https:\/\/www.asajacyl.com\/palencia\/wp-content\/uploads\/sites\/3\/2024\/07\/tractor-silueta-e1719570877678-537x420.png 537w, https:\/\/www.asajacyl.com\/palencia\/wp-content\/uploads\/sites\/3\/2024\/07\/tractor-silueta-e1719570877678-696x544.png 696w, https:\/\/www.asajacyl.com\/palencia\/wp-content\/uploads\/sites\/3\/2024\/07\/tractor-silueta-e1719570877678-1068x835.png 1068w, https:\/\/www.asajacyl.com\/palencia\/wp-content\/uploads\/sites\/3\/2024\/07\/tractor-silueta-e1719570877678.png 1438w\" sizes=\"(max-width: 1024px) 100vw, 1024px\" \/><\/figure><\/div>\n\n\n<p>ASAJA-Castilla y Le\u00f3n lo vio as\u00ed pulsando las vivencias y el sentir de sus socios a lo largo y ancho de todo el territorio, y lo denunci\u00f3 ante el Tribunal de Defensa de la Competencia de nuestra comunidad aut\u00f3noma, el cual, viendo el alcance del tema, traslad\u00f3 el expediente a la Comisi\u00f3n Nacional de los Mercados y la Competencia (CNMC). Este organismo p\u00fablico, al parecer, lo vio claro, e inici\u00f3 una inspecci\u00f3n que ha levantado ciertas ampollas en algunos de los investigados, como se desprende del comunicado de prensa que ha emitido recientemente.<\/p>\n\n\n\n<p>Llegado a este punto, es normal que las empresas se defiendan, es leg\u00edtimo que nieguen la mayor, como leg\u00edtimo es que el estado de derecho de nuestro pa\u00eds haga su trabajo y que d\u00e9 los resultados y consecuencias debidas, aunque la justicia siempre llega tarde. Si ASAJA hizo lo que deb\u00eda, y los organismos p\u00fablicos lo est\u00e1n haciendo tambi\u00e9n, nuestros agricultores y ganaderos deben pensar si ellos tambi\u00e9n lo est\u00e1n haciendo, poniendo sobre la mesa de la CNMC sus experiencias y sus papeles acreditativos del reparto de clientes por parte de los vendedores de la maquinaria. Porque no se presume de valent\u00eda, se demuestra.<\/p>\n\n\n\n<p>Y dicho todo esto, que nadie piense que este es un ataque gratuito de ASAJA a este sector industrial. Porque exigir que se imponga la legalidad no es negar el esfuerzo inversor y tecnol\u00f3gico de nuestros proveedores de maquinaria, no es negar que son pieza clave en el avance de la agricultura y ganader\u00eda, y no es negar que tienen derecho a un leg\u00edtimo margen de beneficio. Pero para que sigamos siendo aliados, ninguna de las dos partes debe de hacer trampas a la otra, que al parecer es lo que est\u00e1 ocurriendo.<\/p>\n\n\n\n<blockquote class=\"wp-block-quote is-layout-flow wp-block-quote-is-layout-flow\">\n<p>\u00abNuestros agricultores y ganaderos deben pensar si tambi\u00e9n est\u00e1n haciendo lo que deben, poniendo sobre la mesa de la <strong>comisi\u00f3n nacional de los mercados y la competencia<\/strong> sus experiencias y sus papeles acreditativos del reparto de clientes por parte de los vendedores de la maquinaria. porque <strong>no se presume de valent\u00eda, se demuestra<\/strong>.\u00bb<\/p>\n<\/blockquote>\n","protected":false},"excerpt":{"rendered":"<p>JOS\u00c9 ANTONIO TURRADO | Secretario general de ASAJA-Castilla y Le\u00f3n Todos los agricultores y ganaderos de Castilla y Le\u00f3n, como los del resto de Espa\u00f1a, sabemos que no podemos comprar la maquinaria nueva donde queramos, como s\u00ed podemos hacer a la hora de comprar un coche o a la hora de cambiar el televisor. Las [&hellip;]<\/p>\n","protected":false},"author":9,"featured_media":13195,"comment_status":"open","ping_status":"open","sticky":false,"template":"","format":"standard","meta":{"footnotes":""},"categories":[9,29,30,28],"tags":[58,960,483,958,482,77,153,839],"yoast_head":"<!-- This site is optimized with the Yoast SEO plugin v24.5 - https:\/\/yoast.com\/wordpress\/plugins\/seo\/ -->\n<title>\u00bfExiste un c\u00e1rtel de la maquinaria agr\u00edcola? - ASAJA Palencia<\/title>\n<meta name=\"description\" content=\"JOS\u00c9 ANTONIO TURRADO | Secretario general de ASAJA-Castilla y Le\u00f3n Todos los agricultores y ganaderos de Castilla y Le\u00f3n, como los del resto de Espa\u00f1a,\" \/>\n<meta name=\"robots\" content=\"index, follow, max-snippet:-1, max-image-preview:large, max-video-preview:-1\" \/>\n<link rel=\"canonical\" href=\"https:\/\/www.asajacyl.com\/palencia\/asaja-palencia-informa\/existe-un-cartel-de-la-maquinaria-agricola\" \/>\n<meta property=\"og:locale\" content=\"es_ES\" \/>\n<meta property=\"og:type\" content=\"article\" \/>\n<meta property=\"og:title\" content=\"\u00bfExiste un c\u00e1rtel de la maquinaria agr\u00edcola? - ASAJA Palencia\" \/>\n<meta property=\"og:description\" content=\"JOS\u00c9 ANTONIO TURRADO | Secretario general de ASAJA-Castilla y Le\u00f3n Todos los agricultores y ganaderos de Castilla y Le\u00f3n, como los del resto de Espa\u00f1a,\" \/>\n<meta property=\"og:url\" content=\"https:\/\/www.asajacyl.com\/palencia\/asaja-palencia-informa\/existe-un-cartel-de-la-maquinaria-agricola\" \/>\n<meta property=\"og:site_name\" content=\"ASAJA Palencia\" \/>\n<meta property=\"article:published_time\" content=\"2024-07-04T06:16:15+00:00\" \/>\n<meta property=\"og:image\" content=\"https:\/\/www.asajacyl.com\/palencia\/wp-content\/uploads\/sites\/3\/2023\/05\/Turrado-retocada-horizontal.jpg\" \/>\n\t<meta property=\"og:image:width\" content=\"1649\" \/>\n\t<meta property=\"og:image:height\" content=\"1191\" \/>\n\t<meta property=\"og:image:type\" content=\"image\/jpeg\" \/>\n<meta name=\"author\" content=\"Administrador\" \/>\n<meta name=\"twitter:card\" content=\"summary_large_image\" \/>\n<meta name=\"twitter:label1\" content=\"Escrito por\" \/>\n\t<meta name=\"twitter:data1\" content=\"Administrador\" \/>\n\t<meta name=\"twitter:label2\" content=\"Tiempo de lectura\" \/>\n\t<meta name=\"twitter:data2\" content=\"3 minutos\" \/>\n<script type=\"application\/ld+json\" class=\"yoast-schema-graph\">{\"@context\":\"https:\/\/schema.org\",\"@graph\":[{\"@type\":\"WebPage\",\"@id\":\"https:\/\/www.asajacyl.com\/palencia\/asaja-palencia-informa\/existe-un-cartel-de-la-maquinaria-agricola\",\"url\":\"https:\/\/www.asajacyl.com\/palencia\/asaja-palencia-informa\/existe-un-cartel-de-la-maquinaria-agricola\",\"name\":\"\u00bfExiste un c\u00e1rtel de la maquinaria agr\u00edcola? - ASAJA Palencia\",\"isPartOf\":{\"@id\":\"https:\/\/www.asajacyl.com\/palencia\/#website\"},\"primaryImageOfPage\":{\"@id\":\"https:\/\/www.asajacyl.com\/palencia\/asaja-palencia-informa\/existe-un-cartel-de-la-maquinaria-agricola#primaryimage\"},\"image\":{\"@id\":\"https:\/\/www.asajacyl.com\/palencia\/asaja-palencia-informa\/existe-un-cartel-de-la-maquinaria-agricola#primaryimage\"},\"thumbnailUrl\":\"https:\/\/www.asajacyl.com\/palencia\/wp-content\/uploads\/sites\/3\/2023\/05\/Turrado-retocada-horizontal.jpg\",\"datePublished\":\"2024-07-04T06:16:15+00:00\",\"author\":{\"@id\":\"https:\/\/www.asajacyl.com\/palencia\/#\/schema\/person\/3ab17aeb03527485c317557fae64aab1\"},\"description\":\"JOS\u00c9 ANTONIO TURRADO | Secretario general de ASAJA-Castilla y Le\u00f3n Todos los agricultores y ganaderos de Castilla y Le\u00f3n, como los del resto de Espa\u00f1a,\",\"breadcrumb\":{\"@id\":\"https:\/\/www.asajacyl.com\/palencia\/asaja-palencia-informa\/existe-un-cartel-de-la-maquinaria-agricola#breadcrumb\"},\"inLanguage\":\"es\",\"potentialAction\":[{\"@type\":\"ReadAction\",\"target\":[\"https:\/\/www.asajacyl.com\/palencia\/asaja-palencia-informa\/existe-un-cartel-de-la-maquinaria-agricola\"]}]},{\"@type\":\"ImageObject\",\"inLanguage\":\"es\",\"@id\":\"https:\/\/www.asajacyl.com\/palencia\/asaja-palencia-informa\/existe-un-cartel-de-la-maquinaria-agricola#primaryimage\",\"url\":\"https:\/\/www.asajacyl.com\/palencia\/wp-content\/uploads\/sites\/3\/2023\/05\/Turrado-retocada-horizontal.jpg\",\"contentUrl\":\"https:\/\/www.asajacyl.com\/palencia\/wp-content\/uploads\/sites\/3\/2023\/05\/Turrado-retocada-horizontal.jpg\",\"width\":1649,\"height\":1191},{\"@type\":\"BreadcrumbList\",\"@id\":\"https:\/\/www.asajacyl.com\/palencia\/asaja-palencia-informa\/existe-un-cartel-de-la-maquinaria-agricola#breadcrumb\",\"itemListElement\":[{\"@type\":\"ListItem\",\"position\":1,\"name\":\"Portada\",\"item\":\"https:\/\/www.asajacyl.com\/palencia\/\"},{\"@type\":\"ListItem\",\"position\":2,\"name\":\"\u00bfExiste un c\u00e1rtel de la maquinaria agr\u00edcola?\"}]},{\"@type\":\"WebSite\",\"@id\":\"https:\/\/www.asajacyl.com\/palencia\/#website\",\"url\":\"https:\/\/www.asajacyl.com\/palencia\/\",\"name\":\"ASAJA Palencia\",\"description\":\"Otro sitio m\u00e1s de Provincias ASAJA Castilla y Le\u00f3n\",\"potentialAction\":[{\"@type\":\"SearchAction\",\"target\":{\"@type\":\"EntryPoint\",\"urlTemplate\":\"https:\/\/www.asajacyl.com\/palencia\/?s={search_term_string}\"},\"query-input\":{\"@type\":\"PropertyValueSpecification\",\"valueRequired\":true,\"valueName\":\"search_term_string\"}}],\"inLanguage\":\"es\"},{\"@type\":\"Person\",\"@id\":\"https:\/\/www.asajacyl.com\/palencia\/#\/schema\/person\/3ab17aeb03527485c317557fae64aab1\",\"name\":\"Administrador\",\"image\":{\"@type\":\"ImageObject\",\"inLanguage\":\"es\",\"@id\":\"https:\/\/www.asajacyl.com\/palencia\/#\/schema\/person\/image\/\",\"url\":\"https:\/\/secure.gravatar.com\/avatar\/517384810d242ca9e38c180f3c9fb973?s=96&d=mm&r=g\",\"contentUrl\":\"https:\/\/secure.gravatar.com\/avatar\/517384810d242ca9e38c180f3c9fb973?s=96&d=mm&r=g\",\"caption\":\"Administrador\"},\"url\":\"https:\/\/www.asajacyl.com\/palencia\/author\/carlosrm\"}]}<\/script>\n<!-- \/ Yoast SEO plugin. -->","yoast_head_json":{"title":"\u00bfExiste un c\u00e1rtel de la maquinaria agr\u00edcola? - ASAJA Palencia","description":"JOS\u00c9 ANTONIO TURRADO | Secretario general de ASAJA-Castilla y Le\u00f3n Todos los agricultores y ganaderos de Castilla y Le\u00f3n, como los del resto de Espa\u00f1a,","robots":{"index":"index","follow":"follow","max-snippet":"max-snippet:-1","max-image-preview":"max-image-preview:large","max-video-preview":"max-video-preview:-1"},"canonical":"https:\/\/www.asajacyl.com\/palencia\/asaja-palencia-informa\/existe-un-cartel-de-la-maquinaria-agricola","og_locale":"es_ES","og_type":"article","og_title":"\u00bfExiste un c\u00e1rtel de la maquinaria agr\u00edcola? - ASAJA Palencia","og_description":"JOS\u00c9 ANTONIO TURRADO | Secretario general de ASAJA-Castilla y Le\u00f3n Todos los agricultores y ganaderos de Castilla y Le\u00f3n, como los del resto de Espa\u00f1a,","og_url":"https:\/\/www.asajacyl.com\/palencia\/asaja-palencia-informa\/existe-un-cartel-de-la-maquinaria-agricola","og_site_name":"ASAJA Palencia","article_published_time":"2024-07-04T06:16:15+00:00","og_image":[{"width":1649,"height":1191,"url":"https:\/\/www.asajacyl.com\/palencia\/wp-content\/uploads\/sites\/3\/2023\/05\/Turrado-retocada-horizontal.jpg","type":"image\/jpeg"}],"author":"Administrador","twitter_card":"summary_large_image","twitter_misc":{"Escrito por":"Administrador","Tiempo de lectura":"3 minutos"},"schema":{"@context":"https:\/\/schema.org","@graph":[{"@type":"WebPage","@id":"https:\/\/www.asajacyl.com\/palencia\/asaja-palencia-informa\/existe-un-cartel-de-la-maquinaria-agricola","url":"https:\/\/www.asajacyl.com\/palencia\/asaja-palencia-informa\/existe-un-cartel-de-la-maquinaria-agricola","name":"\u00bfExiste un c\u00e1rtel de la maquinaria agr\u00edcola? - ASAJA Palencia","isPartOf":{"@id":"https:\/\/www.asajacyl.com\/palencia\/#website"},"primaryImageOfPage":{"@id":"https:\/\/www.asajacyl.com\/palencia\/asaja-palencia-informa\/existe-un-cartel-de-la-maquinaria-agricola#primaryimage"},"image":{"@id":"https:\/\/www.asajacyl.com\/palencia\/asaja-palencia-informa\/existe-un-cartel-de-la-maquinaria-agricola#primaryimage"},"thumbnailUrl":"https:\/\/www.asajacyl.com\/palencia\/wp-content\/uploads\/sites\/3\/2023\/05\/Turrado-retocada-horizontal.jpg","datePublished":"2024-07-04T06:16:15+00:00","author":{"@id":"https:\/\/www.asajacyl.com\/palencia\/#\/schema\/person\/3ab17aeb03527485c317557fae64aab1"},"description":"JOS\u00c9 ANTONIO TURRADO | Secretario general de ASAJA-Castilla y Le\u00f3n Todos los agricultores y ganaderos de Castilla y Le\u00f3n, como los del resto de Espa\u00f1a,","breadcrumb":{"@id":"https:\/\/www.asajacyl.com\/palencia\/asaja-palencia-informa\/existe-un-cartel-de-la-maquinaria-agricola#breadcrumb"},"inLanguage":"es","potentialAction":[{"@type":"ReadAction","target":["https:\/\/www.asajacyl.com\/palencia\/asaja-palencia-informa\/existe-un-cartel-de-la-maquinaria-agricola"]}]},{"@type":"ImageObject","inLanguage":"es","@id":"https:\/\/www.asajacyl.com\/palencia\/asaja-palencia-informa\/existe-un-cartel-de-la-maquinaria-agricola#primaryimage","url":"https:\/\/www.asajacyl.com\/palencia\/wp-content\/uploads\/sites\/3\/2023\/05\/Turrado-retocada-horizontal.jpg","contentUrl":"https:\/\/www.asajacyl.com\/palencia\/wp-content\/uploads\/sites\/3\/2023\/05\/Turrado-retocada-horizontal.jpg","width":1649,"height":1191},{"@type":"BreadcrumbList","@id":"https:\/\/www.asajacyl.com\/palencia\/asaja-palencia-informa\/existe-un-cartel-de-la-maquinaria-agricola#breadcrumb","itemListElement":[{"@type":"ListItem","position":1,"name":"Portada","item":"https:\/\/www.asajacyl.com\/palencia\/"},{"@type":"ListItem","position":2,"name":"\u00bfExiste un c\u00e1rtel de la maquinaria agr\u00edcola?"}]},{"@type":"WebSite","@id":"https:\/\/www.asajacyl.com\/palencia\/#website","url":"https:\/\/www.asajacyl.com\/palencia\/","name":"ASAJA Palencia","description":"Otro sitio m\u00e1s de Provincias ASAJA Castilla y Le\u00f3n","potentialAction":[{"@type":"SearchAction","target":{"@type":"EntryPoint","urlTemplate":"https:\/\/www.asajacyl.com\/palencia\/?s={search_term_string}"},"query-input":{"@type":"PropertyValueSpecification","valueRequired":true,"valueName":"search_term_string"}}],"inLanguage":"es"},{"@type":"Person","@id":"https:\/\/www.asajacyl.com\/palencia\/#\/schema\/person\/3ab17aeb03527485c317557fae64aab1","name":"Administrador","image":{"@type":"ImageObject","inLanguage":"es","@id":"https:\/\/www.asajacyl.com\/palencia\/#\/schema\/person\/image\/","url":"https:\/\/secure.gravatar.com\/avatar\/517384810d242ca9e38c180f3c9fb973?s=96&d=mm&r=g","contentUrl":"https:\/\/secure.gravatar.com\/avatar\/517384810d242ca9e38c180f3c9fb973?s=96&d=mm&r=g","caption":"Administrador"},"url":"https:\/\/www.asajacyl.com\/palencia\/author\/carlosrm"}]}},"_links":{"self":[{"href":"https:\/\/www.asajacyl.com\/palencia\/wp-json\/wp\/v2\/posts\/16701"}],"collection":[{"href":"https:\/\/www.asajacyl.com\/palencia\/wp-json\/wp\/v2\/posts"}],"about":[{"href":"https:\/\/www.asajacyl.com\/palencia\/wp-json\/wp\/v2\/types\/post"}],"author":[{"embeddable":true,"href":"https:\/\/www.asajacyl.com\/palencia\/wp-json\/wp\/v2\/users\/9"}],"replies":[{"embeddable":true,"href":"https:\/\/www.asajacyl.com\/palencia\/wp-json\/wp\/v2\/comments?post=16701"}],"version-history":[{"count":3,"href":"https:\/\/www.asajacyl.com\/palencia\/wp-json\/wp\/v2\/posts\/16701\/revisions"}],"predecessor-version":[{"id":16705,"href":"https:\/\/www.asajacyl.com\/palencia\/wp-json\/wp\/v2\/posts\/16701\/revisions\/16705"}],"wp:featuredmedia":[{"embeddable":true,"href":"https:\/\/www.asajacyl.com\/palencia\/wp-json\/wp\/v2\/media\/13195"}],"wp:attachment":[{"href":"https:\/\/www.asajacyl.com\/palencia\/wp-json\/wp\/v2\/media?parent=16701"}],"wp:term":[{"taxonomy":"category","embeddable":true,"href":"https:\/\/www.asajacyl.com\/palencia\/wp-json\/wp\/v2\/categories?post=16701"},{"taxonomy":"post_tag","embeddable":true,"href":"https:\/\/www.asajacyl.com\/palencia\/wp-json\/wp\/v2\/tags?post=16701"}],"curies":[{"name":"wp","href":"https:\/\/api.w.org\/{rel}","templated":true}]}}