{"id":16853,"date":"2024-07-12T14:04:57","date_gmt":"2024-07-12T12:04:57","guid":{"rendered":"https:\/\/www.asajacyl.com\/palencia\/?p=16853"},"modified":"2024-07-12T14:04:59","modified_gmt":"2024-07-12T12:04:59","slug":"asaja-castilla-y-leon-ofrece-a-la-nueva-consejera-de-agricultura-su-colaboracion-para-defender-al-sector","status":"publish","type":"post","link":"https:\/\/www.asajacyl.com\/palencia\/asaja-palencia-informa\/asaja-castilla-y-leon-ofrece-a-la-nueva-consejera-de-agricultura-su-colaboracion-para-defender-al-sector","title":{"rendered":"ASAJA-Castilla y Le\u00f3n ofrece a la nueva consejera de Agricultura su colaboraci\u00f3n para defender al sector"},"content":{"rendered":"\n<h2 class=\"wp-block-heading\">ASAJA-Castilla y Le\u00f3n da la bienvenida a Mar\u00eda Gonz\u00e1lez Corral como nueva consejera de Agricultura, Ganader\u00eda y Desarrollo Rural de la Junta, y se pone a su disposici\u00f3n para trabajar de forma inmediata en defensa de la agricultura y ganader\u00eda de nuestra comunidad. Asimismo, nuestra organmizaci\u00f3n expresa su agradecimiento al hasta hoy consejero Gerardo Due\u00f1as, que asumi\u00f3 esta responsabilidad en abril de 2022.<\/h2>\n\n\n\n<p>ASAJA destaca la trayectoria profesional de Gonz\u00e1lez Corral, una persona conocedora del sector y tambi\u00e9n del funcionamiento y estructura de la Consejer\u00eda, ya que fue directora general de Desarrollo Rural en el mandato del consejero Jes\u00fas Julio Carnero (julio de 2019-abril de 2022). Ese conocimiento y experiencia son fundamentales para conseguir que el complicado engranaje de la administraci\u00f3n agraria no se paralice.<\/p>\n\n\n\n<p>Nuestra organizaci\u00f3n valora adem\u00e1s el perfil pol\u00edtico de la nueva consejera, porque su capacidad e iniciativa ser\u00e1n vitales para defender los intereses de Castilla y Le\u00f3n ante el Ministerio de Agricultura, Pesca y Alimentaci\u00f3n.<\/p>\n\n\n\n<p>Mar\u00eda Gonz\u00e1lez Corral, que desde abril de 2022 ven\u00eda ejerciendo como consejera de Movilidad y Transformaci\u00f3n Digital, es ingeniera de Caminos, Canales y Puertos (Escuela Polit\u00e9cnica Superior de Burgos), m\u00e1ster en Direcci\u00f3n de Proyectos (Universidad de Valladolid) y m\u00e1ster internacional en explotaci\u00f3n y seguridad de presas y balsas (Universidad Polit\u00e9cnica de Madrid).<\/p>\n\n\n\n<p>ASAJA le desea suerte en su nuevo cometido, al tiempo que conf\u00eda en que pueda contar con el apoyo de un buen equipo de personas competentes, trabajadoras, con capacidad de di\u00e1logo con el sector y una clara vocaci\u00f3n de servicio en favor de los agricultores y ganaderos de nuestra comunidad aut\u00f3noma.<strong>\/<\/strong><\/p>\n","protected":false},"excerpt":{"rendered":"<p>ASAJA-Castilla y Le\u00f3n da la bienvenida a Mar\u00eda Gonz\u00e1lez Corral como nueva consejera de Agricultura, Ganader\u00eda y Desarrollo Rural de la Junta, y se pone a su disposici\u00f3n para trabajar de forma inmediata en defensa de la agricultura y ganader\u00eda de nuestra comunidad. Asimismo, nuestra organmizaci\u00f3n expresa su agradecimiento al hasta hoy consejero Gerardo Due\u00f1as, [&hellip;]<\/p>\n","protected":false},"author":9,"featured_media":16854,"comment_status":"open","ping_status":"open","sticky":false,"template":"","format":"standard","meta":{"footnotes":""},"categories":[9,29,28],"tags":[58,142,351,77,66,110],"yoast_head":"<!-- This site is optimized with the Yoast SEO plugin v24.5 - https:\/\/yoast.com\/wordpress\/plugins\/seo\/ -->\n<title>ASAJA-Castilla y Le\u00f3n ofrece a la nueva consejera de Agricultura su colaboraci\u00f3n para defender al sector - ASAJA Palencia<\/title>\n<meta name=\"description\" content=\"ASAJA-Castilla y Le\u00f3n da la bienvenida a Mar\u00eda Gonz\u00e1lez Corral como nueva consejera de Agricultura, Ganader\u00eda y Desarrollo Rural de la Junta, y se pone a\" \/>\n<meta name=\"robots\" content=\"index, follow, max-snippet:-1, max-image-preview:large, max-video-preview:-1\" \/>\n<link rel=\"canonical\" href=\"https:\/\/www.asajacyl.com\/palencia\/asaja-palencia-informa\/asaja-castilla-y-leon-ofrece-a-la-nueva-consejera-de-agricultura-su-colaboracion-para-defender-al-sector\" \/>\n<meta property=\"og:locale\" content=\"es_ES\" \/>\n<meta property=\"og:type\" content=\"article\" \/>\n<meta property=\"og:title\" content=\"ASAJA-Castilla y Le\u00f3n ofrece a la nueva consejera de Agricultura su colaboraci\u00f3n para defender al sector - ASAJA Palencia\" \/>\n<meta property=\"og:description\" content=\"ASAJA-Castilla y Le\u00f3n da la bienvenida a Mar\u00eda Gonz\u00e1lez Corral como nueva consejera de Agricultura, Ganader\u00eda y Desarrollo Rural de la Junta, y se pone a\" \/>\n<meta property=\"og:url\" content=\"https:\/\/www.asajacyl.com\/palencia\/asaja-palencia-informa\/asaja-castilla-y-leon-ofrece-a-la-nueva-consejera-de-agricultura-su-colaboracion-para-defender-al-sector\" \/>\n<meta property=\"og:site_name\" content=\"ASAJA Palencia\" \/>\n<meta property=\"article:published_time\" content=\"2024-07-12T12:04:57+00:00\" \/>\n<meta property=\"article:modified_time\" content=\"2024-07-12T12:04:59+00:00\" \/>\n<meta property=\"og:image\" content=\"https:\/\/www.asajacyl.com\/palencia\/wp-content\/uploads\/sites\/3\/2024\/07\/Nueva-consejera-Agricultura-c-JCyL.jpg\" \/>\n\t<meta property=\"og:image:width\" content=\"1890\" \/>\n\t<meta property=\"og:image:height\" content=\"1654\" \/>\n\t<meta property=\"og:image:type\" content=\"image\/jpeg\" \/>\n<meta name=\"author\" content=\"Administrador\" \/>\n<meta name=\"twitter:card\" content=\"summary_large_image\" \/>\n<meta name=\"twitter:label1\" content=\"Escrito por\" \/>\n\t<meta name=\"twitter:data1\" content=\"Administrador\" \/>\n\t<meta name=\"twitter:label2\" content=\"Tiempo de lectura\" \/>\n\t<meta name=\"twitter:data2\" content=\"2 minutos\" \/>\n<script type=\"application\/ld+json\" class=\"yoast-schema-graph\">{\"@context\":\"https:\/\/schema.org\",\"@graph\":[{\"@type\":\"WebPage\",\"@id\":\"https:\/\/www.asajacyl.com\/palencia\/asaja-palencia-informa\/asaja-castilla-y-leon-ofrece-a-la-nueva-consejera-de-agricultura-su-colaboracion-para-defender-al-sector\",\"url\":\"https:\/\/www.asajacyl.com\/palencia\/asaja-palencia-informa\/asaja-castilla-y-leon-ofrece-a-la-nueva-consejera-de-agricultura-su-colaboracion-para-defender-al-sector\",\"name\":\"ASAJA-Castilla y Le\u00f3n ofrece a la nueva consejera de Agricultura su colaboraci\u00f3n para defender al sector - ASAJA Palencia\",\"isPartOf\":{\"@id\":\"https:\/\/www.asajacyl.com\/palencia\/#website\"},\"primaryImageOfPage\":{\"@id\":\"https:\/\/www.asajacyl.com\/palencia\/asaja-palencia-informa\/asaja-castilla-y-leon-ofrece-a-la-nueva-consejera-de-agricultura-su-colaboracion-para-defender-al-sector#primaryimage\"},\"image\":{\"@id\":\"https:\/\/www.asajacyl.com\/palencia\/asaja-palencia-informa\/asaja-castilla-y-leon-ofrece-a-la-nueva-consejera-de-agricultura-su-colaboracion-para-defender-al-sector#primaryimage\"},\"thumbnailUrl\":\"https:\/\/www.asajacyl.com\/palencia\/wp-content\/uploads\/sites\/3\/2024\/07\/Nueva-consejera-Agricultura-c-JCyL.jpg\",\"datePublished\":\"2024-07-12T12:04:57+00:00\",\"dateModified\":\"2024-07-12T12:04:59+00:00\",\"author\":{\"@id\":\"https:\/\/www.asajacyl.com\/palencia\/#\/schema\/person\/3ab17aeb03527485c317557fae64aab1\"},\"description\":\"ASAJA-Castilla y Le\u00f3n da la bienvenida a Mar\u00eda Gonz\u00e1lez Corral como nueva consejera de Agricultura, Ganader\u00eda y Desarrollo Rural de la Junta, y se pone a\",\"breadcrumb\":{\"@id\":\"https:\/\/www.asajacyl.com\/palencia\/asaja-palencia-informa\/asaja-castilla-y-leon-ofrece-a-la-nueva-consejera-de-agricultura-su-colaboracion-para-defender-al-sector#breadcrumb\"},\"inLanguage\":\"es\",\"potentialAction\":[{\"@type\":\"ReadAction\",\"target\":[\"https:\/\/www.asajacyl.com\/palencia\/asaja-palencia-informa\/asaja-castilla-y-leon-ofrece-a-la-nueva-consejera-de-agricultura-su-colaboracion-para-defender-al-sector\"]}]},{\"@type\":\"ImageObject\",\"inLanguage\":\"es\",\"@id\":\"https:\/\/www.asajacyl.com\/palencia\/asaja-palencia-informa\/asaja-castilla-y-leon-ofrece-a-la-nueva-consejera-de-agricultura-su-colaboracion-para-defender-al-sector#primaryimage\",\"url\":\"https:\/\/www.asajacyl.com\/palencia\/wp-content\/uploads\/sites\/3\/2024\/07\/Nueva-consejera-Agricultura-c-JCyL.jpg\",\"contentUrl\":\"https:\/\/www.asajacyl.com\/palencia\/wp-content\/uploads\/sites\/3\/2024\/07\/Nueva-consejera-Agricultura-c-JCyL.jpg\",\"width\":1890,\"height\":1654},{\"@type\":\"BreadcrumbList\",\"@id\":\"https:\/\/www.asajacyl.com\/palencia\/asaja-palencia-informa\/asaja-castilla-y-leon-ofrece-a-la-nueva-consejera-de-agricultura-su-colaboracion-para-defender-al-sector#breadcrumb\",\"itemListElement\":[{\"@type\":\"ListItem\",\"position\":1,\"name\":\"Portada\",\"item\":\"https:\/\/www.asajacyl.com\/palencia\/\"},{\"@type\":\"ListItem\",\"position\":2,\"name\":\"ASAJA-Castilla y Le\u00f3n ofrece a la nueva consejera de Agricultura su colaboraci\u00f3n para defender al sector\"}]},{\"@type\":\"WebSite\",\"@id\":\"https:\/\/www.asajacyl.com\/palencia\/#website\",\"url\":\"https:\/\/www.asajacyl.com\/palencia\/\",\"name\":\"ASAJA Palencia\",\"description\":\"Otro sitio m\u00e1s de Provincias ASAJA Castilla y Le\u00f3n\",\"potentialAction\":[{\"@type\":\"SearchAction\",\"target\":{\"@type\":\"EntryPoint\",\"urlTemplate\":\"https:\/\/www.asajacyl.com\/palencia\/?s={search_term_string}\"},\"query-input\":{\"@type\":\"PropertyValueSpecification\",\"valueRequired\":true,\"valueName\":\"search_term_string\"}}],\"inLanguage\":\"es\"},{\"@type\":\"Person\",\"@id\":\"https:\/\/www.asajacyl.com\/palencia\/#\/schema\/person\/3ab17aeb03527485c317557fae64aab1\",\"name\":\"Administrador\",\"image\":{\"@type\":\"ImageObject\",\"inLanguage\":\"es\",\"@id\":\"https:\/\/www.asajacyl.com\/palencia\/#\/schema\/person\/image\/\",\"url\":\"https:\/\/secure.gravatar.com\/avatar\/517384810d242ca9e38c180f3c9fb973?s=96&d=mm&r=g\",\"contentUrl\":\"https:\/\/secure.gravatar.com\/avatar\/517384810d242ca9e38c180f3c9fb973?s=96&d=mm&r=g\",\"caption\":\"Administrador\"},\"url\":\"https:\/\/www.asajacyl.com\/palencia\/author\/carlosrm\"}]}<\/script>\n<!-- \/ Yoast SEO plugin. -->","yoast_head_json":{"title":"ASAJA-Castilla y Le\u00f3n ofrece a la nueva consejera de Agricultura su colaboraci\u00f3n para defender al sector - ASAJA Palencia","description":"ASAJA-Castilla y Le\u00f3n da la bienvenida a Mar\u00eda Gonz\u00e1lez Corral como nueva consejera de Agricultura, Ganader\u00eda y Desarrollo Rural de la Junta, y se pone a","robots":{"index":"index","follow":"follow","max-snippet":"max-snippet:-1","max-image-preview":"max-image-preview:large","max-video-preview":"max-video-preview:-1"},"canonical":"https:\/\/www.asajacyl.com\/palencia\/asaja-palencia-informa\/asaja-castilla-y-leon-ofrece-a-la-nueva-consejera-de-agricultura-su-colaboracion-para-defender-al-sector","og_locale":"es_ES","og_type":"article","og_title":"ASAJA-Castilla y Le\u00f3n ofrece a la nueva consejera de Agricultura su colaboraci\u00f3n para defender al sector - ASAJA Palencia","og_description":"ASAJA-Castilla y Le\u00f3n da la bienvenida a Mar\u00eda Gonz\u00e1lez Corral como nueva consejera de Agricultura, Ganader\u00eda y Desarrollo Rural de la Junta, y se pone a","og_url":"https:\/\/www.asajacyl.com\/palencia\/asaja-palencia-informa\/asaja-castilla-y-leon-ofrece-a-la-nueva-consejera-de-agricultura-su-colaboracion-para-defender-al-sector","og_site_name":"ASAJA Palencia","article_published_time":"2024-07-12T12:04:57+00:00","article_modified_time":"2024-07-12T12:04:59+00:00","og_image":[{"width":1890,"height":1654,"url":"https:\/\/www.asajacyl.com\/palencia\/wp-content\/uploads\/sites\/3\/2024\/07\/Nueva-consejera-Agricultura-c-JCyL.jpg","type":"image\/jpeg"}],"author":"Administrador","twitter_card":"summary_large_image","twitter_misc":{"Escrito por":"Administrador","Tiempo de lectura":"2 minutos"},"schema":{"@context":"https:\/\/schema.org","@graph":[{"@type":"WebPage","@id":"https:\/\/www.asajacyl.com\/palencia\/asaja-palencia-informa\/asaja-castilla-y-leon-ofrece-a-la-nueva-consejera-de-agricultura-su-colaboracion-para-defender-al-sector","url":"https:\/\/www.asajacyl.com\/palencia\/asaja-palencia-informa\/asaja-castilla-y-leon-ofrece-a-la-nueva-consejera-de-agricultura-su-colaboracion-para-defender-al-sector","name":"ASAJA-Castilla y Le\u00f3n ofrece a la nueva consejera de Agricultura su colaboraci\u00f3n para defender al sector - ASAJA Palencia","isPartOf":{"@id":"https:\/\/www.asajacyl.com\/palencia\/#website"},"primaryImageOfPage":{"@id":"https:\/\/www.asajacyl.com\/palencia\/asaja-palencia-informa\/asaja-castilla-y-leon-ofrece-a-la-nueva-consejera-de-agricultura-su-colaboracion-para-defender-al-sector#primaryimage"},"image":{"@id":"https:\/\/www.asajacyl.com\/palencia\/asaja-palencia-informa\/asaja-castilla-y-leon-ofrece-a-la-nueva-consejera-de-agricultura-su-colaboracion-para-defender-al-sector#primaryimage"},"thumbnailUrl":"https:\/\/www.asajacyl.com\/palencia\/wp-content\/uploads\/sites\/3\/2024\/07\/Nueva-consejera-Agricultura-c-JCyL.jpg","datePublished":"2024-07-12T12:04:57+00:00","dateModified":"2024-07-12T12:04:59+00:00","author":{"@id":"https:\/\/www.asajacyl.com\/palencia\/#\/schema\/person\/3ab17aeb03527485c317557fae64aab1"},"description":"ASAJA-Castilla y Le\u00f3n da la bienvenida a Mar\u00eda Gonz\u00e1lez Corral como nueva consejera de Agricultura, Ganader\u00eda y Desarrollo Rural de la Junta, y se pone a","breadcrumb":{"@id":"https:\/\/www.asajacyl.com\/palencia\/asaja-palencia-informa\/asaja-castilla-y-leon-ofrece-a-la-nueva-consejera-de-agricultura-su-colaboracion-para-defender-al-sector#breadcrumb"},"inLanguage":"es","potentialAction":[{"@type":"ReadAction","target":["https:\/\/www.asajacyl.com\/palencia\/asaja-palencia-informa\/asaja-castilla-y-leon-ofrece-a-la-nueva-consejera-de-agricultura-su-colaboracion-para-defender-al-sector"]}]},{"@type":"ImageObject","inLanguage":"es","@id":"https:\/\/www.asajacyl.com\/palencia\/asaja-palencia-informa\/asaja-castilla-y-leon-ofrece-a-la-nueva-consejera-de-agricultura-su-colaboracion-para-defender-al-sector#primaryimage","url":"https:\/\/www.asajacyl.com\/palencia\/wp-content\/uploads\/sites\/3\/2024\/07\/Nueva-consejera-Agricultura-c-JCyL.jpg","contentUrl":"https:\/\/www.asajacyl.com\/palencia\/wp-content\/uploads\/sites\/3\/2024\/07\/Nueva-consejera-Agricultura-c-JCyL.jpg","width":1890,"height":1654},{"@type":"BreadcrumbList","@id":"https:\/\/www.asajacyl.com\/palencia\/asaja-palencia-informa\/asaja-castilla-y-leon-ofrece-a-la-nueva-consejera-de-agricultura-su-colaboracion-para-defender-al-sector#breadcrumb","itemListElement":[{"@type":"ListItem","position":1,"name":"Portada","item":"https:\/\/www.asajacyl.com\/palencia\/"},{"@type":"ListItem","position":2,"name":"ASAJA-Castilla y Le\u00f3n ofrece a la nueva consejera de Agricultura su colaboraci\u00f3n para defender al sector"}]},{"@type":"WebSite","@id":"https:\/\/www.asajacyl.com\/palencia\/#website","url":"https:\/\/www.asajacyl.com\/palencia\/","name":"ASAJA Palencia","description":"Otro sitio m\u00e1s de Provincias ASAJA Castilla y Le\u00f3n","potentialAction":[{"@type":"SearchAction","target":{"@type":"EntryPoint","urlTemplate":"https:\/\/www.asajacyl.com\/palencia\/?s={search_term_string}"},"query-input":{"@type":"PropertyValueSpecification","valueRequired":true,"valueName":"search_term_string"}}],"inLanguage":"es"},{"@type":"Person","@id":"https:\/\/www.asajacyl.com\/palencia\/#\/schema\/person\/3ab17aeb03527485c317557fae64aab1","name":"Administrador","image":{"@type":"ImageObject","inLanguage":"es","@id":"https:\/\/www.asajacyl.com\/palencia\/#\/schema\/person\/image\/","url":"https:\/\/secure.gravatar.com\/avatar\/517384810d242ca9e38c180f3c9fb973?s=96&d=mm&r=g","contentUrl":"https:\/\/secure.gravatar.com\/avatar\/517384810d242ca9e38c180f3c9fb973?s=96&d=mm&r=g","caption":"Administrador"},"url":"https:\/\/www.asajacyl.com\/palencia\/author\/carlosrm"}]}},"_links":{"self":[{"href":"https:\/\/www.asajacyl.com\/palencia\/wp-json\/wp\/v2\/posts\/16853"}],"collection":[{"href":"https:\/\/www.asajacyl.com\/palencia\/wp-json\/wp\/v2\/posts"}],"about":[{"href":"https:\/\/www.asajacyl.com\/palencia\/wp-json\/wp\/v2\/types\/post"}],"author":[{"embeddable":true,"href":"https:\/\/www.asajacyl.com\/palencia\/wp-json\/wp\/v2\/users\/9"}],"replies":[{"embeddable":true,"href":"https:\/\/www.asajacyl.com\/palencia\/wp-json\/wp\/v2\/comments?post=16853"}],"version-history":[{"count":2,"href":"https:\/\/www.asajacyl.com\/palencia\/wp-json\/wp\/v2\/posts\/16853\/revisions"}],"predecessor-version":[{"id":16856,"href":"https:\/\/www.asajacyl.com\/palencia\/wp-json\/wp\/v2\/posts\/16853\/revisions\/16856"}],"wp:featuredmedia":[{"embeddable":true,"href":"https:\/\/www.asajacyl.com\/palencia\/wp-json\/wp\/v2\/media\/16854"}],"wp:attachment":[{"href":"https:\/\/www.asajacyl.com\/palencia\/wp-json\/wp\/v2\/media?parent=16853"}],"wp:term":[{"taxonomy":"category","embeddable":true,"href":"https:\/\/www.asajacyl.com\/palencia\/wp-json\/wp\/v2\/categories?post=16853"},{"taxonomy":"post_tag","embeddable":true,"href":"https:\/\/www.asajacyl.com\/palencia\/wp-json\/wp\/v2\/tags?post=16853"}],"curies":[{"name":"wp","href":"https:\/\/api.w.org\/{rel}","templated":true}]}}