{"id":16938,"date":"2024-07-23T12:28:03","date_gmt":"2024-07-23T10:28:03","guid":{"rendered":"https:\/\/www.asajacyl.com\/palencia\/?p=16938"},"modified":"2024-07-23T12:28:06","modified_gmt":"2024-07-23T10:28:06","slug":"asaja-castilla-y-leon-pide-a-la-nueva-consejera-de-agricultura-actuaciones-urgentes-contra-el-topillo","status":"publish","type":"post","link":"https:\/\/www.asajacyl.com\/palencia\/asaja-palencia-informa\/asaja-castilla-y-leon-pide-a-la-nueva-consejera-de-agricultura-actuaciones-urgentes-contra-el-topillo","title":{"rendered":"ASAJA-Castilla y Le\u00f3n pide a la nueva consejera de Agricultura actuaciones urgentes contra el topillo"},"content":{"rendered":"\n<h2 class=\"wp-block-heading\">ASAJA-Castilla y Le\u00f3n ha reclamado a la Consejer\u00eda de Agricultura, Ganader\u00eda y Desarrollo Rural que act\u00fae con contundencia y de forma coordinada con todos los afectados para frenar a los topillos campesinos, que en estos momentos invaden varias comarcas del centro de la comunidad aut\u00f3noma, como la Tierra de Campos, entre otras. La petici\u00f3n se ha cursado por carta a la nueva titular, Mar\u00eda Gonz\u00e1lez Corral, a la que se reclaman compensaciones de la administraci\u00f3n auton\u00f3mica por los da\u00f1os ocasionados a los cultivos. <\/h2>\n\n\n\n<p>ASAJA-Castilla y Le\u00f3n insta a la administraci\u00f3n auton\u00f3mica a poner en marcha todas las herramientas de control establecidas en la estrategia de gesti\u00f3n integrada de riesgos derivados de la presencia de topillo, incluso la declaraci\u00f3n de plaga si el nivel de riesgo as\u00ed lo exige. Adem\u00e1s, hemos solicitado compensaciones por los da\u00f1os causados a los agricultores,a s\u00ed como la puesta a su disposici\u00f3n de las herramientas y la flexibilidad necesarias para poder luchar en sus explotaciones contra la plaga.<\/p>\n\n\n\n<p>Al comienzo de la sementera de la cosecha actual, ASAJA ya detect\u00f3 una presencia m\u00e1s elevada de lo habitual del roedor en el n\u00facleo en que ya es end\u00e9mico, como la Tierra de Campos de Palencia y Valladolid. Ocho meses despu\u00e9s, las temperaturas suaves del invierno y las medidas recomendadas no han frenado el avance del topillo. <\/p>\n\n\n\n<p><strong>EXTENSI\u00d3N A OTRAS ZONAS DE LA REGI\u00d3N. <\/strong>A medida que avanza la cosecha, los agricultores presencian una explosi\u00f3n poblacional descontrolada que se ampl\u00eda en las zonas de origen y se extiende hacia Campos-Pan en Zamora, o a la zona de Ar\u00e9valo, Medina del Campo o el este de Salamanca.<\/p>\n\n\n\n<p>En las zonas origen de la alarma llevan padeciendo da\u00f1os en sus cultivos durante toda la campa\u00f1a agr\u00edcola. Muchos agricultores han dado parte al seguro, si bien no siempre estos da\u00f1os finalmente ser\u00e1n indemnizados por los requisitos del propio seguro, al no llegar al m\u00ednimo de da\u00f1o exigido, por lo que tampoco se constatar\u00e1 la magnitud de los da\u00f1os. <\/p>\n\n\n\n<p>Las zonas arrasadas dentro de una parcela, que superan en algunos casos el 80 % de p\u00e9rdidas sobre la cosecha prevista, se convierten en un porcentaje mucho menor en las parcelas grandes, por lo que no llega al m\u00ednimo exigido para cobrar indemnizaci\u00f3n del seguro, de manera que la informaci\u00f3n obtenida por esta v\u00eda no se ajusta a la realidad del da\u00f1o.<\/p>\n\n\n\n<p><strong>MEDIDAS INCOMPATIBLES. <\/strong>Se da la circunstancia que muchas de las principales medidas recomendadas por la propia administraci\u00f3n para frenar al topillo campesino no pueden ser efectuadas por los agricultores afectados, por ser incompatibles con las exigencias de la PAC. <\/p>\n\n\n\n<p>Es imprescindible permitir a los agricultores de las zonas afectadas ciertas excepcionalidades sin perder ayudas y sin ning\u00fan tipo de sanci\u00f3n, como autorizar en las parcelas de siembra directa un pase de ch\u00edsel o descompactador antes de la siembra, o labores de remoci\u00f3n del terreno m\u00ednimo cada siete a\u00f1os, as\u00ed como en las parcelas de laboreo convencional poder levantar el rastrojo con labor profunda y de volteo en cuanto las condiciones del suelo lo permitan.<\/p>\n\n\n\n<p>Adem\u00e1s, ASAJA reclama que todas las administraciones titulares de las zonas que act\u00faan como reservorio y v\u00edas de dispersi\u00f3n (m\u00e1rgenes de infraestructuras como v\u00edas de tren, carreteras, caminos, o de cauces de r\u00edos o arroyos) pongan sus medios a disposici\u00f3n del plan de control y colaboren en la limpieza.<strong>\/<\/strong><\/p>\n","protected":false},"excerpt":{"rendered":"<p>ASAJA-Castilla y Le\u00f3n ha reclamado a la Consejer\u00eda de Agricultura, Ganader\u00eda y Desarrollo Rural que act\u00fae con contundencia y de forma coordinada con todos los afectados para frenar a los topillos campesinos, que en estos momentos invaden varias comarcas del centro de la comunidad aut\u00f3noma, como la Tierra de Campos, entre otras. La petici\u00f3n se [&hellip;]<\/p>\n","protected":false},"author":9,"featured_media":16939,"comment_status":"open","ping_status":"open","sticky":false,"template":"","format":"standard","meta":{"footnotes":""},"categories":[9,29,28],"tags":[58,59,46,142,351,231,66,571,501,715,469],"yoast_head":"<!-- This site is optimized with the Yoast SEO plugin v24.5 - https:\/\/yoast.com\/wordpress\/plugins\/seo\/ -->\n<title>ASAJA-Castilla y Le\u00f3n pide a la nueva consejera de Agricultura actuaciones urgentes contra el topillo - ASAJA Palencia<\/title>\n<meta name=\"description\" content=\"ASAJA-Castilla y Le\u00f3n ha reclamado a la Consejer\u00eda de Agricultura, Ganader\u00eda y Desarrollo Rural que act\u00fae con contundencia y de forma coordinada con todos\" \/>\n<meta name=\"robots\" content=\"index, follow, max-snippet:-1, max-image-preview:large, max-video-preview:-1\" \/>\n<link rel=\"canonical\" href=\"https:\/\/www.asajacyl.com\/palencia\/asaja-palencia-informa\/asaja-castilla-y-leon-pide-a-la-nueva-consejera-de-agricultura-actuaciones-urgentes-contra-el-topillo\" \/>\n<meta property=\"og:locale\" content=\"es_ES\" \/>\n<meta property=\"og:type\" content=\"article\" \/>\n<meta property=\"og:title\" content=\"ASAJA-Castilla y Le\u00f3n pide a la nueva consejera de Agricultura actuaciones urgentes contra el topillo - ASAJA Palencia\" \/>\n<meta property=\"og:description\" content=\"ASAJA-Castilla y Le\u00f3n ha reclamado a la Consejer\u00eda de Agricultura, Ganader\u00eda y Desarrollo Rural que act\u00fae con contundencia y de forma coordinada con todos\" \/>\n<meta property=\"og:url\" content=\"https:\/\/www.asajacyl.com\/palencia\/asaja-palencia-informa\/asaja-castilla-y-leon-pide-a-la-nueva-consejera-de-agricultura-actuaciones-urgentes-contra-el-topillo\" \/>\n<meta property=\"og:site_name\" content=\"ASAJA Palencia\" \/>\n<meta property=\"article:published_time\" content=\"2024-07-23T10:28:03+00:00\" \/>\n<meta property=\"article:modified_time\" content=\"2024-07-23T10:28:06+00:00\" \/>\n<meta property=\"og:image\" content=\"https:\/\/www.asajacyl.com\/palencia\/wp-content\/uploads\/sites\/3\/2024\/07\/Dano-topillos-en-cereal-1024x896.jpg\" \/>\n\t<meta property=\"og:image:width\" content=\"1024\" \/>\n\t<meta property=\"og:image:height\" content=\"896\" \/>\n\t<meta property=\"og:image:type\" content=\"image\/jpeg\" \/>\n<meta name=\"author\" content=\"Administrador\" \/>\n<meta name=\"twitter:card\" content=\"summary_large_image\" \/>\n<meta name=\"twitter:label1\" content=\"Escrito por\" \/>\n\t<meta name=\"twitter:data1\" content=\"Administrador\" \/>\n\t<meta name=\"twitter:label2\" content=\"Tiempo de lectura\" \/>\n\t<meta name=\"twitter:data2\" content=\"3 minutos\" \/>\n<script type=\"application\/ld+json\" class=\"yoast-schema-graph\">{\"@context\":\"https:\/\/schema.org\",\"@graph\":[{\"@type\":\"WebPage\",\"@id\":\"https:\/\/www.asajacyl.com\/palencia\/asaja-palencia-informa\/asaja-castilla-y-leon-pide-a-la-nueva-consejera-de-agricultura-actuaciones-urgentes-contra-el-topillo\",\"url\":\"https:\/\/www.asajacyl.com\/palencia\/asaja-palencia-informa\/asaja-castilla-y-leon-pide-a-la-nueva-consejera-de-agricultura-actuaciones-urgentes-contra-el-topillo\",\"name\":\"ASAJA-Castilla y Le\u00f3n pide a la nueva consejera de Agricultura actuaciones urgentes contra el topillo - ASAJA Palencia\",\"isPartOf\":{\"@id\":\"https:\/\/www.asajacyl.com\/palencia\/#website\"},\"primaryImageOfPage\":{\"@id\":\"https:\/\/www.asajacyl.com\/palencia\/asaja-palencia-informa\/asaja-castilla-y-leon-pide-a-la-nueva-consejera-de-agricultura-actuaciones-urgentes-contra-el-topillo#primaryimage\"},\"image\":{\"@id\":\"https:\/\/www.asajacyl.com\/palencia\/asaja-palencia-informa\/asaja-castilla-y-leon-pide-a-la-nueva-consejera-de-agricultura-actuaciones-urgentes-contra-el-topillo#primaryimage\"},\"thumbnailUrl\":\"https:\/\/www.asajacyl.com\/palencia\/wp-content\/uploads\/sites\/3\/2024\/07\/Dano-topillos-en-cereal.jpg\",\"datePublished\":\"2024-07-23T10:28:03+00:00\",\"dateModified\":\"2024-07-23T10:28:06+00:00\",\"author\":{\"@id\":\"https:\/\/www.asajacyl.com\/palencia\/#\/schema\/person\/3ab17aeb03527485c317557fae64aab1\"},\"description\":\"ASAJA-Castilla y Le\u00f3n ha reclamado a la Consejer\u00eda de Agricultura, Ganader\u00eda y Desarrollo Rural que act\u00fae con contundencia y de forma coordinada con todos\",\"breadcrumb\":{\"@id\":\"https:\/\/www.asajacyl.com\/palencia\/asaja-palencia-informa\/asaja-castilla-y-leon-pide-a-la-nueva-consejera-de-agricultura-actuaciones-urgentes-contra-el-topillo#breadcrumb\"},\"inLanguage\":\"es\",\"potentialAction\":[{\"@type\":\"ReadAction\",\"target\":[\"https:\/\/www.asajacyl.com\/palencia\/asaja-palencia-informa\/asaja-castilla-y-leon-pide-a-la-nueva-consejera-de-agricultura-actuaciones-urgentes-contra-el-topillo\"]}]},{\"@type\":\"ImageObject\",\"inLanguage\":\"es\",\"@id\":\"https:\/\/www.asajacyl.com\/palencia\/asaja-palencia-informa\/asaja-castilla-y-leon-pide-a-la-nueva-consejera-de-agricultura-actuaciones-urgentes-contra-el-topillo#primaryimage\",\"url\":\"https:\/\/www.asajacyl.com\/palencia\/wp-content\/uploads\/sites\/3\/2024\/07\/Dano-topillos-en-cereal.jpg\",\"contentUrl\":\"https:\/\/www.asajacyl.com\/palencia\/wp-content\/uploads\/sites\/3\/2024\/07\/Dano-topillos-en-cereal.jpg\",\"width\":1890,\"height\":1654},{\"@type\":\"BreadcrumbList\",\"@id\":\"https:\/\/www.asajacyl.com\/palencia\/asaja-palencia-informa\/asaja-castilla-y-leon-pide-a-la-nueva-consejera-de-agricultura-actuaciones-urgentes-contra-el-topillo#breadcrumb\",\"itemListElement\":[{\"@type\":\"ListItem\",\"position\":1,\"name\":\"Portada\",\"item\":\"https:\/\/www.asajacyl.com\/palencia\/\"},{\"@type\":\"ListItem\",\"position\":2,\"name\":\"ASAJA-Castilla y Le\u00f3n pide a la nueva consejera de Agricultura actuaciones urgentes contra el topillo\"}]},{\"@type\":\"WebSite\",\"@id\":\"https:\/\/www.asajacyl.com\/palencia\/#website\",\"url\":\"https:\/\/www.asajacyl.com\/palencia\/\",\"name\":\"ASAJA Palencia\",\"description\":\"Otro sitio m\u00e1s de Provincias ASAJA Castilla y Le\u00f3n\",\"potentialAction\":[{\"@type\":\"SearchAction\",\"target\":{\"@type\":\"EntryPoint\",\"urlTemplate\":\"https:\/\/www.asajacyl.com\/palencia\/?s={search_term_string}\"},\"query-input\":{\"@type\":\"PropertyValueSpecification\",\"valueRequired\":true,\"valueName\":\"search_term_string\"}}],\"inLanguage\":\"es\"},{\"@type\":\"Person\",\"@id\":\"https:\/\/www.asajacyl.com\/palencia\/#\/schema\/person\/3ab17aeb03527485c317557fae64aab1\",\"name\":\"Administrador\",\"image\":{\"@type\":\"ImageObject\",\"inLanguage\":\"es\",\"@id\":\"https:\/\/www.asajacyl.com\/palencia\/#\/schema\/person\/image\/\",\"url\":\"https:\/\/secure.gravatar.com\/avatar\/517384810d242ca9e38c180f3c9fb973?s=96&d=mm&r=g\",\"contentUrl\":\"https:\/\/secure.gravatar.com\/avatar\/517384810d242ca9e38c180f3c9fb973?s=96&d=mm&r=g\",\"caption\":\"Administrador\"},\"url\":\"https:\/\/www.asajacyl.com\/palencia\/author\/carlosrm\"}]}<\/script>\n<!-- \/ Yoast SEO plugin. -->","yoast_head_json":{"title":"ASAJA-Castilla y Le\u00f3n pide a la nueva consejera de Agricultura actuaciones urgentes contra el topillo - ASAJA Palencia","description":"ASAJA-Castilla y Le\u00f3n ha reclamado a la Consejer\u00eda de Agricultura, Ganader\u00eda y Desarrollo Rural que act\u00fae con contundencia y de forma coordinada con todos","robots":{"index":"index","follow":"follow","max-snippet":"max-snippet:-1","max-image-preview":"max-image-preview:large","max-video-preview":"max-video-preview:-1"},"canonical":"https:\/\/www.asajacyl.com\/palencia\/asaja-palencia-informa\/asaja-castilla-y-leon-pide-a-la-nueva-consejera-de-agricultura-actuaciones-urgentes-contra-el-topillo","og_locale":"es_ES","og_type":"article","og_title":"ASAJA-Castilla y Le\u00f3n pide a la nueva consejera de Agricultura actuaciones urgentes contra el topillo - ASAJA Palencia","og_description":"ASAJA-Castilla y Le\u00f3n ha reclamado a la Consejer\u00eda de Agricultura, Ganader\u00eda y Desarrollo Rural que act\u00fae con contundencia y de forma coordinada con todos","og_url":"https:\/\/www.asajacyl.com\/palencia\/asaja-palencia-informa\/asaja-castilla-y-leon-pide-a-la-nueva-consejera-de-agricultura-actuaciones-urgentes-contra-el-topillo","og_site_name":"ASAJA Palencia","article_published_time":"2024-07-23T10:28:03+00:00","article_modified_time":"2024-07-23T10:28:06+00:00","og_image":[{"width":1024,"height":896,"url":"https:\/\/www.asajacyl.com\/palencia\/wp-content\/uploads\/sites\/3\/2024\/07\/Dano-topillos-en-cereal-1024x896.jpg","type":"image\/jpeg"}],"author":"Administrador","twitter_card":"summary_large_image","twitter_misc":{"Escrito por":"Administrador","Tiempo de lectura":"3 minutos"},"schema":{"@context":"https:\/\/schema.org","@graph":[{"@type":"WebPage","@id":"https:\/\/www.asajacyl.com\/palencia\/asaja-palencia-informa\/asaja-castilla-y-leon-pide-a-la-nueva-consejera-de-agricultura-actuaciones-urgentes-contra-el-topillo","url":"https:\/\/www.asajacyl.com\/palencia\/asaja-palencia-informa\/asaja-castilla-y-leon-pide-a-la-nueva-consejera-de-agricultura-actuaciones-urgentes-contra-el-topillo","name":"ASAJA-Castilla y Le\u00f3n pide a la nueva consejera de Agricultura actuaciones urgentes contra el topillo - ASAJA Palencia","isPartOf":{"@id":"https:\/\/www.asajacyl.com\/palencia\/#website"},"primaryImageOfPage":{"@id":"https:\/\/www.asajacyl.com\/palencia\/asaja-palencia-informa\/asaja-castilla-y-leon-pide-a-la-nueva-consejera-de-agricultura-actuaciones-urgentes-contra-el-topillo#primaryimage"},"image":{"@id":"https:\/\/www.asajacyl.com\/palencia\/asaja-palencia-informa\/asaja-castilla-y-leon-pide-a-la-nueva-consejera-de-agricultura-actuaciones-urgentes-contra-el-topillo#primaryimage"},"thumbnailUrl":"https:\/\/www.asajacyl.com\/palencia\/wp-content\/uploads\/sites\/3\/2024\/07\/Dano-topillos-en-cereal.jpg","datePublished":"2024-07-23T10:28:03+00:00","dateModified":"2024-07-23T10:28:06+00:00","author":{"@id":"https:\/\/www.asajacyl.com\/palencia\/#\/schema\/person\/3ab17aeb03527485c317557fae64aab1"},"description":"ASAJA-Castilla y Le\u00f3n ha reclamado a la Consejer\u00eda de Agricultura, Ganader\u00eda y Desarrollo Rural que act\u00fae con contundencia y de forma coordinada con todos","breadcrumb":{"@id":"https:\/\/www.asajacyl.com\/palencia\/asaja-palencia-informa\/asaja-castilla-y-leon-pide-a-la-nueva-consejera-de-agricultura-actuaciones-urgentes-contra-el-topillo#breadcrumb"},"inLanguage":"es","potentialAction":[{"@type":"ReadAction","target":["https:\/\/www.asajacyl.com\/palencia\/asaja-palencia-informa\/asaja-castilla-y-leon-pide-a-la-nueva-consejera-de-agricultura-actuaciones-urgentes-contra-el-topillo"]}]},{"@type":"ImageObject","inLanguage":"es","@id":"https:\/\/www.asajacyl.com\/palencia\/asaja-palencia-informa\/asaja-castilla-y-leon-pide-a-la-nueva-consejera-de-agricultura-actuaciones-urgentes-contra-el-topillo#primaryimage","url":"https:\/\/www.asajacyl.com\/palencia\/wp-content\/uploads\/sites\/3\/2024\/07\/Dano-topillos-en-cereal.jpg","contentUrl":"https:\/\/www.asajacyl.com\/palencia\/wp-content\/uploads\/sites\/3\/2024\/07\/Dano-topillos-en-cereal.jpg","width":1890,"height":1654},{"@type":"BreadcrumbList","@id":"https:\/\/www.asajacyl.com\/palencia\/asaja-palencia-informa\/asaja-castilla-y-leon-pide-a-la-nueva-consejera-de-agricultura-actuaciones-urgentes-contra-el-topillo#breadcrumb","itemListElement":[{"@type":"ListItem","position":1,"name":"Portada","item":"https:\/\/www.asajacyl.com\/palencia\/"},{"@type":"ListItem","position":2,"name":"ASAJA-Castilla y Le\u00f3n pide a la nueva consejera de Agricultura actuaciones urgentes contra el topillo"}]},{"@type":"WebSite","@id":"https:\/\/www.asajacyl.com\/palencia\/#website","url":"https:\/\/www.asajacyl.com\/palencia\/","name":"ASAJA Palencia","description":"Otro sitio m\u00e1s de Provincias ASAJA Castilla y Le\u00f3n","potentialAction":[{"@type":"SearchAction","target":{"@type":"EntryPoint","urlTemplate":"https:\/\/www.asajacyl.com\/palencia\/?s={search_term_string}"},"query-input":{"@type":"PropertyValueSpecification","valueRequired":true,"valueName":"search_term_string"}}],"inLanguage":"es"},{"@type":"Person","@id":"https:\/\/www.asajacyl.com\/palencia\/#\/schema\/person\/3ab17aeb03527485c317557fae64aab1","name":"Administrador","image":{"@type":"ImageObject","inLanguage":"es","@id":"https:\/\/www.asajacyl.com\/palencia\/#\/schema\/person\/image\/","url":"https:\/\/secure.gravatar.com\/avatar\/517384810d242ca9e38c180f3c9fb973?s=96&d=mm&r=g","contentUrl":"https:\/\/secure.gravatar.com\/avatar\/517384810d242ca9e38c180f3c9fb973?s=96&d=mm&r=g","caption":"Administrador"},"url":"https:\/\/www.asajacyl.com\/palencia\/author\/carlosrm"}]}},"_links":{"self":[{"href":"https:\/\/www.asajacyl.com\/palencia\/wp-json\/wp\/v2\/posts\/16938"}],"collection":[{"href":"https:\/\/www.asajacyl.com\/palencia\/wp-json\/wp\/v2\/posts"}],"about":[{"href":"https:\/\/www.asajacyl.com\/palencia\/wp-json\/wp\/v2\/types\/post"}],"author":[{"embeddable":true,"href":"https:\/\/www.asajacyl.com\/palencia\/wp-json\/wp\/v2\/users\/9"}],"replies":[{"embeddable":true,"href":"https:\/\/www.asajacyl.com\/palencia\/wp-json\/wp\/v2\/comments?post=16938"}],"version-history":[{"count":1,"href":"https:\/\/www.asajacyl.com\/palencia\/wp-json\/wp\/v2\/posts\/16938\/revisions"}],"predecessor-version":[{"id":16940,"href":"https:\/\/www.asajacyl.com\/palencia\/wp-json\/wp\/v2\/posts\/16938\/revisions\/16940"}],"wp:featuredmedia":[{"embeddable":true,"href":"https:\/\/www.asajacyl.com\/palencia\/wp-json\/wp\/v2\/media\/16939"}],"wp:attachment":[{"href":"https:\/\/www.asajacyl.com\/palencia\/wp-json\/wp\/v2\/media?parent=16938"}],"wp:term":[{"taxonomy":"category","embeddable":true,"href":"https:\/\/www.asajacyl.com\/palencia\/wp-json\/wp\/v2\/categories?post=16938"},{"taxonomy":"post_tag","embeddable":true,"href":"https:\/\/www.asajacyl.com\/palencia\/wp-json\/wp\/v2\/tags?post=16938"}],"curies":[{"name":"wp","href":"https:\/\/api.w.org\/{rel}","templated":true}]}}