{"id":16980,"date":"2024-07-29T14:06:50","date_gmt":"2024-07-29T12:06:50","guid":{"rendered":"https:\/\/www.asajacyl.com\/palencia\/?p=16980"},"modified":"2024-07-29T14:06:53","modified_gmt":"2024-07-29T12:06:53","slug":"el-desajuste-de-oferta-y-demanda-sigue-tirando-del-precio-de-las-vacas-para-carne-en-maximos-historicos","status":"publish","type":"post","link":"https:\/\/www.asajacyl.com\/palencia\/sin-categoria\/el-desajuste-de-oferta-y-demanda-sigue-tirando-del-precio-de-las-vacas-para-carne-en-maximos-historicos","title":{"rendered":"El desajuste de oferta y demanda sigue tirando del precio de las vacas para carne, en m\u00e1ximos hist\u00f3ricos"},"content":{"rendered":"\n<h2 class=\"wp-block-heading\">La fuerte demanda del mercado, frente a una oferta que se ha reducido, sigue tirando al alza de la cotizaci\u00f3n de la vaca de carne, \u00fanica categor\u00eda del bovino de esta mesa que elev\u00f3 este lunes, 29 de julio, su precio en la Lonja de Salamanca. Mientras las vacas siguen rompiendo sus m\u00e1ximos hist\u00f3ricos, las terneras y los a\u00f1ojos no salen de su tendencia estancada, que dura ya desde las navidades de 2022, cierto es que a unos precios altos, a los que fueron escalando ambas categor\u00edas en el \u00faltimo trimestre de 2021 y durante todo el a\u00f1o siguiente, consecuencia de una considerable inflaci\u00f3n de los costes de producci\u00f3n, que siguen elevados para nuestros ganaderos.<\/h2>\n\n\n\n<p><\/p>\n\n\n\n<p>La Lonja de Salamanca volvi\u00f3 este \u00faltimo lunes de julio a constatar la subida del precio de las vacas para matadero, por la demanda que sigue habiendo de este tipo de carne. La categor\u00eda extra se paga ya a 4,66 euros\/kilogramo la canal, mientras la de vaca de primera se aproxima a los 4,20 euros\/kilo. Son m\u00e1ximos hist\u00f3ricos con subidas del 10 % y del 13 %, respectivamente, con respecto a las cotizaciones que hace ahora un a\u00f1o marcaban las tablillas de la lonja salmantina.<\/p>\n\n\n\n<p>La gr\u00e1fica inferior, con datos de este mercado, refleja c\u00f3mo la carne de vaca experiment\u00f3 subidas moderadas en el periodo 2015-2018, a\u00f1o en el que empez\u00f3 un claro declive de su cotizaci\u00f3n, acentuada durante la pandemia (se trata de un producto con amplia salida en el sector hostelero). Pasada la crisis del coronavirus, se sum\u00f3 a la tendencia alcista en 2021, derivada de la inflaci\u00f3n de costes; y tras un par de a\u00f1os  de estabilidad, no ha dejado de subir paulatinamente en lo que llevamos de 2024.  <\/p>\n\n\n\n<figure class=\"wp-block-image size-large is-resized\"><img loading=\"lazy\" decoding=\"async\" width=\"1024\" height=\"159\" src=\"https:\/\/www.asajacyl.com\/palencia\/wp-content\/uploads\/sites\/3\/2024\/07\/Precio-vaca-Salamanca-2015-2024-1024x159.png\" alt=\"\" class=\"wp-image-16982\" style=\"width:1068px;height:auto\" srcset=\"https:\/\/www.asajacyl.com\/palencia\/wp-content\/uploads\/sites\/3\/2024\/07\/Precio-vaca-Salamanca-2015-2024-1024x159.png 1024w, https:\/\/www.asajacyl.com\/palencia\/wp-content\/uploads\/sites\/3\/2024\/07\/Precio-vaca-Salamanca-2015-2024-300x47.png 300w, https:\/\/www.asajacyl.com\/palencia\/wp-content\/uploads\/sites\/3\/2024\/07\/Precio-vaca-Salamanca-2015-2024-768x119.png 768w, https:\/\/www.asajacyl.com\/palencia\/wp-content\/uploads\/sites\/3\/2024\/07\/Precio-vaca-Salamanca-2015-2024-1536x238.png 1536w, https:\/\/www.asajacyl.com\/palencia\/wp-content\/uploads\/sites\/3\/2024\/07\/Precio-vaca-Salamanca-2015-2024-2048x317.png 2048w, https:\/\/www.asajacyl.com\/palencia\/wp-content\/uploads\/sites\/3\/2024\/07\/Precio-vaca-Salamanca-2015-2024-696x108.png 696w, https:\/\/www.asajacyl.com\/palencia\/wp-content\/uploads\/sites\/3\/2024\/07\/Precio-vaca-Salamanca-2015-2024-1068x166.png 1068w, https:\/\/www.asajacyl.com\/palencia\/wp-content\/uploads\/sites\/3\/2024\/07\/Precio-vaca-Salamanca-2015-2024-1920x298.png 1920w\" sizes=\"(max-width: 1024px) 100vw, 1024px\" \/><\/figure>\n\n\n\n<p>Junto al tir\u00f3n de la demanda, hay circunstancias en el lado de la oferta que influyen, pero que no son de este momento, sino consecuencia de lo vivido en 2023, un a\u00f1o de sequ\u00eda \u2014que elev\u00f3 los costes de la alimentaci\u00f3n\u2014 y de Enfermedad Hemorr\u00e1gica Epizo\u00f3tica (EHE), una suma de factores que anim\u00f3 a muchos ganaderos a llevar al matadero una parte de sus vacas (recordemos que lleg\u00f3 a haber lista de espera  para el sacrificio de bovino de carne en ciertas temporadas del pasado ejercicio). As\u00ed pues, esa reducci\u00f3n de la caba\u00f1a nacional es otro factor que tira al alza del precio de la vaca para carne.<\/p>\n\n\n\n<p><strong>TERNERA Y A\u00d1OJO. <\/strong>La Lonja de Salamanca mantuvo esta semana los precios que se marcaron en la sesi\u00f3n anterior en todas las dem\u00e1s categor\u00edas de bovino de carne (bovino menor, ternera mayor, a\u00f1ojos, erales, toros y novillos), pese a que los ganaderos abogaron por una subida de tres c\u00e9ntimos de las hembras menores de 270 kilos, que la presidencia de la mesa no acept\u00f3.<\/p>\n\n\n\n<p>La canal de ternera extra de menor peso (hasta 270 kilos) repiti\u00f3, pues, en los 5,57 euros\/kilo, que son once c\u00e9ntimos m\u00e1s que hace un a\u00f1o por estas fechas (2 % de subida interanual), mientras los a\u00f1ojos de hasta 350 kilos siguen en los 5,45 euros\/kilo, el 4 % m\u00e1s que en la recta final de julio de 2023. M\u00e1s exigua es a\u00fan la ganancia interanual en las cotizaci\u00f3n de la terneras extra de m\u00e1s peso (+0,7 %), mientras los a\u00f1ojos extra m\u00e1s maduros s\u00ed presentan una revalorizaci\u00f3n anual significativa (+6,5  %).<strong>\/<\/strong> <\/p>\n\n\n\n<figure class=\"wp-block-image size-full is-resized\"><img loading=\"lazy\" decoding=\"async\" width=\"1024\" height=\"768\" src=\"https:\/\/www.asajacyl.com\/palencia\/wp-content\/uploads\/sites\/3\/2024\/07\/Tabla-precios-ganaderia-29julio2024.png\" alt=\"\" class=\"wp-image-16981\" style=\"width:1067px;height:auto\" srcset=\"https:\/\/www.asajacyl.com\/palencia\/wp-content\/uploads\/sites\/3\/2024\/07\/Tabla-precios-ganaderia-29julio2024.png 1024w, https:\/\/www.asajacyl.com\/palencia\/wp-content\/uploads\/sites\/3\/2024\/07\/Tabla-precios-ganaderia-29julio2024-300x225.png 300w, https:\/\/www.asajacyl.com\/palencia\/wp-content\/uploads\/sites\/3\/2024\/07\/Tabla-precios-ganaderia-29julio2024-768x576.png 768w, https:\/\/www.asajacyl.com\/palencia\/wp-content\/uploads\/sites\/3\/2024\/07\/Tabla-precios-ganaderia-29julio2024-560x420.png 560w, https:\/\/www.asajacyl.com\/palencia\/wp-content\/uploads\/sites\/3\/2024\/07\/Tabla-precios-ganaderia-29julio2024-80x60.png 80w, https:\/\/www.asajacyl.com\/palencia\/wp-content\/uploads\/sites\/3\/2024\/07\/Tabla-precios-ganaderia-29julio2024-696x522.png 696w\" sizes=\"(max-width: 1024px) 100vw, 1024px\" \/><\/figure>\n","protected":false},"excerpt":{"rendered":"<p>La fuerte demanda del mercado, frente a una oferta que se ha reducido, sigue tirando al alza de la cotizaci\u00f3n de la vaca de carne, \u00fanica categor\u00eda del bovino de esta mesa que elev\u00f3 este lunes, 29 de julio, su precio en la Lonja de Salamanca. Mientras las vacas siguen rompiendo sus m\u00e1ximos hist\u00f3ricos, las [&hellip;]<\/p>\n","protected":false},"author":9,"featured_media":1176,"comment_status":"open","ping_status":"open","sticky":false,"template":"","format":"standard","meta":{"footnotes":""},"categories":[9,29,36,28,13,1],"tags":[478,99,77,467,93,631,144,294],"yoast_head":"<!-- This site is optimized with the Yoast SEO plugin v24.5 - https:\/\/yoast.com\/wordpress\/plugins\/seo\/ -->\n<title>El desajuste de oferta y demanda sigue tirando del precio de las vacas para carne, en m\u00e1ximos hist\u00f3ricos - ASAJA Palencia<\/title>\n<meta name=\"description\" content=\"La fuerte demanda del mercado, frente a una oferta que se ha reducido, sigue tirando al alza de la cotizaci\u00f3n de la vaca de carne, \u00fanica categor\u00eda del\" \/>\n<meta name=\"robots\" content=\"index, follow, max-snippet:-1, max-image-preview:large, max-video-preview:-1\" \/>\n<link rel=\"canonical\" href=\"https:\/\/www.asajacyl.com\/palencia\/sin-categoria\/el-desajuste-de-oferta-y-demanda-sigue-tirando-del-precio-de-las-vacas-para-carne-en-maximos-historicos\" \/>\n<meta property=\"og:locale\" content=\"es_ES\" \/>\n<meta property=\"og:type\" content=\"article\" \/>\n<meta property=\"og:title\" content=\"El desajuste de oferta y demanda sigue tirando del precio de las vacas para carne, en m\u00e1ximos hist\u00f3ricos - ASAJA Palencia\" \/>\n<meta property=\"og:description\" content=\"La fuerte demanda del mercado, frente a una oferta que se ha reducido, sigue tirando al alza de la cotizaci\u00f3n de la vaca de carne, \u00fanica categor\u00eda del\" \/>\n<meta property=\"og:url\" content=\"https:\/\/www.asajacyl.com\/palencia\/sin-categoria\/el-desajuste-de-oferta-y-demanda-sigue-tirando-del-precio-de-las-vacas-para-carne-en-maximos-historicos\" \/>\n<meta property=\"og:site_name\" content=\"ASAJA Palencia\" \/>\n<meta property=\"article:published_time\" content=\"2024-07-29T12:06:50+00:00\" \/>\n<meta property=\"article:modified_time\" content=\"2024-07-29T12:06:53+00:00\" \/>\n<meta property=\"og:image\" content=\"https:\/\/www.asajacyl.com\/palencia\/wp-content\/uploads\/sites\/3\/2024\/07\/Canales-bovino-carne-1024x896.jpg\" \/>\n\t<meta property=\"og:image:width\" content=\"1024\" \/>\n\t<meta property=\"og:image:height\" content=\"896\" \/>\n\t<meta property=\"og:image:type\" content=\"image\/jpeg\" \/>\n<meta name=\"author\" content=\"Administrador\" \/>\n<meta name=\"twitter:card\" content=\"summary_large_image\" \/>\n<meta name=\"twitter:label1\" content=\"Escrito por\" \/>\n\t<meta name=\"twitter:data1\" content=\"Administrador\" \/>\n\t<meta name=\"twitter:label2\" content=\"Tiempo de lectura\" \/>\n\t<meta name=\"twitter:data2\" content=\"4 minutos\" \/>\n<script type=\"application\/ld+json\" class=\"yoast-schema-graph\">{\"@context\":\"https:\/\/schema.org\",\"@graph\":[{\"@type\":\"WebPage\",\"@id\":\"https:\/\/www.asajacyl.com\/palencia\/sin-categoria\/el-desajuste-de-oferta-y-demanda-sigue-tirando-del-precio-de-las-vacas-para-carne-en-maximos-historicos\",\"url\":\"https:\/\/www.asajacyl.com\/palencia\/sin-categoria\/el-desajuste-de-oferta-y-demanda-sigue-tirando-del-precio-de-las-vacas-para-carne-en-maximos-historicos\",\"name\":\"El desajuste de oferta y demanda sigue tirando del precio de las vacas para carne, en m\u00e1ximos hist\u00f3ricos - ASAJA Palencia\",\"isPartOf\":{\"@id\":\"https:\/\/www.asajacyl.com\/palencia\/#website\"},\"primaryImageOfPage\":{\"@id\":\"https:\/\/www.asajacyl.com\/palencia\/sin-categoria\/el-desajuste-de-oferta-y-demanda-sigue-tirando-del-precio-de-las-vacas-para-carne-en-maximos-historicos#primaryimage\"},\"image\":{\"@id\":\"https:\/\/www.asajacyl.com\/palencia\/sin-categoria\/el-desajuste-de-oferta-y-demanda-sigue-tirando-del-precio-de-las-vacas-para-carne-en-maximos-historicos#primaryimage\"},\"thumbnailUrl\":\"\",\"datePublished\":\"2024-07-29T12:06:50+00:00\",\"dateModified\":\"2024-07-29T12:06:53+00:00\",\"author\":{\"@id\":\"https:\/\/www.asajacyl.com\/palencia\/#\/schema\/person\/3ab17aeb03527485c317557fae64aab1\"},\"description\":\"La fuerte demanda del mercado, frente a una oferta que se ha reducido, sigue tirando al alza de la cotizaci\u00f3n de la vaca de carne, \u00fanica categor\u00eda del\",\"breadcrumb\":{\"@id\":\"https:\/\/www.asajacyl.com\/palencia\/sin-categoria\/el-desajuste-de-oferta-y-demanda-sigue-tirando-del-precio-de-las-vacas-para-carne-en-maximos-historicos#breadcrumb\"},\"inLanguage\":\"es\",\"potentialAction\":[{\"@type\":\"ReadAction\",\"target\":[\"https:\/\/www.asajacyl.com\/palencia\/sin-categoria\/el-desajuste-de-oferta-y-demanda-sigue-tirando-del-precio-de-las-vacas-para-carne-en-maximos-historicos\"]}]},{\"@type\":\"ImageObject\",\"inLanguage\":\"es\",\"@id\":\"https:\/\/www.asajacyl.com\/palencia\/sin-categoria\/el-desajuste-de-oferta-y-demanda-sigue-tirando-del-precio-de-las-vacas-para-carne-en-maximos-historicos#primaryimage\",\"url\":\"\",\"contentUrl\":\"\"},{\"@type\":\"BreadcrumbList\",\"@id\":\"https:\/\/www.asajacyl.com\/palencia\/sin-categoria\/el-desajuste-de-oferta-y-demanda-sigue-tirando-del-precio-de-las-vacas-para-carne-en-maximos-historicos#breadcrumb\",\"itemListElement\":[{\"@type\":\"ListItem\",\"position\":1,\"name\":\"Portada\",\"item\":\"https:\/\/www.asajacyl.com\/palencia\/\"},{\"@type\":\"ListItem\",\"position\":2,\"name\":\"El desajuste de oferta y demanda sigue tirando del precio de las vacas para carne, en m\u00e1ximos hist\u00f3ricos\"}]},{\"@type\":\"WebSite\",\"@id\":\"https:\/\/www.asajacyl.com\/palencia\/#website\",\"url\":\"https:\/\/www.asajacyl.com\/palencia\/\",\"name\":\"ASAJA Palencia\",\"description\":\"Otro sitio m\u00e1s de Provincias ASAJA Castilla y Le\u00f3n\",\"potentialAction\":[{\"@type\":\"SearchAction\",\"target\":{\"@type\":\"EntryPoint\",\"urlTemplate\":\"https:\/\/www.asajacyl.com\/palencia\/?s={search_term_string}\"},\"query-input\":{\"@type\":\"PropertyValueSpecification\",\"valueRequired\":true,\"valueName\":\"search_term_string\"}}],\"inLanguage\":\"es\"},{\"@type\":\"Person\",\"@id\":\"https:\/\/www.asajacyl.com\/palencia\/#\/schema\/person\/3ab17aeb03527485c317557fae64aab1\",\"name\":\"Administrador\",\"image\":{\"@type\":\"ImageObject\",\"inLanguage\":\"es\",\"@id\":\"https:\/\/www.asajacyl.com\/palencia\/#\/schema\/person\/image\/\",\"url\":\"https:\/\/secure.gravatar.com\/avatar\/517384810d242ca9e38c180f3c9fb973?s=96&d=mm&r=g\",\"contentUrl\":\"https:\/\/secure.gravatar.com\/avatar\/517384810d242ca9e38c180f3c9fb973?s=96&d=mm&r=g\",\"caption\":\"Administrador\"},\"url\":\"https:\/\/www.asajacyl.com\/palencia\/author\/carlosrm\"}]}<\/script>\n<!-- \/ Yoast SEO plugin. -->","yoast_head_json":{"title":"El desajuste de oferta y demanda sigue tirando del precio de las vacas para carne, en m\u00e1ximos hist\u00f3ricos - ASAJA Palencia","description":"La fuerte demanda del mercado, frente a una oferta que se ha reducido, sigue tirando al alza de la cotizaci\u00f3n de la vaca de carne, \u00fanica categor\u00eda del","robots":{"index":"index","follow":"follow","max-snippet":"max-snippet:-1","max-image-preview":"max-image-preview:large","max-video-preview":"max-video-preview:-1"},"canonical":"https:\/\/www.asajacyl.com\/palencia\/sin-categoria\/el-desajuste-de-oferta-y-demanda-sigue-tirando-del-precio-de-las-vacas-para-carne-en-maximos-historicos","og_locale":"es_ES","og_type":"article","og_title":"El desajuste de oferta y demanda sigue tirando del precio de las vacas para carne, en m\u00e1ximos hist\u00f3ricos - ASAJA Palencia","og_description":"La fuerte demanda del mercado, frente a una oferta que se ha reducido, sigue tirando al alza de la cotizaci\u00f3n de la vaca de carne, \u00fanica categor\u00eda del","og_url":"https:\/\/www.asajacyl.com\/palencia\/sin-categoria\/el-desajuste-de-oferta-y-demanda-sigue-tirando-del-precio-de-las-vacas-para-carne-en-maximos-historicos","og_site_name":"ASAJA Palencia","article_published_time":"2024-07-29T12:06:50+00:00","article_modified_time":"2024-07-29T12:06:53+00:00","og_image":[{"width":1024,"height":896,"url":"https:\/\/www.asajacyl.com\/palencia\/wp-content\/uploads\/sites\/3\/2024\/07\/Canales-bovino-carne-1024x896.jpg","type":"image\/jpeg"}],"author":"Administrador","twitter_card":"summary_large_image","twitter_misc":{"Escrito por":"Administrador","Tiempo de lectura":"4 minutos"},"schema":{"@context":"https:\/\/schema.org","@graph":[{"@type":"WebPage","@id":"https:\/\/www.asajacyl.com\/palencia\/sin-categoria\/el-desajuste-de-oferta-y-demanda-sigue-tirando-del-precio-de-las-vacas-para-carne-en-maximos-historicos","url":"https:\/\/www.asajacyl.com\/palencia\/sin-categoria\/el-desajuste-de-oferta-y-demanda-sigue-tirando-del-precio-de-las-vacas-para-carne-en-maximos-historicos","name":"El desajuste de oferta y demanda sigue tirando del precio de las vacas para carne, en m\u00e1ximos hist\u00f3ricos - ASAJA Palencia","isPartOf":{"@id":"https:\/\/www.asajacyl.com\/palencia\/#website"},"primaryImageOfPage":{"@id":"https:\/\/www.asajacyl.com\/palencia\/sin-categoria\/el-desajuste-de-oferta-y-demanda-sigue-tirando-del-precio-de-las-vacas-para-carne-en-maximos-historicos#primaryimage"},"image":{"@id":"https:\/\/www.asajacyl.com\/palencia\/sin-categoria\/el-desajuste-de-oferta-y-demanda-sigue-tirando-del-precio-de-las-vacas-para-carne-en-maximos-historicos#primaryimage"},"thumbnailUrl":"","datePublished":"2024-07-29T12:06:50+00:00","dateModified":"2024-07-29T12:06:53+00:00","author":{"@id":"https:\/\/www.asajacyl.com\/palencia\/#\/schema\/person\/3ab17aeb03527485c317557fae64aab1"},"description":"La fuerte demanda del mercado, frente a una oferta que se ha reducido, sigue tirando al alza de la cotizaci\u00f3n de la vaca de carne, \u00fanica categor\u00eda del","breadcrumb":{"@id":"https:\/\/www.asajacyl.com\/palencia\/sin-categoria\/el-desajuste-de-oferta-y-demanda-sigue-tirando-del-precio-de-las-vacas-para-carne-en-maximos-historicos#breadcrumb"},"inLanguage":"es","potentialAction":[{"@type":"ReadAction","target":["https:\/\/www.asajacyl.com\/palencia\/sin-categoria\/el-desajuste-de-oferta-y-demanda-sigue-tirando-del-precio-de-las-vacas-para-carne-en-maximos-historicos"]}]},{"@type":"ImageObject","inLanguage":"es","@id":"https:\/\/www.asajacyl.com\/palencia\/sin-categoria\/el-desajuste-de-oferta-y-demanda-sigue-tirando-del-precio-de-las-vacas-para-carne-en-maximos-historicos#primaryimage","url":"","contentUrl":""},{"@type":"BreadcrumbList","@id":"https:\/\/www.asajacyl.com\/palencia\/sin-categoria\/el-desajuste-de-oferta-y-demanda-sigue-tirando-del-precio-de-las-vacas-para-carne-en-maximos-historicos#breadcrumb","itemListElement":[{"@type":"ListItem","position":1,"name":"Portada","item":"https:\/\/www.asajacyl.com\/palencia\/"},{"@type":"ListItem","position":2,"name":"El desajuste de oferta y demanda sigue tirando del precio de las vacas para carne, en m\u00e1ximos hist\u00f3ricos"}]},{"@type":"WebSite","@id":"https:\/\/www.asajacyl.com\/palencia\/#website","url":"https:\/\/www.asajacyl.com\/palencia\/","name":"ASAJA Palencia","description":"Otro sitio m\u00e1s de Provincias ASAJA Castilla y Le\u00f3n","potentialAction":[{"@type":"SearchAction","target":{"@type":"EntryPoint","urlTemplate":"https:\/\/www.asajacyl.com\/palencia\/?s={search_term_string}"},"query-input":{"@type":"PropertyValueSpecification","valueRequired":true,"valueName":"search_term_string"}}],"inLanguage":"es"},{"@type":"Person","@id":"https:\/\/www.asajacyl.com\/palencia\/#\/schema\/person\/3ab17aeb03527485c317557fae64aab1","name":"Administrador","image":{"@type":"ImageObject","inLanguage":"es","@id":"https:\/\/www.asajacyl.com\/palencia\/#\/schema\/person\/image\/","url":"https:\/\/secure.gravatar.com\/avatar\/517384810d242ca9e38c180f3c9fb973?s=96&d=mm&r=g","contentUrl":"https:\/\/secure.gravatar.com\/avatar\/517384810d242ca9e38c180f3c9fb973?s=96&d=mm&r=g","caption":"Administrador"},"url":"https:\/\/www.asajacyl.com\/palencia\/author\/carlosrm"}]}},"_links":{"self":[{"href":"https:\/\/www.asajacyl.com\/palencia\/wp-json\/wp\/v2\/posts\/16980"}],"collection":[{"href":"https:\/\/www.asajacyl.com\/palencia\/wp-json\/wp\/v2\/posts"}],"about":[{"href":"https:\/\/www.asajacyl.com\/palencia\/wp-json\/wp\/v2\/types\/post"}],"author":[{"embeddable":true,"href":"https:\/\/www.asajacyl.com\/palencia\/wp-json\/wp\/v2\/users\/9"}],"replies":[{"embeddable":true,"href":"https:\/\/www.asajacyl.com\/palencia\/wp-json\/wp\/v2\/comments?post=16980"}],"version-history":[{"count":2,"href":"https:\/\/www.asajacyl.com\/palencia\/wp-json\/wp\/v2\/posts\/16980\/revisions"}],"predecessor-version":[{"id":16985,"href":"https:\/\/www.asajacyl.com\/palencia\/wp-json\/wp\/v2\/posts\/16980\/revisions\/16985"}],"wp:featuredmedia":[{"embeddable":true,"href":"https:\/\/www.asajacyl.com\/palencia\/wp-json\/"}],"wp:attachment":[{"href":"https:\/\/www.asajacyl.com\/palencia\/wp-json\/wp\/v2\/media?parent=16980"}],"wp:term":[{"taxonomy":"category","embeddable":true,"href":"https:\/\/www.asajacyl.com\/palencia\/wp-json\/wp\/v2\/categories?post=16980"},{"taxonomy":"post_tag","embeddable":true,"href":"https:\/\/www.asajacyl.com\/palencia\/wp-json\/wp\/v2\/tags?post=16980"}],"curies":[{"name":"wp","href":"https:\/\/api.w.org\/{rel}","templated":true}]}}