{"id":17036,"date":"2024-08-02T11:59:12","date_gmt":"2024-08-02T09:59:12","guid":{"rendered":"https:\/\/www.asajacyl.com\/palencia\/?p=17036"},"modified":"2024-08-02T11:59:15","modified_gmt":"2024-08-02T09:59:15","slug":"la-superficie-de-cultivos-forrajeros-e-industriales-en-palencia-ya-supera-esta-campana-a-la-del-trigo","status":"publish","type":"post","link":"https:\/\/www.asajacyl.com\/palencia\/asaja-palencia-informa\/la-superficie-de-cultivos-forrajeros-e-industriales-en-palencia-ya-supera-esta-campana-a-la-del-trigo","title":{"rendered":"La superficie de cultivos forrajeros e industriales en Palencia ya supera esta campa\u00f1a a la del trigo"},"content":{"rendered":"\n<h2 class=\"wp-block-heading\">La superficie sembrada este 2024 de cultivos forrajeros e industriales superar\u00e1 a la destinada a un cereal de tanta tradici\u00f3n hist\u00f3rica en la provincia de Palencia como el trigo, del que se est\u00e1n terminando de cosechar sus 120 700 hect\u00e1reas. Por su parte, los forrajes, que han experimentado un notable incremento con respecto a las tres pasadas campa\u00f1as, y los cultivos industriales, que consolidan un aumento de los \u00faltimos a\u00f1os, rondar\u00e1n en total las 123 200 hect\u00e1reas, con una fuerte apuesta por el girasol (casi 56 700 hect\u00e1reas).<\/h2>\n\n\n\n<p>La rotaci\u00f3n de cultivos que prima la PAC es una de las causas de que forrajes y cultivos industriales est\u00e9n recortando terreno a los <strong>CEREALES<\/strong>, pero tambi\u00e9n una diversificaci\u00f3n por la que se inclina el agricultor para no depositar todos los huevos de la delicada rentabilidad de sus explotaciones en la misma cesta. Dicho de otro modo, un repertorio variado reduce los riesgos de una mala campa\u00f1a generalizada, tanto en los posibles rendimientos que depare la tierra como en los precios de mercado para cada producci\u00f3n.<\/p>\n\n\n\n<p>Con esas 120 700 hect\u00e1reas, la provincia de Palencia destina esta campa\u00f1a a <strong>trigo <\/strong>la menor superficie desde 2013, con la excepci\u00f3n del a\u00f1o 2020 (unas 116 000 ha), como se puede ver en el primero de los gr\u00e1ficos de esta informaci\u00f3n. En Castilla y Le\u00f3n, otras dos provincias han sembrado m\u00e1s trigo para la actual cosecha: Burgos (casi 184 500 ha) y Valladolid, con una superficie similar a la palentina (cerca de las 121 900 ha); para un total regional que se aproxima a las 780 700 hect\u00e1reas. <\/p>\n\n\n\n<figure class=\"wp-block-image size-large is-resized\"><img loading=\"lazy\" decoding=\"async\" width=\"1024\" height=\"492\" src=\"https:\/\/www.asajacyl.com\/palencia\/wp-content\/uploads\/sites\/3\/2024\/08\/Trigo-2010-2023-Esyrce-copia-1024x492.png\" alt=\"\" class=\"wp-image-17037\" style=\"width:1065px;height:auto\" srcset=\"https:\/\/www.asajacyl.com\/palencia\/wp-content\/uploads\/sites\/3\/2024\/08\/Trigo-2010-2023-Esyrce-copia-1024x492.png 1024w, https:\/\/www.asajacyl.com\/palencia\/wp-content\/uploads\/sites\/3\/2024\/08\/Trigo-2010-2023-Esyrce-copia-300x144.png 300w, https:\/\/www.asajacyl.com\/palencia\/wp-content\/uploads\/sites\/3\/2024\/08\/Trigo-2010-2023-Esyrce-copia-768x369.png 768w, https:\/\/www.asajacyl.com\/palencia\/wp-content\/uploads\/sites\/3\/2024\/08\/Trigo-2010-2023-Esyrce-copia-1536x739.png 1536w, https:\/\/www.asajacyl.com\/palencia\/wp-content\/uploads\/sites\/3\/2024\/08\/Trigo-2010-2023-Esyrce-copia-2048x985.png 2048w, https:\/\/www.asajacyl.com\/palencia\/wp-content\/uploads\/sites\/3\/2024\/08\/Trigo-2010-2023-Esyrce-copia-873x420.png 873w, https:\/\/www.asajacyl.com\/palencia\/wp-content\/uploads\/sites\/3\/2024\/08\/Trigo-2010-2023-Esyrce-copia-696x335.png 696w, https:\/\/www.asajacyl.com\/palencia\/wp-content\/uploads\/sites\/3\/2024\/08\/Trigo-2010-2023-Esyrce-copia-1068x514.png 1068w, https:\/\/www.asajacyl.com\/palencia\/wp-content\/uploads\/sites\/3\/2024\/08\/Trigo-2010-2023-Esyrce-copia-1920x923.png 1920w\" sizes=\"(max-width: 1024px) 100vw, 1024px\" \/><\/figure>\n\n\n\n<p>As\u00ed y todo, el trigo contin\u00faa siendo el cultivo con m\u00e1s territorio en la provincia y desde 2010 no ha bajado, campa\u00f1a tras campa\u00f1a, del list\u00f3n de las 100 000 hect\u00e1reas, un umbral que parece haber perdido ya este a\u00f1o la <strong>cebada<\/strong>, que acumula desde ese a\u00f1o una tendencia bajista evidente, seg\u00fan se aprecia en el segundo de los gr\u00e1ficos. Las cerca de 150 000 hect\u00e1reas que se dedicaban a cebada en 2010 se han ido quedando aproximadamente en dos terceras partes, segun se desprende de la Encuesta de Superficies y Rendimientos de Cultivos (ESYRCE), que publica anualmente el Ministerio de Agricultura, Pesca y Alimentaci\u00f3n.<\/p>\n\n\n\n<p>As\u00ed pues, en el \u00abgranero de Espa\u00f1a\u00bb que menciona el <em>Himno a Palencia<\/em> se sit\u00faa ya a una notable distancia (22 000 hect\u00e1reas) el otro cereal cl\u00e1sico de nuestra tierra, la cebada, con poco m\u00e1s de 98 000 hect\u00e1reas, datos todos con arreglo al avance de superficies de la Junta de Castilla y Le\u00f3n. <\/p>\n\n\n\n<p>La provincia se ve tambi\u00e9n aqu\u00ed superada esta campa\u00f1a, y de manera significativa, en la superficie de cebada por los mismos dos territorios regionales colindantes con Palencia, pero en orden inverso: Valladolid, con 146 400 ha; y Burgos, con algo m\u00e1s de 132 000 hect\u00e1reas. Entre las nueve provincias, la comunidad destina al segundo cereal en importancia m\u00e1s de 638 300 hect\u00e1reas. <\/p>\n\n\n\n<figure class=\"wp-block-image size-large is-resized\"><img loading=\"lazy\" decoding=\"async\" width=\"1024\" height=\"515\" src=\"https:\/\/www.asajacyl.com\/palencia\/wp-content\/uploads\/sites\/3\/2024\/08\/Cebada-2010-2023-Esyrce-1024x515.png\" alt=\"\" class=\"wp-image-17040\" style=\"width:1066px;height:auto\" srcset=\"https:\/\/www.asajacyl.com\/palencia\/wp-content\/uploads\/sites\/3\/2024\/08\/Cebada-2010-2023-Esyrce-1024x515.png 1024w, https:\/\/www.asajacyl.com\/palencia\/wp-content\/uploads\/sites\/3\/2024\/08\/Cebada-2010-2023-Esyrce-300x151.png 300w, https:\/\/www.asajacyl.com\/palencia\/wp-content\/uploads\/sites\/3\/2024\/08\/Cebada-2010-2023-Esyrce-768x386.png 768w, https:\/\/www.asajacyl.com\/palencia\/wp-content\/uploads\/sites\/3\/2024\/08\/Cebada-2010-2023-Esyrce-1536x772.png 1536w, https:\/\/www.asajacyl.com\/palencia\/wp-content\/uploads\/sites\/3\/2024\/08\/Cebada-2010-2023-Esyrce-2048x1030.png 2048w, https:\/\/www.asajacyl.com\/palencia\/wp-content\/uploads\/sites\/3\/2024\/08\/Cebada-2010-2023-Esyrce-835x420.png 835w, https:\/\/www.asajacyl.com\/palencia\/wp-content\/uploads\/sites\/3\/2024\/08\/Cebada-2010-2023-Esyrce-696x350.png 696w, https:\/\/www.asajacyl.com\/palencia\/wp-content\/uploads\/sites\/3\/2024\/08\/Cebada-2010-2023-Esyrce-1068x537.png 1068w, https:\/\/www.asajacyl.com\/palencia\/wp-content\/uploads\/sites\/3\/2024\/08\/Cebada-2010-2023-Esyrce-1920x965.png 1920w\" sizes=\"(max-width: 1024px) 100vw, 1024px\" \/><\/figure>\n\n\n\n<blockquote class=\"wp-block-quote is-layout-flow wp-block-quote-is-layout-flow\">\n<p>solamente el trigo y la cebada van a ocupar esta campa\u00f1a en la provincia de palencia m\u00e1s superficie que el girasol, la alfalfa o la veza para forraje<\/p>\n<\/blockquote>\n\n\n\n<p>La Consejer\u00eda de Agricultura, Ganader\u00eda y Desarrollo Rural estima que la provincia de Palencia cifras ya m\u00e1s reducidas para otros cereales, cuyas superficies se sit\u00faan ya por debajo de las destinadas en nuestro territorio al girasol, la alfalfa y la veza para forraje. De <strong>avena <\/strong>se han cultivado esta campa\u00f1a m\u00e1s de 21 900 hect\u00e1reas, la mayor superficie entre las provincias de Castilla y Le\u00f3n; por delante de Burgos (unas 16 400 ha) y Zamora (14 100 ha), para un total regional de 98 000 hect\u00e1reas. <\/p>\n\n\n\n<p>M\u00e1s reducida a\u00fan es la superficie en Palencia para el <strong>centeno<\/strong>, con casi 14 600 hect\u00e1reas, si bien sigue siendo la m\u00e1s alta entre las provincias de Castilla y Le\u00f3n (unas 70 600 ha), por delante de Soria (casi 11 500 ha). El <strong>triticale <\/strong>y el <strong>ma\u00edz para grano<\/strong> apenas suponen en la provicia de Palencia esta campa\u00f1a 4300 y 2600 hect\u00e1reas, respectivamente. <\/p>\n\n\n\n<p>En este segundo caso, el envidiable impulso al regad\u00edo que ha registrado la provincia de Le\u00f3n, gracias a la atenci\u00f3n al almacenamiento y la regulaci\u00f3n que viene reclamando ASAJA-Palencia tambi\u00e9n para nuestro territorio, se traduce en que esta provincia vaya a superar esta campa\u00f1a las 68 400 hect\u00e1reas de ma\u00edz para grano, pr\u00e1cticamente dos tercios (66,4 %) de la superficie de este cereal en el conjunto de la comunidad (103 000 ha).<\/p>\n\n\n\n<p>Por su parte, los <strong>CULTIVOS INDUSTRIALES<\/strong> en la provincia de Palencia vienen manteniendo una tendencia alcista pr\u00e1cticamente desde hace una d\u00e9cada. En total, superar\u00e1n este a\u00f1o las 64 800 hect\u00e1reas, seg\u00fan las estimaciones de la Junta, con unos niveles similares a las superficie total de la anterior campa\u00f1a, como se aprecia en la gr\u00e1fica adjunta, que incorpora los datos de la ESYRCE.<\/p>\n\n\n\n<figure class=\"wp-block-image size-large is-resized\"><img loading=\"lazy\" decoding=\"async\" width=\"1024\" height=\"488\" src=\"https:\/\/www.asajacyl.com\/palencia\/wp-content\/uploads\/sites\/3\/2024\/08\/Industriales-2010-2023-Esyrce-1024x488.png\" alt=\"\" class=\"wp-image-17038\" style=\"width:1068px;height:auto\" srcset=\"https:\/\/www.asajacyl.com\/palencia\/wp-content\/uploads\/sites\/3\/2024\/08\/Industriales-2010-2023-Esyrce-1024x488.png 1024w, https:\/\/www.asajacyl.com\/palencia\/wp-content\/uploads\/sites\/3\/2024\/08\/Industriales-2010-2023-Esyrce-300x143.png 300w, https:\/\/www.asajacyl.com\/palencia\/wp-content\/uploads\/sites\/3\/2024\/08\/Industriales-2010-2023-Esyrce-768x366.png 768w, https:\/\/www.asajacyl.com\/palencia\/wp-content\/uploads\/sites\/3\/2024\/08\/Industriales-2010-2023-Esyrce-1536x732.png 1536w, https:\/\/www.asajacyl.com\/palencia\/wp-content\/uploads\/sites\/3\/2024\/08\/Industriales-2010-2023-Esyrce-2048x976.png 2048w, https:\/\/www.asajacyl.com\/palencia\/wp-content\/uploads\/sites\/3\/2024\/08\/Industriales-2010-2023-Esyrce-881x420.png 881w, https:\/\/www.asajacyl.com\/palencia\/wp-content\/uploads\/sites\/3\/2024\/08\/Industriales-2010-2023-Esyrce-696x332.png 696w, https:\/\/www.asajacyl.com\/palencia\/wp-content\/uploads\/sites\/3\/2024\/08\/Industriales-2010-2023-Esyrce-1068x509.png 1068w, https:\/\/www.asajacyl.com\/palencia\/wp-content\/uploads\/sites\/3\/2024\/08\/Industriales-2010-2023-Esyrce-1920x915.png 1920w\" sizes=\"(max-width: 1024px) 100vw, 1024px\" \/><\/figure>\n\n\n\n<p>El <strong>girasol<\/strong>, con casi 56 700 hect\u00e1reas, es la principal apuesta de los agricultores palentinos en este segmento de cultivos. S\u00f3lo la provincia de Burgos (m\u00e1s de 79 100 ha) superar\u00e1 este a\u00f1o entre los territorios de Castilla y Le\u00f3n, donde esta oleaginosa rondar\u00e1 las 365 000 hect\u00e1reas en total. <\/p>\n\n\n\n<p>Otra oleaginosa, la <strong>colza<\/strong>, alcanzar\u00e1 las 5600 hect\u00e1reas en Palencia, algo m\u00e1s de la mitad de la superficie de las dos provincias que lideran este cultivo en la comunidad: Zamora (10 700 ha) y Valladolid (10 000 ha).   <\/p>\n\n\n\n<p>Por su parte, la <strong>remolacha azucarera<\/strong> sigue recuperando territorio en la provincia de Palencia, animada por el buen precio, y esta campa\u00f1a ronda las 2500 hect\u00e1reas, la cuarta parte de una provincia con regad\u00edo abundante como Le\u00f3n (10 500 ha) y pr\u00e1cticamente un tercio de otra con esa misma ventaja, Valladolid (7300 ha). La superficie de remolacha azucarera en Castilla y Le\u00f3n se aproxima este a\u00f1o a las 32 000 hect\u00e1reas. Habr\u00eda que remontarse al a\u00f1o 2011 para encontrar una superficie regional total m\u00e1s alta de este cultivo, seg\u00fan la ESYRCE, con casi 36 400 hect\u00e1reas.<\/p>\n\n\n\n<p>Finalmente, las <strong>FORRAJERAS <\/strong>vuelven a adquirir protagonismo en la provincia de Palencia, con unas 58 400 pujantes hect\u00e1reas, la cifra m\u00e1s elevada en superficie para estos cultivos de los \u00faltimos a\u00f1os, como se percibe en la \u00faltima gr\u00e1fica de esta informaci\u00f3n. As\u00ed, desde 2010 (inicio de la serie de la ESYRCE), en nuestro territorio s\u00f3lo han tenido m\u00e1s superficie los cultivos forrajeros en otras cinco campa\u00f1as, y hace ya cierto tiempo (2010, 2012, 2013, 2015 y 2016, seg\u00fan la citada encuesta ministerial).<\/p>\n\n\n\n<p>Dejando aparte las 4200 hect\u00e1reas que, en n\u00fameros redondos, se emplear\u00e1n para<strong> ma\u00edz forrajero<\/strong> (en muchos casos, plantadas por los propios ganaderos con el fin de asegurarse una parte inicial de la alimentaci\u00f3n animal), destaca la superficie en <strong>alfalfa<\/strong>, con m\u00e1s de 28 500 hect\u00e1reas, la m\u00e1s alta entre las provincias de Castilla y Le\u00f3n, con Valladolid a cierta distancia (21 800), para un total regional que ronda las 86 000 hect\u00e1reas. Es decir, nuestra provincia representa en t\u00e9rminos de superficie un tercio del conjunto de la alfalfa de la comunidad.<\/p>\n\n\n\n<p>Aun cuando se reduce casi en una cuarta parte su extensi\u00f3n con respecto a la campa\u00f1a anterior, la <strong>veza para forraje <\/strong>supera en Palencia las 25 700 hect\u00e1reas, tambi\u00e9n la superficie mayor entre las provincias castellanoleonesas, por delante de Burgos (16 800 ha), para un total regional de 106 500 hect\u00e1reas. En este primer cultivo forrajero en nuestra comunidad, as\u00ed pues, nuestra provincia aporta este a\u00f1o pr\u00e1cticamente la cuarta parte (24 %) de la superficie de Castilla y Le\u00f3n. <\/p>\n\n\n\n<figure class=\"wp-block-image size-large\"><img loading=\"lazy\" decoding=\"async\" width=\"1024\" height=\"488\" src=\"https:\/\/www.asajacyl.com\/palencia\/wp-content\/uploads\/sites\/3\/2024\/08\/Forrajeras-2010-2023-Esyrce-1024x488.png\" alt=\"\" class=\"wp-image-17039\" srcset=\"https:\/\/www.asajacyl.com\/palencia\/wp-content\/uploads\/sites\/3\/2024\/08\/Forrajeras-2010-2023-Esyrce-1024x488.png 1024w, https:\/\/www.asajacyl.com\/palencia\/wp-content\/uploads\/sites\/3\/2024\/08\/Forrajeras-2010-2023-Esyrce-300x143.png 300w, https:\/\/www.asajacyl.com\/palencia\/wp-content\/uploads\/sites\/3\/2024\/08\/Forrajeras-2010-2023-Esyrce-768x366.png 768w, https:\/\/www.asajacyl.com\/palencia\/wp-content\/uploads\/sites\/3\/2024\/08\/Forrajeras-2010-2023-Esyrce-1536x731.png 1536w, https:\/\/www.asajacyl.com\/palencia\/wp-content\/uploads\/sites\/3\/2024\/08\/Forrajeras-2010-2023-Esyrce-2048x975.png 2048w, https:\/\/www.asajacyl.com\/palencia\/wp-content\/uploads\/sites\/3\/2024\/08\/Forrajeras-2010-2023-Esyrce-882x420.png 882w, https:\/\/www.asajacyl.com\/palencia\/wp-content\/uploads\/sites\/3\/2024\/08\/Forrajeras-2010-2023-Esyrce-696x331.png 696w, https:\/\/www.asajacyl.com\/palencia\/wp-content\/uploads\/sites\/3\/2024\/08\/Forrajeras-2010-2023-Esyrce-1068x509.png 1068w, https:\/\/www.asajacyl.com\/palencia\/wp-content\/uploads\/sites\/3\/2024\/08\/Forrajeras-2010-2023-Esyrce-1920x914.png 1920w\" sizes=\"(max-width: 1024px) 100vw, 1024px\" \/><\/figure>\n","protected":false},"excerpt":{"rendered":"<p>La superficie sembrada este 2024 de cultivos forrajeros e industriales superar\u00e1 a la destinada a un cereal de tanta tradici\u00f3n hist\u00f3rica en la provincia de Palencia como el trigo, del que se est\u00e1n terminando de cosechar sus 120 700 hect\u00e1reas. Por su parte, los forrajes, que han experimentado un notable incremento con respecto a las [&hellip;]<\/p>\n","protected":false},"author":9,"featured_media":17042,"comment_status":"open","ping_status":"open","sticky":false,"template":"","format":"standard","meta":{"footnotes":""},"categories":[9,28],"tags":[58,46,142,351,1019,619,77,66,219,1017,110,54,578,220,341,292,1018],"yoast_head":"<!-- This site is optimized with the Yoast SEO plugin v24.5 - https:\/\/yoast.com\/wordpress\/plugins\/seo\/ -->\n<title>La superficie de cultivos forrajeros e industriales en Palencia ya supera esta campa\u00f1a a la del trigo - ASAJA Palencia<\/title>\n<meta name=\"description\" content=\"La superficie sembrada este 2024 de cultivos forrajeros e industriales superar\u00e1 a la destinada a un cereal de tanta tradici\u00f3n hist\u00f3rica en la provincia de\" \/>\n<meta name=\"robots\" content=\"index, follow, max-snippet:-1, max-image-preview:large, max-video-preview:-1\" \/>\n<link rel=\"canonical\" href=\"https:\/\/www.asajacyl.com\/palencia\/asaja-palencia-informa\/la-superficie-de-cultivos-forrajeros-e-industriales-en-palencia-ya-supera-esta-campana-a-la-del-trigo\" \/>\n<meta property=\"og:locale\" content=\"es_ES\" \/>\n<meta property=\"og:type\" content=\"article\" \/>\n<meta property=\"og:title\" content=\"La superficie de cultivos forrajeros e industriales en Palencia ya supera esta campa\u00f1a a la del trigo - ASAJA Palencia\" \/>\n<meta property=\"og:description\" content=\"La superficie sembrada este 2024 de cultivos forrajeros e industriales superar\u00e1 a la destinada a un cereal de tanta tradici\u00f3n hist\u00f3rica en la provincia de\" \/>\n<meta property=\"og:url\" content=\"https:\/\/www.asajacyl.com\/palencia\/asaja-palencia-informa\/la-superficie-de-cultivos-forrajeros-e-industriales-en-palencia-ya-supera-esta-campana-a-la-del-trigo\" \/>\n<meta property=\"og:site_name\" content=\"ASAJA Palencia\" \/>\n<meta property=\"article:published_time\" content=\"2024-08-02T09:59:12+00:00\" \/>\n<meta property=\"article:modified_time\" content=\"2024-08-02T09:59:15+00:00\" \/>\n<meta property=\"og:image\" content=\"https:\/\/www.asajacyl.com\/palencia\/wp-content\/uploads\/sites\/3\/2024\/08\/Girasol-julio2024.jpg\" \/>\n\t<meta property=\"og:image:width\" content=\"2500\" \/>\n\t<meta property=\"og:image:height\" content=\"1837\" \/>\n\t<meta property=\"og:image:type\" content=\"image\/jpeg\" \/>\n<meta name=\"author\" content=\"Administrador\" \/>\n<meta name=\"twitter:card\" content=\"summary_large_image\" \/>\n<meta name=\"twitter:label1\" content=\"Escrito por\" \/>\n\t<meta name=\"twitter:data1\" content=\"Administrador\" \/>\n\t<meta name=\"twitter:label2\" content=\"Tiempo de lectura\" \/>\n\t<meta name=\"twitter:data2\" content=\"7 minutos\" \/>\n<script type=\"application\/ld+json\" class=\"yoast-schema-graph\">{\"@context\":\"https:\/\/schema.org\",\"@graph\":[{\"@type\":\"WebPage\",\"@id\":\"https:\/\/www.asajacyl.com\/palencia\/asaja-palencia-informa\/la-superficie-de-cultivos-forrajeros-e-industriales-en-palencia-ya-supera-esta-campana-a-la-del-trigo\",\"url\":\"https:\/\/www.asajacyl.com\/palencia\/asaja-palencia-informa\/la-superficie-de-cultivos-forrajeros-e-industriales-en-palencia-ya-supera-esta-campana-a-la-del-trigo\",\"name\":\"La superficie de cultivos forrajeros e industriales en Palencia ya supera esta campa\u00f1a a la del trigo - ASAJA Palencia\",\"isPartOf\":{\"@id\":\"https:\/\/www.asajacyl.com\/palencia\/#website\"},\"primaryImageOfPage\":{\"@id\":\"https:\/\/www.asajacyl.com\/palencia\/asaja-palencia-informa\/la-superficie-de-cultivos-forrajeros-e-industriales-en-palencia-ya-supera-esta-campana-a-la-del-trigo#primaryimage\"},\"image\":{\"@id\":\"https:\/\/www.asajacyl.com\/palencia\/asaja-palencia-informa\/la-superficie-de-cultivos-forrajeros-e-industriales-en-palencia-ya-supera-esta-campana-a-la-del-trigo#primaryimage\"},\"thumbnailUrl\":\"https:\/\/www.asajacyl.com\/palencia\/wp-content\/uploads\/sites\/3\/2024\/08\/Girasol-julio2024.jpg\",\"datePublished\":\"2024-08-02T09:59:12+00:00\",\"dateModified\":\"2024-08-02T09:59:15+00:00\",\"author\":{\"@id\":\"https:\/\/www.asajacyl.com\/palencia\/#\/schema\/person\/3ab17aeb03527485c317557fae64aab1\"},\"description\":\"La superficie sembrada este 2024 de cultivos forrajeros e industriales superar\u00e1 a la destinada a un cereal de tanta tradici\u00f3n hist\u00f3rica en la provincia de\",\"breadcrumb\":{\"@id\":\"https:\/\/www.asajacyl.com\/palencia\/asaja-palencia-informa\/la-superficie-de-cultivos-forrajeros-e-industriales-en-palencia-ya-supera-esta-campana-a-la-del-trigo#breadcrumb\"},\"inLanguage\":\"es\",\"potentialAction\":[{\"@type\":\"ReadAction\",\"target\":[\"https:\/\/www.asajacyl.com\/palencia\/asaja-palencia-informa\/la-superficie-de-cultivos-forrajeros-e-industriales-en-palencia-ya-supera-esta-campana-a-la-del-trigo\"]}]},{\"@type\":\"ImageObject\",\"inLanguage\":\"es\",\"@id\":\"https:\/\/www.asajacyl.com\/palencia\/asaja-palencia-informa\/la-superficie-de-cultivos-forrajeros-e-industriales-en-palencia-ya-supera-esta-campana-a-la-del-trigo#primaryimage\",\"url\":\"https:\/\/www.asajacyl.com\/palencia\/wp-content\/uploads\/sites\/3\/2024\/08\/Girasol-julio2024.jpg\",\"contentUrl\":\"https:\/\/www.asajacyl.com\/palencia\/wp-content\/uploads\/sites\/3\/2024\/08\/Girasol-julio2024.jpg\",\"width\":2500,\"height\":1837},{\"@type\":\"BreadcrumbList\",\"@id\":\"https:\/\/www.asajacyl.com\/palencia\/asaja-palencia-informa\/la-superficie-de-cultivos-forrajeros-e-industriales-en-palencia-ya-supera-esta-campana-a-la-del-trigo#breadcrumb\",\"itemListElement\":[{\"@type\":\"ListItem\",\"position\":1,\"name\":\"Portada\",\"item\":\"https:\/\/www.asajacyl.com\/palencia\/\"},{\"@type\":\"ListItem\",\"position\":2,\"name\":\"La superficie de cultivos forrajeros e industriales en Palencia ya supera esta campa\u00f1a a la del trigo\"}]},{\"@type\":\"WebSite\",\"@id\":\"https:\/\/www.asajacyl.com\/palencia\/#website\",\"url\":\"https:\/\/www.asajacyl.com\/palencia\/\",\"name\":\"ASAJA Palencia\",\"description\":\"Otro sitio m\u00e1s de Provincias ASAJA Castilla y Le\u00f3n\",\"potentialAction\":[{\"@type\":\"SearchAction\",\"target\":{\"@type\":\"EntryPoint\",\"urlTemplate\":\"https:\/\/www.asajacyl.com\/palencia\/?s={search_term_string}\"},\"query-input\":{\"@type\":\"PropertyValueSpecification\",\"valueRequired\":true,\"valueName\":\"search_term_string\"}}],\"inLanguage\":\"es\"},{\"@type\":\"Person\",\"@id\":\"https:\/\/www.asajacyl.com\/palencia\/#\/schema\/person\/3ab17aeb03527485c317557fae64aab1\",\"name\":\"Administrador\",\"image\":{\"@type\":\"ImageObject\",\"inLanguage\":\"es\",\"@id\":\"https:\/\/www.asajacyl.com\/palencia\/#\/schema\/person\/image\/\",\"url\":\"https:\/\/secure.gravatar.com\/avatar\/517384810d242ca9e38c180f3c9fb973?s=96&d=mm&r=g\",\"contentUrl\":\"https:\/\/secure.gravatar.com\/avatar\/517384810d242ca9e38c180f3c9fb973?s=96&d=mm&r=g\",\"caption\":\"Administrador\"},\"url\":\"https:\/\/www.asajacyl.com\/palencia\/author\/carlosrm\"}]}<\/script>\n<!-- \/ Yoast SEO plugin. -->","yoast_head_json":{"title":"La superficie de cultivos forrajeros e industriales en Palencia ya supera esta campa\u00f1a a la del trigo - ASAJA Palencia","description":"La superficie sembrada este 2024 de cultivos forrajeros e industriales superar\u00e1 a la destinada a un cereal de tanta tradici\u00f3n hist\u00f3rica en la provincia de","robots":{"index":"index","follow":"follow","max-snippet":"max-snippet:-1","max-image-preview":"max-image-preview:large","max-video-preview":"max-video-preview:-1"},"canonical":"https:\/\/www.asajacyl.com\/palencia\/asaja-palencia-informa\/la-superficie-de-cultivos-forrajeros-e-industriales-en-palencia-ya-supera-esta-campana-a-la-del-trigo","og_locale":"es_ES","og_type":"article","og_title":"La superficie de cultivos forrajeros e industriales en Palencia ya supera esta campa\u00f1a a la del trigo - ASAJA Palencia","og_description":"La superficie sembrada este 2024 de cultivos forrajeros e industriales superar\u00e1 a la destinada a un cereal de tanta tradici\u00f3n hist\u00f3rica en la provincia de","og_url":"https:\/\/www.asajacyl.com\/palencia\/asaja-palencia-informa\/la-superficie-de-cultivos-forrajeros-e-industriales-en-palencia-ya-supera-esta-campana-a-la-del-trigo","og_site_name":"ASAJA Palencia","article_published_time":"2024-08-02T09:59:12+00:00","article_modified_time":"2024-08-02T09:59:15+00:00","og_image":[{"width":2500,"height":1837,"url":"https:\/\/www.asajacyl.com\/palencia\/wp-content\/uploads\/sites\/3\/2024\/08\/Girasol-julio2024.jpg","type":"image\/jpeg"}],"author":"Administrador","twitter_card":"summary_large_image","twitter_misc":{"Escrito por":"Administrador","Tiempo de lectura":"7 minutos"},"schema":{"@context":"https:\/\/schema.org","@graph":[{"@type":"WebPage","@id":"https:\/\/www.asajacyl.com\/palencia\/asaja-palencia-informa\/la-superficie-de-cultivos-forrajeros-e-industriales-en-palencia-ya-supera-esta-campana-a-la-del-trigo","url":"https:\/\/www.asajacyl.com\/palencia\/asaja-palencia-informa\/la-superficie-de-cultivos-forrajeros-e-industriales-en-palencia-ya-supera-esta-campana-a-la-del-trigo","name":"La superficie de cultivos forrajeros e industriales en Palencia ya supera esta campa\u00f1a a la del trigo - ASAJA Palencia","isPartOf":{"@id":"https:\/\/www.asajacyl.com\/palencia\/#website"},"primaryImageOfPage":{"@id":"https:\/\/www.asajacyl.com\/palencia\/asaja-palencia-informa\/la-superficie-de-cultivos-forrajeros-e-industriales-en-palencia-ya-supera-esta-campana-a-la-del-trigo#primaryimage"},"image":{"@id":"https:\/\/www.asajacyl.com\/palencia\/asaja-palencia-informa\/la-superficie-de-cultivos-forrajeros-e-industriales-en-palencia-ya-supera-esta-campana-a-la-del-trigo#primaryimage"},"thumbnailUrl":"https:\/\/www.asajacyl.com\/palencia\/wp-content\/uploads\/sites\/3\/2024\/08\/Girasol-julio2024.jpg","datePublished":"2024-08-02T09:59:12+00:00","dateModified":"2024-08-02T09:59:15+00:00","author":{"@id":"https:\/\/www.asajacyl.com\/palencia\/#\/schema\/person\/3ab17aeb03527485c317557fae64aab1"},"description":"La superficie sembrada este 2024 de cultivos forrajeros e industriales superar\u00e1 a la destinada a un cereal de tanta tradici\u00f3n hist\u00f3rica en la provincia de","breadcrumb":{"@id":"https:\/\/www.asajacyl.com\/palencia\/asaja-palencia-informa\/la-superficie-de-cultivos-forrajeros-e-industriales-en-palencia-ya-supera-esta-campana-a-la-del-trigo#breadcrumb"},"inLanguage":"es","potentialAction":[{"@type":"ReadAction","target":["https:\/\/www.asajacyl.com\/palencia\/asaja-palencia-informa\/la-superficie-de-cultivos-forrajeros-e-industriales-en-palencia-ya-supera-esta-campana-a-la-del-trigo"]}]},{"@type":"ImageObject","inLanguage":"es","@id":"https:\/\/www.asajacyl.com\/palencia\/asaja-palencia-informa\/la-superficie-de-cultivos-forrajeros-e-industriales-en-palencia-ya-supera-esta-campana-a-la-del-trigo#primaryimage","url":"https:\/\/www.asajacyl.com\/palencia\/wp-content\/uploads\/sites\/3\/2024\/08\/Girasol-julio2024.jpg","contentUrl":"https:\/\/www.asajacyl.com\/palencia\/wp-content\/uploads\/sites\/3\/2024\/08\/Girasol-julio2024.jpg","width":2500,"height":1837},{"@type":"BreadcrumbList","@id":"https:\/\/www.asajacyl.com\/palencia\/asaja-palencia-informa\/la-superficie-de-cultivos-forrajeros-e-industriales-en-palencia-ya-supera-esta-campana-a-la-del-trigo#breadcrumb","itemListElement":[{"@type":"ListItem","position":1,"name":"Portada","item":"https:\/\/www.asajacyl.com\/palencia\/"},{"@type":"ListItem","position":2,"name":"La superficie de cultivos forrajeros e industriales en Palencia ya supera esta campa\u00f1a a la del trigo"}]},{"@type":"WebSite","@id":"https:\/\/www.asajacyl.com\/palencia\/#website","url":"https:\/\/www.asajacyl.com\/palencia\/","name":"ASAJA Palencia","description":"Otro sitio m\u00e1s de Provincias ASAJA Castilla y Le\u00f3n","potentialAction":[{"@type":"SearchAction","target":{"@type":"EntryPoint","urlTemplate":"https:\/\/www.asajacyl.com\/palencia\/?s={search_term_string}"},"query-input":{"@type":"PropertyValueSpecification","valueRequired":true,"valueName":"search_term_string"}}],"inLanguage":"es"},{"@type":"Person","@id":"https:\/\/www.asajacyl.com\/palencia\/#\/schema\/person\/3ab17aeb03527485c317557fae64aab1","name":"Administrador","image":{"@type":"ImageObject","inLanguage":"es","@id":"https:\/\/www.asajacyl.com\/palencia\/#\/schema\/person\/image\/","url":"https:\/\/secure.gravatar.com\/avatar\/517384810d242ca9e38c180f3c9fb973?s=96&d=mm&r=g","contentUrl":"https:\/\/secure.gravatar.com\/avatar\/517384810d242ca9e38c180f3c9fb973?s=96&d=mm&r=g","caption":"Administrador"},"url":"https:\/\/www.asajacyl.com\/palencia\/author\/carlosrm"}]}},"_links":{"self":[{"href":"https:\/\/www.asajacyl.com\/palencia\/wp-json\/wp\/v2\/posts\/17036"}],"collection":[{"href":"https:\/\/www.asajacyl.com\/palencia\/wp-json\/wp\/v2\/posts"}],"about":[{"href":"https:\/\/www.asajacyl.com\/palencia\/wp-json\/wp\/v2\/types\/post"}],"author":[{"embeddable":true,"href":"https:\/\/www.asajacyl.com\/palencia\/wp-json\/wp\/v2\/users\/9"}],"replies":[{"embeddable":true,"href":"https:\/\/www.asajacyl.com\/palencia\/wp-json\/wp\/v2\/comments?post=17036"}],"version-history":[{"count":2,"href":"https:\/\/www.asajacyl.com\/palencia\/wp-json\/wp\/v2\/posts\/17036\/revisions"}],"predecessor-version":[{"id":17043,"href":"https:\/\/www.asajacyl.com\/palencia\/wp-json\/wp\/v2\/posts\/17036\/revisions\/17043"}],"wp:featuredmedia":[{"embeddable":true,"href":"https:\/\/www.asajacyl.com\/palencia\/wp-json\/wp\/v2\/media\/17042"}],"wp:attachment":[{"href":"https:\/\/www.asajacyl.com\/palencia\/wp-json\/wp\/v2\/media?parent=17036"}],"wp:term":[{"taxonomy":"category","embeddable":true,"href":"https:\/\/www.asajacyl.com\/palencia\/wp-json\/wp\/v2\/categories?post=17036"},{"taxonomy":"post_tag","embeddable":true,"href":"https:\/\/www.asajacyl.com\/palencia\/wp-json\/wp\/v2\/tags?post=17036"}],"curies":[{"name":"wp","href":"https:\/\/api.w.org\/{rel}","templated":true}]}}