{"id":17086,"date":"2024-08-14T14:27:51","date_gmt":"2024-08-14T12:27:51","guid":{"rendered":"https:\/\/www.asajacyl.com\/palencia\/?p=17086"},"modified":"2024-08-13T10:23:44","modified_gmt":"2024-08-13T08:23:44","slug":"un-mes-para-la-finalizacion-del-plazo-de-los-concursos-de-dibujos-y-fotos-para-ninos-y-jovenes","status":"publish","type":"post","link":"https:\/\/www.asajacyl.com\/palencia\/asaja-palencia-informa\/un-mes-para-la-finalizacion-del-plazo-de-los-concursos-de-dibujos-y-fotos-para-ninos-y-jovenes","title":{"rendered":"Un mes para la finalizaci\u00f3n del plazo de los  concursos de dibujos y fotos para ni\u00f1os y j\u00f3venes"},"content":{"rendered":"\n<h2 class=\"wp-block-heading\"><strong>Hasta el pr\u00f3ximo 13 de septiembre<\/strong>\u00a0est\u00e1 abierto el plazo de presentaci\u00f3n de trabajos para los dos concursos dirigidos a ni\u00f1os y j\u00f3venes que cada a\u00f1o organiza ASAJA de Castilla y Le\u00f3n. Con estos concursos, que cuentan con la colaboraci\u00f3n de la Fundaci\u00f3n De Castilla y Le\u00f3n, ASAJA quiere implicar a los m\u00e1s j\u00f3venes en la construcci\u00f3n del futuro de nuestros pueblos, para que valoren todo lo bueno que atesora el mundo rural.<\/h2>\n\n\n\n<figure class=\"wp-block-image size-large\"><img loading=\"lazy\" decoding=\"async\" width=\"918\" height=\"1024\" src=\"https:\/\/www.asajacyl.com\/palencia\/wp-content\/uploads\/sites\/3\/2024\/08\/image-1-2-918x1024.jpg\" alt=\"\" class=\"wp-image-17087\" srcset=\"https:\/\/www.asajacyl.com\/palencia\/wp-content\/uploads\/sites\/3\/2024\/08\/image-1-2-918x1024.jpg 918w, https:\/\/www.asajacyl.com\/palencia\/wp-content\/uploads\/sites\/3\/2024\/08\/image-1-2-269x300.jpg 269w, https:\/\/www.asajacyl.com\/palencia\/wp-content\/uploads\/sites\/3\/2024\/08\/image-1-2-768x857.jpg 768w, https:\/\/www.asajacyl.com\/palencia\/wp-content\/uploads\/sites\/3\/2024\/08\/image-1-2-376x420.jpg 376w, https:\/\/www.asajacyl.com\/palencia\/wp-content\/uploads\/sites\/3\/2024\/08\/image-1-2-696x777.jpg 696w, https:\/\/www.asajacyl.com\/palencia\/wp-content\/uploads\/sites\/3\/2024\/08\/image-1-2-1068x1192.jpg 1068w, https:\/\/www.asajacyl.com\/palencia\/wp-content\/uploads\/sites\/3\/2024\/08\/image-1-2.jpg 1080w\" sizes=\"(max-width: 918px) 100vw, 918px\" \/><\/figure>\n\n\n\n<p><a href=\"https:\/\/www.asajacyl.com\/wp-content\/uploads\/2024\/06\/Para-redes-2024-concurso.jpg\"><\/a>Como es habitual, el plazo de los concursos coincide con los meses de verano, cuando m\u00e1s juventud se re\u00fane en los pueblos, sumando a los ni\u00f1os y j\u00f3venes que tienen en el medio rural su residencia permanente otros muchos que pasan sus vacaciones con su familia en sus localidades de origen.<\/p>\n\n\n\n<p>Los<strong>&nbsp;dibujos y fotograf\u00edas pueden mostrar cualquier motivo agrario, ganadero o rural, en toda su amplitud, desde paisajes, gentes, fiestas\u2026 o cualquier otro aspecto de los pueblos que quieran reflejar los autores.<\/strong><\/p>\n\n\n\n<p>As\u00ed, se convoca el concurso de pintura \u201cAs\u00ed es mi pueblo\u201d&nbsp;<strong>para ni\u00f1os de hasta 12 a\u00f1os, que este a\u00f1o cumple su XXVI edici\u00f3n<\/strong>. Se admitir\u00e1 cualquier tipo de dibujo o trabajo art\u00edstico, siendo el soporte elegido papel o cart\u00f3n tama\u00f1o A4.<\/p>\n\n\n\n<p>Por otra parte,&nbsp;<strong>se convoca la XVI edici\u00f3n del concurso de fotograf\u00eda<\/strong>&nbsp;\u201cMi pueblo, mi gente\u201d&nbsp;<strong>para j\u00f3venes entre 13 y 17 a\u00f1os<\/strong>, que capturen con sus m\u00f3viles o c\u00e1maras fotograf\u00edas de sus pueblos.<\/p>\n\n\n\n<p>El plazo de presentaci\u00f3n de los trabajos finalizar\u00e1 el viernes 13 de septiembre. Los sobres con los dibujos deben ser enviados a ASAJA de Castilla y Le\u00f3n (Calle H\u00edpica, n\u00ba1, entreplanta. Valladolid 47007), y en el concurso de fotograf\u00eda tienen que hacerse llegar a trav\u00e9s del correo electr\u00f3nico (concursos@asajacyl.com). El fallo se dar\u00e1 a conocer a trav\u00e9s del peri\u00f3dico de la organizaci\u00f3n agraria, en el cual se reproducir\u00e1n los trabajos premiados. Adem\u00e1s, todos los que env\u00eden sus dibujos o ideas recibir\u00e1n un detalle en agradecimiento a su participaci\u00f3n.<\/p>\n\n\n\n<h3 class=\"wp-block-heading\"><strong>XXVI Concurso de Pintura Infantil \u201cAs\u00ed es mi pueblo\u201d<\/strong><\/h3>\n\n\n\n<ol>\n<li>Los trabajos mostrar\u00e1n el d\u00eda a d\u00eda de los campos y pueblos de Castilla y Le\u00f3n, ya sean motivos agrarios y ganadero o bien cualquier otro aspecto cotidiano de la vida rural.<\/li>\n\n\n\n<li>La t\u00e9cnica ser\u00e1 libre, admiti\u00e9ndose cualquier tipo de dibujo, pintura o t\u00e9cnicas como el collage u otras. El soporte elegido ser\u00e1 papel o cart\u00f3n con las medidas de un A4 (un folio normal).<\/li>\n\n\n\n<li>Se establecen tres categor\u00edas. La primera ser\u00e1 para ni\u00f1os y ni\u00f1as de hasta 5 a\u00f1os; la segunda de 6 a 9 a\u00f1os, y la tercera de 10 a 12 a\u00f1os de edad.<\/li>\n\n\n\n<li>El fallo del concurso se dar\u00e1 a conocer en el peri\u00f3dico Campo Regional, en el que se reproducir\u00e1n los mejores trabajos.<\/li>\n\n\n\n<li>Premios:<\/li>\n<\/ol>\n\n\n\n<p>Hasta 5 a\u00f1os<\/p>\n\n\n\n<p>1\u00ba Juego electr\u00f3nico infantil y material de pintura<\/p>\n\n\n\n<p>2\u00ba Material de pintura, juego y libros<\/p>\n\n\n\n<p>De 6 a 9 a\u00f1os<\/p>\n\n\n\n<p>1\u00ba Smartwatch.infantil y material de pintura<\/p>\n\n\n\n<p>2\u00ba Material de pintura, juego y libros<\/p>\n\n\n\n<p>De 10 a 12 a\u00f1os<\/p>\n\n\n\n<p>1\u00ba Smartwatch y material de pintura<\/p>\n\n\n\n<p>2\u00ba Material de pintura, juego y libros<\/p>\n\n\n\n<p><strong>Los trabajos, junto con el&nbsp;<u>nombre, direcci\u00f3n, edad y tel\u00e9fono<\/u>&nbsp;del concursante, hay que enviarlos antes del&nbsp;<u>13&nbsp;<\/u><\/strong><strong><u>de septiembre de 2024<\/u>&nbsp;a ASAJA de Castilla y Le\u00f3n \/ Concurso de Pintura. Calle H\u00edpica, n\u00ba 1, entreplanta. Valladolid \u2013 47.007.<\/strong><\/p>\n\n\n\n<h3 class=\"wp-block-heading\"><strong>XVI Concurso de Fotograf\u00eda juvenil \u201cMi pueblo, mi gente\u201d<\/strong><\/h3>\n\n\n\n<ol>\n<li>El objetivo de este concurso es que los m\u00e1s j\u00f3venes muestren en fotograf\u00edas diferentes aspectos de los pueblos en los que residen o veranean. Queremos que los j\u00f3venes capten esas im\u00e1genes de los pueblos y gentes de Castilla y Le\u00f3n, reflejando tanto a los paisajes como a las personas que en esos espacios viven y trabajan.<\/li>\n\n\n\n<li>Se admitir\u00e1n tanto fotograf\u00edas sueltas como colecciones de fotograf\u00edas. Pueden enviarse las fotos tanto en papel como en formato digital (se recomienda una resoluci\u00f3n alta, para que d\u00e9 m\u00e1s claridad a la imagen).<\/li>\n\n\n\n<li>Podr\u00e1n concursar chicos y chicas que tengan entre 13 y 17 a\u00f1os de edad.<\/li>\n\n\n\n<li>El fallo del concurso se dar\u00e1 a conocer en el peri\u00f3dico Campo Regional, en el que se reproducir\u00e1n los mejores trabajos.<\/li>\n\n\n\n<li>Premios:<\/li>\n<\/ol>\n\n\n\n<p>Un premio \u00fanico de 200 euros<\/p>\n\n\n\n<p>Dos acc\u00e9sits de 120 euros<\/p>\n\n\n\n<p><strong>Las fotos, junto con el&nbsp;<u>nombre, direcci\u00f3n, edad y tel\u00e9fono<\/u>&nbsp;del concursante, hay que enviarlas antes del&nbsp;<u>13<\/u><\/strong><strong><u>&nbsp;de septiembre de 2024&nbsp;<\/u>a ASAJA de Castilla y Le\u00f3n a trav\u00e9s del<\/strong><strong>&nbsp;correo electr\u00f3nico&nbsp;<u><a href=\"mailto:concursos@asajacyl.com\">concursos@asajacyl.com<\/a><\/u>.<\/strong><\/p>\n","protected":false},"excerpt":{"rendered":"<p>Hasta el pr\u00f3ximo 13 de septiembre\u00a0est\u00e1 abierto el plazo de presentaci\u00f3n de trabajos para los dos concursos dirigidos a ni\u00f1os y j\u00f3venes que cada a\u00f1o organiza ASAJA de Castilla y Le\u00f3n. Con estos concursos, que cuentan con la colaboraci\u00f3n de la Fundaci\u00f3n De Castilla y Le\u00f3n, ASAJA quiere implicar a los m\u00e1s j\u00f3venes en la [&hellip;]<\/p>\n","protected":false},"author":9,"featured_media":17087,"comment_status":"open","ping_status":"open","sticky":false,"template":"","format":"standard","meta":{"footnotes":""},"categories":[9,29,28],"tags":[58,1026,77],"yoast_head":"<!-- This site is optimized with the Yoast SEO plugin v24.5 - https:\/\/yoast.com\/wordpress\/plugins\/seo\/ -->\n<title>Un mes para la finalizaci\u00f3n del plazo de los concursos de dibujos y fotos para ni\u00f1os y j\u00f3venes - ASAJA Palencia<\/title>\n<meta name=\"description\" content=\"Hasta el pr\u00f3ximo 13 de septiembre\u00a0est\u00e1 abierto el plazo de presentaci\u00f3n de trabajos para los dos concursos dirigidos a ni\u00f1os y j\u00f3venes que cada a\u00f1o\" \/>\n<meta name=\"robots\" content=\"index, follow, max-snippet:-1, max-image-preview:large, max-video-preview:-1\" \/>\n<link rel=\"canonical\" href=\"https:\/\/www.asajacyl.com\/palencia\/asaja-palencia-informa\/un-mes-para-la-finalizacion-del-plazo-de-los-concursos-de-dibujos-y-fotos-para-ninos-y-jovenes\" \/>\n<meta property=\"og:locale\" content=\"es_ES\" \/>\n<meta property=\"og:type\" content=\"article\" \/>\n<meta property=\"og:title\" content=\"Un mes para la finalizaci\u00f3n del plazo de los concursos de dibujos y fotos para ni\u00f1os y j\u00f3venes - ASAJA Palencia\" \/>\n<meta property=\"og:description\" content=\"Hasta el pr\u00f3ximo 13 de septiembre\u00a0est\u00e1 abierto el plazo de presentaci\u00f3n de trabajos para los dos concursos dirigidos a ni\u00f1os y j\u00f3venes que cada a\u00f1o\" \/>\n<meta property=\"og:url\" content=\"https:\/\/www.asajacyl.com\/palencia\/asaja-palencia-informa\/un-mes-para-la-finalizacion-del-plazo-de-los-concursos-de-dibujos-y-fotos-para-ninos-y-jovenes\" \/>\n<meta property=\"og:site_name\" content=\"ASAJA Palencia\" \/>\n<meta property=\"article:published_time\" content=\"2024-08-14T12:27:51+00:00\" \/>\n<meta property=\"og:image\" content=\"https:\/\/www.asajacyl.com\/palencia\/wp-content\/uploads\/sites\/3\/2024\/08\/image-1-2.jpg\" \/>\n\t<meta property=\"og:image:width\" content=\"1080\" \/>\n\t<meta property=\"og:image:height\" content=\"1205\" \/>\n\t<meta property=\"og:image:type\" content=\"image\/jpeg\" \/>\n<meta name=\"author\" content=\"Administrador\" \/>\n<meta name=\"twitter:card\" content=\"summary_large_image\" \/>\n<meta name=\"twitter:label1\" content=\"Escrito por\" \/>\n\t<meta name=\"twitter:data1\" content=\"Administrador\" \/>\n\t<meta name=\"twitter:label2\" content=\"Tiempo de lectura\" \/>\n\t<meta name=\"twitter:data2\" content=\"4 minutos\" \/>\n<script type=\"application\/ld+json\" class=\"yoast-schema-graph\">{\"@context\":\"https:\/\/schema.org\",\"@graph\":[{\"@type\":\"WebPage\",\"@id\":\"https:\/\/www.asajacyl.com\/palencia\/asaja-palencia-informa\/un-mes-para-la-finalizacion-del-plazo-de-los-concursos-de-dibujos-y-fotos-para-ninos-y-jovenes\",\"url\":\"https:\/\/www.asajacyl.com\/palencia\/asaja-palencia-informa\/un-mes-para-la-finalizacion-del-plazo-de-los-concursos-de-dibujos-y-fotos-para-ninos-y-jovenes\",\"name\":\"Un mes para la finalizaci\u00f3n del plazo de los concursos de dibujos y fotos para ni\u00f1os y j\u00f3venes - ASAJA Palencia\",\"isPartOf\":{\"@id\":\"https:\/\/www.asajacyl.com\/palencia\/#website\"},\"primaryImageOfPage\":{\"@id\":\"https:\/\/www.asajacyl.com\/palencia\/asaja-palencia-informa\/un-mes-para-la-finalizacion-del-plazo-de-los-concursos-de-dibujos-y-fotos-para-ninos-y-jovenes#primaryimage\"},\"image\":{\"@id\":\"https:\/\/www.asajacyl.com\/palencia\/asaja-palencia-informa\/un-mes-para-la-finalizacion-del-plazo-de-los-concursos-de-dibujos-y-fotos-para-ninos-y-jovenes#primaryimage\"},\"thumbnailUrl\":\"https:\/\/www.asajacyl.com\/palencia\/wp-content\/uploads\/sites\/3\/2024\/08\/image-1-2.jpg\",\"datePublished\":\"2024-08-14T12:27:51+00:00\",\"author\":{\"@id\":\"https:\/\/www.asajacyl.com\/palencia\/#\/schema\/person\/3ab17aeb03527485c317557fae64aab1\"},\"description\":\"Hasta el pr\u00f3ximo 13 de septiembre\u00a0est\u00e1 abierto el plazo de presentaci\u00f3n de trabajos para los dos concursos dirigidos a ni\u00f1os y j\u00f3venes que cada a\u00f1o\",\"breadcrumb\":{\"@id\":\"https:\/\/www.asajacyl.com\/palencia\/asaja-palencia-informa\/un-mes-para-la-finalizacion-del-plazo-de-los-concursos-de-dibujos-y-fotos-para-ninos-y-jovenes#breadcrumb\"},\"inLanguage\":\"es\",\"potentialAction\":[{\"@type\":\"ReadAction\",\"target\":[\"https:\/\/www.asajacyl.com\/palencia\/asaja-palencia-informa\/un-mes-para-la-finalizacion-del-plazo-de-los-concursos-de-dibujos-y-fotos-para-ninos-y-jovenes\"]}]},{\"@type\":\"ImageObject\",\"inLanguage\":\"es\",\"@id\":\"https:\/\/www.asajacyl.com\/palencia\/asaja-palencia-informa\/un-mes-para-la-finalizacion-del-plazo-de-los-concursos-de-dibujos-y-fotos-para-ninos-y-jovenes#primaryimage\",\"url\":\"https:\/\/www.asajacyl.com\/palencia\/wp-content\/uploads\/sites\/3\/2024\/08\/image-1-2.jpg\",\"contentUrl\":\"https:\/\/www.asajacyl.com\/palencia\/wp-content\/uploads\/sites\/3\/2024\/08\/image-1-2.jpg\",\"width\":1080,\"height\":1205},{\"@type\":\"BreadcrumbList\",\"@id\":\"https:\/\/www.asajacyl.com\/palencia\/asaja-palencia-informa\/un-mes-para-la-finalizacion-del-plazo-de-los-concursos-de-dibujos-y-fotos-para-ninos-y-jovenes#breadcrumb\",\"itemListElement\":[{\"@type\":\"ListItem\",\"position\":1,\"name\":\"Portada\",\"item\":\"https:\/\/www.asajacyl.com\/palencia\/\"},{\"@type\":\"ListItem\",\"position\":2,\"name\":\"Un mes para la finalizaci\u00f3n del plazo de los concursos de dibujos y fotos para ni\u00f1os y j\u00f3venes\"}]},{\"@type\":\"WebSite\",\"@id\":\"https:\/\/www.asajacyl.com\/palencia\/#website\",\"url\":\"https:\/\/www.asajacyl.com\/palencia\/\",\"name\":\"ASAJA Palencia\",\"description\":\"Otro sitio m\u00e1s de Provincias ASAJA Castilla y Le\u00f3n\",\"potentialAction\":[{\"@type\":\"SearchAction\",\"target\":{\"@type\":\"EntryPoint\",\"urlTemplate\":\"https:\/\/www.asajacyl.com\/palencia\/?s={search_term_string}\"},\"query-input\":{\"@type\":\"PropertyValueSpecification\",\"valueRequired\":true,\"valueName\":\"search_term_string\"}}],\"inLanguage\":\"es\"},{\"@type\":\"Person\",\"@id\":\"https:\/\/www.asajacyl.com\/palencia\/#\/schema\/person\/3ab17aeb03527485c317557fae64aab1\",\"name\":\"Administrador\",\"image\":{\"@type\":\"ImageObject\",\"inLanguage\":\"es\",\"@id\":\"https:\/\/www.asajacyl.com\/palencia\/#\/schema\/person\/image\/\",\"url\":\"https:\/\/secure.gravatar.com\/avatar\/517384810d242ca9e38c180f3c9fb973?s=96&d=mm&r=g\",\"contentUrl\":\"https:\/\/secure.gravatar.com\/avatar\/517384810d242ca9e38c180f3c9fb973?s=96&d=mm&r=g\",\"caption\":\"Administrador\"},\"url\":\"https:\/\/www.asajacyl.com\/palencia\/author\/carlosrm\"}]}<\/script>\n<!-- \/ Yoast SEO plugin. -->","yoast_head_json":{"title":"Un mes para la finalizaci\u00f3n del plazo de los concursos de dibujos y fotos para ni\u00f1os y j\u00f3venes - ASAJA Palencia","description":"Hasta el pr\u00f3ximo 13 de septiembre\u00a0est\u00e1 abierto el plazo de presentaci\u00f3n de trabajos para los dos concursos dirigidos a ni\u00f1os y j\u00f3venes que cada a\u00f1o","robots":{"index":"index","follow":"follow","max-snippet":"max-snippet:-1","max-image-preview":"max-image-preview:large","max-video-preview":"max-video-preview:-1"},"canonical":"https:\/\/www.asajacyl.com\/palencia\/asaja-palencia-informa\/un-mes-para-la-finalizacion-del-plazo-de-los-concursos-de-dibujos-y-fotos-para-ninos-y-jovenes","og_locale":"es_ES","og_type":"article","og_title":"Un mes para la finalizaci\u00f3n del plazo de los concursos de dibujos y fotos para ni\u00f1os y j\u00f3venes - ASAJA Palencia","og_description":"Hasta el pr\u00f3ximo 13 de septiembre\u00a0est\u00e1 abierto el plazo de presentaci\u00f3n de trabajos para los dos concursos dirigidos a ni\u00f1os y j\u00f3venes que cada a\u00f1o","og_url":"https:\/\/www.asajacyl.com\/palencia\/asaja-palencia-informa\/un-mes-para-la-finalizacion-del-plazo-de-los-concursos-de-dibujos-y-fotos-para-ninos-y-jovenes","og_site_name":"ASAJA Palencia","article_published_time":"2024-08-14T12:27:51+00:00","og_image":[{"width":1080,"height":1205,"url":"https:\/\/www.asajacyl.com\/palencia\/wp-content\/uploads\/sites\/3\/2024\/08\/image-1-2.jpg","type":"image\/jpeg"}],"author":"Administrador","twitter_card":"summary_large_image","twitter_misc":{"Escrito por":"Administrador","Tiempo de lectura":"4 minutos"},"schema":{"@context":"https:\/\/schema.org","@graph":[{"@type":"WebPage","@id":"https:\/\/www.asajacyl.com\/palencia\/asaja-palencia-informa\/un-mes-para-la-finalizacion-del-plazo-de-los-concursos-de-dibujos-y-fotos-para-ninos-y-jovenes","url":"https:\/\/www.asajacyl.com\/palencia\/asaja-palencia-informa\/un-mes-para-la-finalizacion-del-plazo-de-los-concursos-de-dibujos-y-fotos-para-ninos-y-jovenes","name":"Un mes para la finalizaci\u00f3n del plazo de los concursos de dibujos y fotos para ni\u00f1os y j\u00f3venes - ASAJA Palencia","isPartOf":{"@id":"https:\/\/www.asajacyl.com\/palencia\/#website"},"primaryImageOfPage":{"@id":"https:\/\/www.asajacyl.com\/palencia\/asaja-palencia-informa\/un-mes-para-la-finalizacion-del-plazo-de-los-concursos-de-dibujos-y-fotos-para-ninos-y-jovenes#primaryimage"},"image":{"@id":"https:\/\/www.asajacyl.com\/palencia\/asaja-palencia-informa\/un-mes-para-la-finalizacion-del-plazo-de-los-concursos-de-dibujos-y-fotos-para-ninos-y-jovenes#primaryimage"},"thumbnailUrl":"https:\/\/www.asajacyl.com\/palencia\/wp-content\/uploads\/sites\/3\/2024\/08\/image-1-2.jpg","datePublished":"2024-08-14T12:27:51+00:00","author":{"@id":"https:\/\/www.asajacyl.com\/palencia\/#\/schema\/person\/3ab17aeb03527485c317557fae64aab1"},"description":"Hasta el pr\u00f3ximo 13 de septiembre\u00a0est\u00e1 abierto el plazo de presentaci\u00f3n de trabajos para los dos concursos dirigidos a ni\u00f1os y j\u00f3venes que cada a\u00f1o","breadcrumb":{"@id":"https:\/\/www.asajacyl.com\/palencia\/asaja-palencia-informa\/un-mes-para-la-finalizacion-del-plazo-de-los-concursos-de-dibujos-y-fotos-para-ninos-y-jovenes#breadcrumb"},"inLanguage":"es","potentialAction":[{"@type":"ReadAction","target":["https:\/\/www.asajacyl.com\/palencia\/asaja-palencia-informa\/un-mes-para-la-finalizacion-del-plazo-de-los-concursos-de-dibujos-y-fotos-para-ninos-y-jovenes"]}]},{"@type":"ImageObject","inLanguage":"es","@id":"https:\/\/www.asajacyl.com\/palencia\/asaja-palencia-informa\/un-mes-para-la-finalizacion-del-plazo-de-los-concursos-de-dibujos-y-fotos-para-ninos-y-jovenes#primaryimage","url":"https:\/\/www.asajacyl.com\/palencia\/wp-content\/uploads\/sites\/3\/2024\/08\/image-1-2.jpg","contentUrl":"https:\/\/www.asajacyl.com\/palencia\/wp-content\/uploads\/sites\/3\/2024\/08\/image-1-2.jpg","width":1080,"height":1205},{"@type":"BreadcrumbList","@id":"https:\/\/www.asajacyl.com\/palencia\/asaja-palencia-informa\/un-mes-para-la-finalizacion-del-plazo-de-los-concursos-de-dibujos-y-fotos-para-ninos-y-jovenes#breadcrumb","itemListElement":[{"@type":"ListItem","position":1,"name":"Portada","item":"https:\/\/www.asajacyl.com\/palencia\/"},{"@type":"ListItem","position":2,"name":"Un mes para la finalizaci\u00f3n del plazo de los concursos de dibujos y fotos para ni\u00f1os y j\u00f3venes"}]},{"@type":"WebSite","@id":"https:\/\/www.asajacyl.com\/palencia\/#website","url":"https:\/\/www.asajacyl.com\/palencia\/","name":"ASAJA Palencia","description":"Otro sitio m\u00e1s de Provincias ASAJA Castilla y Le\u00f3n","potentialAction":[{"@type":"SearchAction","target":{"@type":"EntryPoint","urlTemplate":"https:\/\/www.asajacyl.com\/palencia\/?s={search_term_string}"},"query-input":{"@type":"PropertyValueSpecification","valueRequired":true,"valueName":"search_term_string"}}],"inLanguage":"es"},{"@type":"Person","@id":"https:\/\/www.asajacyl.com\/palencia\/#\/schema\/person\/3ab17aeb03527485c317557fae64aab1","name":"Administrador","image":{"@type":"ImageObject","inLanguage":"es","@id":"https:\/\/www.asajacyl.com\/palencia\/#\/schema\/person\/image\/","url":"https:\/\/secure.gravatar.com\/avatar\/517384810d242ca9e38c180f3c9fb973?s=96&d=mm&r=g","contentUrl":"https:\/\/secure.gravatar.com\/avatar\/517384810d242ca9e38c180f3c9fb973?s=96&d=mm&r=g","caption":"Administrador"},"url":"https:\/\/www.asajacyl.com\/palencia\/author\/carlosrm"}]}},"_links":{"self":[{"href":"https:\/\/www.asajacyl.com\/palencia\/wp-json\/wp\/v2\/posts\/17086"}],"collection":[{"href":"https:\/\/www.asajacyl.com\/palencia\/wp-json\/wp\/v2\/posts"}],"about":[{"href":"https:\/\/www.asajacyl.com\/palencia\/wp-json\/wp\/v2\/types\/post"}],"author":[{"embeddable":true,"href":"https:\/\/www.asajacyl.com\/palencia\/wp-json\/wp\/v2\/users\/9"}],"replies":[{"embeddable":true,"href":"https:\/\/www.asajacyl.com\/palencia\/wp-json\/wp\/v2\/comments?post=17086"}],"version-history":[{"count":1,"href":"https:\/\/www.asajacyl.com\/palencia\/wp-json\/wp\/v2\/posts\/17086\/revisions"}],"predecessor-version":[{"id":17088,"href":"https:\/\/www.asajacyl.com\/palencia\/wp-json\/wp\/v2\/posts\/17086\/revisions\/17088"}],"wp:featuredmedia":[{"embeddable":true,"href":"https:\/\/www.asajacyl.com\/palencia\/wp-json\/wp\/v2\/media\/17087"}],"wp:attachment":[{"href":"https:\/\/www.asajacyl.com\/palencia\/wp-json\/wp\/v2\/media?parent=17086"}],"wp:term":[{"taxonomy":"category","embeddable":true,"href":"https:\/\/www.asajacyl.com\/palencia\/wp-json\/wp\/v2\/categories?post=17086"},{"taxonomy":"post_tag","embeddable":true,"href":"https:\/\/www.asajacyl.com\/palencia\/wp-json\/wp\/v2\/tags?post=17086"}],"curies":[{"name":"wp","href":"https:\/\/api.w.org\/{rel}","templated":true}]}}