{"id":17107,"date":"2024-08-17T13:42:29","date_gmt":"2024-08-17T11:42:29","guid":{"rendered":"https:\/\/www.asajacyl.com\/palencia\/?p=17107"},"modified":"2024-08-16T09:15:11","modified_gmt":"2024-08-16T07:15:11","slug":"aumenta-el-importe-destinado-a-los-derechos-de-la-pac-2023-conocido-tecnicamente-como-ayuda-basica-a-la-renta-para-la-sostenibilidad-abrs","status":"publish","type":"post","link":"https:\/\/www.asajacyl.com\/palencia\/asaja-palencia-informa\/aumenta-el-importe-destinado-a-los-derechos-de-la-pac-2023-conocido-tecnicamente-como-ayuda-basica-a-la-renta-para-la-sostenibilidad-abrs","title":{"rendered":"Aumenta el importe destinado a los derechos de la PAC 2023, conocido t\u00e9cnicamente como Ayuda B\u00e1sica a la Renta para la Sostenibilidad (ABRS)"},"content":{"rendered":"\n<p>Bas\u00e1ndose en el Real Decreto sobre la aplicaci\u00f3n de las intervenciones en forma de pagos directos y el establecimiento de requisitos comunes en el marco del Plan Estrat\u00e9gico de la Pol\u00edtica Agr\u00edcola Com\u00fan, y la regulaci\u00f3n de la solicitud \u00fanica del sistema integrado de gesti\u00f3n y control, el FEGA tiene en cuenta el mecanismo de aprovechamiento de fondos y calcula antes de cada 1 de septiembre los remanentes existentes de todas las intervenciones de pagos directos que se trasladan a la <strong>Ayuda B\u00e1sica a la Renta para la Sostenibilidad (ABRS), lo que com\u00fanmente se conoce en el sector como \u00ablos derechos\u00bb<\/strong>.<\/p>\n\n\n\n<p><strong>C\u00c1LCULO. <\/strong>Para el c\u00e1lculo se ha partido del gasto de cada una de las intervenciones, tomando para ello las superficies de determinadas de cada una de las ayudas, comunicadas al FEGA por parte de las comunidades aut\u00f3nomas, y los Importes Unitarios Definitivos establecidos por el FEGA en mayo, as\u00ed como la previsi\u00f3n de pagos pendientes para antes del 15 de octubre.<\/p>\n\n\n\n<p><strong>RESULTADO. <\/strong>El resultado del remanente ha sido de 120 millones de euros que ser\u00e1n distribuidos en la ABRS mediante un porcentaje que incrementa la ayuda con que cuentan los solicitantes de la PAC, tanto para los pagos ya realizados como a los pendientes previstos para antes del 15 de octubre. En consecuencia, el resultado de estas operaciones matem\u00e1ticas ha sido que <strong>se aumentar\u00e1 la ABRS, es decir lo que se abona por los derechos, un 5,18656620%.<\/strong> Esto no modificar\u00e1 el importe de los derechos, debi\u00e9ndose realizar este c\u00e1lculo a\u00f1o a a\u00f1o.<strong>\/<\/strong><\/p>\n","protected":false},"excerpt":{"rendered":"<p>Bas\u00e1ndose en el Real Decreto sobre la aplicaci\u00f3n de las intervenciones en forma de pagos directos y el establecimiento de requisitos comunes en el marco del Plan Estrat\u00e9gico de la Pol\u00edtica Agr\u00edcola Com\u00fan, y la regulaci\u00f3n de la solicitud \u00fanica del sistema integrado de gesti\u00f3n y control, el FEGA tiene en cuenta el mecanismo de [&hellip;]<\/p>\n","protected":false},"author":9,"featured_media":13810,"comment_status":"open","ping_status":"open","sticky":false,"template":"","format":"standard","meta":{"footnotes":""},"categories":[9,29,28],"tags":[1029,58,1028,56],"yoast_head":"<!-- This site is optimized with the Yoast SEO plugin v24.5 - https:\/\/yoast.com\/wordpress\/plugins\/seo\/ -->\n<title>Aumenta el importe destinado a los derechos de la PAC 2023, conocido t\u00e9cnicamente como Ayuda B\u00e1sica a la Renta para la Sostenibilidad (ABRS) - ASAJA Palencia<\/title>\n<meta name=\"description\" content=\"Bas\u00e1ndose en el Real Decreto sobre la aplicaci\u00f3n de las intervenciones en forma de pagos directos y el establecimiento de requisitos comunes en el marco\" \/>\n<meta name=\"robots\" content=\"index, follow, max-snippet:-1, max-image-preview:large, max-video-preview:-1\" \/>\n<link rel=\"canonical\" href=\"https:\/\/www.asajacyl.com\/palencia\/asaja-palencia-informa\/aumenta-el-importe-destinado-a-los-derechos-de-la-pac-2023-conocido-tecnicamente-como-ayuda-basica-a-la-renta-para-la-sostenibilidad-abrs\" \/>\n<meta property=\"og:locale\" content=\"es_ES\" \/>\n<meta property=\"og:type\" content=\"article\" \/>\n<meta property=\"og:title\" content=\"Aumenta el importe destinado a los derechos de la PAC 2023, conocido t\u00e9cnicamente como Ayuda B\u00e1sica a la Renta para la Sostenibilidad (ABRS) - ASAJA Palencia\" \/>\n<meta property=\"og:description\" content=\"Bas\u00e1ndose en el Real Decreto sobre la aplicaci\u00f3n de las intervenciones en forma de pagos directos y el establecimiento de requisitos comunes en el marco\" \/>\n<meta property=\"og:url\" content=\"https:\/\/www.asajacyl.com\/palencia\/asaja-palencia-informa\/aumenta-el-importe-destinado-a-los-derechos-de-la-pac-2023-conocido-tecnicamente-como-ayuda-basica-a-la-renta-para-la-sostenibilidad-abrs\" \/>\n<meta property=\"og:site_name\" content=\"ASAJA Palencia\" \/>\n<meta property=\"article:published_time\" content=\"2024-08-17T11:42:29+00:00\" \/>\n<meta property=\"og:image\" content=\"https:\/\/www.asajacyl.com\/palencia\/wp-content\/uploads\/sites\/3\/2023\/07\/Comision-europea-web-1.jpg\" \/>\n\t<meta property=\"og:image:width\" content=\"1890\" \/>\n\t<meta property=\"og:image:height\" content=\"1654\" \/>\n\t<meta property=\"og:image:type\" content=\"image\/jpeg\" \/>\n<meta name=\"author\" content=\"Administrador\" \/>\n<meta name=\"twitter:card\" content=\"summary_large_image\" \/>\n<meta name=\"twitter:label1\" content=\"Escrito por\" \/>\n\t<meta name=\"twitter:data1\" content=\"Administrador\" \/>\n\t<meta name=\"twitter:label2\" content=\"Tiempo de lectura\" \/>\n\t<meta name=\"twitter:data2\" content=\"2 minutos\" \/>\n<script type=\"application\/ld+json\" class=\"yoast-schema-graph\">{\"@context\":\"https:\/\/schema.org\",\"@graph\":[{\"@type\":\"WebPage\",\"@id\":\"https:\/\/www.asajacyl.com\/palencia\/asaja-palencia-informa\/aumenta-el-importe-destinado-a-los-derechos-de-la-pac-2023-conocido-tecnicamente-como-ayuda-basica-a-la-renta-para-la-sostenibilidad-abrs\",\"url\":\"https:\/\/www.asajacyl.com\/palencia\/asaja-palencia-informa\/aumenta-el-importe-destinado-a-los-derechos-de-la-pac-2023-conocido-tecnicamente-como-ayuda-basica-a-la-renta-para-la-sostenibilidad-abrs\",\"name\":\"Aumenta el importe destinado a los derechos de la PAC 2023, conocido t\u00e9cnicamente como Ayuda B\u00e1sica a la Renta para la Sostenibilidad (ABRS) - ASAJA Palencia\",\"isPartOf\":{\"@id\":\"https:\/\/www.asajacyl.com\/palencia\/#website\"},\"primaryImageOfPage\":{\"@id\":\"https:\/\/www.asajacyl.com\/palencia\/asaja-palencia-informa\/aumenta-el-importe-destinado-a-los-derechos-de-la-pac-2023-conocido-tecnicamente-como-ayuda-basica-a-la-renta-para-la-sostenibilidad-abrs#primaryimage\"},\"image\":{\"@id\":\"https:\/\/www.asajacyl.com\/palencia\/asaja-palencia-informa\/aumenta-el-importe-destinado-a-los-derechos-de-la-pac-2023-conocido-tecnicamente-como-ayuda-basica-a-la-renta-para-la-sostenibilidad-abrs#primaryimage\"},\"thumbnailUrl\":\"https:\/\/www.asajacyl.com\/palencia\/wp-content\/uploads\/sites\/3\/2023\/07\/Comision-europea-web-1.jpg\",\"datePublished\":\"2024-08-17T11:42:29+00:00\",\"author\":{\"@id\":\"https:\/\/www.asajacyl.com\/palencia\/#\/schema\/person\/3ab17aeb03527485c317557fae64aab1\"},\"description\":\"Bas\u00e1ndose en el Real Decreto sobre la aplicaci\u00f3n de las intervenciones en forma de pagos directos y el establecimiento de requisitos comunes en el marco\",\"breadcrumb\":{\"@id\":\"https:\/\/www.asajacyl.com\/palencia\/asaja-palencia-informa\/aumenta-el-importe-destinado-a-los-derechos-de-la-pac-2023-conocido-tecnicamente-como-ayuda-basica-a-la-renta-para-la-sostenibilidad-abrs#breadcrumb\"},\"inLanguage\":\"es\",\"potentialAction\":[{\"@type\":\"ReadAction\",\"target\":[\"https:\/\/www.asajacyl.com\/palencia\/asaja-palencia-informa\/aumenta-el-importe-destinado-a-los-derechos-de-la-pac-2023-conocido-tecnicamente-como-ayuda-basica-a-la-renta-para-la-sostenibilidad-abrs\"]}]},{\"@type\":\"ImageObject\",\"inLanguage\":\"es\",\"@id\":\"https:\/\/www.asajacyl.com\/palencia\/asaja-palencia-informa\/aumenta-el-importe-destinado-a-los-derechos-de-la-pac-2023-conocido-tecnicamente-como-ayuda-basica-a-la-renta-para-la-sostenibilidad-abrs#primaryimage\",\"url\":\"https:\/\/www.asajacyl.com\/palencia\/wp-content\/uploads\/sites\/3\/2023\/07\/Comision-europea-web-1.jpg\",\"contentUrl\":\"https:\/\/www.asajacyl.com\/palencia\/wp-content\/uploads\/sites\/3\/2023\/07\/Comision-europea-web-1.jpg\",\"width\":1890,\"height\":1654},{\"@type\":\"BreadcrumbList\",\"@id\":\"https:\/\/www.asajacyl.com\/palencia\/asaja-palencia-informa\/aumenta-el-importe-destinado-a-los-derechos-de-la-pac-2023-conocido-tecnicamente-como-ayuda-basica-a-la-renta-para-la-sostenibilidad-abrs#breadcrumb\",\"itemListElement\":[{\"@type\":\"ListItem\",\"position\":1,\"name\":\"Portada\",\"item\":\"https:\/\/www.asajacyl.com\/palencia\/\"},{\"@type\":\"ListItem\",\"position\":2,\"name\":\"Aumenta el importe destinado a los derechos de la PAC 2023, conocido t\u00e9cnicamente como Ayuda B\u00e1sica a la Renta para la Sostenibilidad (ABRS)\"}]},{\"@type\":\"WebSite\",\"@id\":\"https:\/\/www.asajacyl.com\/palencia\/#website\",\"url\":\"https:\/\/www.asajacyl.com\/palencia\/\",\"name\":\"ASAJA Palencia\",\"description\":\"Otro sitio m\u00e1s de Provincias ASAJA Castilla y Le\u00f3n\",\"potentialAction\":[{\"@type\":\"SearchAction\",\"target\":{\"@type\":\"EntryPoint\",\"urlTemplate\":\"https:\/\/www.asajacyl.com\/palencia\/?s={search_term_string}\"},\"query-input\":{\"@type\":\"PropertyValueSpecification\",\"valueRequired\":true,\"valueName\":\"search_term_string\"}}],\"inLanguage\":\"es\"},{\"@type\":\"Person\",\"@id\":\"https:\/\/www.asajacyl.com\/palencia\/#\/schema\/person\/3ab17aeb03527485c317557fae64aab1\",\"name\":\"Administrador\",\"image\":{\"@type\":\"ImageObject\",\"inLanguage\":\"es\",\"@id\":\"https:\/\/www.asajacyl.com\/palencia\/#\/schema\/person\/image\/\",\"url\":\"https:\/\/secure.gravatar.com\/avatar\/517384810d242ca9e38c180f3c9fb973?s=96&d=mm&r=g\",\"contentUrl\":\"https:\/\/secure.gravatar.com\/avatar\/517384810d242ca9e38c180f3c9fb973?s=96&d=mm&r=g\",\"caption\":\"Administrador\"},\"url\":\"https:\/\/www.asajacyl.com\/palencia\/author\/carlosrm\"}]}<\/script>\n<!-- \/ Yoast SEO plugin. -->","yoast_head_json":{"title":"Aumenta el importe destinado a los derechos de la PAC 2023, conocido t\u00e9cnicamente como Ayuda B\u00e1sica a la Renta para la Sostenibilidad (ABRS) - ASAJA Palencia","description":"Bas\u00e1ndose en el Real Decreto sobre la aplicaci\u00f3n de las intervenciones en forma de pagos directos y el establecimiento de requisitos comunes en el marco","robots":{"index":"index","follow":"follow","max-snippet":"max-snippet:-1","max-image-preview":"max-image-preview:large","max-video-preview":"max-video-preview:-1"},"canonical":"https:\/\/www.asajacyl.com\/palencia\/asaja-palencia-informa\/aumenta-el-importe-destinado-a-los-derechos-de-la-pac-2023-conocido-tecnicamente-como-ayuda-basica-a-la-renta-para-la-sostenibilidad-abrs","og_locale":"es_ES","og_type":"article","og_title":"Aumenta el importe destinado a los derechos de la PAC 2023, conocido t\u00e9cnicamente como Ayuda B\u00e1sica a la Renta para la Sostenibilidad (ABRS) - ASAJA Palencia","og_description":"Bas\u00e1ndose en el Real Decreto sobre la aplicaci\u00f3n de las intervenciones en forma de pagos directos y el establecimiento de requisitos comunes en el marco","og_url":"https:\/\/www.asajacyl.com\/palencia\/asaja-palencia-informa\/aumenta-el-importe-destinado-a-los-derechos-de-la-pac-2023-conocido-tecnicamente-como-ayuda-basica-a-la-renta-para-la-sostenibilidad-abrs","og_site_name":"ASAJA Palencia","article_published_time":"2024-08-17T11:42:29+00:00","og_image":[{"width":1890,"height":1654,"url":"https:\/\/www.asajacyl.com\/palencia\/wp-content\/uploads\/sites\/3\/2023\/07\/Comision-europea-web-1.jpg","type":"image\/jpeg"}],"author":"Administrador","twitter_card":"summary_large_image","twitter_misc":{"Escrito por":"Administrador","Tiempo de lectura":"2 minutos"},"schema":{"@context":"https:\/\/schema.org","@graph":[{"@type":"WebPage","@id":"https:\/\/www.asajacyl.com\/palencia\/asaja-palencia-informa\/aumenta-el-importe-destinado-a-los-derechos-de-la-pac-2023-conocido-tecnicamente-como-ayuda-basica-a-la-renta-para-la-sostenibilidad-abrs","url":"https:\/\/www.asajacyl.com\/palencia\/asaja-palencia-informa\/aumenta-el-importe-destinado-a-los-derechos-de-la-pac-2023-conocido-tecnicamente-como-ayuda-basica-a-la-renta-para-la-sostenibilidad-abrs","name":"Aumenta el importe destinado a los derechos de la PAC 2023, conocido t\u00e9cnicamente como Ayuda B\u00e1sica a la Renta para la Sostenibilidad (ABRS) - ASAJA Palencia","isPartOf":{"@id":"https:\/\/www.asajacyl.com\/palencia\/#website"},"primaryImageOfPage":{"@id":"https:\/\/www.asajacyl.com\/palencia\/asaja-palencia-informa\/aumenta-el-importe-destinado-a-los-derechos-de-la-pac-2023-conocido-tecnicamente-como-ayuda-basica-a-la-renta-para-la-sostenibilidad-abrs#primaryimage"},"image":{"@id":"https:\/\/www.asajacyl.com\/palencia\/asaja-palencia-informa\/aumenta-el-importe-destinado-a-los-derechos-de-la-pac-2023-conocido-tecnicamente-como-ayuda-basica-a-la-renta-para-la-sostenibilidad-abrs#primaryimage"},"thumbnailUrl":"https:\/\/www.asajacyl.com\/palencia\/wp-content\/uploads\/sites\/3\/2023\/07\/Comision-europea-web-1.jpg","datePublished":"2024-08-17T11:42:29+00:00","author":{"@id":"https:\/\/www.asajacyl.com\/palencia\/#\/schema\/person\/3ab17aeb03527485c317557fae64aab1"},"description":"Bas\u00e1ndose en el Real Decreto sobre la aplicaci\u00f3n de las intervenciones en forma de pagos directos y el establecimiento de requisitos comunes en el marco","breadcrumb":{"@id":"https:\/\/www.asajacyl.com\/palencia\/asaja-palencia-informa\/aumenta-el-importe-destinado-a-los-derechos-de-la-pac-2023-conocido-tecnicamente-como-ayuda-basica-a-la-renta-para-la-sostenibilidad-abrs#breadcrumb"},"inLanguage":"es","potentialAction":[{"@type":"ReadAction","target":["https:\/\/www.asajacyl.com\/palencia\/asaja-palencia-informa\/aumenta-el-importe-destinado-a-los-derechos-de-la-pac-2023-conocido-tecnicamente-como-ayuda-basica-a-la-renta-para-la-sostenibilidad-abrs"]}]},{"@type":"ImageObject","inLanguage":"es","@id":"https:\/\/www.asajacyl.com\/palencia\/asaja-palencia-informa\/aumenta-el-importe-destinado-a-los-derechos-de-la-pac-2023-conocido-tecnicamente-como-ayuda-basica-a-la-renta-para-la-sostenibilidad-abrs#primaryimage","url":"https:\/\/www.asajacyl.com\/palencia\/wp-content\/uploads\/sites\/3\/2023\/07\/Comision-europea-web-1.jpg","contentUrl":"https:\/\/www.asajacyl.com\/palencia\/wp-content\/uploads\/sites\/3\/2023\/07\/Comision-europea-web-1.jpg","width":1890,"height":1654},{"@type":"BreadcrumbList","@id":"https:\/\/www.asajacyl.com\/palencia\/asaja-palencia-informa\/aumenta-el-importe-destinado-a-los-derechos-de-la-pac-2023-conocido-tecnicamente-como-ayuda-basica-a-la-renta-para-la-sostenibilidad-abrs#breadcrumb","itemListElement":[{"@type":"ListItem","position":1,"name":"Portada","item":"https:\/\/www.asajacyl.com\/palencia\/"},{"@type":"ListItem","position":2,"name":"Aumenta el importe destinado a los derechos de la PAC 2023, conocido t\u00e9cnicamente como Ayuda B\u00e1sica a la Renta para la Sostenibilidad (ABRS)"}]},{"@type":"WebSite","@id":"https:\/\/www.asajacyl.com\/palencia\/#website","url":"https:\/\/www.asajacyl.com\/palencia\/","name":"ASAJA Palencia","description":"Otro sitio m\u00e1s de Provincias ASAJA Castilla y Le\u00f3n","potentialAction":[{"@type":"SearchAction","target":{"@type":"EntryPoint","urlTemplate":"https:\/\/www.asajacyl.com\/palencia\/?s={search_term_string}"},"query-input":{"@type":"PropertyValueSpecification","valueRequired":true,"valueName":"search_term_string"}}],"inLanguage":"es"},{"@type":"Person","@id":"https:\/\/www.asajacyl.com\/palencia\/#\/schema\/person\/3ab17aeb03527485c317557fae64aab1","name":"Administrador","image":{"@type":"ImageObject","inLanguage":"es","@id":"https:\/\/www.asajacyl.com\/palencia\/#\/schema\/person\/image\/","url":"https:\/\/secure.gravatar.com\/avatar\/517384810d242ca9e38c180f3c9fb973?s=96&d=mm&r=g","contentUrl":"https:\/\/secure.gravatar.com\/avatar\/517384810d242ca9e38c180f3c9fb973?s=96&d=mm&r=g","caption":"Administrador"},"url":"https:\/\/www.asajacyl.com\/palencia\/author\/carlosrm"}]}},"_links":{"self":[{"href":"https:\/\/www.asajacyl.com\/palencia\/wp-json\/wp\/v2\/posts\/17107"}],"collection":[{"href":"https:\/\/www.asajacyl.com\/palencia\/wp-json\/wp\/v2\/posts"}],"about":[{"href":"https:\/\/www.asajacyl.com\/palencia\/wp-json\/wp\/v2\/types\/post"}],"author":[{"embeddable":true,"href":"https:\/\/www.asajacyl.com\/palencia\/wp-json\/wp\/v2\/users\/9"}],"replies":[{"embeddable":true,"href":"https:\/\/www.asajacyl.com\/palencia\/wp-json\/wp\/v2\/comments?post=17107"}],"version-history":[{"count":2,"href":"https:\/\/www.asajacyl.com\/palencia\/wp-json\/wp\/v2\/posts\/17107\/revisions"}],"predecessor-version":[{"id":17110,"href":"https:\/\/www.asajacyl.com\/palencia\/wp-json\/wp\/v2\/posts\/17107\/revisions\/17110"}],"wp:featuredmedia":[{"embeddable":true,"href":"https:\/\/www.asajacyl.com\/palencia\/wp-json\/wp\/v2\/media\/13810"}],"wp:attachment":[{"href":"https:\/\/www.asajacyl.com\/palencia\/wp-json\/wp\/v2\/media?parent=17107"}],"wp:term":[{"taxonomy":"category","embeddable":true,"href":"https:\/\/www.asajacyl.com\/palencia\/wp-json\/wp\/v2\/categories?post=17107"},{"taxonomy":"post_tag","embeddable":true,"href":"https:\/\/www.asajacyl.com\/palencia\/wp-json\/wp\/v2\/tags?post=17107"}],"curies":[{"name":"wp","href":"https:\/\/api.w.org\/{rel}","templated":true}]}}