{"id":17112,"date":"2024-08-21T12:39:59","date_gmt":"2024-08-21T10:39:59","guid":{"rendered":"https:\/\/www.asajacyl.com\/palencia\/?p=17112"},"modified":"2024-09-03T12:25:42","modified_gmt":"2024-09-03T10:25:42","slug":"ayudas-del-grupo-de-accion-local-paramos-y-valles-por-un-importe-total-aproximado-de-12-millones-de-euros","status":"publish","type":"post","link":"https:\/\/www.asajacyl.com\/palencia\/asaja-palencia-informa\/ayudas-del-grupo-de-accion-local-paramos-y-valles-por-un-importe-total-aproximado-de-12-millones-de-euros","title":{"rendered":"Ayudas del grupo de acci\u00f3n local P\u00e1ramos y Valles por un importe total aproximado de 1,2 millones de euros"},"content":{"rendered":"\n<h2 class=\"wp-block-heading\">El Grupo de Acci\u00f3n Local Asociaci\u00f3n para el Desarrollo Rural Integral de las Comarcas Naturales de los P\u00e1ramos y Valles Palentinos, (A.D.R.I. \u201cP\u00e1ramos y Valles\u201d) ha convocado ayudas para proyectos en su \u00e1mbito territorial, dotadas en total con 1,212 millones de euros, de los que aporta la Uni\u00f3n Europea aporta el 53 % de la financiaci\u00f3n, a trav\u00e9s del Fondo Europeo Agrario de Desarrollo Rural (FEADER). El Ministerio de Agricultura, Pesca y Alimentaci\u00f3n, y la Junta de Castilla y Le\u00f3n (Consejer\u00eda de Agricultura, Ganader\u00eda y Desarrollo Rural) sufragan el resto de este programa que forma parte del Plan Estrat\u00e9gico de la actual PAC 2023-2027.<\/h2>\n\n\n\n<p>Estas ayudas pueden solicitarse hasta el 31 de diciembre de 2027 y a ellas pueden optar personas f\u00edsicas y jur\u00eddicas, as\u00ed como comunidades de bienes u otras entidades de tipo comunal, y asociaciones y otras personas de car\u00e1cter asociativo.<strong>\u00a0No pueden presentarse a estas ayudas las actividades de agricultura y ganader\u00eda<\/strong>, salvo que el objetivo esencial del proyecto no sea el productivo, sino que su finalidad prioritaria sea la repoblaci\u00f3n de animales, la cr\u00eda de animales de compa\u00f1\u00eda, la producci\u00f3n de pieles, pelo y pluma, y aquellos cuyo destino prioritario se enfoque a actividades de educaci\u00f3n, turismo, deporte, ocio y tiempo libre\u00bb (por ejemplo, una granja-escuela; un picadero para aprendizaje y pr\u00e1ctica de la equitaci\u00f3n&#8230;).<\/p>\n\n\n\n<p>ADRI P\u00e1ramos y Valles se constituy\u00f3 en 1996 y pertenecen a ella los ayuntamientos de su \u00e1mbito territorial y diversas entidades privadas (entre ellas, ASAJA-Palencia).<\/p>\n\n\n\n<p>Los municipios de la provincia de Palencia que comprenden el&nbsp;<strong>\u00e1mbito territorial&nbsp;<\/strong>para la aplicaci\u00f3n de esta convocatoria son Alar del Rey, Ayuela, B\u00e1rcena de Campos, B\u00e1scones de Ojeda, Buenavista de Valdavia, Bustillo de la Vega, Bustillo del P\u00e1ramo de Carri\u00f3n, Calahorra de Boedo, Castrillo de Villavega, Collazos de Boedo, Congosto de Valdavia, Dehesa de Romanos, Fresno del R\u00edo, Herrera de Pisuerga, Lagartos, Ledigos, Loma de Ucieza, Mantinos, Micieces de Ojeda, Nogal de las Huertas, Olea de Boedo, Olmos de Ojeda, P\u00e1ramo de Ojeda, Payo de<br>Ojeda, Pedrosa de la Vega, Pino del R\u00edo, Poza de la Vega, Pr\u00e1danos de Ojeda, La Puebla de Valdavia, Quintanilla de Onso\u00f1a, Renedo de la Vega, Revilla de Collazos, Salda\u00f1a, San Crist\u00f3bal de Boedo, Santa Cruz de Boedo, Santerv\u00e1s de la Vega, La Serna, Sotoba\u00f1ado y Priorato, Tabanera de Valdavia, Valderr\u00e1bano, La Vid de Ojeda, Villabasta, Villaeles de Valdavia, Villalba de Guardo, Villaluenga de la Vega, Villameriel, Villamoronta, Villanu\u00f1o de Valdavia, Villaprovedo, Villarrab\u00e9, Villasila de Valdavia, Villaturde y Villota del P\u00e1ramo.<\/p>\n\n\n\n<p>La convocatoria viene regulada por la resoluci\u00f3n emitida en su d\u00eda por la Direcci\u00f3n General de la Industria y la Cadena Agroalimentarias de la Junta de Castilla y Le\u00f3n sobre el r\u00e9gimen de ayudas para la aplicaci\u00f3n de Estrategias de Desarrollo Local (LEADER) en Castilla y Le\u00f3n en el per\u00edodo 2023-2027 (<a href=\"https:\/\/bocyl.jcyl.es\/boletines\/2024\/02\/26\/pdf\/BOCYL-D-26022024-13.pdf\" target=\"_blank\" rel=\"noreferrer noopener\">Bolet\u00edn Oficial de Castilla y Le\u00f3n del lunes, 26 de febrero de 2024<\/a>).<\/p>\n\n\n\n<p>El car\u00e1cter multisectorial e integrador de estas estrategias LEADER permite financiar un amplio abanico de operaciones, tanto productivas a cargo de pymes, que generan actividad econ\u00f3mica y empleo; como no productivas, dirigidas a promover infraestructuras y servicios b\u00e1sicos a la poblaci\u00f3n y la econom\u00eda rurales.<\/p>\n\n\n\n<p>Para m\u00e1s informaci\u00f3n hay que dirigirse a la sede del GAL ADRI P\u00e1ramos y Valles (Avenida de Jos\u00e9 Quintana, 9 | 34100 Salda\u00f1a \u00b7 Tel\u00e9fono: 979 890 532), al correo electr\u00f3nico <em>adri@paramosyvalles.com<\/em>&nbsp;o consultar en su web&nbsp;<strong>https:\/\/paramosyvalles.com \/<\/strong><\/p>\n","protected":false},"excerpt":{"rendered":"<p>El Grupo de Acci\u00f3n Local Asociaci\u00f3n para el Desarrollo Rural Integral de las Comarcas Naturales de los P\u00e1ramos y Valles Palentinos, (A.D.R.I. \u201cP\u00e1ramos y Valles\u201d) ha convocado ayudas para proyectos en su \u00e1mbito territorial, dotadas en total con 1,212 millones de euros, de los que aporta la Uni\u00f3n Europea aporta el 53 % de la [&hellip;]<\/p>\n","protected":false},"author":9,"featured_media":8271,"comment_status":"open","ping_status":"open","sticky":false,"template":"","format":"standard","meta":{"footnotes":""},"categories":[9,29,28],"tags":[58,59,77],"yoast_head":"<!-- This site is optimized with the Yoast SEO plugin v24.5 - https:\/\/yoast.com\/wordpress\/plugins\/seo\/ -->\n<title>Ayudas del grupo de acci\u00f3n local P\u00e1ramos y Valles por un importe total aproximado de 1,2 millones de euros - ASAJA Palencia<\/title>\n<meta name=\"description\" content=\"El Grupo de Acci\u00f3n Local Asociaci\u00f3n para el Desarrollo Rural Integral de las Comarcas Naturales de los P\u00e1ramos y Valles Palentinos, (A.D.R.I. \u201cP\u00e1ramos y\" \/>\n<meta name=\"robots\" content=\"index, follow, max-snippet:-1, max-image-preview:large, max-video-preview:-1\" \/>\n<link rel=\"canonical\" href=\"https:\/\/www.asajacyl.com\/palencia\/asaja-palencia-informa\/ayudas-del-grupo-de-accion-local-paramos-y-valles-por-un-importe-total-aproximado-de-12-millones-de-euros\" \/>\n<meta property=\"og:locale\" content=\"es_ES\" \/>\n<meta property=\"og:type\" content=\"article\" \/>\n<meta property=\"og:title\" content=\"Ayudas del grupo de acci\u00f3n local P\u00e1ramos y Valles por un importe total aproximado de 1,2 millones de euros - ASAJA Palencia\" \/>\n<meta property=\"og:description\" content=\"El Grupo de Acci\u00f3n Local Asociaci\u00f3n para el Desarrollo Rural Integral de las Comarcas Naturales de los P\u00e1ramos y Valles Palentinos, (A.D.R.I. \u201cP\u00e1ramos y\" \/>\n<meta property=\"og:url\" content=\"https:\/\/www.asajacyl.com\/palencia\/asaja-palencia-informa\/ayudas-del-grupo-de-accion-local-paramos-y-valles-por-un-importe-total-aproximado-de-12-millones-de-euros\" \/>\n<meta property=\"og:site_name\" content=\"ASAJA Palencia\" \/>\n<meta property=\"article:published_time\" content=\"2024-08-21T10:39:59+00:00\" \/>\n<meta property=\"article:modified_time\" content=\"2024-09-03T10:25:42+00:00\" \/>\n<meta property=\"og:image\" content=\"https:\/\/www.asajacyl.com\/palencia\/wp-content\/uploads\/sites\/3\/2021\/05\/raygrass-2.jpg\" \/>\n\t<meta property=\"og:image:width\" content=\"2016\" \/>\n\t<meta property=\"og:image:height\" content=\"1512\" \/>\n\t<meta property=\"og:image:type\" content=\"image\/jpeg\" \/>\n<meta name=\"author\" content=\"Administrador\" \/>\n<meta name=\"twitter:card\" content=\"summary_large_image\" \/>\n<meta name=\"twitter:label1\" content=\"Escrito por\" \/>\n\t<meta name=\"twitter:data1\" content=\"Administrador\" \/>\n\t<meta name=\"twitter:label2\" content=\"Tiempo de lectura\" \/>\n\t<meta name=\"twitter:data2\" content=\"3 minutos\" \/>\n<script type=\"application\/ld+json\" class=\"yoast-schema-graph\">{\"@context\":\"https:\/\/schema.org\",\"@graph\":[{\"@type\":\"WebPage\",\"@id\":\"https:\/\/www.asajacyl.com\/palencia\/asaja-palencia-informa\/ayudas-del-grupo-de-accion-local-paramos-y-valles-por-un-importe-total-aproximado-de-12-millones-de-euros\",\"url\":\"https:\/\/www.asajacyl.com\/palencia\/asaja-palencia-informa\/ayudas-del-grupo-de-accion-local-paramos-y-valles-por-un-importe-total-aproximado-de-12-millones-de-euros\",\"name\":\"Ayudas del grupo de acci\u00f3n local P\u00e1ramos y Valles por un importe total aproximado de 1,2 millones de euros - ASAJA Palencia\",\"isPartOf\":{\"@id\":\"https:\/\/www.asajacyl.com\/palencia\/#website\"},\"primaryImageOfPage\":{\"@id\":\"https:\/\/www.asajacyl.com\/palencia\/asaja-palencia-informa\/ayudas-del-grupo-de-accion-local-paramos-y-valles-por-un-importe-total-aproximado-de-12-millones-de-euros#primaryimage\"},\"image\":{\"@id\":\"https:\/\/www.asajacyl.com\/palencia\/asaja-palencia-informa\/ayudas-del-grupo-de-accion-local-paramos-y-valles-por-un-importe-total-aproximado-de-12-millones-de-euros#primaryimage\"},\"thumbnailUrl\":\"https:\/\/www.asajacyl.com\/palencia\/wp-content\/uploads\/sites\/3\/2021\/05\/raygrass-2.jpg\",\"datePublished\":\"2024-08-21T10:39:59+00:00\",\"dateModified\":\"2024-09-03T10:25:42+00:00\",\"author\":{\"@id\":\"https:\/\/www.asajacyl.com\/palencia\/#\/schema\/person\/3ab17aeb03527485c317557fae64aab1\"},\"description\":\"El Grupo de Acci\u00f3n Local Asociaci\u00f3n para el Desarrollo Rural Integral de las Comarcas Naturales de los P\u00e1ramos y Valles Palentinos, (A.D.R.I. \u201cP\u00e1ramos y\",\"breadcrumb\":{\"@id\":\"https:\/\/www.asajacyl.com\/palencia\/asaja-palencia-informa\/ayudas-del-grupo-de-accion-local-paramos-y-valles-por-un-importe-total-aproximado-de-12-millones-de-euros#breadcrumb\"},\"inLanguage\":\"es\",\"potentialAction\":[{\"@type\":\"ReadAction\",\"target\":[\"https:\/\/www.asajacyl.com\/palencia\/asaja-palencia-informa\/ayudas-del-grupo-de-accion-local-paramos-y-valles-por-un-importe-total-aproximado-de-12-millones-de-euros\"]}]},{\"@type\":\"ImageObject\",\"inLanguage\":\"es\",\"@id\":\"https:\/\/www.asajacyl.com\/palencia\/asaja-palencia-informa\/ayudas-del-grupo-de-accion-local-paramos-y-valles-por-un-importe-total-aproximado-de-12-millones-de-euros#primaryimage\",\"url\":\"https:\/\/www.asajacyl.com\/palencia\/wp-content\/uploads\/sites\/3\/2021\/05\/raygrass-2.jpg\",\"contentUrl\":\"https:\/\/www.asajacyl.com\/palencia\/wp-content\/uploads\/sites\/3\/2021\/05\/raygrass-2.jpg\",\"width\":2016,\"height\":1512},{\"@type\":\"BreadcrumbList\",\"@id\":\"https:\/\/www.asajacyl.com\/palencia\/asaja-palencia-informa\/ayudas-del-grupo-de-accion-local-paramos-y-valles-por-un-importe-total-aproximado-de-12-millones-de-euros#breadcrumb\",\"itemListElement\":[{\"@type\":\"ListItem\",\"position\":1,\"name\":\"Portada\",\"item\":\"https:\/\/www.asajacyl.com\/palencia\/\"},{\"@type\":\"ListItem\",\"position\":2,\"name\":\"Ayudas del grupo de acci\u00f3n local P\u00e1ramos y Valles por un importe total aproximado de 1,2 millones de euros\"}]},{\"@type\":\"WebSite\",\"@id\":\"https:\/\/www.asajacyl.com\/palencia\/#website\",\"url\":\"https:\/\/www.asajacyl.com\/palencia\/\",\"name\":\"ASAJA Palencia\",\"description\":\"Otro sitio m\u00e1s de Provincias ASAJA Castilla y Le\u00f3n\",\"potentialAction\":[{\"@type\":\"SearchAction\",\"target\":{\"@type\":\"EntryPoint\",\"urlTemplate\":\"https:\/\/www.asajacyl.com\/palencia\/?s={search_term_string}\"},\"query-input\":{\"@type\":\"PropertyValueSpecification\",\"valueRequired\":true,\"valueName\":\"search_term_string\"}}],\"inLanguage\":\"es\"},{\"@type\":\"Person\",\"@id\":\"https:\/\/www.asajacyl.com\/palencia\/#\/schema\/person\/3ab17aeb03527485c317557fae64aab1\",\"name\":\"Administrador\",\"image\":{\"@type\":\"ImageObject\",\"inLanguage\":\"es\",\"@id\":\"https:\/\/www.asajacyl.com\/palencia\/#\/schema\/person\/image\/\",\"url\":\"https:\/\/secure.gravatar.com\/avatar\/517384810d242ca9e38c180f3c9fb973?s=96&d=mm&r=g\",\"contentUrl\":\"https:\/\/secure.gravatar.com\/avatar\/517384810d242ca9e38c180f3c9fb973?s=96&d=mm&r=g\",\"caption\":\"Administrador\"},\"url\":\"https:\/\/www.asajacyl.com\/palencia\/author\/carlosrm\"}]}<\/script>\n<!-- \/ Yoast SEO plugin. -->","yoast_head_json":{"title":"Ayudas del grupo de acci\u00f3n local P\u00e1ramos y Valles por un importe total aproximado de 1,2 millones de euros - ASAJA Palencia","description":"El Grupo de Acci\u00f3n Local Asociaci\u00f3n para el Desarrollo Rural Integral de las Comarcas Naturales de los P\u00e1ramos y Valles Palentinos, (A.D.R.I. \u201cP\u00e1ramos y","robots":{"index":"index","follow":"follow","max-snippet":"max-snippet:-1","max-image-preview":"max-image-preview:large","max-video-preview":"max-video-preview:-1"},"canonical":"https:\/\/www.asajacyl.com\/palencia\/asaja-palencia-informa\/ayudas-del-grupo-de-accion-local-paramos-y-valles-por-un-importe-total-aproximado-de-12-millones-de-euros","og_locale":"es_ES","og_type":"article","og_title":"Ayudas del grupo de acci\u00f3n local P\u00e1ramos y Valles por un importe total aproximado de 1,2 millones de euros - ASAJA Palencia","og_description":"El Grupo de Acci\u00f3n Local Asociaci\u00f3n para el Desarrollo Rural Integral de las Comarcas Naturales de los P\u00e1ramos y Valles Palentinos, (A.D.R.I. \u201cP\u00e1ramos y","og_url":"https:\/\/www.asajacyl.com\/palencia\/asaja-palencia-informa\/ayudas-del-grupo-de-accion-local-paramos-y-valles-por-un-importe-total-aproximado-de-12-millones-de-euros","og_site_name":"ASAJA Palencia","article_published_time":"2024-08-21T10:39:59+00:00","article_modified_time":"2024-09-03T10:25:42+00:00","og_image":[{"width":2016,"height":1512,"url":"https:\/\/www.asajacyl.com\/palencia\/wp-content\/uploads\/sites\/3\/2021\/05\/raygrass-2.jpg","type":"image\/jpeg"}],"author":"Administrador","twitter_card":"summary_large_image","twitter_misc":{"Escrito por":"Administrador","Tiempo de lectura":"3 minutos"},"schema":{"@context":"https:\/\/schema.org","@graph":[{"@type":"WebPage","@id":"https:\/\/www.asajacyl.com\/palencia\/asaja-palencia-informa\/ayudas-del-grupo-de-accion-local-paramos-y-valles-por-un-importe-total-aproximado-de-12-millones-de-euros","url":"https:\/\/www.asajacyl.com\/palencia\/asaja-palencia-informa\/ayudas-del-grupo-de-accion-local-paramos-y-valles-por-un-importe-total-aproximado-de-12-millones-de-euros","name":"Ayudas del grupo de acci\u00f3n local P\u00e1ramos y Valles por un importe total aproximado de 1,2 millones de euros - ASAJA Palencia","isPartOf":{"@id":"https:\/\/www.asajacyl.com\/palencia\/#website"},"primaryImageOfPage":{"@id":"https:\/\/www.asajacyl.com\/palencia\/asaja-palencia-informa\/ayudas-del-grupo-de-accion-local-paramos-y-valles-por-un-importe-total-aproximado-de-12-millones-de-euros#primaryimage"},"image":{"@id":"https:\/\/www.asajacyl.com\/palencia\/asaja-palencia-informa\/ayudas-del-grupo-de-accion-local-paramos-y-valles-por-un-importe-total-aproximado-de-12-millones-de-euros#primaryimage"},"thumbnailUrl":"https:\/\/www.asajacyl.com\/palencia\/wp-content\/uploads\/sites\/3\/2021\/05\/raygrass-2.jpg","datePublished":"2024-08-21T10:39:59+00:00","dateModified":"2024-09-03T10:25:42+00:00","author":{"@id":"https:\/\/www.asajacyl.com\/palencia\/#\/schema\/person\/3ab17aeb03527485c317557fae64aab1"},"description":"El Grupo de Acci\u00f3n Local Asociaci\u00f3n para el Desarrollo Rural Integral de las Comarcas Naturales de los P\u00e1ramos y Valles Palentinos, (A.D.R.I. \u201cP\u00e1ramos y","breadcrumb":{"@id":"https:\/\/www.asajacyl.com\/palencia\/asaja-palencia-informa\/ayudas-del-grupo-de-accion-local-paramos-y-valles-por-un-importe-total-aproximado-de-12-millones-de-euros#breadcrumb"},"inLanguage":"es","potentialAction":[{"@type":"ReadAction","target":["https:\/\/www.asajacyl.com\/palencia\/asaja-palencia-informa\/ayudas-del-grupo-de-accion-local-paramos-y-valles-por-un-importe-total-aproximado-de-12-millones-de-euros"]}]},{"@type":"ImageObject","inLanguage":"es","@id":"https:\/\/www.asajacyl.com\/palencia\/asaja-palencia-informa\/ayudas-del-grupo-de-accion-local-paramos-y-valles-por-un-importe-total-aproximado-de-12-millones-de-euros#primaryimage","url":"https:\/\/www.asajacyl.com\/palencia\/wp-content\/uploads\/sites\/3\/2021\/05\/raygrass-2.jpg","contentUrl":"https:\/\/www.asajacyl.com\/palencia\/wp-content\/uploads\/sites\/3\/2021\/05\/raygrass-2.jpg","width":2016,"height":1512},{"@type":"BreadcrumbList","@id":"https:\/\/www.asajacyl.com\/palencia\/asaja-palencia-informa\/ayudas-del-grupo-de-accion-local-paramos-y-valles-por-un-importe-total-aproximado-de-12-millones-de-euros#breadcrumb","itemListElement":[{"@type":"ListItem","position":1,"name":"Portada","item":"https:\/\/www.asajacyl.com\/palencia\/"},{"@type":"ListItem","position":2,"name":"Ayudas del grupo de acci\u00f3n local P\u00e1ramos y Valles por un importe total aproximado de 1,2 millones de euros"}]},{"@type":"WebSite","@id":"https:\/\/www.asajacyl.com\/palencia\/#website","url":"https:\/\/www.asajacyl.com\/palencia\/","name":"ASAJA Palencia","description":"Otro sitio m\u00e1s de Provincias ASAJA Castilla y Le\u00f3n","potentialAction":[{"@type":"SearchAction","target":{"@type":"EntryPoint","urlTemplate":"https:\/\/www.asajacyl.com\/palencia\/?s={search_term_string}"},"query-input":{"@type":"PropertyValueSpecification","valueRequired":true,"valueName":"search_term_string"}}],"inLanguage":"es"},{"@type":"Person","@id":"https:\/\/www.asajacyl.com\/palencia\/#\/schema\/person\/3ab17aeb03527485c317557fae64aab1","name":"Administrador","image":{"@type":"ImageObject","inLanguage":"es","@id":"https:\/\/www.asajacyl.com\/palencia\/#\/schema\/person\/image\/","url":"https:\/\/secure.gravatar.com\/avatar\/517384810d242ca9e38c180f3c9fb973?s=96&d=mm&r=g","contentUrl":"https:\/\/secure.gravatar.com\/avatar\/517384810d242ca9e38c180f3c9fb973?s=96&d=mm&r=g","caption":"Administrador"},"url":"https:\/\/www.asajacyl.com\/palencia\/author\/carlosrm"}]}},"_links":{"self":[{"href":"https:\/\/www.asajacyl.com\/palencia\/wp-json\/wp\/v2\/posts\/17112"}],"collection":[{"href":"https:\/\/www.asajacyl.com\/palencia\/wp-json\/wp\/v2\/posts"}],"about":[{"href":"https:\/\/www.asajacyl.com\/palencia\/wp-json\/wp\/v2\/types\/post"}],"author":[{"embeddable":true,"href":"https:\/\/www.asajacyl.com\/palencia\/wp-json\/wp\/v2\/users\/9"}],"replies":[{"embeddable":true,"href":"https:\/\/www.asajacyl.com\/palencia\/wp-json\/wp\/v2\/comments?post=17112"}],"version-history":[{"count":3,"href":"https:\/\/www.asajacyl.com\/palencia\/wp-json\/wp\/v2\/posts\/17112\/revisions"}],"predecessor-version":[{"id":17206,"href":"https:\/\/www.asajacyl.com\/palencia\/wp-json\/wp\/v2\/posts\/17112\/revisions\/17206"}],"wp:featuredmedia":[{"embeddable":true,"href":"https:\/\/www.asajacyl.com\/palencia\/wp-json\/wp\/v2\/media\/8271"}],"wp:attachment":[{"href":"https:\/\/www.asajacyl.com\/palencia\/wp-json\/wp\/v2\/media?parent=17112"}],"wp:term":[{"taxonomy":"category","embeddable":true,"href":"https:\/\/www.asajacyl.com\/palencia\/wp-json\/wp\/v2\/categories?post=17112"},{"taxonomy":"post_tag","embeddable":true,"href":"https:\/\/www.asajacyl.com\/palencia\/wp-json\/wp\/v2\/tags?post=17112"}],"curies":[{"name":"wp","href":"https:\/\/api.w.org\/{rel}","templated":true}]}}