{"id":17202,"date":"2024-09-06T10:00:00","date_gmt":"2024-09-06T08:00:00","guid":{"rendered":"https:\/\/www.asajacyl.com\/palencia\/?p=17202"},"modified":"2024-09-03T12:54:13","modified_gmt":"2024-09-03T10:54:13","slug":"los-servicios-agricolas-a-terceros-no-pueden-acogerse-a-las-subvenciones-del-adri-paramos-y-valles","status":"publish","type":"post","link":"https:\/\/www.asajacyl.com\/palencia\/sin-categoria\/los-servicios-agricolas-a-terceros-no-pueden-acogerse-a-las-subvenciones-del-adri-paramos-y-valles","title":{"rendered":"Los servicios agr\u00edcolas a terceros NO pueden acogerse a las ayudas del ADRI &#8216;P\u00e1ramos y Valles&#8217;"},"content":{"rendered":"\n<h2 class=\"wp-block-heading\">Los proyectos cuyo objeto sea la prestaci\u00f3n de servicios agr\u00edcolas a terceros no pueden beneficiarse de las subvenciones del grupor de acci\u00f3n local ADRI P\u00e1ramos y Vlles, que est\u00e1n dotadas con un presupuesto cercano a los 1,2 millones de euros. Seg\u00fan las bases de la convocatoria, adem\u00e1s se excluyen espec\u00edficamente las ayudas a pymes del sector de la producci\u00f3n agr\u00edcola primaria, del sector agroalimentario y del sector forestal.<\/h2>\n\n\n\n<p>A ra\u00edz de dudas que nos han planteado los socios tras informar de la <a href=\"https:\/\/www.asajacyl.com\/palencia\/asaja-palencia-informa\/ayudas-del-grupo-de-accion-local-paramos-y-valles-por-un-importe-total-aproximado-de-12-millones-de-euros\" target=\"_blank\" rel=\"noreferrer noopener\">convocatoria de subvenciones a proyectos productivos en el marco del plan estrat\u00e9gico de la PAC 2023-2027 en el grupo ADRI P\u00e1ramos y Valles<\/a>, ASAJA-Palencia aclara que las bases establecen expresamente que no son subvencionables los proyectos de pymes para prestar servicios agropecuarios a terceros. Tambi\u00e9n \u00abse excluyen espec\u00edficamente\u00bb los proyectos de los sectores agr\u00edcola primario, agroalimentario, forestal, acero, carb\u00f3n, construcci\u00f3n naval, fibras sint\u00e9ticas, transportes y energ\u00e9tico.<\/p>\n\n\n\n<p>No obstante, s\u00ed pueden optar a las ayudas proyectos del sector agr\u00edcola \u00absiempre que su objetivo final y prioritario <span style=\"text-decoration: underline\">no<\/span> sea la producci\u00f3n agraria en s\u00ed misma y planteen acuaciones cuya finalidad tenga un car\u00e1cter integrador y social (no la comercializaci\u00f3n de los productos), as\u00ed como la repoblaci\u00f3n de animales, animales de compa\u00f1\u00eda, producciones de pieles, pelo y pluma, y aquellos cuyo destino prioritario se <em>enfoque a actividades de educaci\u00f3n, turismo, deporte, ocio y tiempo libre<\/em>\u00bb (por ejemplo, una granja-escuela, un centro de aprendizaje o pr\u00e1ctica de equitaci\u00f3n, etc\u00e9tera, cuyos objetivos esenciales no son la producci\u00f3n agroganadera, sino los citados enfoques).<\/p>\n\n\n\n<p>En todo caso, aconsejamos a los asociados interesados en impulsar alg\u00fan proyecto en la zona informarse en la sede del GAL ADRI P\u00e1ramos y Valles (Avenida de Jos\u00e9 Quintana, 9 | 34100 Salda\u00f1a \u00b7 Tel\u00e9fono: 979 890 532), y en el correo electr\u00f3nico <em>adri@paramosyvalles.com<\/em>&nbsp;o consultar en su web&nbsp;<strong>https:\/\/paramosyvalles.com <\/strong>. <\/p>\n\n\n\n<p>Asimismo, caso de querer emprender un proyecto, o de haberlo impulsado recientemente, es recomendable acudir directamente a cada grupo de desarrollo rural cuyas bases tambi\u00e9n se han publicado, porque difieren muy puntualmente de unas zonas a otras, si bien en todas las convocatorias rigen unos criterios y unas exigencias muy semejantes, que vienen marcadas por las normativas europea, nacional y auton\u00f3mica.<strong>\/<\/strong><\/p>\n","protected":false},"excerpt":{"rendered":"<p>Los proyectos cuyo objeto sea la prestaci\u00f3n de servicios agr\u00edcolas a terceros no pueden beneficiarse de las subvenciones del grupor de acci\u00f3n local ADRI P\u00e1ramos y Vlles, que est\u00e1n dotadas con un presupuesto cercano a los 1,2 millones de euros. Seg\u00fan las bases de la convocatoria, adem\u00e1s se excluyen espec\u00edficamente las ayudas a pymes del [&hellip;]<\/p>\n","protected":false},"author":9,"featured_media":17209,"comment_status":"open","ping_status":"open","sticky":false,"template":"","format":"standard","meta":{"footnotes":""},"categories":[9,31,29,28,13,1],"tags":[58,59,351,370,77,1049,458,1048,531],"yoast_head":"<!-- This site is optimized with the Yoast SEO plugin v24.5 - https:\/\/yoast.com\/wordpress\/plugins\/seo\/ -->\n<title>Los servicios agr\u00edcolas a terceros NO pueden acogerse a las ayudas del ADRI &#039;P\u00e1ramos y Valles&#039; - ASAJA Palencia<\/title>\n<meta name=\"description\" content=\"Los proyectos cuyo objeto sea la prestaci\u00f3n de servicios agr\u00edcolas a terceros no pueden beneficiarse de las subvenciones del grupor de acci\u00f3n local ADRI\" \/>\n<meta name=\"robots\" content=\"index, follow, max-snippet:-1, max-image-preview:large, max-video-preview:-1\" \/>\n<link rel=\"canonical\" href=\"https:\/\/www.asajacyl.com\/palencia\/sin-categoria\/los-servicios-agricolas-a-terceros-no-pueden-acogerse-a-las-subvenciones-del-adri-paramos-y-valles\" \/>\n<meta property=\"og:locale\" content=\"es_ES\" \/>\n<meta property=\"og:type\" content=\"article\" \/>\n<meta property=\"og:title\" content=\"Los servicios agr\u00edcolas a terceros NO pueden acogerse a las ayudas del ADRI &#039;P\u00e1ramos y Valles&#039; - ASAJA Palencia\" \/>\n<meta property=\"og:description\" content=\"Los proyectos cuyo objeto sea la prestaci\u00f3n de servicios agr\u00edcolas a terceros no pueden beneficiarse de las subvenciones del grupor de acci\u00f3n local ADRI\" \/>\n<meta property=\"og:url\" content=\"https:\/\/www.asajacyl.com\/palencia\/sin-categoria\/los-servicios-agricolas-a-terceros-no-pueden-acogerse-a-las-subvenciones-del-adri-paramos-y-valles\" \/>\n<meta property=\"og:site_name\" content=\"ASAJA Palencia\" \/>\n<meta property=\"article:published_time\" content=\"2024-09-06T08:00:00+00:00\" \/>\n<meta property=\"og:image\" content=\"https:\/\/www.asajacyl.com\/palencia\/wp-content\/uploads\/sites\/3\/2024\/09\/Paramos-y-Valles-c-ADRI-web-1024x896.jpg\" \/>\n\t<meta property=\"og:image:width\" content=\"1024\" \/>\n\t<meta property=\"og:image:height\" content=\"896\" \/>\n\t<meta property=\"og:image:type\" content=\"image\/jpeg\" \/>\n<meta name=\"author\" content=\"Administrador\" \/>\n<meta name=\"twitter:card\" content=\"summary_large_image\" \/>\n<meta name=\"twitter:label1\" content=\"Escrito por\" \/>\n\t<meta name=\"twitter:data1\" content=\"Administrador\" \/>\n\t<meta name=\"twitter:label2\" content=\"Tiempo de lectura\" \/>\n\t<meta name=\"twitter:data2\" content=\"2 minutos\" \/>\n<script type=\"application\/ld+json\" class=\"yoast-schema-graph\">{\"@context\":\"https:\/\/schema.org\",\"@graph\":[{\"@type\":\"WebPage\",\"@id\":\"https:\/\/www.asajacyl.com\/palencia\/sin-categoria\/los-servicios-agricolas-a-terceros-no-pueden-acogerse-a-las-subvenciones-del-adri-paramos-y-valles\",\"url\":\"https:\/\/www.asajacyl.com\/palencia\/sin-categoria\/los-servicios-agricolas-a-terceros-no-pueden-acogerse-a-las-subvenciones-del-adri-paramos-y-valles\",\"name\":\"Los servicios agr\u00edcolas a terceros NO pueden acogerse a las ayudas del ADRI 'P\u00e1ramos y Valles' - ASAJA Palencia\",\"isPartOf\":{\"@id\":\"https:\/\/www.asajacyl.com\/palencia\/#website\"},\"primaryImageOfPage\":{\"@id\":\"https:\/\/www.asajacyl.com\/palencia\/sin-categoria\/los-servicios-agricolas-a-terceros-no-pueden-acogerse-a-las-subvenciones-del-adri-paramos-y-valles#primaryimage\"},\"image\":{\"@id\":\"https:\/\/www.asajacyl.com\/palencia\/sin-categoria\/los-servicios-agricolas-a-terceros-no-pueden-acogerse-a-las-subvenciones-del-adri-paramos-y-valles#primaryimage\"},\"thumbnailUrl\":\"https:\/\/www.asajacyl.com\/palencia\/wp-content\/uploads\/sites\/3\/2024\/09\/Paramos-y-Valles-c-ADRI-web.jpg\",\"datePublished\":\"2024-09-06T08:00:00+00:00\",\"author\":{\"@id\":\"https:\/\/www.asajacyl.com\/palencia\/#\/schema\/person\/3ab17aeb03527485c317557fae64aab1\"},\"description\":\"Los proyectos cuyo objeto sea la prestaci\u00f3n de servicios agr\u00edcolas a terceros no pueden beneficiarse de las subvenciones del grupor de acci\u00f3n local ADRI\",\"breadcrumb\":{\"@id\":\"https:\/\/www.asajacyl.com\/palencia\/sin-categoria\/los-servicios-agricolas-a-terceros-no-pueden-acogerse-a-las-subvenciones-del-adri-paramos-y-valles#breadcrumb\"},\"inLanguage\":\"es\",\"potentialAction\":[{\"@type\":\"ReadAction\",\"target\":[\"https:\/\/www.asajacyl.com\/palencia\/sin-categoria\/los-servicios-agricolas-a-terceros-no-pueden-acogerse-a-las-subvenciones-del-adri-paramos-y-valles\"]}]},{\"@type\":\"ImageObject\",\"inLanguage\":\"es\",\"@id\":\"https:\/\/www.asajacyl.com\/palencia\/sin-categoria\/los-servicios-agricolas-a-terceros-no-pueden-acogerse-a-las-subvenciones-del-adri-paramos-y-valles#primaryimage\",\"url\":\"https:\/\/www.asajacyl.com\/palencia\/wp-content\/uploads\/sites\/3\/2024\/09\/Paramos-y-Valles-c-ADRI-web.jpg\",\"contentUrl\":\"https:\/\/www.asajacyl.com\/palencia\/wp-content\/uploads\/sites\/3\/2024\/09\/Paramos-y-Valles-c-ADRI-web.jpg\",\"width\":1890,\"height\":1654},{\"@type\":\"BreadcrumbList\",\"@id\":\"https:\/\/www.asajacyl.com\/palencia\/sin-categoria\/los-servicios-agricolas-a-terceros-no-pueden-acogerse-a-las-subvenciones-del-adri-paramos-y-valles#breadcrumb\",\"itemListElement\":[{\"@type\":\"ListItem\",\"position\":1,\"name\":\"Portada\",\"item\":\"https:\/\/www.asajacyl.com\/palencia\/\"},{\"@type\":\"ListItem\",\"position\":2,\"name\":\"Los servicios agr\u00edcolas a terceros NO pueden acogerse a las ayudas del ADRI &#8216;P\u00e1ramos y Valles&#8217;\"}]},{\"@type\":\"WebSite\",\"@id\":\"https:\/\/www.asajacyl.com\/palencia\/#website\",\"url\":\"https:\/\/www.asajacyl.com\/palencia\/\",\"name\":\"ASAJA Palencia\",\"description\":\"Otro sitio m\u00e1s de Provincias ASAJA Castilla y Le\u00f3n\",\"potentialAction\":[{\"@type\":\"SearchAction\",\"target\":{\"@type\":\"EntryPoint\",\"urlTemplate\":\"https:\/\/www.asajacyl.com\/palencia\/?s={search_term_string}\"},\"query-input\":{\"@type\":\"PropertyValueSpecification\",\"valueRequired\":true,\"valueName\":\"search_term_string\"}}],\"inLanguage\":\"es\"},{\"@type\":\"Person\",\"@id\":\"https:\/\/www.asajacyl.com\/palencia\/#\/schema\/person\/3ab17aeb03527485c317557fae64aab1\",\"name\":\"Administrador\",\"image\":{\"@type\":\"ImageObject\",\"inLanguage\":\"es\",\"@id\":\"https:\/\/www.asajacyl.com\/palencia\/#\/schema\/person\/image\/\",\"url\":\"https:\/\/secure.gravatar.com\/avatar\/517384810d242ca9e38c180f3c9fb973?s=96&d=mm&r=g\",\"contentUrl\":\"https:\/\/secure.gravatar.com\/avatar\/517384810d242ca9e38c180f3c9fb973?s=96&d=mm&r=g\",\"caption\":\"Administrador\"},\"url\":\"https:\/\/www.asajacyl.com\/palencia\/author\/carlosrm\"}]}<\/script>\n<!-- \/ Yoast SEO plugin. -->","yoast_head_json":{"title":"Los servicios agr\u00edcolas a terceros NO pueden acogerse a las ayudas del ADRI 'P\u00e1ramos y Valles' - ASAJA Palencia","description":"Los proyectos cuyo objeto sea la prestaci\u00f3n de servicios agr\u00edcolas a terceros no pueden beneficiarse de las subvenciones del grupor de acci\u00f3n local ADRI","robots":{"index":"index","follow":"follow","max-snippet":"max-snippet:-1","max-image-preview":"max-image-preview:large","max-video-preview":"max-video-preview:-1"},"canonical":"https:\/\/www.asajacyl.com\/palencia\/sin-categoria\/los-servicios-agricolas-a-terceros-no-pueden-acogerse-a-las-subvenciones-del-adri-paramos-y-valles","og_locale":"es_ES","og_type":"article","og_title":"Los servicios agr\u00edcolas a terceros NO pueden acogerse a las ayudas del ADRI 'P\u00e1ramos y Valles' - ASAJA Palencia","og_description":"Los proyectos cuyo objeto sea la prestaci\u00f3n de servicios agr\u00edcolas a terceros no pueden beneficiarse de las subvenciones del grupor de acci\u00f3n local ADRI","og_url":"https:\/\/www.asajacyl.com\/palencia\/sin-categoria\/los-servicios-agricolas-a-terceros-no-pueden-acogerse-a-las-subvenciones-del-adri-paramos-y-valles","og_site_name":"ASAJA Palencia","article_published_time":"2024-09-06T08:00:00+00:00","og_image":[{"width":1024,"height":896,"url":"https:\/\/www.asajacyl.com\/palencia\/wp-content\/uploads\/sites\/3\/2024\/09\/Paramos-y-Valles-c-ADRI-web-1024x896.jpg","type":"image\/jpeg"}],"author":"Administrador","twitter_card":"summary_large_image","twitter_misc":{"Escrito por":"Administrador","Tiempo de lectura":"2 minutos"},"schema":{"@context":"https:\/\/schema.org","@graph":[{"@type":"WebPage","@id":"https:\/\/www.asajacyl.com\/palencia\/sin-categoria\/los-servicios-agricolas-a-terceros-no-pueden-acogerse-a-las-subvenciones-del-adri-paramos-y-valles","url":"https:\/\/www.asajacyl.com\/palencia\/sin-categoria\/los-servicios-agricolas-a-terceros-no-pueden-acogerse-a-las-subvenciones-del-adri-paramos-y-valles","name":"Los servicios agr\u00edcolas a terceros NO pueden acogerse a las ayudas del ADRI 'P\u00e1ramos y Valles' - ASAJA Palencia","isPartOf":{"@id":"https:\/\/www.asajacyl.com\/palencia\/#website"},"primaryImageOfPage":{"@id":"https:\/\/www.asajacyl.com\/palencia\/sin-categoria\/los-servicios-agricolas-a-terceros-no-pueden-acogerse-a-las-subvenciones-del-adri-paramos-y-valles#primaryimage"},"image":{"@id":"https:\/\/www.asajacyl.com\/palencia\/sin-categoria\/los-servicios-agricolas-a-terceros-no-pueden-acogerse-a-las-subvenciones-del-adri-paramos-y-valles#primaryimage"},"thumbnailUrl":"https:\/\/www.asajacyl.com\/palencia\/wp-content\/uploads\/sites\/3\/2024\/09\/Paramos-y-Valles-c-ADRI-web.jpg","datePublished":"2024-09-06T08:00:00+00:00","author":{"@id":"https:\/\/www.asajacyl.com\/palencia\/#\/schema\/person\/3ab17aeb03527485c317557fae64aab1"},"description":"Los proyectos cuyo objeto sea la prestaci\u00f3n de servicios agr\u00edcolas a terceros no pueden beneficiarse de las subvenciones del grupor de acci\u00f3n local ADRI","breadcrumb":{"@id":"https:\/\/www.asajacyl.com\/palencia\/sin-categoria\/los-servicios-agricolas-a-terceros-no-pueden-acogerse-a-las-subvenciones-del-adri-paramos-y-valles#breadcrumb"},"inLanguage":"es","potentialAction":[{"@type":"ReadAction","target":["https:\/\/www.asajacyl.com\/palencia\/sin-categoria\/los-servicios-agricolas-a-terceros-no-pueden-acogerse-a-las-subvenciones-del-adri-paramos-y-valles"]}]},{"@type":"ImageObject","inLanguage":"es","@id":"https:\/\/www.asajacyl.com\/palencia\/sin-categoria\/los-servicios-agricolas-a-terceros-no-pueden-acogerse-a-las-subvenciones-del-adri-paramos-y-valles#primaryimage","url":"https:\/\/www.asajacyl.com\/palencia\/wp-content\/uploads\/sites\/3\/2024\/09\/Paramos-y-Valles-c-ADRI-web.jpg","contentUrl":"https:\/\/www.asajacyl.com\/palencia\/wp-content\/uploads\/sites\/3\/2024\/09\/Paramos-y-Valles-c-ADRI-web.jpg","width":1890,"height":1654},{"@type":"BreadcrumbList","@id":"https:\/\/www.asajacyl.com\/palencia\/sin-categoria\/los-servicios-agricolas-a-terceros-no-pueden-acogerse-a-las-subvenciones-del-adri-paramos-y-valles#breadcrumb","itemListElement":[{"@type":"ListItem","position":1,"name":"Portada","item":"https:\/\/www.asajacyl.com\/palencia\/"},{"@type":"ListItem","position":2,"name":"Los servicios agr\u00edcolas a terceros NO pueden acogerse a las ayudas del ADRI &#8216;P\u00e1ramos y Valles&#8217;"}]},{"@type":"WebSite","@id":"https:\/\/www.asajacyl.com\/palencia\/#website","url":"https:\/\/www.asajacyl.com\/palencia\/","name":"ASAJA Palencia","description":"Otro sitio m\u00e1s de Provincias ASAJA Castilla y Le\u00f3n","potentialAction":[{"@type":"SearchAction","target":{"@type":"EntryPoint","urlTemplate":"https:\/\/www.asajacyl.com\/palencia\/?s={search_term_string}"},"query-input":{"@type":"PropertyValueSpecification","valueRequired":true,"valueName":"search_term_string"}}],"inLanguage":"es"},{"@type":"Person","@id":"https:\/\/www.asajacyl.com\/palencia\/#\/schema\/person\/3ab17aeb03527485c317557fae64aab1","name":"Administrador","image":{"@type":"ImageObject","inLanguage":"es","@id":"https:\/\/www.asajacyl.com\/palencia\/#\/schema\/person\/image\/","url":"https:\/\/secure.gravatar.com\/avatar\/517384810d242ca9e38c180f3c9fb973?s=96&d=mm&r=g","contentUrl":"https:\/\/secure.gravatar.com\/avatar\/517384810d242ca9e38c180f3c9fb973?s=96&d=mm&r=g","caption":"Administrador"},"url":"https:\/\/www.asajacyl.com\/palencia\/author\/carlosrm"}]}},"_links":{"self":[{"href":"https:\/\/www.asajacyl.com\/palencia\/wp-json\/wp\/v2\/posts\/17202"}],"collection":[{"href":"https:\/\/www.asajacyl.com\/palencia\/wp-json\/wp\/v2\/posts"}],"about":[{"href":"https:\/\/www.asajacyl.com\/palencia\/wp-json\/wp\/v2\/types\/post"}],"author":[{"embeddable":true,"href":"https:\/\/www.asajacyl.com\/palencia\/wp-json\/wp\/v2\/users\/9"}],"replies":[{"embeddable":true,"href":"https:\/\/www.asajacyl.com\/palencia\/wp-json\/wp\/v2\/comments?post=17202"}],"version-history":[{"count":4,"href":"https:\/\/www.asajacyl.com\/palencia\/wp-json\/wp\/v2\/posts\/17202\/revisions"}],"predecessor-version":[{"id":17213,"href":"https:\/\/www.asajacyl.com\/palencia\/wp-json\/wp\/v2\/posts\/17202\/revisions\/17213"}],"wp:featuredmedia":[{"embeddable":true,"href":"https:\/\/www.asajacyl.com\/palencia\/wp-json\/wp\/v2\/media\/17209"}],"wp:attachment":[{"href":"https:\/\/www.asajacyl.com\/palencia\/wp-json\/wp\/v2\/media?parent=17202"}],"wp:term":[{"taxonomy":"category","embeddable":true,"href":"https:\/\/www.asajacyl.com\/palencia\/wp-json\/wp\/v2\/categories?post=17202"},{"taxonomy":"post_tag","embeddable":true,"href":"https:\/\/www.asajacyl.com\/palencia\/wp-json\/wp\/v2\/tags?post=17202"}],"curies":[{"name":"wp","href":"https:\/\/api.w.org\/{rel}","templated":true}]}}