{"id":17214,"date":"2024-09-07T10:00:00","date_gmt":"2024-09-07T08:00:00","guid":{"rendered":"https:\/\/www.asajacyl.com\/palencia\/?p=17214"},"modified":"2024-10-01T10:17:49","modified_gmt":"2024-10-01T08:17:49","slug":"116-ganaderos-de-palencia-percibiran-este-ano-la-ayuda-de-la-diputacion-para-los-gastos-de-mastines","status":"publish","type":"post","link":"https:\/\/www.asajacyl.com\/palencia\/asaja-palencia-informa\/116-ganaderos-de-palencia-percibiran-este-ano-la-ayuda-de-la-diputacion-para-los-gastos-de-mastines","title":{"rendered":"116 ganaderos de Palencia percibir\u00e1n este a\u00f1o la ayuda de la Diputaci\u00f3n para los gastos de mastines"},"content":{"rendered":"\n<h2 class=\"wp-block-heading\">La Diputaci\u00f3n de Palencia ha resuelto la segunda convocatoria de subvenciones a los ganaderos de la provincia para la prevenci\u00f3n de ataques de animales salvajes en la provincia, por la que la instituci\u00f3n sufraga una parte de los gastos de los perros utilizados para ese fin. Este a\u00f1o se han beneficiado de las ayudas 116 explotaciones, frente a las 77 de 2023 (casi el 51 % m\u00e1s). En total se sufragan con esta l\u00ednea parte de los gastos ocasionados por 154 perros de uso ganadero (se hab\u00edan solicitado para 179).<\/h2>\n\n\n\n<p>Tambi\u00e9n ha subido la cantidad distribuida por la instituci\u00f3n provincial, que ha pasado de los 46 500 euros de 2023 a los 53 900 euros en total concedidos este ejercicio (casi el 16 % m\u00e1s). La partida consignada en el presupuesto se hab\u00eda incrementado de una dotaci\u00f3n de  cincuenta mil euros el pasado a\u00f1o a sesenta mil euros en esta anualidad de 2024.<\/p>\n\n\n\n<p>Pueden acogerse a esta convocatoria los ganaderos de ovino, caprino, vacuno y ganado caballar cuya explotaci\u00f3n est\u00e9 inscrita en el REGA con domicilio en la provincia de Palencia. Los beneficiarios disponen ahora <strong>hasta el jueves 10 de octubre para presentar la justificaci\u00f3n.<\/strong><\/p>\n\n\n\n<p>Asimismo, la resoluci\u00f3n puede recurrirse por v\u00eda administrativa ante la propia Diputaci\u00f3n hasta el 3 de octubre, fecha en la que cumple el plazo de un mes desde la publicaci\u00f3n en el Bolet\u00edn Oficial de la Provincia, efectuada este martes 3 de septiembre, donde aparecen la relaci\u00f3n de ganaderos y entidades beneficiadas, as\u00ed como los anexos con una solicitud denegada y con trece desistidas por no subsanar errores.E<\/p>\n\n\n\n<p>El Servicio de Desarrollo Rural y Medio Ambiente de la Diputaci\u00f3n cre\u00f3 esta convocatoria el pasado a\u00f1o como respuesta al significativo aumento del n\u00famero de ataques de animales salvajes, especialmente del lobo, a ra\u00edz de la prohibici\u00f3n de su caza regulada, consecuencia de su inclusi\u00f3n en septiembre de 2021 en el listado de especies de m\u00e1xima protecci\u00f3n, decidida por el Ministerio de Transici\u00f3n Ecol\u00f3gica y Reto Demogr\u00e1fico.<\/p>\n\n\n\n<p>Las actuaciones subvencionables en la convocatoria en plazo de solicitud son los gastos efectuados desde el pasado 1 de marzo de 2024 hasta la fecha de justificaci\u00f3n (10 de octubre de 2024), referidos a estos conceptos:<\/p>\n\n\n\n<ul>\n<li>Adquisici\u00f3n de perros de raza mast\u00edn.<\/li>\n\n\n\n<li>Alimentaci\u00f3n de los mastines.<\/li>\n\n\n\n<li>Gastos veterinarios que se correspondan con la identificaci\u00f3n, vacunaci\u00f3n y desparasitaci\u00f3n obligatorias de los animales de raza mast\u00edn a subvencionar.<\/li>\n\n\n\n<li>Gastos veterinarios tendentes a restituir la salud de estos animales como consecuencia del ataque por animales salvajes.<\/li>\n<\/ul>\n\n\n\n<p><strong>350 EUROS POR ANIMAL.&nbsp;<\/strong>Inicialmente se preve\u00eda subvencionar, por orden de puntuaci\u00f3n, con 250 euros por animal y hasta 750 euros por explotaci\u00f3n. Sin embargo, al atenderse todas las solicitudes y quedar remanente, se reparte hasta los 350 euros por animal y 1.050 euros por explotaci\u00f3n, por orden de puntuaci\u00f3n.<\/p>\n\n\n\n<p>ASAJA-Palencia ha valorado positivamente la creaci\u00f3n de esta ayuda, en la medida en que puede contribuir a los crecientes gastos que deben soportar los ganaderos de la provincia como consecuencia del aumento de&nbsp;<a href=\"https:\/\/www.asajacyl.com\/palencia\/asaja-palencia-informa\/2023-se-salda-en-palencia-con-25-ataques-del-lobo-al-mes-cuatro-veces-mas-que-antes-de-prohibir-su-caza\">los ataques del lobo ib\u00e9rico, que se han multiplicado por cuatro&nbsp;<\/a>desde su inclusi\u00f3n por parte del Gobierno de Espa\u00f1a en la lista de especies de especial protecci\u00f3n.&nbsp;<strong>\/<\/strong><\/p>\n","protected":false},"excerpt":{"rendered":"<p>La Diputaci\u00f3n de Palencia ha resuelto la segunda convocatoria de subvenciones a los ganaderos de la provincia para la prevenci\u00f3n de ataques de animales salvajes en la provincia, por la que la instituci\u00f3n sufraga una parte de los gastos de los perros utilizados para ese fin. Este a\u00f1o se han beneficiado de las ayudas 116 [&hellip;]<\/p>\n","protected":false},"author":9,"featured_media":17215,"comment_status":"open","ping_status":"open","sticky":false,"template":"","format":"standard","meta":{"footnotes":""},"categories":[9,31,29,28,35,13],"tags":[59,234,183,656,351,847,77,474,102,143],"yoast_head":"<!-- This site is optimized with the Yoast SEO plugin v24.5 - https:\/\/yoast.com\/wordpress\/plugins\/seo\/ -->\n<title>116 ganaderos de Palencia percibir\u00e1n este a\u00f1o la ayuda de la Diputaci\u00f3n para los gastos de mastines - ASAJA Palencia<\/title>\n<meta name=\"description\" content=\"La Diputaci\u00f3n de Palencia ha resuelto la segunda convocatoria de subvenciones a los ganaderos de la provincia para la prevenci\u00f3n de ataques de animales\" \/>\n<meta name=\"robots\" content=\"index, follow, max-snippet:-1, max-image-preview:large, max-video-preview:-1\" \/>\n<link rel=\"canonical\" href=\"https:\/\/www.asajacyl.com\/palencia\/asaja-palencia-informa\/116-ganaderos-de-palencia-percibiran-este-ano-la-ayuda-de-la-diputacion-para-los-gastos-de-mastines\" \/>\n<meta property=\"og:locale\" content=\"es_ES\" \/>\n<meta property=\"og:type\" content=\"article\" \/>\n<meta property=\"og:title\" content=\"116 ganaderos de Palencia percibir\u00e1n este a\u00f1o la ayuda de la Diputaci\u00f3n para los gastos de mastines - ASAJA Palencia\" \/>\n<meta property=\"og:description\" content=\"La Diputaci\u00f3n de Palencia ha resuelto la segunda convocatoria de subvenciones a los ganaderos de la provincia para la prevenci\u00f3n de ataques de animales\" \/>\n<meta property=\"og:url\" content=\"https:\/\/www.asajacyl.com\/palencia\/asaja-palencia-informa\/116-ganaderos-de-palencia-percibiran-este-ano-la-ayuda-de-la-diputacion-para-los-gastos-de-mastines\" \/>\n<meta property=\"og:site_name\" content=\"ASAJA Palencia\" \/>\n<meta property=\"article:published_time\" content=\"2024-09-07T08:00:00+00:00\" \/>\n<meta property=\"article:modified_time\" content=\"2024-10-01T08:17:49+00:00\" \/>\n<meta property=\"og:image\" content=\"https:\/\/www.asajacyl.com\/palencia\/wp-content\/uploads\/sites\/3\/2024\/09\/Mastin-negro-con-ovino.jpg\" \/>\n\t<meta property=\"og:image:width\" content=\"1890\" \/>\n\t<meta property=\"og:image:height\" content=\"1654\" \/>\n\t<meta property=\"og:image:type\" content=\"image\/jpeg\" \/>\n<meta name=\"author\" content=\"Administrador\" \/>\n<meta name=\"twitter:card\" content=\"summary_large_image\" \/>\n<meta name=\"twitter:label1\" content=\"Escrito por\" \/>\n\t<meta name=\"twitter:data1\" content=\"Administrador\" \/>\n\t<meta name=\"twitter:label2\" content=\"Tiempo de lectura\" \/>\n\t<meta name=\"twitter:data2\" content=\"3 minutos\" \/>\n<script type=\"application\/ld+json\" class=\"yoast-schema-graph\">{\"@context\":\"https:\/\/schema.org\",\"@graph\":[{\"@type\":\"WebPage\",\"@id\":\"https:\/\/www.asajacyl.com\/palencia\/asaja-palencia-informa\/116-ganaderos-de-palencia-percibiran-este-ano-la-ayuda-de-la-diputacion-para-los-gastos-de-mastines\",\"url\":\"https:\/\/www.asajacyl.com\/palencia\/asaja-palencia-informa\/116-ganaderos-de-palencia-percibiran-este-ano-la-ayuda-de-la-diputacion-para-los-gastos-de-mastines\",\"name\":\"116 ganaderos de Palencia percibir\u00e1n este a\u00f1o la ayuda de la Diputaci\u00f3n para los gastos de mastines - ASAJA Palencia\",\"isPartOf\":{\"@id\":\"https:\/\/www.asajacyl.com\/palencia\/#website\"},\"primaryImageOfPage\":{\"@id\":\"https:\/\/www.asajacyl.com\/palencia\/asaja-palencia-informa\/116-ganaderos-de-palencia-percibiran-este-ano-la-ayuda-de-la-diputacion-para-los-gastos-de-mastines#primaryimage\"},\"image\":{\"@id\":\"https:\/\/www.asajacyl.com\/palencia\/asaja-palencia-informa\/116-ganaderos-de-palencia-percibiran-este-ano-la-ayuda-de-la-diputacion-para-los-gastos-de-mastines#primaryimage\"},\"thumbnailUrl\":\"https:\/\/www.asajacyl.com\/palencia\/wp-content\/uploads\/sites\/3\/2024\/09\/Mastin-negro-con-ovino.jpg\",\"datePublished\":\"2024-09-07T08:00:00+00:00\",\"dateModified\":\"2024-10-01T08:17:49+00:00\",\"author\":{\"@id\":\"https:\/\/www.asajacyl.com\/palencia\/#\/schema\/person\/3ab17aeb03527485c317557fae64aab1\"},\"description\":\"La Diputaci\u00f3n de Palencia ha resuelto la segunda convocatoria de subvenciones a los ganaderos de la provincia para la prevenci\u00f3n de ataques de animales\",\"breadcrumb\":{\"@id\":\"https:\/\/www.asajacyl.com\/palencia\/asaja-palencia-informa\/116-ganaderos-de-palencia-percibiran-este-ano-la-ayuda-de-la-diputacion-para-los-gastos-de-mastines#breadcrumb\"},\"inLanguage\":\"es\",\"potentialAction\":[{\"@type\":\"ReadAction\",\"target\":[\"https:\/\/www.asajacyl.com\/palencia\/asaja-palencia-informa\/116-ganaderos-de-palencia-percibiran-este-ano-la-ayuda-de-la-diputacion-para-los-gastos-de-mastines\"]}]},{\"@type\":\"ImageObject\",\"inLanguage\":\"es\",\"@id\":\"https:\/\/www.asajacyl.com\/palencia\/asaja-palencia-informa\/116-ganaderos-de-palencia-percibiran-este-ano-la-ayuda-de-la-diputacion-para-los-gastos-de-mastines#primaryimage\",\"url\":\"https:\/\/www.asajacyl.com\/palencia\/wp-content\/uploads\/sites\/3\/2024\/09\/Mastin-negro-con-ovino.jpg\",\"contentUrl\":\"https:\/\/www.asajacyl.com\/palencia\/wp-content\/uploads\/sites\/3\/2024\/09\/Mastin-negro-con-ovino.jpg\",\"width\":1890,\"height\":1654},{\"@type\":\"BreadcrumbList\",\"@id\":\"https:\/\/www.asajacyl.com\/palencia\/asaja-palencia-informa\/116-ganaderos-de-palencia-percibiran-este-ano-la-ayuda-de-la-diputacion-para-los-gastos-de-mastines#breadcrumb\",\"itemListElement\":[{\"@type\":\"ListItem\",\"position\":1,\"name\":\"Portada\",\"item\":\"https:\/\/www.asajacyl.com\/palencia\/\"},{\"@type\":\"ListItem\",\"position\":2,\"name\":\"116 ganaderos de Palencia percibir\u00e1n este a\u00f1o la ayuda de la Diputaci\u00f3n para los gastos de mastines\"}]},{\"@type\":\"WebSite\",\"@id\":\"https:\/\/www.asajacyl.com\/palencia\/#website\",\"url\":\"https:\/\/www.asajacyl.com\/palencia\/\",\"name\":\"ASAJA Palencia\",\"description\":\"Otro sitio m\u00e1s de Provincias ASAJA Castilla y Le\u00f3n\",\"potentialAction\":[{\"@type\":\"SearchAction\",\"target\":{\"@type\":\"EntryPoint\",\"urlTemplate\":\"https:\/\/www.asajacyl.com\/palencia\/?s={search_term_string}\"},\"query-input\":{\"@type\":\"PropertyValueSpecification\",\"valueRequired\":true,\"valueName\":\"search_term_string\"}}],\"inLanguage\":\"es\"},{\"@type\":\"Person\",\"@id\":\"https:\/\/www.asajacyl.com\/palencia\/#\/schema\/person\/3ab17aeb03527485c317557fae64aab1\",\"name\":\"Administrador\",\"image\":{\"@type\":\"ImageObject\",\"inLanguage\":\"es\",\"@id\":\"https:\/\/www.asajacyl.com\/palencia\/#\/schema\/person\/image\/\",\"url\":\"https:\/\/secure.gravatar.com\/avatar\/517384810d242ca9e38c180f3c9fb973?s=96&d=mm&r=g\",\"contentUrl\":\"https:\/\/secure.gravatar.com\/avatar\/517384810d242ca9e38c180f3c9fb973?s=96&d=mm&r=g\",\"caption\":\"Administrador\"},\"url\":\"https:\/\/www.asajacyl.com\/palencia\/author\/carlosrm\"}]}<\/script>\n<!-- \/ Yoast SEO plugin. -->","yoast_head_json":{"title":"116 ganaderos de Palencia percibir\u00e1n este a\u00f1o la ayuda de la Diputaci\u00f3n para los gastos de mastines - ASAJA Palencia","description":"La Diputaci\u00f3n de Palencia ha resuelto la segunda convocatoria de subvenciones a los ganaderos de la provincia para la prevenci\u00f3n de ataques de animales","robots":{"index":"index","follow":"follow","max-snippet":"max-snippet:-1","max-image-preview":"max-image-preview:large","max-video-preview":"max-video-preview:-1"},"canonical":"https:\/\/www.asajacyl.com\/palencia\/asaja-palencia-informa\/116-ganaderos-de-palencia-percibiran-este-ano-la-ayuda-de-la-diputacion-para-los-gastos-de-mastines","og_locale":"es_ES","og_type":"article","og_title":"116 ganaderos de Palencia percibir\u00e1n este a\u00f1o la ayuda de la Diputaci\u00f3n para los gastos de mastines - ASAJA Palencia","og_description":"La Diputaci\u00f3n de Palencia ha resuelto la segunda convocatoria de subvenciones a los ganaderos de la provincia para la prevenci\u00f3n de ataques de animales","og_url":"https:\/\/www.asajacyl.com\/palencia\/asaja-palencia-informa\/116-ganaderos-de-palencia-percibiran-este-ano-la-ayuda-de-la-diputacion-para-los-gastos-de-mastines","og_site_name":"ASAJA Palencia","article_published_time":"2024-09-07T08:00:00+00:00","article_modified_time":"2024-10-01T08:17:49+00:00","og_image":[{"width":1890,"height":1654,"url":"https:\/\/www.asajacyl.com\/palencia\/wp-content\/uploads\/sites\/3\/2024\/09\/Mastin-negro-con-ovino.jpg","type":"image\/jpeg"}],"author":"Administrador","twitter_card":"summary_large_image","twitter_misc":{"Escrito por":"Administrador","Tiempo de lectura":"3 minutos"},"schema":{"@context":"https:\/\/schema.org","@graph":[{"@type":"WebPage","@id":"https:\/\/www.asajacyl.com\/palencia\/asaja-palencia-informa\/116-ganaderos-de-palencia-percibiran-este-ano-la-ayuda-de-la-diputacion-para-los-gastos-de-mastines","url":"https:\/\/www.asajacyl.com\/palencia\/asaja-palencia-informa\/116-ganaderos-de-palencia-percibiran-este-ano-la-ayuda-de-la-diputacion-para-los-gastos-de-mastines","name":"116 ganaderos de Palencia percibir\u00e1n este a\u00f1o la ayuda de la Diputaci\u00f3n para los gastos de mastines - ASAJA Palencia","isPartOf":{"@id":"https:\/\/www.asajacyl.com\/palencia\/#website"},"primaryImageOfPage":{"@id":"https:\/\/www.asajacyl.com\/palencia\/asaja-palencia-informa\/116-ganaderos-de-palencia-percibiran-este-ano-la-ayuda-de-la-diputacion-para-los-gastos-de-mastines#primaryimage"},"image":{"@id":"https:\/\/www.asajacyl.com\/palencia\/asaja-palencia-informa\/116-ganaderos-de-palencia-percibiran-este-ano-la-ayuda-de-la-diputacion-para-los-gastos-de-mastines#primaryimage"},"thumbnailUrl":"https:\/\/www.asajacyl.com\/palencia\/wp-content\/uploads\/sites\/3\/2024\/09\/Mastin-negro-con-ovino.jpg","datePublished":"2024-09-07T08:00:00+00:00","dateModified":"2024-10-01T08:17:49+00:00","author":{"@id":"https:\/\/www.asajacyl.com\/palencia\/#\/schema\/person\/3ab17aeb03527485c317557fae64aab1"},"description":"La Diputaci\u00f3n de Palencia ha resuelto la segunda convocatoria de subvenciones a los ganaderos de la provincia para la prevenci\u00f3n de ataques de animales","breadcrumb":{"@id":"https:\/\/www.asajacyl.com\/palencia\/asaja-palencia-informa\/116-ganaderos-de-palencia-percibiran-este-ano-la-ayuda-de-la-diputacion-para-los-gastos-de-mastines#breadcrumb"},"inLanguage":"es","potentialAction":[{"@type":"ReadAction","target":["https:\/\/www.asajacyl.com\/palencia\/asaja-palencia-informa\/116-ganaderos-de-palencia-percibiran-este-ano-la-ayuda-de-la-diputacion-para-los-gastos-de-mastines"]}]},{"@type":"ImageObject","inLanguage":"es","@id":"https:\/\/www.asajacyl.com\/palencia\/asaja-palencia-informa\/116-ganaderos-de-palencia-percibiran-este-ano-la-ayuda-de-la-diputacion-para-los-gastos-de-mastines#primaryimage","url":"https:\/\/www.asajacyl.com\/palencia\/wp-content\/uploads\/sites\/3\/2024\/09\/Mastin-negro-con-ovino.jpg","contentUrl":"https:\/\/www.asajacyl.com\/palencia\/wp-content\/uploads\/sites\/3\/2024\/09\/Mastin-negro-con-ovino.jpg","width":1890,"height":1654},{"@type":"BreadcrumbList","@id":"https:\/\/www.asajacyl.com\/palencia\/asaja-palencia-informa\/116-ganaderos-de-palencia-percibiran-este-ano-la-ayuda-de-la-diputacion-para-los-gastos-de-mastines#breadcrumb","itemListElement":[{"@type":"ListItem","position":1,"name":"Portada","item":"https:\/\/www.asajacyl.com\/palencia\/"},{"@type":"ListItem","position":2,"name":"116 ganaderos de Palencia percibir\u00e1n este a\u00f1o la ayuda de la Diputaci\u00f3n para los gastos de mastines"}]},{"@type":"WebSite","@id":"https:\/\/www.asajacyl.com\/palencia\/#website","url":"https:\/\/www.asajacyl.com\/palencia\/","name":"ASAJA Palencia","description":"Otro sitio m\u00e1s de Provincias ASAJA Castilla y Le\u00f3n","potentialAction":[{"@type":"SearchAction","target":{"@type":"EntryPoint","urlTemplate":"https:\/\/www.asajacyl.com\/palencia\/?s={search_term_string}"},"query-input":{"@type":"PropertyValueSpecification","valueRequired":true,"valueName":"search_term_string"}}],"inLanguage":"es"},{"@type":"Person","@id":"https:\/\/www.asajacyl.com\/palencia\/#\/schema\/person\/3ab17aeb03527485c317557fae64aab1","name":"Administrador","image":{"@type":"ImageObject","inLanguage":"es","@id":"https:\/\/www.asajacyl.com\/palencia\/#\/schema\/person\/image\/","url":"https:\/\/secure.gravatar.com\/avatar\/517384810d242ca9e38c180f3c9fb973?s=96&d=mm&r=g","contentUrl":"https:\/\/secure.gravatar.com\/avatar\/517384810d242ca9e38c180f3c9fb973?s=96&d=mm&r=g","caption":"Administrador"},"url":"https:\/\/www.asajacyl.com\/palencia\/author\/carlosrm"}]}},"_links":{"self":[{"href":"https:\/\/www.asajacyl.com\/palencia\/wp-json\/wp\/v2\/posts\/17214"}],"collection":[{"href":"https:\/\/www.asajacyl.com\/palencia\/wp-json\/wp\/v2\/posts"}],"about":[{"href":"https:\/\/www.asajacyl.com\/palencia\/wp-json\/wp\/v2\/types\/post"}],"author":[{"embeddable":true,"href":"https:\/\/www.asajacyl.com\/palencia\/wp-json\/wp\/v2\/users\/9"}],"replies":[{"embeddable":true,"href":"https:\/\/www.asajacyl.com\/palencia\/wp-json\/wp\/v2\/comments?post=17214"}],"version-history":[{"count":2,"href":"https:\/\/www.asajacyl.com\/palencia\/wp-json\/wp\/v2\/posts\/17214\/revisions"}],"predecessor-version":[{"id":17506,"href":"https:\/\/www.asajacyl.com\/palencia\/wp-json\/wp\/v2\/posts\/17214\/revisions\/17506"}],"wp:featuredmedia":[{"embeddable":true,"href":"https:\/\/www.asajacyl.com\/palencia\/wp-json\/wp\/v2\/media\/17215"}],"wp:attachment":[{"href":"https:\/\/www.asajacyl.com\/palencia\/wp-json\/wp\/v2\/media?parent=17214"}],"wp:term":[{"taxonomy":"category","embeddable":true,"href":"https:\/\/www.asajacyl.com\/palencia\/wp-json\/wp\/v2\/categories?post=17214"},{"taxonomy":"post_tag","embeddable":true,"href":"https:\/\/www.asajacyl.com\/palencia\/wp-json\/wp\/v2\/tags?post=17214"}],"curies":[{"name":"wp","href":"https:\/\/api.w.org\/{rel}","templated":true}]}}