{"id":17225,"date":"2024-09-05T19:03:41","date_gmt":"2024-09-05T17:03:41","guid":{"rendered":"https:\/\/www.asajacyl.com\/palencia\/?p=17225"},"modified":"2024-09-05T19:03:46","modified_gmt":"2024-09-05T17:03:46","slug":"sube-la-alfalfa-en-rama-en-la-lonja-de-leon-donde-repiten-los-precios-bajos-del-cereal","status":"publish","type":"post","link":"https:\/\/www.asajacyl.com\/palencia\/asaja-palencia-informa\/sube-la-alfalfa-en-rama-en-la-lonja-de-leon-donde-repiten-los-precios-bajos-del-cereal","title":{"rendered":"Sube la alfalfa en rama en la Lonja de Le\u00f3n, donde repiten los precios bajos del cereal"},"content":{"rendered":"\n<h2 class=\"wp-block-heading\">Mientras todos los cereales repitieron los precios bajos de la pasada semana, la sesi\u00f3n de la Lonja de Le\u00f3n celebrada este mi\u00e9rcoles 5 de septiembre ha constatado un repunte de la cotizaci\u00f3n de la alfalfa en rama, que gana cinco euros por tonelada con respecto al anterior precio, cuando ya subi\u00f3 otros cinco.<\/h2>\n\n\n\n<p>El paquete en rama de alfalfa ha pasado, pues, de los 160 euros\/tonelada al que se ven\u00eda pagando desde que vovi\u00f3 a cotizar en la primera semana de junio a 170 euros\/tonelada en esta primera sesi\u00f3n de septiembre de la mesa del forraje en la lonja leonesa, donde repitieron el resto de categor\u00edas y subrayan que la alfalfa fresca \u00absigue teniendo un precio competitivo respecto al resto de forrajes\u00bb.<\/p>\n\n\n\n<p>No obstante, hay que recordar que a lo largo de julio, el forraje convencional recuper\u00f3 en la Lonja de Le\u00f3n veinte euros euros y se situ\u00f3 en los 110 euros\/tonelada, precio que viene marc\u00e1ndose desde entonces; acaso por establecerse en el inicio de la campa\u00f1a una cotizaci\u00f3n en exceso prudente por la perspectiva de una buena cosecha que finalmente no ha generado tanta sobreoferta como se esperaba.<\/p>\n\n\n\n<p>En menor medida, la veza forrajera tambi\u00e9n ha tenido una correcci\u00f3n al alza, pero en menor grado: frente a los 125 euros\/tonelada de la primera cotizaci\u00f3n de campa\u00f1a, a mediados de junio, actualmente se paga a 130 euros\/tonelada, seg\u00fan la Lonja de Le\u00f3n donde volvi\u00f3 a repetir precio esta semana.<\/p>\n\n\n\n<p><strong>ESPA\u00d1A, L\u00cdDER IMPORTADOR DE UCRANIA.<\/strong> Por lo que respecta a los cereales, todas las categor\u00edas mantuvieron los bajos precios que han ido gener\u00e1ndose en la actual campa\u00f1a, lo que  sin duda estar\u00e1 generando no pocas dudas entre nuestros agricultores, que echan estos d\u00edas n\u00fameros para planificar la sementera. <\/p>\n\n\n\n<p>Desde luego, a estos precios no pocas explotaciones cerealistas producen a p\u00e9rdidas. \u00bfTendr\u00e1 algo que ver que Espa\u00f1a se ha convertido ya en 2023 en el primer pa\u00eds importador de Ucrania de toda la Uni\u00f3n Europea, como se ha conocido estos d\u00edas? <\/p>\n\n\n\n<p>Como ASAJA ya denunci\u00f3 en su momento, parece que a los agricultores de nuestro pa\u00eds se les est\u00e1 exigiendo a su costa un plus de solidaridad con el pueblo ucraniano en guerra, merced al relajo en las condiciones de importaci\u00f3n de grano a los puertos espa\u00f1oles, en cantidades ingentes y sin aranceles, que ataca directamente la l\u00ednea de flotaci\u00f3n de la rentabilidad de las explotaciones nacionales.<\/p>\n\n\n\n<figure class=\"wp-block-image size-large is-resized\"><img loading=\"lazy\" decoding=\"async\" width=\"1024\" height=\"768\" src=\"https:\/\/www.asajacyl.com\/palencia\/wp-content\/uploads\/sites\/3\/2024\/09\/Tabla-precios-agricultura-4sep2024-1024x768.png\" alt=\"\" class=\"wp-image-17226\" style=\"width:1067px;height:auto\" srcset=\"https:\/\/www.asajacyl.com\/palencia\/wp-content\/uploads\/sites\/3\/2024\/09\/Tabla-precios-agricultura-4sep2024-1024x768.png 1024w, https:\/\/www.asajacyl.com\/palencia\/wp-content\/uploads\/sites\/3\/2024\/09\/Tabla-precios-agricultura-4sep2024-300x225.png 300w, https:\/\/www.asajacyl.com\/palencia\/wp-content\/uploads\/sites\/3\/2024\/09\/Tabla-precios-agricultura-4sep2024-768x576.png 768w, https:\/\/www.asajacyl.com\/palencia\/wp-content\/uploads\/sites\/3\/2024\/09\/Tabla-precios-agricultura-4sep2024-1536x1152.png 1536w, https:\/\/www.asajacyl.com\/palencia\/wp-content\/uploads\/sites\/3\/2024\/09\/Tabla-precios-agricultura-4sep2024-2048x1536.png 2048w, https:\/\/www.asajacyl.com\/palencia\/wp-content\/uploads\/sites\/3\/2024\/09\/Tabla-precios-agricultura-4sep2024-560x420.png 560w, https:\/\/www.asajacyl.com\/palencia\/wp-content\/uploads\/sites\/3\/2024\/09\/Tabla-precios-agricultura-4sep2024-80x60.png 80w, https:\/\/www.asajacyl.com\/palencia\/wp-content\/uploads\/sites\/3\/2024\/09\/Tabla-precios-agricultura-4sep2024-696x522.png 696w, https:\/\/www.asajacyl.com\/palencia\/wp-content\/uploads\/sites\/3\/2024\/09\/Tabla-precios-agricultura-4sep2024-1068x801.png 1068w, https:\/\/www.asajacyl.com\/palencia\/wp-content\/uploads\/sites\/3\/2024\/09\/Tabla-precios-agricultura-4sep2024-1920x1440.png 1920w\" sizes=\"(max-width: 1024px) 100vw, 1024px\" \/><\/figure>\n","protected":false},"excerpt":{"rendered":"<p>Mientras todos los cereales repitieron los precios bajos de la pasada semana, la sesi\u00f3n de la Lonja de Le\u00f3n celebrada este mi\u00e9rcoles 5 de septiembre ha constatado un repunte de la cotizaci\u00f3n de la alfalfa en rama, que gana cinco euros por tonelada con respecto al anterior precio, cuando ya subi\u00f3 otros cinco. El paquete [&hellip;]<\/p>\n","protected":false},"author":9,"featured_media":16438,"comment_status":"open","ping_status":"open","sticky":false,"template":"","format":"standard","meta":{"footnotes":""},"categories":[9,29,28],"tags":[58,677,46,351,137,654,220,292],"yoast_head":"<!-- This site is optimized with the Yoast SEO plugin v24.5 - https:\/\/yoast.com\/wordpress\/plugins\/seo\/ -->\n<title>Sube la alfalfa en rama en la Lonja de Le\u00f3n, donde repiten los precios bajos del cereal - ASAJA Palencia<\/title>\n<meta name=\"description\" content=\"Mientras todos los cereales repitieron los precios bajos de la pasada semana, la sesi\u00f3n de la Lonja de Le\u00f3n celebrada este mi\u00e9rcoles 5 de septiembre ha\" \/>\n<meta name=\"robots\" content=\"index, follow, max-snippet:-1, max-image-preview:large, max-video-preview:-1\" \/>\n<link rel=\"canonical\" href=\"https:\/\/www.asajacyl.com\/palencia\/asaja-palencia-informa\/sube-la-alfalfa-en-rama-en-la-lonja-de-leon-donde-repiten-los-precios-bajos-del-cereal\" \/>\n<meta property=\"og:locale\" content=\"es_ES\" \/>\n<meta property=\"og:type\" content=\"article\" \/>\n<meta property=\"og:title\" content=\"Sube la alfalfa en rama en la Lonja de Le\u00f3n, donde repiten los precios bajos del cereal - ASAJA Palencia\" \/>\n<meta property=\"og:description\" content=\"Mientras todos los cereales repitieron los precios bajos de la pasada semana, la sesi\u00f3n de la Lonja de Le\u00f3n celebrada este mi\u00e9rcoles 5 de septiembre ha\" \/>\n<meta property=\"og:url\" content=\"https:\/\/www.asajacyl.com\/palencia\/asaja-palencia-informa\/sube-la-alfalfa-en-rama-en-la-lonja-de-leon-donde-repiten-los-precios-bajos-del-cereal\" \/>\n<meta property=\"og:site_name\" content=\"ASAJA Palencia\" \/>\n<meta property=\"article:published_time\" content=\"2024-09-05T17:03:41+00:00\" \/>\n<meta property=\"article:modified_time\" content=\"2024-09-05T17:03:46+00:00\" \/>\n<meta property=\"og:image\" content=\"https:\/\/www.asajacyl.com\/palencia\/wp-content\/uploads\/sites\/3\/2024\/06\/Alfalfa-c-Jose-Felix-Curieses-Villada.jpg\" \/>\n\t<meta property=\"og:image:width\" content=\"2500\" \/>\n\t<meta property=\"og:image:height\" content=\"1875\" \/>\n\t<meta property=\"og:image:type\" content=\"image\/jpeg\" \/>\n<meta name=\"author\" content=\"Administrador\" \/>\n<meta name=\"twitter:card\" content=\"summary_large_image\" \/>\n<meta name=\"twitter:label1\" content=\"Escrito por\" \/>\n\t<meta name=\"twitter:data1\" content=\"Administrador\" \/>\n\t<meta name=\"twitter:label2\" content=\"Tiempo de lectura\" \/>\n\t<meta name=\"twitter:data2\" content=\"3 minutos\" \/>\n<script type=\"application\/ld+json\" class=\"yoast-schema-graph\">{\"@context\":\"https:\/\/schema.org\",\"@graph\":[{\"@type\":\"WebPage\",\"@id\":\"https:\/\/www.asajacyl.com\/palencia\/asaja-palencia-informa\/sube-la-alfalfa-en-rama-en-la-lonja-de-leon-donde-repiten-los-precios-bajos-del-cereal\",\"url\":\"https:\/\/www.asajacyl.com\/palencia\/asaja-palencia-informa\/sube-la-alfalfa-en-rama-en-la-lonja-de-leon-donde-repiten-los-precios-bajos-del-cereal\",\"name\":\"Sube la alfalfa en rama en la Lonja de Le\u00f3n, donde repiten los precios bajos del cereal - ASAJA Palencia\",\"isPartOf\":{\"@id\":\"https:\/\/www.asajacyl.com\/palencia\/#website\"},\"primaryImageOfPage\":{\"@id\":\"https:\/\/www.asajacyl.com\/palencia\/asaja-palencia-informa\/sube-la-alfalfa-en-rama-en-la-lonja-de-leon-donde-repiten-los-precios-bajos-del-cereal#primaryimage\"},\"image\":{\"@id\":\"https:\/\/www.asajacyl.com\/palencia\/asaja-palencia-informa\/sube-la-alfalfa-en-rama-en-la-lonja-de-leon-donde-repiten-los-precios-bajos-del-cereal#primaryimage\"},\"thumbnailUrl\":\"https:\/\/www.asajacyl.com\/palencia\/wp-content\/uploads\/sites\/3\/2024\/06\/Alfalfa-c-Jose-Felix-Curieses-Villada.jpg\",\"datePublished\":\"2024-09-05T17:03:41+00:00\",\"dateModified\":\"2024-09-05T17:03:46+00:00\",\"author\":{\"@id\":\"https:\/\/www.asajacyl.com\/palencia\/#\/schema\/person\/3ab17aeb03527485c317557fae64aab1\"},\"description\":\"Mientras todos los cereales repitieron los precios bajos de la pasada semana, la sesi\u00f3n de la Lonja de Le\u00f3n celebrada este mi\u00e9rcoles 5 de septiembre ha\",\"breadcrumb\":{\"@id\":\"https:\/\/www.asajacyl.com\/palencia\/asaja-palencia-informa\/sube-la-alfalfa-en-rama-en-la-lonja-de-leon-donde-repiten-los-precios-bajos-del-cereal#breadcrumb\"},\"inLanguage\":\"es\",\"potentialAction\":[{\"@type\":\"ReadAction\",\"target\":[\"https:\/\/www.asajacyl.com\/palencia\/asaja-palencia-informa\/sube-la-alfalfa-en-rama-en-la-lonja-de-leon-donde-repiten-los-precios-bajos-del-cereal\"]}]},{\"@type\":\"ImageObject\",\"inLanguage\":\"es\",\"@id\":\"https:\/\/www.asajacyl.com\/palencia\/asaja-palencia-informa\/sube-la-alfalfa-en-rama-en-la-lonja-de-leon-donde-repiten-los-precios-bajos-del-cereal#primaryimage\",\"url\":\"https:\/\/www.asajacyl.com\/palencia\/wp-content\/uploads\/sites\/3\/2024\/06\/Alfalfa-c-Jose-Felix-Curieses-Villada.jpg\",\"contentUrl\":\"https:\/\/www.asajacyl.com\/palencia\/wp-content\/uploads\/sites\/3\/2024\/06\/Alfalfa-c-Jose-Felix-Curieses-Villada.jpg\",\"width\":2500,\"height\":1875},{\"@type\":\"BreadcrumbList\",\"@id\":\"https:\/\/www.asajacyl.com\/palencia\/asaja-palencia-informa\/sube-la-alfalfa-en-rama-en-la-lonja-de-leon-donde-repiten-los-precios-bajos-del-cereal#breadcrumb\",\"itemListElement\":[{\"@type\":\"ListItem\",\"position\":1,\"name\":\"Portada\",\"item\":\"https:\/\/www.asajacyl.com\/palencia\/\"},{\"@type\":\"ListItem\",\"position\":2,\"name\":\"Sube la alfalfa en rama en la Lonja de Le\u00f3n, donde repiten los precios bajos del cereal\"}]},{\"@type\":\"WebSite\",\"@id\":\"https:\/\/www.asajacyl.com\/palencia\/#website\",\"url\":\"https:\/\/www.asajacyl.com\/palencia\/\",\"name\":\"ASAJA Palencia\",\"description\":\"Otro sitio m\u00e1s de Provincias ASAJA Castilla y Le\u00f3n\",\"potentialAction\":[{\"@type\":\"SearchAction\",\"target\":{\"@type\":\"EntryPoint\",\"urlTemplate\":\"https:\/\/www.asajacyl.com\/palencia\/?s={search_term_string}\"},\"query-input\":{\"@type\":\"PropertyValueSpecification\",\"valueRequired\":true,\"valueName\":\"search_term_string\"}}],\"inLanguage\":\"es\"},{\"@type\":\"Person\",\"@id\":\"https:\/\/www.asajacyl.com\/palencia\/#\/schema\/person\/3ab17aeb03527485c317557fae64aab1\",\"name\":\"Administrador\",\"image\":{\"@type\":\"ImageObject\",\"inLanguage\":\"es\",\"@id\":\"https:\/\/www.asajacyl.com\/palencia\/#\/schema\/person\/image\/\",\"url\":\"https:\/\/secure.gravatar.com\/avatar\/517384810d242ca9e38c180f3c9fb973?s=96&d=mm&r=g\",\"contentUrl\":\"https:\/\/secure.gravatar.com\/avatar\/517384810d242ca9e38c180f3c9fb973?s=96&d=mm&r=g\",\"caption\":\"Administrador\"},\"url\":\"https:\/\/www.asajacyl.com\/palencia\/author\/carlosrm\"}]}<\/script>\n<!-- \/ Yoast SEO plugin. -->","yoast_head_json":{"title":"Sube la alfalfa en rama en la Lonja de Le\u00f3n, donde repiten los precios bajos del cereal - ASAJA Palencia","description":"Mientras todos los cereales repitieron los precios bajos de la pasada semana, la sesi\u00f3n de la Lonja de Le\u00f3n celebrada este mi\u00e9rcoles 5 de septiembre ha","robots":{"index":"index","follow":"follow","max-snippet":"max-snippet:-1","max-image-preview":"max-image-preview:large","max-video-preview":"max-video-preview:-1"},"canonical":"https:\/\/www.asajacyl.com\/palencia\/asaja-palencia-informa\/sube-la-alfalfa-en-rama-en-la-lonja-de-leon-donde-repiten-los-precios-bajos-del-cereal","og_locale":"es_ES","og_type":"article","og_title":"Sube la alfalfa en rama en la Lonja de Le\u00f3n, donde repiten los precios bajos del cereal - ASAJA Palencia","og_description":"Mientras todos los cereales repitieron los precios bajos de la pasada semana, la sesi\u00f3n de la Lonja de Le\u00f3n celebrada este mi\u00e9rcoles 5 de septiembre ha","og_url":"https:\/\/www.asajacyl.com\/palencia\/asaja-palencia-informa\/sube-la-alfalfa-en-rama-en-la-lonja-de-leon-donde-repiten-los-precios-bajos-del-cereal","og_site_name":"ASAJA Palencia","article_published_time":"2024-09-05T17:03:41+00:00","article_modified_time":"2024-09-05T17:03:46+00:00","og_image":[{"width":2500,"height":1875,"url":"https:\/\/www.asajacyl.com\/palencia\/wp-content\/uploads\/sites\/3\/2024\/06\/Alfalfa-c-Jose-Felix-Curieses-Villada.jpg","type":"image\/jpeg"}],"author":"Administrador","twitter_card":"summary_large_image","twitter_misc":{"Escrito por":"Administrador","Tiempo de lectura":"3 minutos"},"schema":{"@context":"https:\/\/schema.org","@graph":[{"@type":"WebPage","@id":"https:\/\/www.asajacyl.com\/palencia\/asaja-palencia-informa\/sube-la-alfalfa-en-rama-en-la-lonja-de-leon-donde-repiten-los-precios-bajos-del-cereal","url":"https:\/\/www.asajacyl.com\/palencia\/asaja-palencia-informa\/sube-la-alfalfa-en-rama-en-la-lonja-de-leon-donde-repiten-los-precios-bajos-del-cereal","name":"Sube la alfalfa en rama en la Lonja de Le\u00f3n, donde repiten los precios bajos del cereal - ASAJA Palencia","isPartOf":{"@id":"https:\/\/www.asajacyl.com\/palencia\/#website"},"primaryImageOfPage":{"@id":"https:\/\/www.asajacyl.com\/palencia\/asaja-palencia-informa\/sube-la-alfalfa-en-rama-en-la-lonja-de-leon-donde-repiten-los-precios-bajos-del-cereal#primaryimage"},"image":{"@id":"https:\/\/www.asajacyl.com\/palencia\/asaja-palencia-informa\/sube-la-alfalfa-en-rama-en-la-lonja-de-leon-donde-repiten-los-precios-bajos-del-cereal#primaryimage"},"thumbnailUrl":"https:\/\/www.asajacyl.com\/palencia\/wp-content\/uploads\/sites\/3\/2024\/06\/Alfalfa-c-Jose-Felix-Curieses-Villada.jpg","datePublished":"2024-09-05T17:03:41+00:00","dateModified":"2024-09-05T17:03:46+00:00","author":{"@id":"https:\/\/www.asajacyl.com\/palencia\/#\/schema\/person\/3ab17aeb03527485c317557fae64aab1"},"description":"Mientras todos los cereales repitieron los precios bajos de la pasada semana, la sesi\u00f3n de la Lonja de Le\u00f3n celebrada este mi\u00e9rcoles 5 de septiembre ha","breadcrumb":{"@id":"https:\/\/www.asajacyl.com\/palencia\/asaja-palencia-informa\/sube-la-alfalfa-en-rama-en-la-lonja-de-leon-donde-repiten-los-precios-bajos-del-cereal#breadcrumb"},"inLanguage":"es","potentialAction":[{"@type":"ReadAction","target":["https:\/\/www.asajacyl.com\/palencia\/asaja-palencia-informa\/sube-la-alfalfa-en-rama-en-la-lonja-de-leon-donde-repiten-los-precios-bajos-del-cereal"]}]},{"@type":"ImageObject","inLanguage":"es","@id":"https:\/\/www.asajacyl.com\/palencia\/asaja-palencia-informa\/sube-la-alfalfa-en-rama-en-la-lonja-de-leon-donde-repiten-los-precios-bajos-del-cereal#primaryimage","url":"https:\/\/www.asajacyl.com\/palencia\/wp-content\/uploads\/sites\/3\/2024\/06\/Alfalfa-c-Jose-Felix-Curieses-Villada.jpg","contentUrl":"https:\/\/www.asajacyl.com\/palencia\/wp-content\/uploads\/sites\/3\/2024\/06\/Alfalfa-c-Jose-Felix-Curieses-Villada.jpg","width":2500,"height":1875},{"@type":"BreadcrumbList","@id":"https:\/\/www.asajacyl.com\/palencia\/asaja-palencia-informa\/sube-la-alfalfa-en-rama-en-la-lonja-de-leon-donde-repiten-los-precios-bajos-del-cereal#breadcrumb","itemListElement":[{"@type":"ListItem","position":1,"name":"Portada","item":"https:\/\/www.asajacyl.com\/palencia\/"},{"@type":"ListItem","position":2,"name":"Sube la alfalfa en rama en la Lonja de Le\u00f3n, donde repiten los precios bajos del cereal"}]},{"@type":"WebSite","@id":"https:\/\/www.asajacyl.com\/palencia\/#website","url":"https:\/\/www.asajacyl.com\/palencia\/","name":"ASAJA Palencia","description":"Otro sitio m\u00e1s de Provincias ASAJA Castilla y Le\u00f3n","potentialAction":[{"@type":"SearchAction","target":{"@type":"EntryPoint","urlTemplate":"https:\/\/www.asajacyl.com\/palencia\/?s={search_term_string}"},"query-input":{"@type":"PropertyValueSpecification","valueRequired":true,"valueName":"search_term_string"}}],"inLanguage":"es"},{"@type":"Person","@id":"https:\/\/www.asajacyl.com\/palencia\/#\/schema\/person\/3ab17aeb03527485c317557fae64aab1","name":"Administrador","image":{"@type":"ImageObject","inLanguage":"es","@id":"https:\/\/www.asajacyl.com\/palencia\/#\/schema\/person\/image\/","url":"https:\/\/secure.gravatar.com\/avatar\/517384810d242ca9e38c180f3c9fb973?s=96&d=mm&r=g","contentUrl":"https:\/\/secure.gravatar.com\/avatar\/517384810d242ca9e38c180f3c9fb973?s=96&d=mm&r=g","caption":"Administrador"},"url":"https:\/\/www.asajacyl.com\/palencia\/author\/carlosrm"}]}},"_links":{"self":[{"href":"https:\/\/www.asajacyl.com\/palencia\/wp-json\/wp\/v2\/posts\/17225"}],"collection":[{"href":"https:\/\/www.asajacyl.com\/palencia\/wp-json\/wp\/v2\/posts"}],"about":[{"href":"https:\/\/www.asajacyl.com\/palencia\/wp-json\/wp\/v2\/types\/post"}],"author":[{"embeddable":true,"href":"https:\/\/www.asajacyl.com\/palencia\/wp-json\/wp\/v2\/users\/9"}],"replies":[{"embeddable":true,"href":"https:\/\/www.asajacyl.com\/palencia\/wp-json\/wp\/v2\/comments?post=17225"}],"version-history":[{"count":1,"href":"https:\/\/www.asajacyl.com\/palencia\/wp-json\/wp\/v2\/posts\/17225\/revisions"}],"predecessor-version":[{"id":17227,"href":"https:\/\/www.asajacyl.com\/palencia\/wp-json\/wp\/v2\/posts\/17225\/revisions\/17227"}],"wp:featuredmedia":[{"embeddable":true,"href":"https:\/\/www.asajacyl.com\/palencia\/wp-json\/wp\/v2\/media\/16438"}],"wp:attachment":[{"href":"https:\/\/www.asajacyl.com\/palencia\/wp-json\/wp\/v2\/media?parent=17225"}],"wp:term":[{"taxonomy":"category","embeddable":true,"href":"https:\/\/www.asajacyl.com\/palencia\/wp-json\/wp\/v2\/categories?post=17225"},{"taxonomy":"post_tag","embeddable":true,"href":"https:\/\/www.asajacyl.com\/palencia\/wp-json\/wp\/v2\/tags?post=17225"}],"curies":[{"name":"wp","href":"https:\/\/api.w.org\/{rel}","templated":true}]}}