{"id":17229,"date":"2024-09-08T10:00:00","date_gmt":"2024-09-08T08:00:00","guid":{"rendered":"https:\/\/www.asajacyl.com\/palencia\/?p=17229"},"modified":"2024-09-07T13:01:44","modified_gmt":"2024-09-07T11:01:44","slug":"asaja-pide-a-la-junta-soluciones-para-los-excluidos-de-la-ayuda-para-retirada-de-cubiertas-con-amianto","status":"publish","type":"post","link":"https:\/\/www.asajacyl.com\/palencia\/asaja-palencia-informa\/asaja-pide-a-la-junta-soluciones-para-los-excluidos-de-la-ayuda-para-retirada-de-cubiertas-con-amianto","title":{"rendered":"ASAJA pide a la Junta soluciones para los excluidos de la ayuda para retirada de cubiertas con amianto"},"content":{"rendered":"\n<h2 class=\"wp-block-heading\">ASAJA ha transmitido a la Consejer\u00eda de Industria, Comercio y Empleo de la Junta de Castilla y Le\u00f3n el malestar de numerosos agricultores y ganaderos de la comunidad que se han visto perjudicados al conocer en el \u00faltimo momento su exclusi\u00f3n de la ayuda a la retirada y sustituci\u00f3n de cubiertas con amianto, y haber asumido previamente gastos de la obra en el plazo exig\u00eda la convocatoria, a la que acudieron cuando ya la administraci\u00f3n regional era consciente de que la partida estaba agotada, sin difundirlo p\u00fablicamente.<\/h2>\n\n\n\n<p>El Bolet\u00edn Oficial de Castilla y Le\u00f3n public\u00f3 en abril la tercera convocatoria de estas ayudas, que pod\u00eda solicitarse entre el d\u00eda 11 de ese mes y hasta el 31 de julio. La normativa especificaba que los solicitantes deb\u00edan haber realizado la inversi\u00f3n en todo caso antes del 2 de septiembre. Al no resolverse la convocatoria hasta finales de agosto, todos uvieron que realizar la inversi\u00f3n previamente. ASAJA critica que llegue ahora la resoluci\u00f3n, cuando ya todos tienen la obra hecha, haya sido aprobada o denegada su solicitud. <\/p>\n\n\n\n<p>La organizaci\u00f3n profesional agraria subraya la incongruencia administrativa que ha llevado a esta situaci\u00f3n, que pod\u00eda haberse evitado sencillamente informando de que a mediados de mayo ya se hab\u00eda agotado todo el presupuesto, algo que la Administraci\u00f3n sab\u00eda, pero no los administrados, que siguieron presentando solicitudes y encargando obras sin saber que no hab\u00eda dinero.<\/p>\n\n\n\n<p><strong>ALTERNATIVAS. <\/strong>Por ello, ASAJA solicita a la Consejer\u00eda de Industria, Comercio y Empleo una de estas dos soluciones: o bien se aumenta el presupuesto en esta convocatoria para incluir a los que cumpl\u00edan los requisitos, han realizado la inversi\u00f3n y se les ha denegado por agotamiento del cr\u00e9dito; o bien se les permita acceder a la pr\u00f3xima convocatoria de estas ayudas o a una l\u00ednea espec\u00edfica, puesto que ya han ejecutado la obra.<\/p>\n\n\n\n<p>ASAJA valora la existencia de esta l\u00ednea de ayudas para la sustituci\u00f3n de cubiertas de amianto, de inter\u00e9s para numerosas explotaciones agropecuarias de Castilla y Le\u00f3n, donde a\u00fan permanecen tejados que lo contienen. El material con amianto m\u00e1s fabricado y utilizado fue el amianto-cemento o fibrocemento con amianto, com\u00fanmente conocido como uralita. Su utilizaci\u00f3n est\u00e1 prohibida en Espa\u00f1a desde 2002 por las evidencias cient\u00edficas de su car\u00e1cter da\u00f1ino para la salud.<strong>\/<\/strong><\/p>\n\n\n\n<p><a href=\"https:\/\/www.asajacyl.com\/wp-content\/uploads\/2022\/08\/uralita.jpg\"><\/a><\/p>\n","protected":false},"excerpt":{"rendered":"<p>ASAJA ha transmitido a la Consejer\u00eda de Industria, Comercio y Empleo de la Junta de Castilla y Le\u00f3n el malestar de numerosos agricultores y ganaderos de la comunidad que se han visto perjudicados al conocer en el \u00faltimo momento su exclusi\u00f3n de la ayuda a la retirada y sustituci\u00f3n de cubiertas con amianto, y haber [&hellip;]<\/p>\n","protected":false},"author":9,"featured_media":15937,"comment_status":"open","ping_status":"open","sticky":false,"template":"","format":"standard","meta":{"footnotes":""},"categories":[9,29,28],"tags":[58,59,298,1053,351,77,66,810],"yoast_head":"<!-- This site is optimized with the Yoast SEO plugin v24.5 - https:\/\/yoast.com\/wordpress\/plugins\/seo\/ -->\n<title>ASAJA pide a la Junta soluciones para los excluidos de la ayuda para retirada de cubiertas con amianto - ASAJA Palencia<\/title>\n<meta name=\"description\" content=\"ASAJA ha transmitido a la Consejer\u00eda de Industria, Comercio y Empleo de la Junta de Castilla y Le\u00f3n el malestar de numerosos agricultores y ganaderos de\" \/>\n<meta name=\"robots\" content=\"index, follow, max-snippet:-1, max-image-preview:large, max-video-preview:-1\" \/>\n<link rel=\"canonical\" href=\"https:\/\/www.asajacyl.com\/palencia\/asaja-palencia-informa\/asaja-pide-a-la-junta-soluciones-para-los-excluidos-de-la-ayuda-para-retirada-de-cubiertas-con-amianto\" \/>\n<meta property=\"og:locale\" content=\"es_ES\" \/>\n<meta property=\"og:type\" content=\"article\" \/>\n<meta property=\"og:title\" content=\"ASAJA pide a la Junta soluciones para los excluidos de la ayuda para retirada de cubiertas con amianto - ASAJA Palencia\" \/>\n<meta property=\"og:description\" content=\"ASAJA ha transmitido a la Consejer\u00eda de Industria, Comercio y Empleo de la Junta de Castilla y Le\u00f3n el malestar de numerosos agricultores y ganaderos de\" \/>\n<meta property=\"og:url\" content=\"https:\/\/www.asajacyl.com\/palencia\/asaja-palencia-informa\/asaja-pide-a-la-junta-soluciones-para-los-excluidos-de-la-ayuda-para-retirada-de-cubiertas-con-amianto\" \/>\n<meta property=\"og:site_name\" content=\"ASAJA Palencia\" \/>\n<meta property=\"article:published_time\" content=\"2024-09-08T08:00:00+00:00\" \/>\n<meta property=\"og:image\" content=\"https:\/\/www.asajacyl.com\/palencia\/wp-content\/uploads\/sites\/3\/2024\/04\/Cubierta-amianto-uralita-1024x896.jpg\" \/>\n\t<meta property=\"og:image:width\" content=\"1024\" \/>\n\t<meta property=\"og:image:height\" content=\"896\" \/>\n\t<meta property=\"og:image:type\" content=\"image\/jpeg\" \/>\n<meta name=\"author\" content=\"Administrador\" \/>\n<meta name=\"twitter:card\" content=\"summary_large_image\" \/>\n<meta name=\"twitter:label1\" content=\"Escrito por\" \/>\n\t<meta name=\"twitter:data1\" content=\"Administrador\" \/>\n\t<meta name=\"twitter:label2\" content=\"Tiempo de lectura\" \/>\n\t<meta name=\"twitter:data2\" content=\"2 minutos\" \/>\n<script type=\"application\/ld+json\" class=\"yoast-schema-graph\">{\"@context\":\"https:\/\/schema.org\",\"@graph\":[{\"@type\":\"WebPage\",\"@id\":\"https:\/\/www.asajacyl.com\/palencia\/asaja-palencia-informa\/asaja-pide-a-la-junta-soluciones-para-los-excluidos-de-la-ayuda-para-retirada-de-cubiertas-con-amianto\",\"url\":\"https:\/\/www.asajacyl.com\/palencia\/asaja-palencia-informa\/asaja-pide-a-la-junta-soluciones-para-los-excluidos-de-la-ayuda-para-retirada-de-cubiertas-con-amianto\",\"name\":\"ASAJA pide a la Junta soluciones para los excluidos de la ayuda para retirada de cubiertas con amianto - ASAJA Palencia\",\"isPartOf\":{\"@id\":\"https:\/\/www.asajacyl.com\/palencia\/#website\"},\"primaryImageOfPage\":{\"@id\":\"https:\/\/www.asajacyl.com\/palencia\/asaja-palencia-informa\/asaja-pide-a-la-junta-soluciones-para-los-excluidos-de-la-ayuda-para-retirada-de-cubiertas-con-amianto#primaryimage\"},\"image\":{\"@id\":\"https:\/\/www.asajacyl.com\/palencia\/asaja-palencia-informa\/asaja-pide-a-la-junta-soluciones-para-los-excluidos-de-la-ayuda-para-retirada-de-cubiertas-con-amianto#primaryimage\"},\"thumbnailUrl\":\"https:\/\/www.asajacyl.com\/palencia\/wp-content\/uploads\/sites\/3\/2024\/04\/Cubierta-amianto-uralita.jpg\",\"datePublished\":\"2024-09-08T08:00:00+00:00\",\"author\":{\"@id\":\"https:\/\/www.asajacyl.com\/palencia\/#\/schema\/person\/3ab17aeb03527485c317557fae64aab1\"},\"description\":\"ASAJA ha transmitido a la Consejer\u00eda de Industria, Comercio y Empleo de la Junta de Castilla y Le\u00f3n el malestar de numerosos agricultores y ganaderos de\",\"breadcrumb\":{\"@id\":\"https:\/\/www.asajacyl.com\/palencia\/asaja-palencia-informa\/asaja-pide-a-la-junta-soluciones-para-los-excluidos-de-la-ayuda-para-retirada-de-cubiertas-con-amianto#breadcrumb\"},\"inLanguage\":\"es\",\"potentialAction\":[{\"@type\":\"ReadAction\",\"target\":[\"https:\/\/www.asajacyl.com\/palencia\/asaja-palencia-informa\/asaja-pide-a-la-junta-soluciones-para-los-excluidos-de-la-ayuda-para-retirada-de-cubiertas-con-amianto\"]}]},{\"@type\":\"ImageObject\",\"inLanguage\":\"es\",\"@id\":\"https:\/\/www.asajacyl.com\/palencia\/asaja-palencia-informa\/asaja-pide-a-la-junta-soluciones-para-los-excluidos-de-la-ayuda-para-retirada-de-cubiertas-con-amianto#primaryimage\",\"url\":\"https:\/\/www.asajacyl.com\/palencia\/wp-content\/uploads\/sites\/3\/2024\/04\/Cubierta-amianto-uralita.jpg\",\"contentUrl\":\"https:\/\/www.asajacyl.com\/palencia\/wp-content\/uploads\/sites\/3\/2024\/04\/Cubierta-amianto-uralita.jpg\",\"width\":1890,\"height\":1654},{\"@type\":\"BreadcrumbList\",\"@id\":\"https:\/\/www.asajacyl.com\/palencia\/asaja-palencia-informa\/asaja-pide-a-la-junta-soluciones-para-los-excluidos-de-la-ayuda-para-retirada-de-cubiertas-con-amianto#breadcrumb\",\"itemListElement\":[{\"@type\":\"ListItem\",\"position\":1,\"name\":\"Portada\",\"item\":\"https:\/\/www.asajacyl.com\/palencia\/\"},{\"@type\":\"ListItem\",\"position\":2,\"name\":\"ASAJA pide a la Junta soluciones para los excluidos de la ayuda para retirada de cubiertas con amianto\"}]},{\"@type\":\"WebSite\",\"@id\":\"https:\/\/www.asajacyl.com\/palencia\/#website\",\"url\":\"https:\/\/www.asajacyl.com\/palencia\/\",\"name\":\"ASAJA Palencia\",\"description\":\"Otro sitio m\u00e1s de Provincias ASAJA Castilla y Le\u00f3n\",\"potentialAction\":[{\"@type\":\"SearchAction\",\"target\":{\"@type\":\"EntryPoint\",\"urlTemplate\":\"https:\/\/www.asajacyl.com\/palencia\/?s={search_term_string}\"},\"query-input\":{\"@type\":\"PropertyValueSpecification\",\"valueRequired\":true,\"valueName\":\"search_term_string\"}}],\"inLanguage\":\"es\"},{\"@type\":\"Person\",\"@id\":\"https:\/\/www.asajacyl.com\/palencia\/#\/schema\/person\/3ab17aeb03527485c317557fae64aab1\",\"name\":\"Administrador\",\"image\":{\"@type\":\"ImageObject\",\"inLanguage\":\"es\",\"@id\":\"https:\/\/www.asajacyl.com\/palencia\/#\/schema\/person\/image\/\",\"url\":\"https:\/\/secure.gravatar.com\/avatar\/517384810d242ca9e38c180f3c9fb973?s=96&d=mm&r=g\",\"contentUrl\":\"https:\/\/secure.gravatar.com\/avatar\/517384810d242ca9e38c180f3c9fb973?s=96&d=mm&r=g\",\"caption\":\"Administrador\"},\"url\":\"https:\/\/www.asajacyl.com\/palencia\/author\/carlosrm\"}]}<\/script>\n<!-- \/ Yoast SEO plugin. -->","yoast_head_json":{"title":"ASAJA pide a la Junta soluciones para los excluidos de la ayuda para retirada de cubiertas con amianto - ASAJA Palencia","description":"ASAJA ha transmitido a la Consejer\u00eda de Industria, Comercio y Empleo de la Junta de Castilla y Le\u00f3n el malestar de numerosos agricultores y ganaderos de","robots":{"index":"index","follow":"follow","max-snippet":"max-snippet:-1","max-image-preview":"max-image-preview:large","max-video-preview":"max-video-preview:-1"},"canonical":"https:\/\/www.asajacyl.com\/palencia\/asaja-palencia-informa\/asaja-pide-a-la-junta-soluciones-para-los-excluidos-de-la-ayuda-para-retirada-de-cubiertas-con-amianto","og_locale":"es_ES","og_type":"article","og_title":"ASAJA pide a la Junta soluciones para los excluidos de la ayuda para retirada de cubiertas con amianto - ASAJA Palencia","og_description":"ASAJA ha transmitido a la Consejer\u00eda de Industria, Comercio y Empleo de la Junta de Castilla y Le\u00f3n el malestar de numerosos agricultores y ganaderos de","og_url":"https:\/\/www.asajacyl.com\/palencia\/asaja-palencia-informa\/asaja-pide-a-la-junta-soluciones-para-los-excluidos-de-la-ayuda-para-retirada-de-cubiertas-con-amianto","og_site_name":"ASAJA Palencia","article_published_time":"2024-09-08T08:00:00+00:00","og_image":[{"width":1024,"height":896,"url":"https:\/\/www.asajacyl.com\/palencia\/wp-content\/uploads\/sites\/3\/2024\/04\/Cubierta-amianto-uralita-1024x896.jpg","type":"image\/jpeg"}],"author":"Administrador","twitter_card":"summary_large_image","twitter_misc":{"Escrito por":"Administrador","Tiempo de lectura":"2 minutos"},"schema":{"@context":"https:\/\/schema.org","@graph":[{"@type":"WebPage","@id":"https:\/\/www.asajacyl.com\/palencia\/asaja-palencia-informa\/asaja-pide-a-la-junta-soluciones-para-los-excluidos-de-la-ayuda-para-retirada-de-cubiertas-con-amianto","url":"https:\/\/www.asajacyl.com\/palencia\/asaja-palencia-informa\/asaja-pide-a-la-junta-soluciones-para-los-excluidos-de-la-ayuda-para-retirada-de-cubiertas-con-amianto","name":"ASAJA pide a la Junta soluciones para los excluidos de la ayuda para retirada de cubiertas con amianto - ASAJA Palencia","isPartOf":{"@id":"https:\/\/www.asajacyl.com\/palencia\/#website"},"primaryImageOfPage":{"@id":"https:\/\/www.asajacyl.com\/palencia\/asaja-palencia-informa\/asaja-pide-a-la-junta-soluciones-para-los-excluidos-de-la-ayuda-para-retirada-de-cubiertas-con-amianto#primaryimage"},"image":{"@id":"https:\/\/www.asajacyl.com\/palencia\/asaja-palencia-informa\/asaja-pide-a-la-junta-soluciones-para-los-excluidos-de-la-ayuda-para-retirada-de-cubiertas-con-amianto#primaryimage"},"thumbnailUrl":"https:\/\/www.asajacyl.com\/palencia\/wp-content\/uploads\/sites\/3\/2024\/04\/Cubierta-amianto-uralita.jpg","datePublished":"2024-09-08T08:00:00+00:00","author":{"@id":"https:\/\/www.asajacyl.com\/palencia\/#\/schema\/person\/3ab17aeb03527485c317557fae64aab1"},"description":"ASAJA ha transmitido a la Consejer\u00eda de Industria, Comercio y Empleo de la Junta de Castilla y Le\u00f3n el malestar de numerosos agricultores y ganaderos de","breadcrumb":{"@id":"https:\/\/www.asajacyl.com\/palencia\/asaja-palencia-informa\/asaja-pide-a-la-junta-soluciones-para-los-excluidos-de-la-ayuda-para-retirada-de-cubiertas-con-amianto#breadcrumb"},"inLanguage":"es","potentialAction":[{"@type":"ReadAction","target":["https:\/\/www.asajacyl.com\/palencia\/asaja-palencia-informa\/asaja-pide-a-la-junta-soluciones-para-los-excluidos-de-la-ayuda-para-retirada-de-cubiertas-con-amianto"]}]},{"@type":"ImageObject","inLanguage":"es","@id":"https:\/\/www.asajacyl.com\/palencia\/asaja-palencia-informa\/asaja-pide-a-la-junta-soluciones-para-los-excluidos-de-la-ayuda-para-retirada-de-cubiertas-con-amianto#primaryimage","url":"https:\/\/www.asajacyl.com\/palencia\/wp-content\/uploads\/sites\/3\/2024\/04\/Cubierta-amianto-uralita.jpg","contentUrl":"https:\/\/www.asajacyl.com\/palencia\/wp-content\/uploads\/sites\/3\/2024\/04\/Cubierta-amianto-uralita.jpg","width":1890,"height":1654},{"@type":"BreadcrumbList","@id":"https:\/\/www.asajacyl.com\/palencia\/asaja-palencia-informa\/asaja-pide-a-la-junta-soluciones-para-los-excluidos-de-la-ayuda-para-retirada-de-cubiertas-con-amianto#breadcrumb","itemListElement":[{"@type":"ListItem","position":1,"name":"Portada","item":"https:\/\/www.asajacyl.com\/palencia\/"},{"@type":"ListItem","position":2,"name":"ASAJA pide a la Junta soluciones para los excluidos de la ayuda para retirada de cubiertas con amianto"}]},{"@type":"WebSite","@id":"https:\/\/www.asajacyl.com\/palencia\/#website","url":"https:\/\/www.asajacyl.com\/palencia\/","name":"ASAJA Palencia","description":"Otro sitio m\u00e1s de Provincias ASAJA Castilla y Le\u00f3n","potentialAction":[{"@type":"SearchAction","target":{"@type":"EntryPoint","urlTemplate":"https:\/\/www.asajacyl.com\/palencia\/?s={search_term_string}"},"query-input":{"@type":"PropertyValueSpecification","valueRequired":true,"valueName":"search_term_string"}}],"inLanguage":"es"},{"@type":"Person","@id":"https:\/\/www.asajacyl.com\/palencia\/#\/schema\/person\/3ab17aeb03527485c317557fae64aab1","name":"Administrador","image":{"@type":"ImageObject","inLanguage":"es","@id":"https:\/\/www.asajacyl.com\/palencia\/#\/schema\/person\/image\/","url":"https:\/\/secure.gravatar.com\/avatar\/517384810d242ca9e38c180f3c9fb973?s=96&d=mm&r=g","contentUrl":"https:\/\/secure.gravatar.com\/avatar\/517384810d242ca9e38c180f3c9fb973?s=96&d=mm&r=g","caption":"Administrador"},"url":"https:\/\/www.asajacyl.com\/palencia\/author\/carlosrm"}]}},"_links":{"self":[{"href":"https:\/\/www.asajacyl.com\/palencia\/wp-json\/wp\/v2\/posts\/17229"}],"collection":[{"href":"https:\/\/www.asajacyl.com\/palencia\/wp-json\/wp\/v2\/posts"}],"about":[{"href":"https:\/\/www.asajacyl.com\/palencia\/wp-json\/wp\/v2\/types\/post"}],"author":[{"embeddable":true,"href":"https:\/\/www.asajacyl.com\/palencia\/wp-json\/wp\/v2\/users\/9"}],"replies":[{"embeddable":true,"href":"https:\/\/www.asajacyl.com\/palencia\/wp-json\/wp\/v2\/comments?post=17229"}],"version-history":[{"count":2,"href":"https:\/\/www.asajacyl.com\/palencia\/wp-json\/wp\/v2\/posts\/17229\/revisions"}],"predecessor-version":[{"id":17231,"href":"https:\/\/www.asajacyl.com\/palencia\/wp-json\/wp\/v2\/posts\/17229\/revisions\/17231"}],"wp:featuredmedia":[{"embeddable":true,"href":"https:\/\/www.asajacyl.com\/palencia\/wp-json\/wp\/v2\/media\/15937"}],"wp:attachment":[{"href":"https:\/\/www.asajacyl.com\/palencia\/wp-json\/wp\/v2\/media?parent=17229"}],"wp:term":[{"taxonomy":"category","embeddable":true,"href":"https:\/\/www.asajacyl.com\/palencia\/wp-json\/wp\/v2\/categories?post=17229"},{"taxonomy":"post_tag","embeddable":true,"href":"https:\/\/www.asajacyl.com\/palencia\/wp-json\/wp\/v2\/tags?post=17229"}],"curies":[{"name":"wp","href":"https:\/\/api.w.org\/{rel}","templated":true}]}}