{"id":17490,"date":"2024-09-30T10:36:23","date_gmt":"2024-09-30T08:36:23","guid":{"rendered":"https:\/\/www.asajacyl.com\/palencia\/?p=17490"},"modified":"2024-09-30T10:36:26","modified_gmt":"2024-09-30T08:36:26","slug":"conoce-aqui-que-cambio-en-la-aplicacion-del-iva-entra-en-vigor-este-martes-1-de-octubre","status":"publish","type":"post","link":"https:\/\/www.asajacyl.com\/palencia\/asaja-palencia-informa\/conoce-aqui-que-cambio-en-la-aplicacion-del-iva-entra-en-vigor-este-martes-1-de-octubre","title":{"rendered":"Conoce aqu\u00ed qu\u00e9 cambio en la aplicaci\u00f3n del IVA entra en vigor este martes, 1 de octubre"},"content":{"rendered":"\n<h2 class=\"wp-block-heading\">El Bolet\u00edn Oficial del Estado (BOE) public\u00f3 el pasado 27 de junio los cambios transitorios en los tipos del Impuesto sobre el Valor A\u00f1adido (IVA) aplicables a ciertos productos esenciales. Desde este martes, 1 de octubre de 2024, se aplicar\u00e1n nuevas tasas de IVA del 7,5 % y del 2 % a ciertos productos, en virtud del Real Decreto-ley 04\/2024, aprobado el 26 de junio. Te contamos aqu\u00ed esos cambios, que estar\u00e1n vigentes hasta el 31 de diciembre, y a qu\u00e9 productos afectan.<\/h2>\n\n\n\n<p>Del 1 de octubre al 31 de diciembre de 2024 (ambos incluidos) aumentan los tipos impositivos de <strong>IVA <\/strong>a los siguientes productos:<\/p>\n\n\n\n<ul>\n<li>Aceites de semillas y pastas alimenticias: 7,5 % (antes 5 %)<\/li>\n\n\n\n<li>Productos b\u00e1sicos como pan, harinas, leche, quesos, huevos, frutas, verduras, legumbres y cereales: 2 % (antes 0 %)<\/li>\n\n\n\n<li>Aceite de oliva: 2 % (antes 0 %)<\/li>\n<\/ul>\n\n\n\n<p>Asimismo, el <strong>recargo de equivalencia <\/strong>aplicable a esos productos tambi\u00e9n se modifica para todo este cuarto trimestre del a\u00f1o en curso:<\/p>\n\n\n\n<ul>\n<li>En los productos que pasan del 5 % al 7,5 % de IVA, aumenta el recargo de equivalencia al 1 % (antes 0,6 %).<\/li>\n\n\n\n<li>Para los productos que pasan del 0 % al 2 % de IVA, aumenta el recargo de equivalencia al 0,26 % (antes 0 %).<\/li>\n<\/ul>\n\n\n\n<figure class=\"wp-block-image size-large is-resized\"><img loading=\"lazy\" decoding=\"async\" width=\"1024\" height=\"1024\" src=\"https:\/\/www.asajacyl.com\/palencia\/wp-content\/uploads\/sites\/3\/2024\/09\/Cambios-en-el-IVA-4tr2024-1024x1024.jpg\" alt=\"\" class=\"wp-image-17492\" style=\"width:1068px;height:auto\" srcset=\"https:\/\/www.asajacyl.com\/palencia\/wp-content\/uploads\/sites\/3\/2024\/09\/Cambios-en-el-IVA-4tr2024-1024x1024.jpg 1024w, https:\/\/www.asajacyl.com\/palencia\/wp-content\/uploads\/sites\/3\/2024\/09\/Cambios-en-el-IVA-4tr2024-300x300.jpg 300w, https:\/\/www.asajacyl.com\/palencia\/wp-content\/uploads\/sites\/3\/2024\/09\/Cambios-en-el-IVA-4tr2024-150x150.jpg 150w, https:\/\/www.asajacyl.com\/palencia\/wp-content\/uploads\/sites\/3\/2024\/09\/Cambios-en-el-IVA-4tr2024-768x768.jpg 768w, https:\/\/www.asajacyl.com\/palencia\/wp-content\/uploads\/sites\/3\/2024\/09\/Cambios-en-el-IVA-4tr2024-1536x1536.jpg 1536w, https:\/\/www.asajacyl.com\/palencia\/wp-content\/uploads\/sites\/3\/2024\/09\/Cambios-en-el-IVA-4tr2024-2048x2048.jpg 2048w, https:\/\/www.asajacyl.com\/palencia\/wp-content\/uploads\/sites\/3\/2024\/09\/Cambios-en-el-IVA-4tr2024-420x420.jpg 420w, https:\/\/www.asajacyl.com\/palencia\/wp-content\/uploads\/sites\/3\/2024\/09\/Cambios-en-el-IVA-4tr2024-696x696.jpg 696w, https:\/\/www.asajacyl.com\/palencia\/wp-content\/uploads\/sites\/3\/2024\/09\/Cambios-en-el-IVA-4tr2024-1068x1068.jpg 1068w, https:\/\/www.asajacyl.com\/palencia\/wp-content\/uploads\/sites\/3\/2024\/09\/Cambios-en-el-IVA-4tr2024-1920x1920.jpg 1920w\" sizes=\"(max-width: 1024px) 100vw, 1024px\" \/><\/figure>\n","protected":false},"excerpt":{"rendered":"<p>El Bolet\u00edn Oficial del Estado (BOE) public\u00f3 el pasado 27 de junio los cambios transitorios en los tipos del Impuesto sobre el Valor A\u00f1adido (IVA) aplicables a ciertos productos esenciales. Desde este martes, 1 de octubre de 2024, se aplicar\u00e1n nuevas tasas de IVA del 7,5 % y del 2 % a ciertos productos, en [&hellip;]<\/p>\n","protected":false},"author":9,"featured_media":14779,"comment_status":"open","ping_status":"open","sticky":false,"template":"","format":"standard","meta":{"footnotes":""},"categories":[9,31,38,28,13],"tags":[580,58,1091,77,579,174,139,1093],"yoast_head":"<!-- This site is optimized with the Yoast SEO plugin v24.5 - https:\/\/yoast.com\/wordpress\/plugins\/seo\/ -->\n<title>Conoce aqu\u00ed qu\u00e9 cambio en la aplicaci\u00f3n del IVA entra en vigor este martes, 1 de octubre - ASAJA Palencia<\/title>\n<meta name=\"description\" content=\"El Bolet\u00edn Oficial del Estado (BOE) public\u00f3 el pasado 27 de junio los cambios transitorios en los tipos del Impuesto sobre el Valor A\u00f1adido (IVA)\" \/>\n<meta name=\"robots\" content=\"index, follow, max-snippet:-1, max-image-preview:large, max-video-preview:-1\" \/>\n<link rel=\"canonical\" href=\"https:\/\/www.asajacyl.com\/palencia\/asaja-palencia-informa\/conoce-aqui-que-cambio-en-la-aplicacion-del-iva-entra-en-vigor-este-martes-1-de-octubre\" \/>\n<meta property=\"og:locale\" content=\"es_ES\" \/>\n<meta property=\"og:type\" content=\"article\" \/>\n<meta property=\"og:title\" content=\"Conoce aqu\u00ed qu\u00e9 cambio en la aplicaci\u00f3n del IVA entra en vigor este martes, 1 de octubre - ASAJA Palencia\" \/>\n<meta property=\"og:description\" content=\"El Bolet\u00edn Oficial del Estado (BOE) public\u00f3 el pasado 27 de junio los cambios transitorios en los tipos del Impuesto sobre el Valor A\u00f1adido (IVA)\" \/>\n<meta property=\"og:url\" content=\"https:\/\/www.asajacyl.com\/palencia\/asaja-palencia-informa\/conoce-aqui-que-cambio-en-la-aplicacion-del-iva-entra-en-vigor-este-martes-1-de-octubre\" \/>\n<meta property=\"og:site_name\" content=\"ASAJA Palencia\" \/>\n<meta property=\"article:published_time\" content=\"2024-09-30T08:36:23+00:00\" \/>\n<meta property=\"article:modified_time\" content=\"2024-09-30T08:36:26+00:00\" \/>\n<meta property=\"og:image\" content=\"https:\/\/www.asajacyl.com\/palencia\/wp-content\/uploads\/sites\/3\/2023\/11\/Agencia-Tributaria.jpg\" \/>\n\t<meta property=\"og:image:width\" content=\"1890\" \/>\n\t<meta property=\"og:image:height\" content=\"1654\" \/>\n\t<meta property=\"og:image:type\" content=\"image\/jpeg\" \/>\n<meta name=\"author\" content=\"Administrador\" \/>\n<meta name=\"twitter:card\" content=\"summary_large_image\" \/>\n<meta name=\"twitter:label1\" content=\"Escrito por\" \/>\n\t<meta name=\"twitter:data1\" content=\"Administrador\" \/>\n\t<meta name=\"twitter:label2\" content=\"Tiempo de lectura\" \/>\n\t<meta name=\"twitter:data2\" content=\"2 minutos\" \/>\n<script type=\"application\/ld+json\" class=\"yoast-schema-graph\">{\"@context\":\"https:\/\/schema.org\",\"@graph\":[{\"@type\":\"WebPage\",\"@id\":\"https:\/\/www.asajacyl.com\/palencia\/asaja-palencia-informa\/conoce-aqui-que-cambio-en-la-aplicacion-del-iva-entra-en-vigor-este-martes-1-de-octubre\",\"url\":\"https:\/\/www.asajacyl.com\/palencia\/asaja-palencia-informa\/conoce-aqui-que-cambio-en-la-aplicacion-del-iva-entra-en-vigor-este-martes-1-de-octubre\",\"name\":\"Conoce aqu\u00ed qu\u00e9 cambio en la aplicaci\u00f3n del IVA entra en vigor este martes, 1 de octubre - ASAJA Palencia\",\"isPartOf\":{\"@id\":\"https:\/\/www.asajacyl.com\/palencia\/#website\"},\"primaryImageOfPage\":{\"@id\":\"https:\/\/www.asajacyl.com\/palencia\/asaja-palencia-informa\/conoce-aqui-que-cambio-en-la-aplicacion-del-iva-entra-en-vigor-este-martes-1-de-octubre#primaryimage\"},\"image\":{\"@id\":\"https:\/\/www.asajacyl.com\/palencia\/asaja-palencia-informa\/conoce-aqui-que-cambio-en-la-aplicacion-del-iva-entra-en-vigor-este-martes-1-de-octubre#primaryimage\"},\"thumbnailUrl\":\"https:\/\/www.asajacyl.com\/palencia\/wp-content\/uploads\/sites\/3\/2023\/11\/Agencia-Tributaria.jpg\",\"datePublished\":\"2024-09-30T08:36:23+00:00\",\"dateModified\":\"2024-09-30T08:36:26+00:00\",\"author\":{\"@id\":\"https:\/\/www.asajacyl.com\/palencia\/#\/schema\/person\/3ab17aeb03527485c317557fae64aab1\"},\"description\":\"El Bolet\u00edn Oficial del Estado (BOE) public\u00f3 el pasado 27 de junio los cambios transitorios en los tipos del Impuesto sobre el Valor A\u00f1adido (IVA)\",\"breadcrumb\":{\"@id\":\"https:\/\/www.asajacyl.com\/palencia\/asaja-palencia-informa\/conoce-aqui-que-cambio-en-la-aplicacion-del-iva-entra-en-vigor-este-martes-1-de-octubre#breadcrumb\"},\"inLanguage\":\"es\",\"potentialAction\":[{\"@type\":\"ReadAction\",\"target\":[\"https:\/\/www.asajacyl.com\/palencia\/asaja-palencia-informa\/conoce-aqui-que-cambio-en-la-aplicacion-del-iva-entra-en-vigor-este-martes-1-de-octubre\"]}]},{\"@type\":\"ImageObject\",\"inLanguage\":\"es\",\"@id\":\"https:\/\/www.asajacyl.com\/palencia\/asaja-palencia-informa\/conoce-aqui-que-cambio-en-la-aplicacion-del-iva-entra-en-vigor-este-martes-1-de-octubre#primaryimage\",\"url\":\"https:\/\/www.asajacyl.com\/palencia\/wp-content\/uploads\/sites\/3\/2023\/11\/Agencia-Tributaria.jpg\",\"contentUrl\":\"https:\/\/www.asajacyl.com\/palencia\/wp-content\/uploads\/sites\/3\/2023\/11\/Agencia-Tributaria.jpg\",\"width\":1890,\"height\":1654},{\"@type\":\"BreadcrumbList\",\"@id\":\"https:\/\/www.asajacyl.com\/palencia\/asaja-palencia-informa\/conoce-aqui-que-cambio-en-la-aplicacion-del-iva-entra-en-vigor-este-martes-1-de-octubre#breadcrumb\",\"itemListElement\":[{\"@type\":\"ListItem\",\"position\":1,\"name\":\"Portada\",\"item\":\"https:\/\/www.asajacyl.com\/palencia\/\"},{\"@type\":\"ListItem\",\"position\":2,\"name\":\"Conoce aqu\u00ed qu\u00e9 cambio en la aplicaci\u00f3n del IVA entra en vigor este martes, 1 de octubre\"}]},{\"@type\":\"WebSite\",\"@id\":\"https:\/\/www.asajacyl.com\/palencia\/#website\",\"url\":\"https:\/\/www.asajacyl.com\/palencia\/\",\"name\":\"ASAJA Palencia\",\"description\":\"Otro sitio m\u00e1s de Provincias ASAJA Castilla y Le\u00f3n\",\"potentialAction\":[{\"@type\":\"SearchAction\",\"target\":{\"@type\":\"EntryPoint\",\"urlTemplate\":\"https:\/\/www.asajacyl.com\/palencia\/?s={search_term_string}\"},\"query-input\":{\"@type\":\"PropertyValueSpecification\",\"valueRequired\":true,\"valueName\":\"search_term_string\"}}],\"inLanguage\":\"es\"},{\"@type\":\"Person\",\"@id\":\"https:\/\/www.asajacyl.com\/palencia\/#\/schema\/person\/3ab17aeb03527485c317557fae64aab1\",\"name\":\"Administrador\",\"image\":{\"@type\":\"ImageObject\",\"inLanguage\":\"es\",\"@id\":\"https:\/\/www.asajacyl.com\/palencia\/#\/schema\/person\/image\/\",\"url\":\"https:\/\/secure.gravatar.com\/avatar\/517384810d242ca9e38c180f3c9fb973?s=96&d=mm&r=g\",\"contentUrl\":\"https:\/\/secure.gravatar.com\/avatar\/517384810d242ca9e38c180f3c9fb973?s=96&d=mm&r=g\",\"caption\":\"Administrador\"},\"url\":\"https:\/\/www.asajacyl.com\/palencia\/author\/carlosrm\"}]}<\/script>\n<!-- \/ Yoast SEO plugin. -->","yoast_head_json":{"title":"Conoce aqu\u00ed qu\u00e9 cambio en la aplicaci\u00f3n del IVA entra en vigor este martes, 1 de octubre - ASAJA Palencia","description":"El Bolet\u00edn Oficial del Estado (BOE) public\u00f3 el pasado 27 de junio los cambios transitorios en los tipos del Impuesto sobre el Valor A\u00f1adido (IVA)","robots":{"index":"index","follow":"follow","max-snippet":"max-snippet:-1","max-image-preview":"max-image-preview:large","max-video-preview":"max-video-preview:-1"},"canonical":"https:\/\/www.asajacyl.com\/palencia\/asaja-palencia-informa\/conoce-aqui-que-cambio-en-la-aplicacion-del-iva-entra-en-vigor-este-martes-1-de-octubre","og_locale":"es_ES","og_type":"article","og_title":"Conoce aqu\u00ed qu\u00e9 cambio en la aplicaci\u00f3n del IVA entra en vigor este martes, 1 de octubre - ASAJA Palencia","og_description":"El Bolet\u00edn Oficial del Estado (BOE) public\u00f3 el pasado 27 de junio los cambios transitorios en los tipos del Impuesto sobre el Valor A\u00f1adido (IVA)","og_url":"https:\/\/www.asajacyl.com\/palencia\/asaja-palencia-informa\/conoce-aqui-que-cambio-en-la-aplicacion-del-iva-entra-en-vigor-este-martes-1-de-octubre","og_site_name":"ASAJA Palencia","article_published_time":"2024-09-30T08:36:23+00:00","article_modified_time":"2024-09-30T08:36:26+00:00","og_image":[{"width":1890,"height":1654,"url":"https:\/\/www.asajacyl.com\/palencia\/wp-content\/uploads\/sites\/3\/2023\/11\/Agencia-Tributaria.jpg","type":"image\/jpeg"}],"author":"Administrador","twitter_card":"summary_large_image","twitter_misc":{"Escrito por":"Administrador","Tiempo de lectura":"2 minutos"},"schema":{"@context":"https:\/\/schema.org","@graph":[{"@type":"WebPage","@id":"https:\/\/www.asajacyl.com\/palencia\/asaja-palencia-informa\/conoce-aqui-que-cambio-en-la-aplicacion-del-iva-entra-en-vigor-este-martes-1-de-octubre","url":"https:\/\/www.asajacyl.com\/palencia\/asaja-palencia-informa\/conoce-aqui-que-cambio-en-la-aplicacion-del-iva-entra-en-vigor-este-martes-1-de-octubre","name":"Conoce aqu\u00ed qu\u00e9 cambio en la aplicaci\u00f3n del IVA entra en vigor este martes, 1 de octubre - ASAJA Palencia","isPartOf":{"@id":"https:\/\/www.asajacyl.com\/palencia\/#website"},"primaryImageOfPage":{"@id":"https:\/\/www.asajacyl.com\/palencia\/asaja-palencia-informa\/conoce-aqui-que-cambio-en-la-aplicacion-del-iva-entra-en-vigor-este-martes-1-de-octubre#primaryimage"},"image":{"@id":"https:\/\/www.asajacyl.com\/palencia\/asaja-palencia-informa\/conoce-aqui-que-cambio-en-la-aplicacion-del-iva-entra-en-vigor-este-martes-1-de-octubre#primaryimage"},"thumbnailUrl":"https:\/\/www.asajacyl.com\/palencia\/wp-content\/uploads\/sites\/3\/2023\/11\/Agencia-Tributaria.jpg","datePublished":"2024-09-30T08:36:23+00:00","dateModified":"2024-09-30T08:36:26+00:00","author":{"@id":"https:\/\/www.asajacyl.com\/palencia\/#\/schema\/person\/3ab17aeb03527485c317557fae64aab1"},"description":"El Bolet\u00edn Oficial del Estado (BOE) public\u00f3 el pasado 27 de junio los cambios transitorios en los tipos del Impuesto sobre el Valor A\u00f1adido (IVA)","breadcrumb":{"@id":"https:\/\/www.asajacyl.com\/palencia\/asaja-palencia-informa\/conoce-aqui-que-cambio-en-la-aplicacion-del-iva-entra-en-vigor-este-martes-1-de-octubre#breadcrumb"},"inLanguage":"es","potentialAction":[{"@type":"ReadAction","target":["https:\/\/www.asajacyl.com\/palencia\/asaja-palencia-informa\/conoce-aqui-que-cambio-en-la-aplicacion-del-iva-entra-en-vigor-este-martes-1-de-octubre"]}]},{"@type":"ImageObject","inLanguage":"es","@id":"https:\/\/www.asajacyl.com\/palencia\/asaja-palencia-informa\/conoce-aqui-que-cambio-en-la-aplicacion-del-iva-entra-en-vigor-este-martes-1-de-octubre#primaryimage","url":"https:\/\/www.asajacyl.com\/palencia\/wp-content\/uploads\/sites\/3\/2023\/11\/Agencia-Tributaria.jpg","contentUrl":"https:\/\/www.asajacyl.com\/palencia\/wp-content\/uploads\/sites\/3\/2023\/11\/Agencia-Tributaria.jpg","width":1890,"height":1654},{"@type":"BreadcrumbList","@id":"https:\/\/www.asajacyl.com\/palencia\/asaja-palencia-informa\/conoce-aqui-que-cambio-en-la-aplicacion-del-iva-entra-en-vigor-este-martes-1-de-octubre#breadcrumb","itemListElement":[{"@type":"ListItem","position":1,"name":"Portada","item":"https:\/\/www.asajacyl.com\/palencia\/"},{"@type":"ListItem","position":2,"name":"Conoce aqu\u00ed qu\u00e9 cambio en la aplicaci\u00f3n del IVA entra en vigor este martes, 1 de octubre"}]},{"@type":"WebSite","@id":"https:\/\/www.asajacyl.com\/palencia\/#website","url":"https:\/\/www.asajacyl.com\/palencia\/","name":"ASAJA Palencia","description":"Otro sitio m\u00e1s de Provincias ASAJA Castilla y Le\u00f3n","potentialAction":[{"@type":"SearchAction","target":{"@type":"EntryPoint","urlTemplate":"https:\/\/www.asajacyl.com\/palencia\/?s={search_term_string}"},"query-input":{"@type":"PropertyValueSpecification","valueRequired":true,"valueName":"search_term_string"}}],"inLanguage":"es"},{"@type":"Person","@id":"https:\/\/www.asajacyl.com\/palencia\/#\/schema\/person\/3ab17aeb03527485c317557fae64aab1","name":"Administrador","image":{"@type":"ImageObject","inLanguage":"es","@id":"https:\/\/www.asajacyl.com\/palencia\/#\/schema\/person\/image\/","url":"https:\/\/secure.gravatar.com\/avatar\/517384810d242ca9e38c180f3c9fb973?s=96&d=mm&r=g","contentUrl":"https:\/\/secure.gravatar.com\/avatar\/517384810d242ca9e38c180f3c9fb973?s=96&d=mm&r=g","caption":"Administrador"},"url":"https:\/\/www.asajacyl.com\/palencia\/author\/carlosrm"}]}},"_links":{"self":[{"href":"https:\/\/www.asajacyl.com\/palencia\/wp-json\/wp\/v2\/posts\/17490"}],"collection":[{"href":"https:\/\/www.asajacyl.com\/palencia\/wp-json\/wp\/v2\/posts"}],"about":[{"href":"https:\/\/www.asajacyl.com\/palencia\/wp-json\/wp\/v2\/types\/post"}],"author":[{"embeddable":true,"href":"https:\/\/www.asajacyl.com\/palencia\/wp-json\/wp\/v2\/users\/9"}],"replies":[{"embeddable":true,"href":"https:\/\/www.asajacyl.com\/palencia\/wp-json\/wp\/v2\/comments?post=17490"}],"version-history":[{"count":2,"href":"https:\/\/www.asajacyl.com\/palencia\/wp-json\/wp\/v2\/posts\/17490\/revisions"}],"predecessor-version":[{"id":17493,"href":"https:\/\/www.asajacyl.com\/palencia\/wp-json\/wp\/v2\/posts\/17490\/revisions\/17493"}],"wp:featuredmedia":[{"embeddable":true,"href":"https:\/\/www.asajacyl.com\/palencia\/wp-json\/wp\/v2\/media\/14779"}],"wp:attachment":[{"href":"https:\/\/www.asajacyl.com\/palencia\/wp-json\/wp\/v2\/media?parent=17490"}],"wp:term":[{"taxonomy":"category","embeddable":true,"href":"https:\/\/www.asajacyl.com\/palencia\/wp-json\/wp\/v2\/categories?post=17490"},{"taxonomy":"post_tag","embeddable":true,"href":"https:\/\/www.asajacyl.com\/palencia\/wp-json\/wp\/v2\/tags?post=17490"}],"curies":[{"name":"wp","href":"https:\/\/api.w.org\/{rel}","templated":true}]}}