{"id":18213,"date":"2024-12-02T11:43:19","date_gmt":"2024-12-02T10:43:19","guid":{"rendered":"https:\/\/www.asajacyl.com\/palencia\/?p=18213"},"modified":"2024-12-02T12:00:51","modified_gmt":"2024-12-02T11:00:51","slug":"revision-de-los-importes-provisionales-de-las-ayudas-a-los-ecorregimenes-de-2024-para-abonar-el-90","status":"publish","type":"post","link":"https:\/\/www.asajacyl.com\/palencia\/asaja-palencia-informa\/revision-de-los-importes-provisionales-de-las-ayudas-a-los-ecorregimenes-de-2024-para-abonar-el-90","title":{"rendered":"Revisi\u00f3n de los importes provisionales de las ayudas a los ecorreg\u00edmenes de 2024 para abonar el 90 %"},"content":{"rendered":"\n<h2 class=\"wp-block-heading\">El Fondo Espa\u00f1ol de Garant\u00eda Agraria (FEGA) ha revisado los importes unitarios provisionales de la PAC 2024 de los reg\u00edmenes en favor del clima y el medio ambiente, m\u00e1s conocidos como ecorreg\u00edmenes, con respecto a los anunciados en septiembre. En general, pese a que algunos suben ligeramente, presentan bajas con respecto a los importes de la pasada campa\u00f1a y en relaci\u00f3n con los importes planificados. Con este c\u00e1lculo, los beneficiarios pueden percibir ya desde este mes hasta el 90 % del total de la ayuda concedida, y s\u00f3lo quedar\u00eda el 10 % restante por abonar a partir de abril, cuando las comunidades aut\u00f3nomas comunican las superficies definitivas acogidas a cada r\u00e9gimen.<\/h2>\n\n\n\n<p>Los ecorreg\u00edmenes, una de las novedades que incorpor\u00f3 la PAC 2023-2027, son unos reg\u00edmenes voluntarios para el profesional agrario, que se compromete a pr\u00e1cticas favorables para el clima y el medio ambiente m\u00e1s all\u00e1 de la b\u00e1sica condicionalidad reforzada.<\/p>\n\n\n\n<p>El pago anual de estas ayudas se realiza en dos periodos: tras percibirse el anticipo del 70 % de estos importes provisionales antes del 30 de noviembre, se paga el saldo del 30 % restante en dos fases: una primera, tras efectuarse este ajuste de los importes provisionales, que puede llegar al 90 % del total; y una segunda, ya en el segundo trimestre del 2025 con arreglo a la cuant\u00eda definitiva, una vez que las comunidades aut\u00f3nomas comunican los datos reales de la campa\u00f1a.<\/p>\n\n\n\n<p><strong>COMPLEMENTO DE PLURIANUALIDAD.\u00a0<\/strong>Estos importes provisionales se establecen con los datos de superficies solicitadas por los agricultores y ganaderos en la PAC 2024. En las pr\u00e1cticas de siembra directa y de cubiertas vegetales, hay un complemento de plurianualidad de\u00a0<strong>veinticinco euros por hect\u00e1rea<\/strong>\u00a0si se contrae el compromiso de realizar las pr\u00e1cticas la siguiente campa\u00f1a.<\/p>\n\n\n\n<p>ASAJA-Palencia lamenta y critica el notable desfase en muchos de los ecorreg\u00edmenes con respecto a los importes planificados en la vigente PAC, lo que revela un cierto desconocimiento sobre la realidad del campo espa\u00f1ol por parte del Ministerio de Agricultura, e imprevisi\u00f3n sobre la respuesta dada por los profesionales agroganaderos a las pr\u00e1cticas m\u00e1s respetuosas con el medio. Aunque el ministro Luis Planas ha presumido de la buena aceptaci\u00f3n de los ecorreg\u00edmenes, desde el punto de vista del profesional, las ayudas recibidas se encuentran por debajo de la expectativa, lo que puede resultar frustrante y desalentador.<\/p>\n\n\n\n<p>Reproducimos a continuaci\u00f3n los importes unitarios provisionales ya revisados por el FEGA y su comparaci\u00f3n con el importe planificado y el precedente de 2023 (importe definitivo).<\/p>\n\n\n\n<p><strong>| AGRICULTURA DE CARBONO Y AGROECOLOG\u00cdA |<\/strong><\/p>\n\n\n\n<ul>\n<li><strong>Pastoreo extensivo, siega y biodiversidad en las superficies de pastos h\u00famedos<\/strong><em>(importe planificado: 62,16 \u20ac\/ha)<\/em>\n<ul>\n<li>Tramo 1 (hasta 65 hect\u00e1reas): <strong>44,309877 euros\/hect\u00e1rea<\/strong><br>(51,134820 \u20ac\/ha de importe definitivo en 2023)<\/li>\n\n\n\n<li>Tramo 2 (m\u00e1s de 65 hect\u00e1reas):<strong> 43,58 euros\/hect\u00e1rea<\/strong><br>(43,51 \u20ac\/ha de importe definitivo en 2023)<\/li>\n<\/ul>\n<\/li>\n\n\n\n<li><strong>Pastoreo extensivo, siega y biodiversidad en las superficies de pastos mediterr\u00e1neos<\/strong><em>\u00a0(importe planificado: 40,96 \u20ac\/ha)<\/em>\n<ul>\n<li>Tramo 1 (hasta 95 hect\u00e1reas): <strong>29,184984 euros\/hect\u00e1rea<\/strong> <br>(33,695016 \u20ac\/ha de importe definitivo en 2023)<\/li>\n\n\n\n<li>Tramo 2 (m\u00e1s de 95 hect\u00e1reas): <strong>27,23 euros\/hect\u00e1rea<\/strong><br>(27,19 \u20ac\/ha de importe definitivo en 2023)<\/li>\n<\/ul>\n<\/li>\n\n\n\n<li><strong>Rotaciones y siembra directa en tierras de cultivo de secano<\/strong><em>\u00a0(importe planificado 47,67 \u20ac\/ha \u00b7 +25 \u20ac\/ha con plurianualidad)<\/em>\n<ul>\n<li>Superficies de hasta 70 hect\u00e1reas\u00a0<em>sin plurianualidad<\/em>: <strong>45,94 euros\/hect\u00e1rea<\/strong>*<br>(47,67 \u20ac\/ha de importe definitivo en 2023)<\/li>\n\n\n\n<li>Superficies mayores de 70 hect\u00e1reas\u00a0<em>sin plurianualidad<\/em>: <strong>41,111304 euros\/hect\u00e1rea<\/strong>* <br>(36,905197 \u20ac\/ha de importe definitivo en 2023)<br>* Con\u00a0<em>plurianualidad<\/em>, se a\u00f1ade el complemento de 25 \u20ac\/ha<\/li>\n<\/ul>\n<\/li>\n\n\n\n<li><strong>Rotaciones y siembra directa en tierras de cultivo de secano h\u00famedo<\/strong><em>\u00a0(importe planificado 85,72 \u20ac\/ha \u00b7 +25 \u20ac\/ha con plurianualidad)<\/em>\n<ul>\n<li>Superficies de hasta 30 hect\u00e1reas\u00a0<em>sin plurianualidad<\/em>: <strong>64,924133 euros\/hect\u00e1rea<\/strong>*<br>(70,516036 \u20ac\/ha de importe definitivo en 2023)<\/li>\n\n\n\n<li>Superficies mayores de 30 hect\u00e1reas\u00a0<em>sin plurianualidad<\/em>: <strong>46,10 euros\/hect\u00e1rea<\/strong>*<strong> <\/strong><br>(49,361225 \u20ac\/ha de importe definitivo en 2023)<br>* Con\u00a0<em>plurianualidad<\/em>, se a\u00f1ade el complemento de 25 \u20ac\/ha<\/li>\n<\/ul>\n<\/li>\n\n\n\n<li><strong>Rotaciones y siembra directa en tierras de cultivo de regad\u00edo<\/strong><em>(importe planificado 151,99 \u20ac\/ha \u00b7 +25 \u20ac\/ha con plurianualidad)<\/em>\n<ul>\n<li>Superficies de hasta 25 hect\u00e1reas\u00a0<em>sin plurianualidad<\/em>: <strong>142,064390 euros\/hect\u00e1rea<\/strong>*<br>(139,525998 \u20ac\/ha de importe definitivo en 2023)<\/li>\n\n\n\n<li>Superficies mayores de 25 hect\u00e1reas\u00a0<em>sin plurianualidad<\/em>: <strong>99,445073 euros\/hect\u00e1rea<\/strong>* <br>(97,668199 \u20ac\/ha de importe definitivo en 2023)<br>* Con\u00a0<em>plurianualidad<\/em>, se a\u00f1ade el complemento de 25 \u20ac\/ha<\/li>\n<\/ul>\n<\/li>\n<\/ul>\n\n\n\n<p><strong>| AGRICULTURA&nbsp;DE CARBONO |<\/strong><\/p>\n\n\n\n<ul>\n<li><strong>Cubiertas vegetales y cubiertas inertes en cultivos le\u00f1osos en terrenos llanos (pendiende inferior al 5%)\u00a0<\/strong><em>(importe planificado 61,07 \u20ac\/ha \u00b7 +25 \u20ac\/ha con plurianualidad)<\/em>\n<ul>\n<li>Superficies de hasta 15 hect\u00e1reas\u00a0<em>sin plurianualidad<\/em>: <strong>60,08 euros\/hect\u00e1rea<\/strong>*<br>(61,07 \u20ac\/ha de importe definitivo en 2023)<\/li>\n\n\n\n<li>Superficies mayores de 15 hect\u00e1reas\u00a0<em>sin plurianualidad<\/em>: <strong>42,056 euros\/hect\u00e1rea<\/strong>* (61,07 \u20ac\/ha de importe definitivo en 2023)<br>* Con\u00a0<em>plurianualidad<\/em>, se a\u00f1ade el complemento de 25 \u20ac\/ha<\/li>\n<\/ul>\n<\/li>\n<\/ul>\n\n\n\n<p><strong>| AGROECOLOG\u00cdA |<\/strong><\/p>\n\n\n\n<ul>\n<li><strong>Espacios de biodiversidad en tierras de cultivo y cultivos permanentes<\/strong>\u00a0<em>(importe planificado 56,04 \u20ac\/ha)<\/em><br><strong>39,488216 \u20ac\/hect\u00e1rea<\/strong><br>(46,100311 \u20ac\/ha de importe definitivo en 2023)<\/li>\n<\/ul>\n","protected":false},"excerpt":{"rendered":"<p>El Fondo Espa\u00f1ol de Garant\u00eda Agraria (FEGA) ha revisado los importes unitarios provisionales de la PAC 2024 de los reg\u00edmenes en favor del clima y el medio ambiente, m\u00e1s conocidos como ecorreg\u00edmenes, con respecto a los anunciados en septiembre. En general, pese a que algunos suben ligeramente, presentan bajas con respecto a los importes de [&hellip;]<\/p>\n","protected":false},"author":9,"featured_media":11773,"comment_status":"open","ping_status":"open","sticky":false,"template":"","format":"standard","meta":{"footnotes":""},"categories":[9,31,38,29,28,13],"tags":[58,436,884,59,769,351,56,77,110,98,1102,295,89],"yoast_head":"<!-- This site is optimized with the Yoast SEO plugin v24.5 - https:\/\/yoast.com\/wordpress\/plugins\/seo\/ -->\n<title>Revisi\u00f3n de los importes provisionales de las ayudas a los ecorreg\u00edmenes de 2024 para abonar el 90 % - ASAJA Palencia<\/title>\n<meta name=\"description\" content=\"El Fondo Espa\u00f1ol de Garant\u00eda Agraria (FEGA) ha revisado los importes unitarios provisionales de la PAC 2024 de los reg\u00edmenes en favor del clima y el medio\" \/>\n<meta name=\"robots\" content=\"index, follow, max-snippet:-1, max-image-preview:large, max-video-preview:-1\" \/>\n<link rel=\"canonical\" href=\"https:\/\/www.asajacyl.com\/palencia\/asaja-palencia-informa\/revision-de-los-importes-provisionales-de-las-ayudas-a-los-ecorregimenes-de-2024-para-abonar-el-90\" \/>\n<meta property=\"og:locale\" content=\"es_ES\" \/>\n<meta property=\"og:type\" content=\"article\" \/>\n<meta property=\"og:title\" content=\"Revisi\u00f3n de los importes provisionales de las ayudas a los ecorreg\u00edmenes de 2024 para abonar el 90 % - ASAJA Palencia\" \/>\n<meta property=\"og:description\" content=\"El Fondo Espa\u00f1ol de Garant\u00eda Agraria (FEGA) ha revisado los importes unitarios provisionales de la PAC 2024 de los reg\u00edmenes en favor del clima y el medio\" \/>\n<meta property=\"og:url\" content=\"https:\/\/www.asajacyl.com\/palencia\/asaja-palencia-informa\/revision-de-los-importes-provisionales-de-las-ayudas-a-los-ecorregimenes-de-2024-para-abonar-el-90\" \/>\n<meta property=\"og:site_name\" content=\"ASAJA Palencia\" \/>\n<meta property=\"article:published_time\" content=\"2024-12-02T10:43:19+00:00\" \/>\n<meta property=\"article:modified_time\" content=\"2024-12-02T11:00:51+00:00\" \/>\n<meta property=\"og:image\" content=\"https:\/\/www.asajacyl.com\/palencia\/wp-content\/uploads\/sites\/3\/2022\/11\/SIEMBRA-DIRECTA-TRIGO.jpg\" \/>\n\t<meta property=\"og:image:width\" content=\"2500\" \/>\n\t<meta property=\"og:image:height\" content=\"1875\" \/>\n\t<meta property=\"og:image:type\" content=\"image\/jpeg\" \/>\n<meta name=\"author\" content=\"Administrador\" \/>\n<meta name=\"twitter:card\" content=\"summary_large_image\" \/>\n<meta name=\"twitter:label1\" content=\"Escrito por\" \/>\n\t<meta name=\"twitter:data1\" content=\"Administrador\" \/>\n\t<meta name=\"twitter:label2\" content=\"Tiempo de lectura\" \/>\n\t<meta name=\"twitter:data2\" content=\"4 minutos\" \/>\n<script type=\"application\/ld+json\" class=\"yoast-schema-graph\">{\"@context\":\"https:\/\/schema.org\",\"@graph\":[{\"@type\":\"WebPage\",\"@id\":\"https:\/\/www.asajacyl.com\/palencia\/asaja-palencia-informa\/revision-de-los-importes-provisionales-de-las-ayudas-a-los-ecorregimenes-de-2024-para-abonar-el-90\",\"url\":\"https:\/\/www.asajacyl.com\/palencia\/asaja-palencia-informa\/revision-de-los-importes-provisionales-de-las-ayudas-a-los-ecorregimenes-de-2024-para-abonar-el-90\",\"name\":\"Revisi\u00f3n de los importes provisionales de las ayudas a los ecorreg\u00edmenes de 2024 para abonar el 90 % - ASAJA Palencia\",\"isPartOf\":{\"@id\":\"https:\/\/www.asajacyl.com\/palencia\/#website\"},\"primaryImageOfPage\":{\"@id\":\"https:\/\/www.asajacyl.com\/palencia\/asaja-palencia-informa\/revision-de-los-importes-provisionales-de-las-ayudas-a-los-ecorregimenes-de-2024-para-abonar-el-90#primaryimage\"},\"image\":{\"@id\":\"https:\/\/www.asajacyl.com\/palencia\/asaja-palencia-informa\/revision-de-los-importes-provisionales-de-las-ayudas-a-los-ecorregimenes-de-2024-para-abonar-el-90#primaryimage\"},\"thumbnailUrl\":\"https:\/\/www.asajacyl.com\/palencia\/wp-content\/uploads\/sites\/3\/2022\/11\/SIEMBRA-DIRECTA-TRIGO.jpg\",\"datePublished\":\"2024-12-02T10:43:19+00:00\",\"dateModified\":\"2024-12-02T11:00:51+00:00\",\"author\":{\"@id\":\"https:\/\/www.asajacyl.com\/palencia\/#\/schema\/person\/3ab17aeb03527485c317557fae64aab1\"},\"description\":\"El Fondo Espa\u00f1ol de Garant\u00eda Agraria (FEGA) ha revisado los importes unitarios provisionales de la PAC 2024 de los reg\u00edmenes en favor del clima y el medio\",\"breadcrumb\":{\"@id\":\"https:\/\/www.asajacyl.com\/palencia\/asaja-palencia-informa\/revision-de-los-importes-provisionales-de-las-ayudas-a-los-ecorregimenes-de-2024-para-abonar-el-90#breadcrumb\"},\"inLanguage\":\"es\",\"potentialAction\":[{\"@type\":\"ReadAction\",\"target\":[\"https:\/\/www.asajacyl.com\/palencia\/asaja-palencia-informa\/revision-de-los-importes-provisionales-de-las-ayudas-a-los-ecorregimenes-de-2024-para-abonar-el-90\"]}]},{\"@type\":\"ImageObject\",\"inLanguage\":\"es\",\"@id\":\"https:\/\/www.asajacyl.com\/palencia\/asaja-palencia-informa\/revision-de-los-importes-provisionales-de-las-ayudas-a-los-ecorregimenes-de-2024-para-abonar-el-90#primaryimage\",\"url\":\"https:\/\/www.asajacyl.com\/palencia\/wp-content\/uploads\/sites\/3\/2022\/11\/SIEMBRA-DIRECTA-TRIGO.jpg\",\"contentUrl\":\"https:\/\/www.asajacyl.com\/palencia\/wp-content\/uploads\/sites\/3\/2022\/11\/SIEMBRA-DIRECTA-TRIGO.jpg\",\"width\":2500,\"height\":1875},{\"@type\":\"BreadcrumbList\",\"@id\":\"https:\/\/www.asajacyl.com\/palencia\/asaja-palencia-informa\/revision-de-los-importes-provisionales-de-las-ayudas-a-los-ecorregimenes-de-2024-para-abonar-el-90#breadcrumb\",\"itemListElement\":[{\"@type\":\"ListItem\",\"position\":1,\"name\":\"Portada\",\"item\":\"https:\/\/www.asajacyl.com\/palencia\/\"},{\"@type\":\"ListItem\",\"position\":2,\"name\":\"Revisi\u00f3n de los importes provisionales de las ayudas a los ecorreg\u00edmenes de 2024 para abonar el 90 %\"}]},{\"@type\":\"WebSite\",\"@id\":\"https:\/\/www.asajacyl.com\/palencia\/#website\",\"url\":\"https:\/\/www.asajacyl.com\/palencia\/\",\"name\":\"ASAJA Palencia\",\"description\":\"Otro sitio m\u00e1s de Provincias ASAJA Castilla y Le\u00f3n\",\"potentialAction\":[{\"@type\":\"SearchAction\",\"target\":{\"@type\":\"EntryPoint\",\"urlTemplate\":\"https:\/\/www.asajacyl.com\/palencia\/?s={search_term_string}\"},\"query-input\":{\"@type\":\"PropertyValueSpecification\",\"valueRequired\":true,\"valueName\":\"search_term_string\"}}],\"inLanguage\":\"es\"},{\"@type\":\"Person\",\"@id\":\"https:\/\/www.asajacyl.com\/palencia\/#\/schema\/person\/3ab17aeb03527485c317557fae64aab1\",\"name\":\"Administrador\",\"image\":{\"@type\":\"ImageObject\",\"inLanguage\":\"es\",\"@id\":\"https:\/\/www.asajacyl.com\/palencia\/#\/schema\/person\/image\/\",\"url\":\"https:\/\/secure.gravatar.com\/avatar\/517384810d242ca9e38c180f3c9fb973?s=96&d=mm&r=g\",\"contentUrl\":\"https:\/\/secure.gravatar.com\/avatar\/517384810d242ca9e38c180f3c9fb973?s=96&d=mm&r=g\",\"caption\":\"Administrador\"},\"url\":\"https:\/\/www.asajacyl.com\/palencia\/author\/carlosrm\"}]}<\/script>\n<!-- \/ Yoast SEO plugin. -->","yoast_head_json":{"title":"Revisi\u00f3n de los importes provisionales de las ayudas a los ecorreg\u00edmenes de 2024 para abonar el 90 % - ASAJA Palencia","description":"El Fondo Espa\u00f1ol de Garant\u00eda Agraria (FEGA) ha revisado los importes unitarios provisionales de la PAC 2024 de los reg\u00edmenes en favor del clima y el medio","robots":{"index":"index","follow":"follow","max-snippet":"max-snippet:-1","max-image-preview":"max-image-preview:large","max-video-preview":"max-video-preview:-1"},"canonical":"https:\/\/www.asajacyl.com\/palencia\/asaja-palencia-informa\/revision-de-los-importes-provisionales-de-las-ayudas-a-los-ecorregimenes-de-2024-para-abonar-el-90","og_locale":"es_ES","og_type":"article","og_title":"Revisi\u00f3n de los importes provisionales de las ayudas a los ecorreg\u00edmenes de 2024 para abonar el 90 % - ASAJA Palencia","og_description":"El Fondo Espa\u00f1ol de Garant\u00eda Agraria (FEGA) ha revisado los importes unitarios provisionales de la PAC 2024 de los reg\u00edmenes en favor del clima y el medio","og_url":"https:\/\/www.asajacyl.com\/palencia\/asaja-palencia-informa\/revision-de-los-importes-provisionales-de-las-ayudas-a-los-ecorregimenes-de-2024-para-abonar-el-90","og_site_name":"ASAJA Palencia","article_published_time":"2024-12-02T10:43:19+00:00","article_modified_time":"2024-12-02T11:00:51+00:00","og_image":[{"width":2500,"height":1875,"url":"https:\/\/www.asajacyl.com\/palencia\/wp-content\/uploads\/sites\/3\/2022\/11\/SIEMBRA-DIRECTA-TRIGO.jpg","type":"image\/jpeg"}],"author":"Administrador","twitter_card":"summary_large_image","twitter_misc":{"Escrito por":"Administrador","Tiempo de lectura":"4 minutos"},"schema":{"@context":"https:\/\/schema.org","@graph":[{"@type":"WebPage","@id":"https:\/\/www.asajacyl.com\/palencia\/asaja-palencia-informa\/revision-de-los-importes-provisionales-de-las-ayudas-a-los-ecorregimenes-de-2024-para-abonar-el-90","url":"https:\/\/www.asajacyl.com\/palencia\/asaja-palencia-informa\/revision-de-los-importes-provisionales-de-las-ayudas-a-los-ecorregimenes-de-2024-para-abonar-el-90","name":"Revisi\u00f3n de los importes provisionales de las ayudas a los ecorreg\u00edmenes de 2024 para abonar el 90 % - ASAJA Palencia","isPartOf":{"@id":"https:\/\/www.asajacyl.com\/palencia\/#website"},"primaryImageOfPage":{"@id":"https:\/\/www.asajacyl.com\/palencia\/asaja-palencia-informa\/revision-de-los-importes-provisionales-de-las-ayudas-a-los-ecorregimenes-de-2024-para-abonar-el-90#primaryimage"},"image":{"@id":"https:\/\/www.asajacyl.com\/palencia\/asaja-palencia-informa\/revision-de-los-importes-provisionales-de-las-ayudas-a-los-ecorregimenes-de-2024-para-abonar-el-90#primaryimage"},"thumbnailUrl":"https:\/\/www.asajacyl.com\/palencia\/wp-content\/uploads\/sites\/3\/2022\/11\/SIEMBRA-DIRECTA-TRIGO.jpg","datePublished":"2024-12-02T10:43:19+00:00","dateModified":"2024-12-02T11:00:51+00:00","author":{"@id":"https:\/\/www.asajacyl.com\/palencia\/#\/schema\/person\/3ab17aeb03527485c317557fae64aab1"},"description":"El Fondo Espa\u00f1ol de Garant\u00eda Agraria (FEGA) ha revisado los importes unitarios provisionales de la PAC 2024 de los reg\u00edmenes en favor del clima y el medio","breadcrumb":{"@id":"https:\/\/www.asajacyl.com\/palencia\/asaja-palencia-informa\/revision-de-los-importes-provisionales-de-las-ayudas-a-los-ecorregimenes-de-2024-para-abonar-el-90#breadcrumb"},"inLanguage":"es","potentialAction":[{"@type":"ReadAction","target":["https:\/\/www.asajacyl.com\/palencia\/asaja-palencia-informa\/revision-de-los-importes-provisionales-de-las-ayudas-a-los-ecorregimenes-de-2024-para-abonar-el-90"]}]},{"@type":"ImageObject","inLanguage":"es","@id":"https:\/\/www.asajacyl.com\/palencia\/asaja-palencia-informa\/revision-de-los-importes-provisionales-de-las-ayudas-a-los-ecorregimenes-de-2024-para-abonar-el-90#primaryimage","url":"https:\/\/www.asajacyl.com\/palencia\/wp-content\/uploads\/sites\/3\/2022\/11\/SIEMBRA-DIRECTA-TRIGO.jpg","contentUrl":"https:\/\/www.asajacyl.com\/palencia\/wp-content\/uploads\/sites\/3\/2022\/11\/SIEMBRA-DIRECTA-TRIGO.jpg","width":2500,"height":1875},{"@type":"BreadcrumbList","@id":"https:\/\/www.asajacyl.com\/palencia\/asaja-palencia-informa\/revision-de-los-importes-provisionales-de-las-ayudas-a-los-ecorregimenes-de-2024-para-abonar-el-90#breadcrumb","itemListElement":[{"@type":"ListItem","position":1,"name":"Portada","item":"https:\/\/www.asajacyl.com\/palencia\/"},{"@type":"ListItem","position":2,"name":"Revisi\u00f3n de los importes provisionales de las ayudas a los ecorreg\u00edmenes de 2024 para abonar el 90 %"}]},{"@type":"WebSite","@id":"https:\/\/www.asajacyl.com\/palencia\/#website","url":"https:\/\/www.asajacyl.com\/palencia\/","name":"ASAJA Palencia","description":"Otro sitio m\u00e1s de Provincias ASAJA Castilla y Le\u00f3n","potentialAction":[{"@type":"SearchAction","target":{"@type":"EntryPoint","urlTemplate":"https:\/\/www.asajacyl.com\/palencia\/?s={search_term_string}"},"query-input":{"@type":"PropertyValueSpecification","valueRequired":true,"valueName":"search_term_string"}}],"inLanguage":"es"},{"@type":"Person","@id":"https:\/\/www.asajacyl.com\/palencia\/#\/schema\/person\/3ab17aeb03527485c317557fae64aab1","name":"Administrador","image":{"@type":"ImageObject","inLanguage":"es","@id":"https:\/\/www.asajacyl.com\/palencia\/#\/schema\/person\/image\/","url":"https:\/\/secure.gravatar.com\/avatar\/517384810d242ca9e38c180f3c9fb973?s=96&d=mm&r=g","contentUrl":"https:\/\/secure.gravatar.com\/avatar\/517384810d242ca9e38c180f3c9fb973?s=96&d=mm&r=g","caption":"Administrador"},"url":"https:\/\/www.asajacyl.com\/palencia\/author\/carlosrm"}]}},"_links":{"self":[{"href":"https:\/\/www.asajacyl.com\/palencia\/wp-json\/wp\/v2\/posts\/18213"}],"collection":[{"href":"https:\/\/www.asajacyl.com\/palencia\/wp-json\/wp\/v2\/posts"}],"about":[{"href":"https:\/\/www.asajacyl.com\/palencia\/wp-json\/wp\/v2\/types\/post"}],"author":[{"embeddable":true,"href":"https:\/\/www.asajacyl.com\/palencia\/wp-json\/wp\/v2\/users\/9"}],"replies":[{"embeddable":true,"href":"https:\/\/www.asajacyl.com\/palencia\/wp-json\/wp\/v2\/comments?post=18213"}],"version-history":[{"count":3,"href":"https:\/\/www.asajacyl.com\/palencia\/wp-json\/wp\/v2\/posts\/18213\/revisions"}],"predecessor-version":[{"id":18216,"href":"https:\/\/www.asajacyl.com\/palencia\/wp-json\/wp\/v2\/posts\/18213\/revisions\/18216"}],"wp:featuredmedia":[{"embeddable":true,"href":"https:\/\/www.asajacyl.com\/palencia\/wp-json\/wp\/v2\/media\/11773"}],"wp:attachment":[{"href":"https:\/\/www.asajacyl.com\/palencia\/wp-json\/wp\/v2\/media?parent=18213"}],"wp:term":[{"taxonomy":"category","embeddable":true,"href":"https:\/\/www.asajacyl.com\/palencia\/wp-json\/wp\/v2\/categories?post=18213"},{"taxonomy":"post_tag","embeddable":true,"href":"https:\/\/www.asajacyl.com\/palencia\/wp-json\/wp\/v2\/tags?post=18213"}],"curies":[{"name":"wp","href":"https:\/\/api.w.org\/{rel}","templated":true}]}}