{"id":18232,"date":"2024-12-04T13:02:15","date_gmt":"2024-12-04T12:02:15","guid":{"rendered":"https:\/\/www.asajacyl.com\/palencia\/?p=18232"},"modified":"2024-12-06T09:50:04","modified_gmt":"2024-12-06T08:50:04","slug":"asaja-exige-un-cambio-radical-del-modelo-de-seguros-agrarios-y-un-cuerpo-independiente-de-peritos","status":"publish","type":"post","link":"https:\/\/www.asajacyl.com\/palencia\/asaja-palencia-informa\/asaja-exige-un-cambio-radical-del-modelo-de-seguros-agrarios-y-un-cuerpo-independiente-de-peritos","title":{"rendered":"ASAJA exige un cambio radical en los seguros agroganaderos ante el descontento del sector"},"content":{"rendered":"\n<h2 class=\"wp-block-heading\">ASAJA ha exigido una reforma \u00edntegra del actual sistema de seguros agrarios durante la reuni\u00f3n de la comisi\u00f3n general de la Entidad Estatal de Seguros Agrarios (ENESA) celebrada este martes, 3 de diciembre, en Madrid. Seg\u00fan los t\u00e9cnicos de nuestra organizaci\u00f3n, las p\u00f3lizas de contrataci\u00f3n se han encarecido considerablemente, mientras han disminuido las coberturas y se han recortado las indemnizaciones.<\/h2>\n\n\n\n<p>ASAJA expuso en la reuni\u00f3n del organismo aut\u00f3nomo, dependiente del Ministerio de Agricultura, Pesca y Alimentaci\u00f3n (MAPA) que estos factores han causado un descontento generalizado entre los agricultores y ganaderos. <\/p>\n\n\n\n<p>Nuestro sector critica el sistema actual por aprovecharse de la siniestralidad para hacer ajustes que implican subidas de tarifas, a la vez que recortan garant\u00edas. <\/p>\n\n\n\n<p>Por ello, desde ASAJA se reclam\u00f3 en la reuni\u00f3n una reforma dr\u00e1stica en todas las l\u00edneas de seguros, a fin de garantizar la renta de los agricultores y ganaderos ante inclemencias meteorol\u00f3gicas o enfermedades animales, donde poco o nada se puede hacer para controlarlas.<\/p>\n\n\n\n<p>La organizaci\u00f3n agraria ha lamentado la imposibilidad de los productores para asegurar el total de sus producciones o para estar cubiertos ante cualquier riesgo, ni siquiera contratando los seguros complementarios o las garant\u00edas adicionales. <\/p>\n\n\n\n<p><strong>PENALIZACIONES. <\/strong>Al contrario, se les penaliza al incluirse l\u00edmites para asegurar al m\u00e1ximo sus producciones y se les obliga a asumir mayores porcentajes de p\u00e9rdidas, m\u00e1s a\u00fan cuando han presentado varios partes por siniestros.<\/p>\n\n\n\n<p>Como resultado, ante una cat\u00e1strofe, las indemnizaciones que reciben no cubren las p\u00e9rdidas reales, ni el lucro cesante por la falta de producci\u00f3n en las explotaciones, lo que est\u00e1 causando que los agricultores y ganaderos se replanteen la continuidad en la contrataci\u00f3n de p\u00f3lizas.<\/p>\n\n\n\n<p><strong>DESACUERDOS. <\/strong>ASAJA tambi\u00e9n ha incidido en las dificultades que encuentran los productores cuando est\u00e1n en desacuerdo con las peritaciones de los da\u00f1os en las explotaciones. <\/p>\n\n\n\n<p>La organizaci\u00f3n ha planteado la necesidad de reforzar la independencia de los peritos agr\u00edcolas y veterinarios para que, a la hora de evaluar los da\u00f1os en los cultivos y las caba\u00f1as ganaderas, no respondan a ning\u00fan otro inter\u00e9s que el de estabilizar las rentas en las explotaciones agrarias y ganaderas ante cualquier siniestro.<\/p>\n\n\n\n<p>ASAJA tiene previsto celebrar reuniones en las diferentes comunidades aut\u00f3nomas, as\u00ed como una sectorial de Seguros Agrarios a nivel nacional con el fin de elaborar un documento de propuestas y conseguir que el seguro cubra las necesidades reales de los agricultores y ganaderos.<strong>\/<\/strong><\/p>\n\n\n\n<figure class=\"wp-block-image size-large is-resized\"><img loading=\"lazy\" decoding=\"async\" width=\"1024\" height=\"896\" src=\"https:\/\/www.asajacyl.com\/palencia\/wp-content\/uploads\/sites\/3\/2024\/12\/Reunion-ENESA-Madrid-3dic2024-web-1024x896.jpg\" alt=\"\" class=\"wp-image-18233\" style=\"width:1065px;height:auto\" srcset=\"https:\/\/www.asajacyl.com\/palencia\/wp-content\/uploads\/sites\/3\/2024\/12\/Reunion-ENESA-Madrid-3dic2024-web-1024x896.jpg 1024w, https:\/\/www.asajacyl.com\/palencia\/wp-content\/uploads\/sites\/3\/2024\/12\/Reunion-ENESA-Madrid-3dic2024-web-300x263.jpg 300w, https:\/\/www.asajacyl.com\/palencia\/wp-content\/uploads\/sites\/3\/2024\/12\/Reunion-ENESA-Madrid-3dic2024-web-768x672.jpg 768w, https:\/\/www.asajacyl.com\/palencia\/wp-content\/uploads\/sites\/3\/2024\/12\/Reunion-ENESA-Madrid-3dic2024-web-1536x1344.jpg 1536w, https:\/\/www.asajacyl.com\/palencia\/wp-content\/uploads\/sites\/3\/2024\/12\/Reunion-ENESA-Madrid-3dic2024-web-480x420.jpg 480w, https:\/\/www.asajacyl.com\/palencia\/wp-content\/uploads\/sites\/3\/2024\/12\/Reunion-ENESA-Madrid-3dic2024-web-696x609.jpg 696w, https:\/\/www.asajacyl.com\/palencia\/wp-content\/uploads\/sites\/3\/2024\/12\/Reunion-ENESA-Madrid-3dic2024-web-1068x935.jpg 1068w, https:\/\/www.asajacyl.com\/palencia\/wp-content\/uploads\/sites\/3\/2024\/12\/Reunion-ENESA-Madrid-3dic2024-web.jpg 1890w\" sizes=\"(max-width: 1024px) 100vw, 1024px\" \/><figcaption class=\"wp-element-caption\">Los representantes de ASAJA en la comisi\u00f3n general de ENESA Pedro Alcolea (Castilla La Mancha) y \u00c1lvaro de la Hera (gerente de ASAJA-Palencia), primero y segundo por la izquierda, respectivamente; escuchan la intervenci\u00f3n del representante de la Comunidad de Madrid, F\u00e9lix Sanz Arribas (centro), durante la reuni\u00f3n celebrada este martes 3 en el Ministerio de Agricultura.<\/figcaption><\/figure>\n\n\n\n<p><\/p>\n","protected":false},"excerpt":{"rendered":"<p>ASAJA ha exigido una reforma \u00edntegra del actual sistema de seguros agrarios durante la reuni\u00f3n de la comisi\u00f3n general de la Entidad Estatal de Seguros Agrarios (ENESA) celebrada este martes, 3 de diciembre, en Madrid. Seg\u00fan los t\u00e9cnicos de nuestra organizaci\u00f3n, las p\u00f3lizas de contrataci\u00f3n se han encarecido considerablemente, mientras han disminuido las coberturas y [&hellip;]<\/p>\n","protected":false},"author":9,"featured_media":17781,"comment_status":"open","ping_status":"open","sticky":false,"template":"","format":"standard","meta":{"footnotes":""},"categories":[9,31,38,28,13],"tags":[58,176,59,351,77,110,1200,185],"yoast_head":"<!-- This site is optimized with the Yoast SEO plugin v24.5 - https:\/\/yoast.com\/wordpress\/plugins\/seo\/ -->\n<title>ASAJA exige un cambio radical en los seguros agroganaderos ante el descontento del sector - ASAJA Palencia<\/title>\n<meta name=\"description\" content=\"ASAJA ha exigido una reforma \u00edntegra del actual sistema de seguros agrarios durante la reuni\u00f3n de la comisi\u00f3n general de la Entidad Estatal de Seguros\" \/>\n<meta name=\"robots\" content=\"index, follow, max-snippet:-1, max-image-preview:large, max-video-preview:-1\" \/>\n<link rel=\"canonical\" href=\"https:\/\/www.asajacyl.com\/palencia\/asaja-palencia-informa\/asaja-exige-un-cambio-radical-del-modelo-de-seguros-agrarios-y-un-cuerpo-independiente-de-peritos\" \/>\n<meta property=\"og:locale\" content=\"es_ES\" \/>\n<meta property=\"og:type\" content=\"article\" \/>\n<meta property=\"og:title\" content=\"ASAJA exige un cambio radical en los seguros agroganaderos ante el descontento del sector - ASAJA Palencia\" \/>\n<meta property=\"og:description\" content=\"ASAJA ha exigido una reforma \u00edntegra del actual sistema de seguros agrarios durante la reuni\u00f3n de la comisi\u00f3n general de la Entidad Estatal de Seguros\" \/>\n<meta property=\"og:url\" content=\"https:\/\/www.asajacyl.com\/palencia\/asaja-palencia-informa\/asaja-exige-un-cambio-radical-del-modelo-de-seguros-agrarios-y-un-cuerpo-independiente-de-peritos\" \/>\n<meta property=\"og:site_name\" content=\"ASAJA Palencia\" \/>\n<meta property=\"article:published_time\" content=\"2024-12-04T12:02:15+00:00\" \/>\n<meta property=\"article:modified_time\" content=\"2024-12-06T08:50:04+00:00\" \/>\n<meta property=\"og:image\" content=\"https:\/\/www.asajacyl.com\/palencia\/wp-content\/uploads\/sites\/3\/2024\/10\/Girasol-tumbado-Kirk-Ojeda-oct2024.jpeg\" \/>\n\t<meta property=\"og:image:width\" content=\"1600\" \/>\n\t<meta property=\"og:image:height\" content=\"1200\" \/>\n\t<meta property=\"og:image:type\" content=\"image\/jpeg\" \/>\n<meta name=\"author\" content=\"Administrador\" \/>\n<meta name=\"twitter:card\" content=\"summary_large_image\" \/>\n<meta name=\"twitter:label1\" content=\"Escrito por\" \/>\n\t<meta name=\"twitter:data1\" content=\"Administrador\" \/>\n\t<meta name=\"twitter:label2\" content=\"Tiempo de lectura\" \/>\n\t<meta name=\"twitter:data2\" content=\"3 minutos\" \/>\n<script type=\"application\/ld+json\" class=\"yoast-schema-graph\">{\"@context\":\"https:\/\/schema.org\",\"@graph\":[{\"@type\":\"WebPage\",\"@id\":\"https:\/\/www.asajacyl.com\/palencia\/asaja-palencia-informa\/asaja-exige-un-cambio-radical-del-modelo-de-seguros-agrarios-y-un-cuerpo-independiente-de-peritos\",\"url\":\"https:\/\/www.asajacyl.com\/palencia\/asaja-palencia-informa\/asaja-exige-un-cambio-radical-del-modelo-de-seguros-agrarios-y-un-cuerpo-independiente-de-peritos\",\"name\":\"ASAJA exige un cambio radical en los seguros agroganaderos ante el descontento del sector - ASAJA Palencia\",\"isPartOf\":{\"@id\":\"https:\/\/www.asajacyl.com\/palencia\/#website\"},\"primaryImageOfPage\":{\"@id\":\"https:\/\/www.asajacyl.com\/palencia\/asaja-palencia-informa\/asaja-exige-un-cambio-radical-del-modelo-de-seguros-agrarios-y-un-cuerpo-independiente-de-peritos#primaryimage\"},\"image\":{\"@id\":\"https:\/\/www.asajacyl.com\/palencia\/asaja-palencia-informa\/asaja-exige-un-cambio-radical-del-modelo-de-seguros-agrarios-y-un-cuerpo-independiente-de-peritos#primaryimage\"},\"thumbnailUrl\":\"https:\/\/www.asajacyl.com\/palencia\/wp-content\/uploads\/sites\/3\/2024\/10\/Girasol-tumbado-Kirk-Ojeda-oct2024.jpeg\",\"datePublished\":\"2024-12-04T12:02:15+00:00\",\"dateModified\":\"2024-12-06T08:50:04+00:00\",\"author\":{\"@id\":\"https:\/\/www.asajacyl.com\/palencia\/#\/schema\/person\/3ab17aeb03527485c317557fae64aab1\"},\"description\":\"ASAJA ha exigido una reforma \u00edntegra del actual sistema de seguros agrarios durante la reuni\u00f3n de la comisi\u00f3n general de la Entidad Estatal de Seguros\",\"breadcrumb\":{\"@id\":\"https:\/\/www.asajacyl.com\/palencia\/asaja-palencia-informa\/asaja-exige-un-cambio-radical-del-modelo-de-seguros-agrarios-y-un-cuerpo-independiente-de-peritos#breadcrumb\"},\"inLanguage\":\"es\",\"potentialAction\":[{\"@type\":\"ReadAction\",\"target\":[\"https:\/\/www.asajacyl.com\/palencia\/asaja-palencia-informa\/asaja-exige-un-cambio-radical-del-modelo-de-seguros-agrarios-y-un-cuerpo-independiente-de-peritos\"]}]},{\"@type\":\"ImageObject\",\"inLanguage\":\"es\",\"@id\":\"https:\/\/www.asajacyl.com\/palencia\/asaja-palencia-informa\/asaja-exige-un-cambio-radical-del-modelo-de-seguros-agrarios-y-un-cuerpo-independiente-de-peritos#primaryimage\",\"url\":\"https:\/\/www.asajacyl.com\/palencia\/wp-content\/uploads\/sites\/3\/2024\/10\/Girasol-tumbado-Kirk-Ojeda-oct2024.jpeg\",\"contentUrl\":\"https:\/\/www.asajacyl.com\/palencia\/wp-content\/uploads\/sites\/3\/2024\/10\/Girasol-tumbado-Kirk-Ojeda-oct2024.jpeg\",\"width\":1600,\"height\":1200},{\"@type\":\"BreadcrumbList\",\"@id\":\"https:\/\/www.asajacyl.com\/palencia\/asaja-palencia-informa\/asaja-exige-un-cambio-radical-del-modelo-de-seguros-agrarios-y-un-cuerpo-independiente-de-peritos#breadcrumb\",\"itemListElement\":[{\"@type\":\"ListItem\",\"position\":1,\"name\":\"Portada\",\"item\":\"https:\/\/www.asajacyl.com\/palencia\/\"},{\"@type\":\"ListItem\",\"position\":2,\"name\":\"ASAJA exige un cambio radical en los seguros agroganaderos ante el descontento del sector\"}]},{\"@type\":\"WebSite\",\"@id\":\"https:\/\/www.asajacyl.com\/palencia\/#website\",\"url\":\"https:\/\/www.asajacyl.com\/palencia\/\",\"name\":\"ASAJA Palencia\",\"description\":\"Otro sitio m\u00e1s de Provincias ASAJA Castilla y Le\u00f3n\",\"potentialAction\":[{\"@type\":\"SearchAction\",\"target\":{\"@type\":\"EntryPoint\",\"urlTemplate\":\"https:\/\/www.asajacyl.com\/palencia\/?s={search_term_string}\"},\"query-input\":{\"@type\":\"PropertyValueSpecification\",\"valueRequired\":true,\"valueName\":\"search_term_string\"}}],\"inLanguage\":\"es\"},{\"@type\":\"Person\",\"@id\":\"https:\/\/www.asajacyl.com\/palencia\/#\/schema\/person\/3ab17aeb03527485c317557fae64aab1\",\"name\":\"Administrador\",\"image\":{\"@type\":\"ImageObject\",\"inLanguage\":\"es\",\"@id\":\"https:\/\/www.asajacyl.com\/palencia\/#\/schema\/person\/image\/\",\"url\":\"https:\/\/secure.gravatar.com\/avatar\/517384810d242ca9e38c180f3c9fb973?s=96&d=mm&r=g\",\"contentUrl\":\"https:\/\/secure.gravatar.com\/avatar\/517384810d242ca9e38c180f3c9fb973?s=96&d=mm&r=g\",\"caption\":\"Administrador\"},\"url\":\"https:\/\/www.asajacyl.com\/palencia\/author\/carlosrm\"}]}<\/script>\n<!-- \/ Yoast SEO plugin. -->","yoast_head_json":{"title":"ASAJA exige un cambio radical en los seguros agroganaderos ante el descontento del sector - ASAJA Palencia","description":"ASAJA ha exigido una reforma \u00edntegra del actual sistema de seguros agrarios durante la reuni\u00f3n de la comisi\u00f3n general de la Entidad Estatal de Seguros","robots":{"index":"index","follow":"follow","max-snippet":"max-snippet:-1","max-image-preview":"max-image-preview:large","max-video-preview":"max-video-preview:-1"},"canonical":"https:\/\/www.asajacyl.com\/palencia\/asaja-palencia-informa\/asaja-exige-un-cambio-radical-del-modelo-de-seguros-agrarios-y-un-cuerpo-independiente-de-peritos","og_locale":"es_ES","og_type":"article","og_title":"ASAJA exige un cambio radical en los seguros agroganaderos ante el descontento del sector - ASAJA Palencia","og_description":"ASAJA ha exigido una reforma \u00edntegra del actual sistema de seguros agrarios durante la reuni\u00f3n de la comisi\u00f3n general de la Entidad Estatal de Seguros","og_url":"https:\/\/www.asajacyl.com\/palencia\/asaja-palencia-informa\/asaja-exige-un-cambio-radical-del-modelo-de-seguros-agrarios-y-un-cuerpo-independiente-de-peritos","og_site_name":"ASAJA Palencia","article_published_time":"2024-12-04T12:02:15+00:00","article_modified_time":"2024-12-06T08:50:04+00:00","og_image":[{"width":1600,"height":1200,"url":"https:\/\/www.asajacyl.com\/palencia\/wp-content\/uploads\/sites\/3\/2024\/10\/Girasol-tumbado-Kirk-Ojeda-oct2024.jpeg","type":"image\/jpeg"}],"author":"Administrador","twitter_card":"summary_large_image","twitter_misc":{"Escrito por":"Administrador","Tiempo de lectura":"3 minutos"},"schema":{"@context":"https:\/\/schema.org","@graph":[{"@type":"WebPage","@id":"https:\/\/www.asajacyl.com\/palencia\/asaja-palencia-informa\/asaja-exige-un-cambio-radical-del-modelo-de-seguros-agrarios-y-un-cuerpo-independiente-de-peritos","url":"https:\/\/www.asajacyl.com\/palencia\/asaja-palencia-informa\/asaja-exige-un-cambio-radical-del-modelo-de-seguros-agrarios-y-un-cuerpo-independiente-de-peritos","name":"ASAJA exige un cambio radical en los seguros agroganaderos ante el descontento del sector - ASAJA Palencia","isPartOf":{"@id":"https:\/\/www.asajacyl.com\/palencia\/#website"},"primaryImageOfPage":{"@id":"https:\/\/www.asajacyl.com\/palencia\/asaja-palencia-informa\/asaja-exige-un-cambio-radical-del-modelo-de-seguros-agrarios-y-un-cuerpo-independiente-de-peritos#primaryimage"},"image":{"@id":"https:\/\/www.asajacyl.com\/palencia\/asaja-palencia-informa\/asaja-exige-un-cambio-radical-del-modelo-de-seguros-agrarios-y-un-cuerpo-independiente-de-peritos#primaryimage"},"thumbnailUrl":"https:\/\/www.asajacyl.com\/palencia\/wp-content\/uploads\/sites\/3\/2024\/10\/Girasol-tumbado-Kirk-Ojeda-oct2024.jpeg","datePublished":"2024-12-04T12:02:15+00:00","dateModified":"2024-12-06T08:50:04+00:00","author":{"@id":"https:\/\/www.asajacyl.com\/palencia\/#\/schema\/person\/3ab17aeb03527485c317557fae64aab1"},"description":"ASAJA ha exigido una reforma \u00edntegra del actual sistema de seguros agrarios durante la reuni\u00f3n de la comisi\u00f3n general de la Entidad Estatal de Seguros","breadcrumb":{"@id":"https:\/\/www.asajacyl.com\/palencia\/asaja-palencia-informa\/asaja-exige-un-cambio-radical-del-modelo-de-seguros-agrarios-y-un-cuerpo-independiente-de-peritos#breadcrumb"},"inLanguage":"es","potentialAction":[{"@type":"ReadAction","target":["https:\/\/www.asajacyl.com\/palencia\/asaja-palencia-informa\/asaja-exige-un-cambio-radical-del-modelo-de-seguros-agrarios-y-un-cuerpo-independiente-de-peritos"]}]},{"@type":"ImageObject","inLanguage":"es","@id":"https:\/\/www.asajacyl.com\/palencia\/asaja-palencia-informa\/asaja-exige-un-cambio-radical-del-modelo-de-seguros-agrarios-y-un-cuerpo-independiente-de-peritos#primaryimage","url":"https:\/\/www.asajacyl.com\/palencia\/wp-content\/uploads\/sites\/3\/2024\/10\/Girasol-tumbado-Kirk-Ojeda-oct2024.jpeg","contentUrl":"https:\/\/www.asajacyl.com\/palencia\/wp-content\/uploads\/sites\/3\/2024\/10\/Girasol-tumbado-Kirk-Ojeda-oct2024.jpeg","width":1600,"height":1200},{"@type":"BreadcrumbList","@id":"https:\/\/www.asajacyl.com\/palencia\/asaja-palencia-informa\/asaja-exige-un-cambio-radical-del-modelo-de-seguros-agrarios-y-un-cuerpo-independiente-de-peritos#breadcrumb","itemListElement":[{"@type":"ListItem","position":1,"name":"Portada","item":"https:\/\/www.asajacyl.com\/palencia\/"},{"@type":"ListItem","position":2,"name":"ASAJA exige un cambio radical en los seguros agroganaderos ante el descontento del sector"}]},{"@type":"WebSite","@id":"https:\/\/www.asajacyl.com\/palencia\/#website","url":"https:\/\/www.asajacyl.com\/palencia\/","name":"ASAJA Palencia","description":"Otro sitio m\u00e1s de Provincias ASAJA Castilla y Le\u00f3n","potentialAction":[{"@type":"SearchAction","target":{"@type":"EntryPoint","urlTemplate":"https:\/\/www.asajacyl.com\/palencia\/?s={search_term_string}"},"query-input":{"@type":"PropertyValueSpecification","valueRequired":true,"valueName":"search_term_string"}}],"inLanguage":"es"},{"@type":"Person","@id":"https:\/\/www.asajacyl.com\/palencia\/#\/schema\/person\/3ab17aeb03527485c317557fae64aab1","name":"Administrador","image":{"@type":"ImageObject","inLanguage":"es","@id":"https:\/\/www.asajacyl.com\/palencia\/#\/schema\/person\/image\/","url":"https:\/\/secure.gravatar.com\/avatar\/517384810d242ca9e38c180f3c9fb973?s=96&d=mm&r=g","contentUrl":"https:\/\/secure.gravatar.com\/avatar\/517384810d242ca9e38c180f3c9fb973?s=96&d=mm&r=g","caption":"Administrador"},"url":"https:\/\/www.asajacyl.com\/palencia\/author\/carlosrm"}]}},"_links":{"self":[{"href":"https:\/\/www.asajacyl.com\/palencia\/wp-json\/wp\/v2\/posts\/18232"}],"collection":[{"href":"https:\/\/www.asajacyl.com\/palencia\/wp-json\/wp\/v2\/posts"}],"about":[{"href":"https:\/\/www.asajacyl.com\/palencia\/wp-json\/wp\/v2\/types\/post"}],"author":[{"embeddable":true,"href":"https:\/\/www.asajacyl.com\/palencia\/wp-json\/wp\/v2\/users\/9"}],"replies":[{"embeddable":true,"href":"https:\/\/www.asajacyl.com\/palencia\/wp-json\/wp\/v2\/comments?post=18232"}],"version-history":[{"count":4,"href":"https:\/\/www.asajacyl.com\/palencia\/wp-json\/wp\/v2\/posts\/18232\/revisions"}],"predecessor-version":[{"id":18269,"href":"https:\/\/www.asajacyl.com\/palencia\/wp-json\/wp\/v2\/posts\/18232\/revisions\/18269"}],"wp:featuredmedia":[{"embeddable":true,"href":"https:\/\/www.asajacyl.com\/palencia\/wp-json\/wp\/v2\/media\/17781"}],"wp:attachment":[{"href":"https:\/\/www.asajacyl.com\/palencia\/wp-json\/wp\/v2\/media?parent=18232"}],"wp:term":[{"taxonomy":"category","embeddable":true,"href":"https:\/\/www.asajacyl.com\/palencia\/wp-json\/wp\/v2\/categories?post=18232"},{"taxonomy":"post_tag","embeddable":true,"href":"https:\/\/www.asajacyl.com\/palencia\/wp-json\/wp\/v2\/tags?post=18232"}],"curies":[{"name":"wp","href":"https:\/\/api.w.org\/{rel}","templated":true}]}}