{"id":18571,"date":"2025-01-09T12:03:59","date_gmt":"2025-01-09T11:03:59","guid":{"rendered":"https:\/\/www.asajacyl.com\/palencia\/?p=18571"},"modified":"2025-01-09T14:38:16","modified_gmt":"2025-01-09T13:38:16","slug":"astudillo-acoge-el-miercoles-15-de-enero-una-jornada-sobre-tecnologia-en-cultivos-de-regadio","status":"publish","type":"post","link":"https:\/\/www.asajacyl.com\/palencia\/asaja-palencia-informa\/astudillo-acoge-el-miercoles-15-de-enero-una-jornada-sobre-tecnologia-en-cultivos-de-regadio","title":{"rendered":"Astudillo acoge el mi\u00e9rcoles 15 de enero una jornada sobre tecnolog\u00eda en cultivos de regad\u00edo"},"content":{"rendered":"\n<h2 class=\"wp-block-heading\">La empresa de comunicaci\u00f3n <a href=\"http:\/\/www.todomaiz.com\/\">JamCom<\/a>&nbsp;organiza la&nbsp;jornada&nbsp;<em>Tecnolog\u00eda en cultivos de regad\u00edo <\/em>que se celebrar\u00e1 el mi\u00e9rcoles 15&nbsp;de enero en el sal\u00f3n de actos del Centro de Acci\u00f3n Social de Astudillo (calle Nueva, 8), con la colaboraci\u00f3n de la Comunidad de Regantes del Canal del Pisuerga, la Consejer\u00eda de Agricultura de la Junta de Castilla y Le\u00f3n, y la compa\u00f1\u00eda de productos agroalimentarios Huercasa. El evento cuenta el patrocinio de SIPCAM Iberia, empresa de investigaci\u00f3n y desarrollo, marketing y comercializaci\u00f3n de productos fitosanitarios, bioestimulantes y nutricionales especiales, tanto qu\u00edmicos como biol\u00f3gicos; y de Fertiberia Aqua, divisi\u00f3n del grupo para abonado l\u00edquido y s\u00f3lido hidrosoluble para aplicar a trav\u00e9s del agua de riego, adecuadas para la agricultura de precisi\u00f3n.<\/h2>\n\n\n\n<p>La jornada va dirigida a los agricultores en general y, en especial, a los regantes del Pisuerga y los t\u00e9cnicos del sector, en un momento en el que la agricultura afronta importantes retos: rentabilidad de las explotaciones, implantaci\u00f3n de las tecnolog\u00edas, nuevas aplicaciones de fitosanitarios, econom\u00eda de costes, etc\u00e9tera.<\/p>\n\n\n\n<p>La sesi\u00f3n se cerrar\u00e1 a las 14:00 horas con una demostraci\u00f3n de drones en el campo, si las condiciones meteorol\u00f3gicas lo permiten; y con un&nbsp;vino espa\u00f1ol, donde los asistentes y los ponentes podr\u00e1n compartir experiencias. <\/p>\n\n\n\n<p>La organizaci\u00f3n agradece la inscripci\u00f3n previa de las personas que vayan a acudir, mediante el env\u00edo de un correo electr\u00f3nico a la direcci\u00f3n <a href=\"mailto:jamcom@yahoo.com\">jamcomunicacion@yahoo.com<\/a> , con la indicaci\u00f3n del nombre, la localidad de residencia y\/o de ubicaci\u00f3n de la explotaci\u00f3n, as\u00ed como un correo electr\u00f3nico y un tel\u00e9fono de contacto.<\/p>\n\n\n\n<p>El <span style=\"text-decoration: underline\">programa completo<\/span> de la jornada es el siguiente:<\/p>\n\n\n\n<ul>\n<li>9:30 horas | Recepci\u00f3n e inscripci\u00f3n<\/li>\n\n\n\n<li>12:20 horas | Inauguraci\u00f3n y presentaci\u00f3n de la jornada<\/li>\n\n\n\n<li>10:30 horas | <em>Nuevos cultivos alternativos en regad\u00edo. Oportunidades y desaf\u00edos,<\/em> por la ingeniera agr\u00f3noma <strong>Nieves Aparicio<\/strong>, del ITACyL (Instituto Tecnol\u00f3gico Agrario de Castilla y Le\u00f3n)<\/li>\n\n\n\n<li>11:00 horas | <em>La campa\u00f1a de la nueva PAC en 2025, <\/em>por el ingeniero agr\u00f3nomo <strong>\u00c1ngel Mar\u00eda G\u00f3mez<\/strong>, director general de la PAC de la Consejer\u00eda de Agricultura, Ganader\u00eda y Desarrollo Rural de la Junta de Castilla y Le\u00f3n.<\/li>\n\n\n\n<li>11:30 horas | <em>Innovaciones fitosanitarias de SIPCAM, <\/em>por la ingeniera <strong>Patricia de Blas<\/strong>, responsable de <em>m\u00e1rketing <\/em>en SIPCAM<\/li>\n\n\n\n<li>11:45 horas | Caf\u00e9<\/li>\n\n\n\n<li>12:15 horas |<em> Uso de drones en agricultura de precisi\u00f3n, <\/em>por parte de un representante de <strong>CultivDron<\/strong>.<\/li>\n\n\n\n<li>12:30 horas | <em>Digitalizaci\u00f3n de las labores del campo,<\/em> por parte de <strong>Eusebio Miguel Antol\u00edn<\/strong>, agricultor con explotaci\u00f3n en Torquemada, socio de ASAJA-Palencia y uno de los pioneros en la agricultura de precisi\u00f3n y la implantaci\u00f3n de nuevas tecnolog\u00edas en el campo palentino.<\/li>\n\n\n\n<li>13:00 horas | Mesa redonda. <em>Previsiones del mercado de productos e insumos agr\u00edcolas en 2025,<\/em> con la participaci\u00f3n del presidente de la Comunidad de Regantes del Canal del Pisuerga, <strong>Alberto Nebreda<\/strong>, agricultor socio de ASAJA-Palencia; el ingeniero <strong>Iv\u00e1n \u00c1lvarez<\/strong>, consultor de la firma asesora de inversi\u00f3n Asegrain y tambi\u00e9n socio de ASAJA-Palencia; el ingeniero <strong>Jos\u00e9 Luis Sancho Caball\u00e9<\/strong>, jefe de producto en la empresa de fertilizantes Fertiberia Aqua; <strong>Patricia de Blas<\/strong> (SIPCAM) y <strong>Jes\u00fas Moltalvillo<\/strong>, t\u00e9cnico de la firma de productos agroalimentarios Huercasa.<strong>\/<\/strong><\/li>\n<\/ul>\n\n\n\n<p><\/p>\n","protected":false},"excerpt":{"rendered":"<p>La empresa de comunicaci\u00f3n JamCom&nbsp;organiza la&nbsp;jornada&nbsp;Tecnolog\u00eda en cultivos de regad\u00edo que se celebrar\u00e1 el mi\u00e9rcoles 15&nbsp;de enero en el sal\u00f3n de actos del Centro de Acci\u00f3n Social de Astudillo (calle Nueva, 8), con la colaboraci\u00f3n de la Comunidad de Regantes del Canal del Pisuerga, la Consejer\u00eda de Agricultura de la Junta de Castilla y Le\u00f3n, [&hellip;]<\/p>\n","protected":false},"author":9,"featured_media":18572,"comment_status":"open","ping_status":"open","sticky":false,"template":"","format":"standard","meta":{"footnotes":""},"categories":[9,39,29,28,13],"tags":[58,1236,479,439,46,953,142,422,1237,141,107,86,66,92,889,45,458,935,131,154],"yoast_head":"<!-- This site is optimized with the Yoast SEO plugin v24.5 - https:\/\/yoast.com\/wordpress\/plugins\/seo\/ -->\n<title>Astudillo acoge el mi\u00e9rcoles 15 de enero una jornada sobre tecnolog\u00eda en cultivos de regad\u00edo - ASAJA Palencia<\/title>\n<meta name=\"description\" content=\"La empresa de comunicaci\u00f3n JamCom&nbsp;organiza la&nbsp;jornada&nbsp;Tecnolog\u00eda en cultivos de regad\u00edo que se celebrar\u00e1 el mi\u00e9rcoles 15&nbsp;de enero en\" \/>\n<meta name=\"robots\" content=\"index, follow, max-snippet:-1, max-image-preview:large, max-video-preview:-1\" \/>\n<link rel=\"canonical\" href=\"https:\/\/www.asajacyl.com\/palencia\/asaja-palencia-informa\/astudillo-acoge-el-miercoles-15-de-enero-una-jornada-sobre-tecnologia-en-cultivos-de-regadio\" \/>\n<meta property=\"og:locale\" content=\"es_ES\" \/>\n<meta property=\"og:type\" content=\"article\" \/>\n<meta property=\"og:title\" content=\"Astudillo acoge el mi\u00e9rcoles 15 de enero una jornada sobre tecnolog\u00eda en cultivos de regad\u00edo - ASAJA Palencia\" \/>\n<meta property=\"og:description\" content=\"La empresa de comunicaci\u00f3n JamCom&nbsp;organiza la&nbsp;jornada&nbsp;Tecnolog\u00eda en cultivos de regad\u00edo que se celebrar\u00e1 el mi\u00e9rcoles 15&nbsp;de enero en\" \/>\n<meta property=\"og:url\" content=\"https:\/\/www.asajacyl.com\/palencia\/asaja-palencia-informa\/astudillo-acoge-el-miercoles-15-de-enero-una-jornada-sobre-tecnologia-en-cultivos-de-regadio\" \/>\n<meta property=\"og:site_name\" content=\"ASAJA Palencia\" \/>\n<meta property=\"article:published_time\" content=\"2025-01-09T11:03:59+00:00\" \/>\n<meta property=\"article:modified_time\" content=\"2025-01-09T13:38:16+00:00\" \/>\n<meta property=\"og:image\" content=\"https:\/\/www.asajacyl.com\/palencia\/wp-content\/uploads\/sites\/3\/2025\/01\/Dron-agricultura-precision-ASAJA-Leon-web-1024x896.jpg\" \/>\n\t<meta property=\"og:image:width\" content=\"1024\" \/>\n\t<meta property=\"og:image:height\" content=\"896\" \/>\n\t<meta property=\"og:image:type\" content=\"image\/jpeg\" \/>\n<meta name=\"author\" content=\"Administrador\" \/>\n<meta name=\"twitter:card\" content=\"summary_large_image\" \/>\n<meta name=\"twitter:label1\" content=\"Escrito por\" \/>\n\t<meta name=\"twitter:data1\" content=\"Administrador\" \/>\n\t<meta name=\"twitter:label2\" content=\"Tiempo de lectura\" \/>\n\t<meta name=\"twitter:data2\" content=\"3 minutos\" \/>\n<script type=\"application\/ld+json\" class=\"yoast-schema-graph\">{\"@context\":\"https:\/\/schema.org\",\"@graph\":[{\"@type\":\"WebPage\",\"@id\":\"https:\/\/www.asajacyl.com\/palencia\/asaja-palencia-informa\/astudillo-acoge-el-miercoles-15-de-enero-una-jornada-sobre-tecnologia-en-cultivos-de-regadio\",\"url\":\"https:\/\/www.asajacyl.com\/palencia\/asaja-palencia-informa\/astudillo-acoge-el-miercoles-15-de-enero-una-jornada-sobre-tecnologia-en-cultivos-de-regadio\",\"name\":\"Astudillo acoge el mi\u00e9rcoles 15 de enero una jornada sobre tecnolog\u00eda en cultivos de regad\u00edo - ASAJA Palencia\",\"isPartOf\":{\"@id\":\"https:\/\/www.asajacyl.com\/palencia\/#website\"},\"primaryImageOfPage\":{\"@id\":\"https:\/\/www.asajacyl.com\/palencia\/asaja-palencia-informa\/astudillo-acoge-el-miercoles-15-de-enero-una-jornada-sobre-tecnologia-en-cultivos-de-regadio#primaryimage\"},\"image\":{\"@id\":\"https:\/\/www.asajacyl.com\/palencia\/asaja-palencia-informa\/astudillo-acoge-el-miercoles-15-de-enero-una-jornada-sobre-tecnologia-en-cultivos-de-regadio#primaryimage\"},\"thumbnailUrl\":\"https:\/\/www.asajacyl.com\/palencia\/wp-content\/uploads\/sites\/3\/2025\/01\/Dron-agricultura-precision-ASAJA-Leon-web.jpg\",\"datePublished\":\"2025-01-09T11:03:59+00:00\",\"dateModified\":\"2025-01-09T13:38:16+00:00\",\"author\":{\"@id\":\"https:\/\/www.asajacyl.com\/palencia\/#\/schema\/person\/3ab17aeb03527485c317557fae64aab1\"},\"description\":\"La empresa de comunicaci\u00f3n JamCom&nbsp;organiza la&nbsp;jornada&nbsp;Tecnolog\u00eda en cultivos de regad\u00edo que se celebrar\u00e1 el mi\u00e9rcoles 15&nbsp;de enero en\",\"breadcrumb\":{\"@id\":\"https:\/\/www.asajacyl.com\/palencia\/asaja-palencia-informa\/astudillo-acoge-el-miercoles-15-de-enero-una-jornada-sobre-tecnologia-en-cultivos-de-regadio#breadcrumb\"},\"inLanguage\":\"es\",\"potentialAction\":[{\"@type\":\"ReadAction\",\"target\":[\"https:\/\/www.asajacyl.com\/palencia\/asaja-palencia-informa\/astudillo-acoge-el-miercoles-15-de-enero-una-jornada-sobre-tecnologia-en-cultivos-de-regadio\"]}]},{\"@type\":\"ImageObject\",\"inLanguage\":\"es\",\"@id\":\"https:\/\/www.asajacyl.com\/palencia\/asaja-palencia-informa\/astudillo-acoge-el-miercoles-15-de-enero-una-jornada-sobre-tecnologia-en-cultivos-de-regadio#primaryimage\",\"url\":\"https:\/\/www.asajacyl.com\/palencia\/wp-content\/uploads\/sites\/3\/2025\/01\/Dron-agricultura-precision-ASAJA-Leon-web.jpg\",\"contentUrl\":\"https:\/\/www.asajacyl.com\/palencia\/wp-content\/uploads\/sites\/3\/2025\/01\/Dron-agricultura-precision-ASAJA-Leon-web.jpg\",\"width\":1890,\"height\":1654},{\"@type\":\"BreadcrumbList\",\"@id\":\"https:\/\/www.asajacyl.com\/palencia\/asaja-palencia-informa\/astudillo-acoge-el-miercoles-15-de-enero-una-jornada-sobre-tecnologia-en-cultivos-de-regadio#breadcrumb\",\"itemListElement\":[{\"@type\":\"ListItem\",\"position\":1,\"name\":\"Portada\",\"item\":\"https:\/\/www.asajacyl.com\/palencia\/\"},{\"@type\":\"ListItem\",\"position\":2,\"name\":\"Astudillo acoge el mi\u00e9rcoles 15 de enero una jornada sobre tecnolog\u00eda en cultivos de regad\u00edo\"}]},{\"@type\":\"WebSite\",\"@id\":\"https:\/\/www.asajacyl.com\/palencia\/#website\",\"url\":\"https:\/\/www.asajacyl.com\/palencia\/\",\"name\":\"ASAJA Palencia\",\"description\":\"Otro sitio m\u00e1s de Provincias ASAJA Castilla y Le\u00f3n\",\"potentialAction\":[{\"@type\":\"SearchAction\",\"target\":{\"@type\":\"EntryPoint\",\"urlTemplate\":\"https:\/\/www.asajacyl.com\/palencia\/?s={search_term_string}\"},\"query-input\":{\"@type\":\"PropertyValueSpecification\",\"valueRequired\":true,\"valueName\":\"search_term_string\"}}],\"inLanguage\":\"es\"},{\"@type\":\"Person\",\"@id\":\"https:\/\/www.asajacyl.com\/palencia\/#\/schema\/person\/3ab17aeb03527485c317557fae64aab1\",\"name\":\"Administrador\",\"image\":{\"@type\":\"ImageObject\",\"inLanguage\":\"es\",\"@id\":\"https:\/\/www.asajacyl.com\/palencia\/#\/schema\/person\/image\/\",\"url\":\"https:\/\/secure.gravatar.com\/avatar\/517384810d242ca9e38c180f3c9fb973?s=96&d=mm&r=g\",\"contentUrl\":\"https:\/\/secure.gravatar.com\/avatar\/517384810d242ca9e38c180f3c9fb973?s=96&d=mm&r=g\",\"caption\":\"Administrador\"},\"url\":\"https:\/\/www.asajacyl.com\/palencia\/author\/carlosrm\"}]}<\/script>\n<!-- \/ Yoast SEO plugin. -->","yoast_head_json":{"title":"Astudillo acoge el mi\u00e9rcoles 15 de enero una jornada sobre tecnolog\u00eda en cultivos de regad\u00edo - ASAJA Palencia","description":"La empresa de comunicaci\u00f3n JamCom&nbsp;organiza la&nbsp;jornada&nbsp;Tecnolog\u00eda en cultivos de regad\u00edo que se celebrar\u00e1 el mi\u00e9rcoles 15&nbsp;de enero en","robots":{"index":"index","follow":"follow","max-snippet":"max-snippet:-1","max-image-preview":"max-image-preview:large","max-video-preview":"max-video-preview:-1"},"canonical":"https:\/\/www.asajacyl.com\/palencia\/asaja-palencia-informa\/astudillo-acoge-el-miercoles-15-de-enero-una-jornada-sobre-tecnologia-en-cultivos-de-regadio","og_locale":"es_ES","og_type":"article","og_title":"Astudillo acoge el mi\u00e9rcoles 15 de enero una jornada sobre tecnolog\u00eda en cultivos de regad\u00edo - ASAJA Palencia","og_description":"La empresa de comunicaci\u00f3n JamCom&nbsp;organiza la&nbsp;jornada&nbsp;Tecnolog\u00eda en cultivos de regad\u00edo que se celebrar\u00e1 el mi\u00e9rcoles 15&nbsp;de enero en","og_url":"https:\/\/www.asajacyl.com\/palencia\/asaja-palencia-informa\/astudillo-acoge-el-miercoles-15-de-enero-una-jornada-sobre-tecnologia-en-cultivos-de-regadio","og_site_name":"ASAJA Palencia","article_published_time":"2025-01-09T11:03:59+00:00","article_modified_time":"2025-01-09T13:38:16+00:00","og_image":[{"width":1024,"height":896,"url":"https:\/\/www.asajacyl.com\/palencia\/wp-content\/uploads\/sites\/3\/2025\/01\/Dron-agricultura-precision-ASAJA-Leon-web-1024x896.jpg","type":"image\/jpeg"}],"author":"Administrador","twitter_card":"summary_large_image","twitter_misc":{"Escrito por":"Administrador","Tiempo de lectura":"3 minutos"},"schema":{"@context":"https:\/\/schema.org","@graph":[{"@type":"WebPage","@id":"https:\/\/www.asajacyl.com\/palencia\/asaja-palencia-informa\/astudillo-acoge-el-miercoles-15-de-enero-una-jornada-sobre-tecnologia-en-cultivos-de-regadio","url":"https:\/\/www.asajacyl.com\/palencia\/asaja-palencia-informa\/astudillo-acoge-el-miercoles-15-de-enero-una-jornada-sobre-tecnologia-en-cultivos-de-regadio","name":"Astudillo acoge el mi\u00e9rcoles 15 de enero una jornada sobre tecnolog\u00eda en cultivos de regad\u00edo - ASAJA Palencia","isPartOf":{"@id":"https:\/\/www.asajacyl.com\/palencia\/#website"},"primaryImageOfPage":{"@id":"https:\/\/www.asajacyl.com\/palencia\/asaja-palencia-informa\/astudillo-acoge-el-miercoles-15-de-enero-una-jornada-sobre-tecnologia-en-cultivos-de-regadio#primaryimage"},"image":{"@id":"https:\/\/www.asajacyl.com\/palencia\/asaja-palencia-informa\/astudillo-acoge-el-miercoles-15-de-enero-una-jornada-sobre-tecnologia-en-cultivos-de-regadio#primaryimage"},"thumbnailUrl":"https:\/\/www.asajacyl.com\/palencia\/wp-content\/uploads\/sites\/3\/2025\/01\/Dron-agricultura-precision-ASAJA-Leon-web.jpg","datePublished":"2025-01-09T11:03:59+00:00","dateModified":"2025-01-09T13:38:16+00:00","author":{"@id":"https:\/\/www.asajacyl.com\/palencia\/#\/schema\/person\/3ab17aeb03527485c317557fae64aab1"},"description":"La empresa de comunicaci\u00f3n JamCom&nbsp;organiza la&nbsp;jornada&nbsp;Tecnolog\u00eda en cultivos de regad\u00edo que se celebrar\u00e1 el mi\u00e9rcoles 15&nbsp;de enero en","breadcrumb":{"@id":"https:\/\/www.asajacyl.com\/palencia\/asaja-palencia-informa\/astudillo-acoge-el-miercoles-15-de-enero-una-jornada-sobre-tecnologia-en-cultivos-de-regadio#breadcrumb"},"inLanguage":"es","potentialAction":[{"@type":"ReadAction","target":["https:\/\/www.asajacyl.com\/palencia\/asaja-palencia-informa\/astudillo-acoge-el-miercoles-15-de-enero-una-jornada-sobre-tecnologia-en-cultivos-de-regadio"]}]},{"@type":"ImageObject","inLanguage":"es","@id":"https:\/\/www.asajacyl.com\/palencia\/asaja-palencia-informa\/astudillo-acoge-el-miercoles-15-de-enero-una-jornada-sobre-tecnologia-en-cultivos-de-regadio#primaryimage","url":"https:\/\/www.asajacyl.com\/palencia\/wp-content\/uploads\/sites\/3\/2025\/01\/Dron-agricultura-precision-ASAJA-Leon-web.jpg","contentUrl":"https:\/\/www.asajacyl.com\/palencia\/wp-content\/uploads\/sites\/3\/2025\/01\/Dron-agricultura-precision-ASAJA-Leon-web.jpg","width":1890,"height":1654},{"@type":"BreadcrumbList","@id":"https:\/\/www.asajacyl.com\/palencia\/asaja-palencia-informa\/astudillo-acoge-el-miercoles-15-de-enero-una-jornada-sobre-tecnologia-en-cultivos-de-regadio#breadcrumb","itemListElement":[{"@type":"ListItem","position":1,"name":"Portada","item":"https:\/\/www.asajacyl.com\/palencia\/"},{"@type":"ListItem","position":2,"name":"Astudillo acoge el mi\u00e9rcoles 15 de enero una jornada sobre tecnolog\u00eda en cultivos de regad\u00edo"}]},{"@type":"WebSite","@id":"https:\/\/www.asajacyl.com\/palencia\/#website","url":"https:\/\/www.asajacyl.com\/palencia\/","name":"ASAJA Palencia","description":"Otro sitio m\u00e1s de Provincias ASAJA Castilla y Le\u00f3n","potentialAction":[{"@type":"SearchAction","target":{"@type":"EntryPoint","urlTemplate":"https:\/\/www.asajacyl.com\/palencia\/?s={search_term_string}"},"query-input":{"@type":"PropertyValueSpecification","valueRequired":true,"valueName":"search_term_string"}}],"inLanguage":"es"},{"@type":"Person","@id":"https:\/\/www.asajacyl.com\/palencia\/#\/schema\/person\/3ab17aeb03527485c317557fae64aab1","name":"Administrador","image":{"@type":"ImageObject","inLanguage":"es","@id":"https:\/\/www.asajacyl.com\/palencia\/#\/schema\/person\/image\/","url":"https:\/\/secure.gravatar.com\/avatar\/517384810d242ca9e38c180f3c9fb973?s=96&d=mm&r=g","contentUrl":"https:\/\/secure.gravatar.com\/avatar\/517384810d242ca9e38c180f3c9fb973?s=96&d=mm&r=g","caption":"Administrador"},"url":"https:\/\/www.asajacyl.com\/palencia\/author\/carlosrm"}]}},"_links":{"self":[{"href":"https:\/\/www.asajacyl.com\/palencia\/wp-json\/wp\/v2\/posts\/18571"}],"collection":[{"href":"https:\/\/www.asajacyl.com\/palencia\/wp-json\/wp\/v2\/posts"}],"about":[{"href":"https:\/\/www.asajacyl.com\/palencia\/wp-json\/wp\/v2\/types\/post"}],"author":[{"embeddable":true,"href":"https:\/\/www.asajacyl.com\/palencia\/wp-json\/wp\/v2\/users\/9"}],"replies":[{"embeddable":true,"href":"https:\/\/www.asajacyl.com\/palencia\/wp-json\/wp\/v2\/comments?post=18571"}],"version-history":[{"count":4,"href":"https:\/\/www.asajacyl.com\/palencia\/wp-json\/wp\/v2\/posts\/18571\/revisions"}],"predecessor-version":[{"id":18590,"href":"https:\/\/www.asajacyl.com\/palencia\/wp-json\/wp\/v2\/posts\/18571\/revisions\/18590"}],"wp:featuredmedia":[{"embeddable":true,"href":"https:\/\/www.asajacyl.com\/palencia\/wp-json\/wp\/v2\/media\/18572"}],"wp:attachment":[{"href":"https:\/\/www.asajacyl.com\/palencia\/wp-json\/wp\/v2\/media?parent=18571"}],"wp:term":[{"taxonomy":"category","embeddable":true,"href":"https:\/\/www.asajacyl.com\/palencia\/wp-json\/wp\/v2\/categories?post=18571"},{"taxonomy":"post_tag","embeddable":true,"href":"https:\/\/www.asajacyl.com\/palencia\/wp-json\/wp\/v2\/tags?post=18571"}],"curies":[{"name":"wp","href":"https:\/\/api.w.org\/{rel}","templated":true}]}}