{"id":18585,"date":"2025-01-12T10:00:00","date_gmt":"2025-01-12T09:00:00","guid":{"rendered":"https:\/\/www.asajacyl.com\/palencia\/?p=18585"},"modified":"2025-01-10T09:41:13","modified_gmt":"2025-01-10T08:41:13","slug":"asaja-recuerda-que-el-titular-del-aprovechamiento-de-aguas-debe-comunicar-a-la-chd-su-consumo-de-2024","status":"publish","type":"post","link":"https:\/\/www.asajacyl.com\/palencia\/asaja-palencia-informa\/asaja-recuerda-que-el-titular-del-aprovechamiento-de-aguas-debe-comunicar-a-la-chd-su-consumo-de-2024","title":{"rendered":"ASAJA recuerda que el titular del aprovechamiento de aguas debe comunicar a la CHD su consumo de 2024"},"content":{"rendered":"\n<h2 class=\"wp-block-heading\">ASAJA-Palencia recuerda a todos los titulares de aprovechamientos de aguas que a lo largo de este mes de enero de 2025 (es decir, a m\u00e1s tardar el viernes 31 de enero), deber\u00e1n comunicar a la Confederaci\u00f3n Hidrogr\u00e1fica del Duero (CHD), a trav\u00e9s de su p\u00e1gina web, los datos de los vol\u00famenes que hayan captado en 2024, expresados en metros c\u00fabicos.<\/h2>\n\n\n<div class=\"wp-block-image\">\n<figure class=\"alignright size-large is-resized\"><img loading=\"lazy\" decoding=\"async\" width=\"1024\" height=\"764\" src=\"https:\/\/www.asajacyl.com\/palencia\/wp-content\/uploads\/sites\/3\/2025\/01\/Contadores-Volumetricos-CHD-1024x764.jpg\" alt=\"\" class=\"wp-image-18588\" style=\"width:482px;height:auto\" srcset=\"https:\/\/www.asajacyl.com\/palencia\/wp-content\/uploads\/sites\/3\/2025\/01\/Contadores-Volumetricos-CHD-1024x764.jpg 1024w, https:\/\/www.asajacyl.com\/palencia\/wp-content\/uploads\/sites\/3\/2025\/01\/Contadores-Volumetricos-CHD-300x224.jpg 300w, https:\/\/www.asajacyl.com\/palencia\/wp-content\/uploads\/sites\/3\/2025\/01\/Contadores-Volumetricos-CHD-768x573.jpg 768w, https:\/\/www.asajacyl.com\/palencia\/wp-content\/uploads\/sites\/3\/2025\/01\/Contadores-Volumetricos-CHD-1536x1146.jpg 1536w, https:\/\/www.asajacyl.com\/palencia\/wp-content\/uploads\/sites\/3\/2025\/01\/Contadores-Volumetricos-CHD-2048x1528.jpg 2048w, https:\/\/www.asajacyl.com\/palencia\/wp-content\/uploads\/sites\/3\/2025\/01\/Contadores-Volumetricos-CHD-696x519.jpg 696w, https:\/\/www.asajacyl.com\/palencia\/wp-content\/uploads\/sites\/3\/2025\/01\/Contadores-Volumetricos-CHD-563x420.jpg 563w, https:\/\/www.asajacyl.com\/palencia\/wp-content\/uploads\/sites\/3\/2025\/01\/Contadores-Volumetricos-CHD-80x60.jpg 80w, https:\/\/www.asajacyl.com\/palencia\/wp-content\/uploads\/sites\/3\/2025\/01\/Contadores-Volumetricos-CHD-1068x797.jpg 1068w, https:\/\/www.asajacyl.com\/palencia\/wp-content\/uploads\/sites\/3\/2025\/01\/Contadores-Volumetricos-CHD-1920x1433.jpg 1920w\" sizes=\"(max-width: 1024px) 100vw, 1024px\" \/><\/figure><\/div>\n\n\n<p>Esa comunicaci\u00f3n forma parte de las obligaciones de los titulares de aprovechamientos, que deber\u00e1n <strong>tener correctamente instalado y mantenido un contador<\/strong> para tal fin. Asimismo, deben tener a disposici\u00f3n del personal de la CHD un <strong>libro de control o registro<\/strong>, donde realicen las anotaciones de las lecturas del contador instalado en la captaci\u00f3n (siempre en metros c\u00fabicos).<\/p>\n\n\n\n<p>Los titulares son responsables de la <strong>veracidad <\/strong>de los datos que se incluyan en el libro y que comuniquen a la Confederaci\u00f3n. <\/p>\n\n\n\n<p>El organismo regulador de la cuenca del Duero, dependiente del Ministerio para la Transici\u00f3n Ecol\u00f3gica y el Reto Demogr\u00e1fico (MITECO), facilita el libro de control, las instrucciones para cumplimentarlo y la clave para acceder a la aplicaci\u00f3n web. En este enlace se accede al apartado de la web de la CHD para comunicar la informaci\u00f3n de los contadores volum\u00e9tricos: <a href=\"https:\/\/www.chduero.es\/web\/guest\/contadores-volumetricos\" target=\"_blank\" rel=\"noreferrer noopener\">https:\/\/www.chduero.es\/web\/guest\/contadores-volumetricos<\/a><\/p>\n\n\n\n<p><strong>GRANDES USUARIOS. <\/strong>Asimismo, recordamos que la CHD dict\u00f3 en julio de 2020 una resoluci\u00f3n sobre la comunicaci\u00f3n de caudales, en la que se estableci\u00f3 un  control de caudales mediante telemedida, o medici\u00f3n remota, para los aprovechamientos de tercera categor\u00eda (volumen entre 500 000 y 1 500 000 de metros c\u00fabicos) y de cuarta categor\u00eda (m\u00e1s de 1 500 000 metros c\u00fabicos), considerados relevantes por su incidencia en la gesti\u00f3n del dominio p\u00fablico hidr\u00e1ulico. Ese mecanismo permite a la Confederaci\u00f3n controlar en tiempo real las zonas regables que consumen m\u00e1s del 85 % de las aguas superficiales de la cuenca del Duero.<\/p>\n\n\n\n<p>El sistema para los grandes usuarios implanta as\u00ed unos controles de caudales automatizados, que permiten una medici\u00f3n y un registro continuados, as\u00ed como la integraci\u00f3n de los datos en el sistema de informaci\u00f3n hidrol\u00f3gica del organismo regulador.<strong>\/<\/strong><\/p>\n","protected":false},"excerpt":{"rendered":"<p>ASAJA-Palencia recuerda a todos los titulares de aprovechamientos de aguas que a lo largo de este mes de enero de 2025 (es decir, a m\u00e1s tardar el viernes 31 de enero), deber\u00e1n comunicar a la Confederaci\u00f3n Hidrogr\u00e1fica del Duero (CHD), a trav\u00e9s de su p\u00e1gina web, los datos de los vol\u00famenes que hayan captado en [&hellip;]<\/p>\n","protected":false},"author":9,"featured_media":12969,"comment_status":"open","ping_status":"open","sticky":false,"template":"","format":"standard","meta":{"footnotes":""},"categories":[9,31,28,35,13],"tags":[58,83,1097,134,77,805],"yoast_head":"<!-- This site is optimized with the Yoast SEO plugin v24.5 - https:\/\/yoast.com\/wordpress\/plugins\/seo\/ -->\n<title>ASAJA recuerda que el titular del aprovechamiento de aguas debe comunicar a la CHD su consumo de 2024 - ASAJA Palencia<\/title>\n<meta name=\"description\" content=\"ASAJA-Palencia recuerda a todos los titulares de aprovechamientos de aguas que a lo largo de este mes de enero de 2025 (es decir, a m\u00e1s tardar el viernes\" \/>\n<meta name=\"robots\" content=\"index, follow, max-snippet:-1, max-image-preview:large, max-video-preview:-1\" \/>\n<link rel=\"canonical\" href=\"https:\/\/www.asajacyl.com\/palencia\/asaja-palencia-informa\/asaja-recuerda-que-el-titular-del-aprovechamiento-de-aguas-debe-comunicar-a-la-chd-su-consumo-de-2024\" \/>\n<meta property=\"og:locale\" content=\"es_ES\" \/>\n<meta property=\"og:type\" content=\"article\" \/>\n<meta property=\"og:title\" content=\"ASAJA recuerda que el titular del aprovechamiento de aguas debe comunicar a la CHD su consumo de 2024 - ASAJA Palencia\" \/>\n<meta property=\"og:description\" content=\"ASAJA-Palencia recuerda a todos los titulares de aprovechamientos de aguas que a lo largo de este mes de enero de 2025 (es decir, a m\u00e1s tardar el viernes\" \/>\n<meta property=\"og:url\" content=\"https:\/\/www.asajacyl.com\/palencia\/asaja-palencia-informa\/asaja-recuerda-que-el-titular-del-aprovechamiento-de-aguas-debe-comunicar-a-la-chd-su-consumo-de-2024\" \/>\n<meta property=\"og:site_name\" content=\"ASAJA Palencia\" \/>\n<meta property=\"article:published_time\" content=\"2025-01-12T09:00:00+00:00\" \/>\n<meta property=\"og:image\" content=\"https:\/\/www.asajacyl.com\/palencia\/wp-content\/uploads\/sites\/3\/2023\/04\/COLZA-REGADIO-ENROLLADOR.jpg\" \/>\n\t<meta property=\"og:image:width\" content=\"2500\" \/>\n\t<meta property=\"og:image:height\" content=\"1875\" \/>\n\t<meta property=\"og:image:type\" content=\"image\/jpeg\" \/>\n<meta name=\"author\" content=\"Administrador\" \/>\n<meta name=\"twitter:card\" content=\"summary_large_image\" \/>\n<meta name=\"twitter:label1\" content=\"Escrito por\" \/>\n\t<meta name=\"twitter:data1\" content=\"Administrador\" \/>\n\t<meta name=\"twitter:label2\" content=\"Tiempo de lectura\" \/>\n\t<meta name=\"twitter:data2\" content=\"2 minutos\" \/>\n<script type=\"application\/ld+json\" class=\"yoast-schema-graph\">{\"@context\":\"https:\/\/schema.org\",\"@graph\":[{\"@type\":\"WebPage\",\"@id\":\"https:\/\/www.asajacyl.com\/palencia\/asaja-palencia-informa\/asaja-recuerda-que-el-titular-del-aprovechamiento-de-aguas-debe-comunicar-a-la-chd-su-consumo-de-2024\",\"url\":\"https:\/\/www.asajacyl.com\/palencia\/asaja-palencia-informa\/asaja-recuerda-que-el-titular-del-aprovechamiento-de-aguas-debe-comunicar-a-la-chd-su-consumo-de-2024\",\"name\":\"ASAJA recuerda que el titular del aprovechamiento de aguas debe comunicar a la CHD su consumo de 2024 - ASAJA Palencia\",\"isPartOf\":{\"@id\":\"https:\/\/www.asajacyl.com\/palencia\/#website\"},\"primaryImageOfPage\":{\"@id\":\"https:\/\/www.asajacyl.com\/palencia\/asaja-palencia-informa\/asaja-recuerda-que-el-titular-del-aprovechamiento-de-aguas-debe-comunicar-a-la-chd-su-consumo-de-2024#primaryimage\"},\"image\":{\"@id\":\"https:\/\/www.asajacyl.com\/palencia\/asaja-palencia-informa\/asaja-recuerda-que-el-titular-del-aprovechamiento-de-aguas-debe-comunicar-a-la-chd-su-consumo-de-2024#primaryimage\"},\"thumbnailUrl\":\"https:\/\/www.asajacyl.com\/palencia\/wp-content\/uploads\/sites\/3\/2023\/04\/COLZA-REGADIO-ENROLLADOR.jpg\",\"datePublished\":\"2025-01-12T09:00:00+00:00\",\"author\":{\"@id\":\"https:\/\/www.asajacyl.com\/palencia\/#\/schema\/person\/3ab17aeb03527485c317557fae64aab1\"},\"description\":\"ASAJA-Palencia recuerda a todos los titulares de aprovechamientos de aguas que a lo largo de este mes de enero de 2025 (es decir, a m\u00e1s tardar el viernes\",\"breadcrumb\":{\"@id\":\"https:\/\/www.asajacyl.com\/palencia\/asaja-palencia-informa\/asaja-recuerda-que-el-titular-del-aprovechamiento-de-aguas-debe-comunicar-a-la-chd-su-consumo-de-2024#breadcrumb\"},\"inLanguage\":\"es\",\"potentialAction\":[{\"@type\":\"ReadAction\",\"target\":[\"https:\/\/www.asajacyl.com\/palencia\/asaja-palencia-informa\/asaja-recuerda-que-el-titular-del-aprovechamiento-de-aguas-debe-comunicar-a-la-chd-su-consumo-de-2024\"]}]},{\"@type\":\"ImageObject\",\"inLanguage\":\"es\",\"@id\":\"https:\/\/www.asajacyl.com\/palencia\/asaja-palencia-informa\/asaja-recuerda-que-el-titular-del-aprovechamiento-de-aguas-debe-comunicar-a-la-chd-su-consumo-de-2024#primaryimage\",\"url\":\"https:\/\/www.asajacyl.com\/palencia\/wp-content\/uploads\/sites\/3\/2023\/04\/COLZA-REGADIO-ENROLLADOR.jpg\",\"contentUrl\":\"https:\/\/www.asajacyl.com\/palencia\/wp-content\/uploads\/sites\/3\/2023\/04\/COLZA-REGADIO-ENROLLADOR.jpg\",\"width\":2500,\"height\":1875},{\"@type\":\"BreadcrumbList\",\"@id\":\"https:\/\/www.asajacyl.com\/palencia\/asaja-palencia-informa\/asaja-recuerda-que-el-titular-del-aprovechamiento-de-aguas-debe-comunicar-a-la-chd-su-consumo-de-2024#breadcrumb\",\"itemListElement\":[{\"@type\":\"ListItem\",\"position\":1,\"name\":\"Portada\",\"item\":\"https:\/\/www.asajacyl.com\/palencia\/\"},{\"@type\":\"ListItem\",\"position\":2,\"name\":\"ASAJA recuerda que el titular del aprovechamiento de aguas debe comunicar a la CHD su consumo de 2024\"}]},{\"@type\":\"WebSite\",\"@id\":\"https:\/\/www.asajacyl.com\/palencia\/#website\",\"url\":\"https:\/\/www.asajacyl.com\/palencia\/\",\"name\":\"ASAJA Palencia\",\"description\":\"Otro sitio m\u00e1s de Provincias ASAJA Castilla y Le\u00f3n\",\"potentialAction\":[{\"@type\":\"SearchAction\",\"target\":{\"@type\":\"EntryPoint\",\"urlTemplate\":\"https:\/\/www.asajacyl.com\/palencia\/?s={search_term_string}\"},\"query-input\":{\"@type\":\"PropertyValueSpecification\",\"valueRequired\":true,\"valueName\":\"search_term_string\"}}],\"inLanguage\":\"es\"},{\"@type\":\"Person\",\"@id\":\"https:\/\/www.asajacyl.com\/palencia\/#\/schema\/person\/3ab17aeb03527485c317557fae64aab1\",\"name\":\"Administrador\",\"image\":{\"@type\":\"ImageObject\",\"inLanguage\":\"es\",\"@id\":\"https:\/\/www.asajacyl.com\/palencia\/#\/schema\/person\/image\/\",\"url\":\"https:\/\/secure.gravatar.com\/avatar\/517384810d242ca9e38c180f3c9fb973?s=96&d=mm&r=g\",\"contentUrl\":\"https:\/\/secure.gravatar.com\/avatar\/517384810d242ca9e38c180f3c9fb973?s=96&d=mm&r=g\",\"caption\":\"Administrador\"},\"url\":\"https:\/\/www.asajacyl.com\/palencia\/author\/carlosrm\"}]}<\/script>\n<!-- \/ Yoast SEO plugin. -->","yoast_head_json":{"title":"ASAJA recuerda que el titular del aprovechamiento de aguas debe comunicar a la CHD su consumo de 2024 - ASAJA Palencia","description":"ASAJA-Palencia recuerda a todos los titulares de aprovechamientos de aguas que a lo largo de este mes de enero de 2025 (es decir, a m\u00e1s tardar el viernes","robots":{"index":"index","follow":"follow","max-snippet":"max-snippet:-1","max-image-preview":"max-image-preview:large","max-video-preview":"max-video-preview:-1"},"canonical":"https:\/\/www.asajacyl.com\/palencia\/asaja-palencia-informa\/asaja-recuerda-que-el-titular-del-aprovechamiento-de-aguas-debe-comunicar-a-la-chd-su-consumo-de-2024","og_locale":"es_ES","og_type":"article","og_title":"ASAJA recuerda que el titular del aprovechamiento de aguas debe comunicar a la CHD su consumo de 2024 - ASAJA Palencia","og_description":"ASAJA-Palencia recuerda a todos los titulares de aprovechamientos de aguas que a lo largo de este mes de enero de 2025 (es decir, a m\u00e1s tardar el viernes","og_url":"https:\/\/www.asajacyl.com\/palencia\/asaja-palencia-informa\/asaja-recuerda-que-el-titular-del-aprovechamiento-de-aguas-debe-comunicar-a-la-chd-su-consumo-de-2024","og_site_name":"ASAJA Palencia","article_published_time":"2025-01-12T09:00:00+00:00","og_image":[{"width":2500,"height":1875,"url":"https:\/\/www.asajacyl.com\/palencia\/wp-content\/uploads\/sites\/3\/2023\/04\/COLZA-REGADIO-ENROLLADOR.jpg","type":"image\/jpeg"}],"author":"Administrador","twitter_card":"summary_large_image","twitter_misc":{"Escrito por":"Administrador","Tiempo de lectura":"2 minutos"},"schema":{"@context":"https:\/\/schema.org","@graph":[{"@type":"WebPage","@id":"https:\/\/www.asajacyl.com\/palencia\/asaja-palencia-informa\/asaja-recuerda-que-el-titular-del-aprovechamiento-de-aguas-debe-comunicar-a-la-chd-su-consumo-de-2024","url":"https:\/\/www.asajacyl.com\/palencia\/asaja-palencia-informa\/asaja-recuerda-que-el-titular-del-aprovechamiento-de-aguas-debe-comunicar-a-la-chd-su-consumo-de-2024","name":"ASAJA recuerda que el titular del aprovechamiento de aguas debe comunicar a la CHD su consumo de 2024 - ASAJA Palencia","isPartOf":{"@id":"https:\/\/www.asajacyl.com\/palencia\/#website"},"primaryImageOfPage":{"@id":"https:\/\/www.asajacyl.com\/palencia\/asaja-palencia-informa\/asaja-recuerda-que-el-titular-del-aprovechamiento-de-aguas-debe-comunicar-a-la-chd-su-consumo-de-2024#primaryimage"},"image":{"@id":"https:\/\/www.asajacyl.com\/palencia\/asaja-palencia-informa\/asaja-recuerda-que-el-titular-del-aprovechamiento-de-aguas-debe-comunicar-a-la-chd-su-consumo-de-2024#primaryimage"},"thumbnailUrl":"https:\/\/www.asajacyl.com\/palencia\/wp-content\/uploads\/sites\/3\/2023\/04\/COLZA-REGADIO-ENROLLADOR.jpg","datePublished":"2025-01-12T09:00:00+00:00","author":{"@id":"https:\/\/www.asajacyl.com\/palencia\/#\/schema\/person\/3ab17aeb03527485c317557fae64aab1"},"description":"ASAJA-Palencia recuerda a todos los titulares de aprovechamientos de aguas que a lo largo de este mes de enero de 2025 (es decir, a m\u00e1s tardar el viernes","breadcrumb":{"@id":"https:\/\/www.asajacyl.com\/palencia\/asaja-palencia-informa\/asaja-recuerda-que-el-titular-del-aprovechamiento-de-aguas-debe-comunicar-a-la-chd-su-consumo-de-2024#breadcrumb"},"inLanguage":"es","potentialAction":[{"@type":"ReadAction","target":["https:\/\/www.asajacyl.com\/palencia\/asaja-palencia-informa\/asaja-recuerda-que-el-titular-del-aprovechamiento-de-aguas-debe-comunicar-a-la-chd-su-consumo-de-2024"]}]},{"@type":"ImageObject","inLanguage":"es","@id":"https:\/\/www.asajacyl.com\/palencia\/asaja-palencia-informa\/asaja-recuerda-que-el-titular-del-aprovechamiento-de-aguas-debe-comunicar-a-la-chd-su-consumo-de-2024#primaryimage","url":"https:\/\/www.asajacyl.com\/palencia\/wp-content\/uploads\/sites\/3\/2023\/04\/COLZA-REGADIO-ENROLLADOR.jpg","contentUrl":"https:\/\/www.asajacyl.com\/palencia\/wp-content\/uploads\/sites\/3\/2023\/04\/COLZA-REGADIO-ENROLLADOR.jpg","width":2500,"height":1875},{"@type":"BreadcrumbList","@id":"https:\/\/www.asajacyl.com\/palencia\/asaja-palencia-informa\/asaja-recuerda-que-el-titular-del-aprovechamiento-de-aguas-debe-comunicar-a-la-chd-su-consumo-de-2024#breadcrumb","itemListElement":[{"@type":"ListItem","position":1,"name":"Portada","item":"https:\/\/www.asajacyl.com\/palencia\/"},{"@type":"ListItem","position":2,"name":"ASAJA recuerda que el titular del aprovechamiento de aguas debe comunicar a la CHD su consumo de 2024"}]},{"@type":"WebSite","@id":"https:\/\/www.asajacyl.com\/palencia\/#website","url":"https:\/\/www.asajacyl.com\/palencia\/","name":"ASAJA Palencia","description":"Otro sitio m\u00e1s de Provincias ASAJA Castilla y Le\u00f3n","potentialAction":[{"@type":"SearchAction","target":{"@type":"EntryPoint","urlTemplate":"https:\/\/www.asajacyl.com\/palencia\/?s={search_term_string}"},"query-input":{"@type":"PropertyValueSpecification","valueRequired":true,"valueName":"search_term_string"}}],"inLanguage":"es"},{"@type":"Person","@id":"https:\/\/www.asajacyl.com\/palencia\/#\/schema\/person\/3ab17aeb03527485c317557fae64aab1","name":"Administrador","image":{"@type":"ImageObject","inLanguage":"es","@id":"https:\/\/www.asajacyl.com\/palencia\/#\/schema\/person\/image\/","url":"https:\/\/secure.gravatar.com\/avatar\/517384810d242ca9e38c180f3c9fb973?s=96&d=mm&r=g","contentUrl":"https:\/\/secure.gravatar.com\/avatar\/517384810d242ca9e38c180f3c9fb973?s=96&d=mm&r=g","caption":"Administrador"},"url":"https:\/\/www.asajacyl.com\/palencia\/author\/carlosrm"}]}},"_links":{"self":[{"href":"https:\/\/www.asajacyl.com\/palencia\/wp-json\/wp\/v2\/posts\/18585"}],"collection":[{"href":"https:\/\/www.asajacyl.com\/palencia\/wp-json\/wp\/v2\/posts"}],"about":[{"href":"https:\/\/www.asajacyl.com\/palencia\/wp-json\/wp\/v2\/types\/post"}],"author":[{"embeddable":true,"href":"https:\/\/www.asajacyl.com\/palencia\/wp-json\/wp\/v2\/users\/9"}],"replies":[{"embeddable":true,"href":"https:\/\/www.asajacyl.com\/palencia\/wp-json\/wp\/v2\/comments?post=18585"}],"version-history":[{"count":4,"href":"https:\/\/www.asajacyl.com\/palencia\/wp-json\/wp\/v2\/posts\/18585\/revisions"}],"predecessor-version":[{"id":18592,"href":"https:\/\/www.asajacyl.com\/palencia\/wp-json\/wp\/v2\/posts\/18585\/revisions\/18592"}],"wp:featuredmedia":[{"embeddable":true,"href":"https:\/\/www.asajacyl.com\/palencia\/wp-json\/wp\/v2\/media\/12969"}],"wp:attachment":[{"href":"https:\/\/www.asajacyl.com\/palencia\/wp-json\/wp\/v2\/media?parent=18585"}],"wp:term":[{"taxonomy":"category","embeddable":true,"href":"https:\/\/www.asajacyl.com\/palencia\/wp-json\/wp\/v2\/categories?post=18585"},{"taxonomy":"post_tag","embeddable":true,"href":"https:\/\/www.asajacyl.com\/palencia\/wp-json\/wp\/v2\/tags?post=18585"}],"curies":[{"name":"wp","href":"https:\/\/api.w.org\/{rel}","templated":true}]}}