{"id":18625,"date":"2025-01-15T18:04:12","date_gmt":"2025-01-15T17:04:12","guid":{"rendered":"https:\/\/www.asajacyl.com\/palencia\/?p=18625"},"modified":"2025-01-15T18:04:41","modified_gmt":"2025-01-15T17:04:41","slug":"el-bovino-de-carne-persiste-en-la-tonica-alcista-tras-las-fiestas-de-navidad","status":"publish","type":"post","link":"https:\/\/www.asajacyl.com\/palencia\/asaja-palencia-informa\/el-bovino-de-carne-persiste-en-la-tonica-alcista-tras-las-fiestas-de-navidad","title":{"rendered":"El bovino de carne persiste en la t\u00f3nica alcista tras las fiestas de Navidad"},"content":{"rendered":"\n<h2 class=\"wp-block-heading\">El bovino de carne persiste en su t\u00f3nica alcista aun despu\u00e9s de pasadas las fiestas de Navidad, s\u00edntoma claro de que la escasez de oferta no se constata ante un aumento coyuntural de la demanda, sino que tiene car\u00e1cter estructural. As\u00ed se ha percibido una semana m\u00e1s en la Lonja de Salamanca, donde subieron, en mayor o menor medida, todas las categor\u00edas de bovino tanto para sacrificio como para vida.<\/h2>\n\n\n\n<p>Las mayores subidas registradas en la sesi\u00f3n del pasado lunes, 13 de enero, se produjeron en los machos menores de doce meses, los a\u00f1ojos, los erales, los toros,\u00a0los novillos y las vacas, categor\u00edas todas ellas donse la cotizaci\u00f3n se increment\u00f3 en seis c\u00e9ntimos por kilo. Por su parte, las hembras menores de doce meses y la ternera mayor del a\u00f1o subieron cuatro c\u00e9ntimos. <\/p>\n\n\n\n<p>Por lo que respecta al bovino para cr\u00eda, la tendencia alcista ante la falta de animales se tradujo esta semana en siete c\u00e9ntimos m\u00e1s por kilo en los cruzados machos,\u00a0y seis c\u00e9ntimos m\u00e1s por kilo en las hembras y\u00a0los terneros del pa\u00eds.<\/p>\n\n\n\n<p>Los ganaderos presentes en la Lonja de Salamanca estiman que actualmente se necesitar\u00eda una d\u00e9cima parte m\u00e1s de terneros en el mercado para presentar una oferta adecuada a la demanda.<\/p>\n\n\n\n<p>En la mesa de ovino, a la espera de la reuni\u00f3n este viernes 17 en Tordesillas (Valladolid) de la Mesa del Lechazo de Castilla y Le\u00f3n, la lonja salmantina opt\u00f3 por la repetici\u00f3n de precios, que ya se hab\u00edan corregido a la baja en la sesi\u00f3n anterior, en el habitual efecto tras la temporada alta que suponen las fiestas navide\u00f1as.<strong>\/<\/strong><\/p>\n\n\n\n<figure class=\"wp-block-image size-large is-resized\"><img loading=\"lazy\" decoding=\"async\" width=\"1024\" height=\"768\" src=\"https:\/\/www.asajacyl.com\/palencia\/wp-content\/uploads\/sites\/3\/2025\/01\/Tabla-precios-ganaderia-13ene2025-2-1024x768.png\" alt=\"\" class=\"wp-image-18627\" style=\"width:1065px;height:auto\" srcset=\"https:\/\/www.asajacyl.com\/palencia\/wp-content\/uploads\/sites\/3\/2025\/01\/Tabla-precios-ganaderia-13ene2025-2-1024x768.png 1024w, https:\/\/www.asajacyl.com\/palencia\/wp-content\/uploads\/sites\/3\/2025\/01\/Tabla-precios-ganaderia-13ene2025-2-300x225.png 300w, https:\/\/www.asajacyl.com\/palencia\/wp-content\/uploads\/sites\/3\/2025\/01\/Tabla-precios-ganaderia-13ene2025-2-768x576.png 768w, https:\/\/www.asajacyl.com\/palencia\/wp-content\/uploads\/sites\/3\/2025\/01\/Tabla-precios-ganaderia-13ene2025-2-1536x1152.png 1536w, https:\/\/www.asajacyl.com\/palencia\/wp-content\/uploads\/sites\/3\/2025\/01\/Tabla-precios-ganaderia-13ene2025-2-2048x1536.png 2048w, https:\/\/www.asajacyl.com\/palencia\/wp-content\/uploads\/sites\/3\/2025\/01\/Tabla-precios-ganaderia-13ene2025-2-560x420.png 560w, https:\/\/www.asajacyl.com\/palencia\/wp-content\/uploads\/sites\/3\/2025\/01\/Tabla-precios-ganaderia-13ene2025-2-80x60.png 80w, https:\/\/www.asajacyl.com\/palencia\/wp-content\/uploads\/sites\/3\/2025\/01\/Tabla-precios-ganaderia-13ene2025-2-696x522.png 696w, https:\/\/www.asajacyl.com\/palencia\/wp-content\/uploads\/sites\/3\/2025\/01\/Tabla-precios-ganaderia-13ene2025-2-1068x801.png 1068w, https:\/\/www.asajacyl.com\/palencia\/wp-content\/uploads\/sites\/3\/2025\/01\/Tabla-precios-ganaderia-13ene2025-2-1920x1440.png 1920w\" sizes=\"(max-width: 1024px) 100vw, 1024px\" \/><\/figure>\n","protected":false},"excerpt":{"rendered":"<p>El bovino de carne persiste en su t\u00f3nica alcista aun despu\u00e9s de pasadas las fiestas de Navidad, s\u00edntoma claro de que la escasez de oferta no se constata ante un aumento coyuntural de la demanda, sino que tiene car\u00e1cter estructural. As\u00ed se ha percibido una semana m\u00e1s en la Lonja de Salamanca, donde subieron, en [&hellip;]<\/p>\n","protected":false},"author":9,"featured_media":18628,"comment_status":"open","ping_status":"open","sticky":false,"template":"","format":"standard","meta":{"footnotes":""},"categories":[9,29,36,28,13],"tags":[648,478,77,477,467,510,631],"yoast_head":"<!-- This site is optimized with the Yoast SEO plugin v24.5 - https:\/\/yoast.com\/wordpress\/plugins\/seo\/ -->\n<title>El bovino de carne persiste en la t\u00f3nica alcista tras las fiestas de Navidad - ASAJA Palencia<\/title>\n<meta name=\"description\" content=\"El bovino de carne persiste en su t\u00f3nica alcista aun despu\u00e9s de pasadas las fiestas de Navidad, s\u00edntoma claro de que la escasez de oferta no se constata\" \/>\n<meta name=\"robots\" content=\"index, follow, max-snippet:-1, max-image-preview:large, max-video-preview:-1\" \/>\n<link rel=\"canonical\" href=\"https:\/\/www.asajacyl.com\/palencia\/asaja-palencia-informa\/el-bovino-de-carne-persiste-en-la-tonica-alcista-tras-las-fiestas-de-navidad\" \/>\n<meta property=\"og:locale\" content=\"es_ES\" \/>\n<meta property=\"og:type\" content=\"article\" \/>\n<meta property=\"og:title\" content=\"El bovino de carne persiste en la t\u00f3nica alcista tras las fiestas de Navidad - ASAJA Palencia\" \/>\n<meta property=\"og:description\" content=\"El bovino de carne persiste en su t\u00f3nica alcista aun despu\u00e9s de pasadas las fiestas de Navidad, s\u00edntoma claro de que la escasez de oferta no se constata\" \/>\n<meta property=\"og:url\" content=\"https:\/\/www.asajacyl.com\/palencia\/asaja-palencia-informa\/el-bovino-de-carne-persiste-en-la-tonica-alcista-tras-las-fiestas-de-navidad\" \/>\n<meta property=\"og:site_name\" content=\"ASAJA Palencia\" \/>\n<meta property=\"article:published_time\" content=\"2025-01-15T17:04:12+00:00\" \/>\n<meta property=\"article:modified_time\" content=\"2025-01-15T17:04:41+00:00\" \/>\n<meta property=\"og:image\" content=\"https:\/\/www.asajacyl.com\/palencia\/wp-content\/uploads\/sites\/3\/2025\/01\/Vacuno-web-c-Roberto-Fernandez-Martin-1024x896.jpg\" \/>\n\t<meta property=\"og:image:width\" content=\"1024\" \/>\n\t<meta property=\"og:image:height\" content=\"896\" \/>\n\t<meta property=\"og:image:type\" content=\"image\/jpeg\" \/>\n<meta name=\"author\" content=\"Administrador\" \/>\n<meta name=\"twitter:card\" content=\"summary_large_image\" \/>\n<meta name=\"twitter:label1\" content=\"Escrito por\" \/>\n\t<meta name=\"twitter:data1\" content=\"Administrador\" \/>\n\t<meta name=\"twitter:label2\" content=\"Tiempo de lectura\" \/>\n\t<meta name=\"twitter:data2\" content=\"2 minutos\" \/>\n<script type=\"application\/ld+json\" class=\"yoast-schema-graph\">{\"@context\":\"https:\/\/schema.org\",\"@graph\":[{\"@type\":\"WebPage\",\"@id\":\"https:\/\/www.asajacyl.com\/palencia\/asaja-palencia-informa\/el-bovino-de-carne-persiste-en-la-tonica-alcista-tras-las-fiestas-de-navidad\",\"url\":\"https:\/\/www.asajacyl.com\/palencia\/asaja-palencia-informa\/el-bovino-de-carne-persiste-en-la-tonica-alcista-tras-las-fiestas-de-navidad\",\"name\":\"El bovino de carne persiste en la t\u00f3nica alcista tras las fiestas de Navidad - ASAJA Palencia\",\"isPartOf\":{\"@id\":\"https:\/\/www.asajacyl.com\/palencia\/#website\"},\"primaryImageOfPage\":{\"@id\":\"https:\/\/www.asajacyl.com\/palencia\/asaja-palencia-informa\/el-bovino-de-carne-persiste-en-la-tonica-alcista-tras-las-fiestas-de-navidad#primaryimage\"},\"image\":{\"@id\":\"https:\/\/www.asajacyl.com\/palencia\/asaja-palencia-informa\/el-bovino-de-carne-persiste-en-la-tonica-alcista-tras-las-fiestas-de-navidad#primaryimage\"},\"thumbnailUrl\":\"https:\/\/www.asajacyl.com\/palencia\/wp-content\/uploads\/sites\/3\/2025\/01\/Vacuno-web-c-Roberto-Fernandez-Martin.jpg\",\"datePublished\":\"2025-01-15T17:04:12+00:00\",\"dateModified\":\"2025-01-15T17:04:41+00:00\",\"author\":{\"@id\":\"https:\/\/www.asajacyl.com\/palencia\/#\/schema\/person\/3ab17aeb03527485c317557fae64aab1\"},\"description\":\"El bovino de carne persiste en su t\u00f3nica alcista aun despu\u00e9s de pasadas las fiestas de Navidad, s\u00edntoma claro de que la escasez de oferta no se constata\",\"breadcrumb\":{\"@id\":\"https:\/\/www.asajacyl.com\/palencia\/asaja-palencia-informa\/el-bovino-de-carne-persiste-en-la-tonica-alcista-tras-las-fiestas-de-navidad#breadcrumb\"},\"inLanguage\":\"es\",\"potentialAction\":[{\"@type\":\"ReadAction\",\"target\":[\"https:\/\/www.asajacyl.com\/palencia\/asaja-palencia-informa\/el-bovino-de-carne-persiste-en-la-tonica-alcista-tras-las-fiestas-de-navidad\"]}]},{\"@type\":\"ImageObject\",\"inLanguage\":\"es\",\"@id\":\"https:\/\/www.asajacyl.com\/palencia\/asaja-palencia-informa\/el-bovino-de-carne-persiste-en-la-tonica-alcista-tras-las-fiestas-de-navidad#primaryimage\",\"url\":\"https:\/\/www.asajacyl.com\/palencia\/wp-content\/uploads\/sites\/3\/2025\/01\/Vacuno-web-c-Roberto-Fernandez-Martin.jpg\",\"contentUrl\":\"https:\/\/www.asajacyl.com\/palencia\/wp-content\/uploads\/sites\/3\/2025\/01\/Vacuno-web-c-Roberto-Fernandez-Martin.jpg\",\"width\":1890,\"height\":1654},{\"@type\":\"BreadcrumbList\",\"@id\":\"https:\/\/www.asajacyl.com\/palencia\/asaja-palencia-informa\/el-bovino-de-carne-persiste-en-la-tonica-alcista-tras-las-fiestas-de-navidad#breadcrumb\",\"itemListElement\":[{\"@type\":\"ListItem\",\"position\":1,\"name\":\"Portada\",\"item\":\"https:\/\/www.asajacyl.com\/palencia\/\"},{\"@type\":\"ListItem\",\"position\":2,\"name\":\"El bovino de carne persiste en la t\u00f3nica alcista tras las fiestas de Navidad\"}]},{\"@type\":\"WebSite\",\"@id\":\"https:\/\/www.asajacyl.com\/palencia\/#website\",\"url\":\"https:\/\/www.asajacyl.com\/palencia\/\",\"name\":\"ASAJA Palencia\",\"description\":\"Otro sitio m\u00e1s de Provincias ASAJA Castilla y Le\u00f3n\",\"potentialAction\":[{\"@type\":\"SearchAction\",\"target\":{\"@type\":\"EntryPoint\",\"urlTemplate\":\"https:\/\/www.asajacyl.com\/palencia\/?s={search_term_string}\"},\"query-input\":{\"@type\":\"PropertyValueSpecification\",\"valueRequired\":true,\"valueName\":\"search_term_string\"}}],\"inLanguage\":\"es\"},{\"@type\":\"Person\",\"@id\":\"https:\/\/www.asajacyl.com\/palencia\/#\/schema\/person\/3ab17aeb03527485c317557fae64aab1\",\"name\":\"Administrador\",\"image\":{\"@type\":\"ImageObject\",\"inLanguage\":\"es\",\"@id\":\"https:\/\/www.asajacyl.com\/palencia\/#\/schema\/person\/image\/\",\"url\":\"https:\/\/secure.gravatar.com\/avatar\/517384810d242ca9e38c180f3c9fb973?s=96&d=mm&r=g\",\"contentUrl\":\"https:\/\/secure.gravatar.com\/avatar\/517384810d242ca9e38c180f3c9fb973?s=96&d=mm&r=g\",\"caption\":\"Administrador\"},\"url\":\"https:\/\/www.asajacyl.com\/palencia\/author\/carlosrm\"}]}<\/script>\n<!-- \/ Yoast SEO plugin. -->","yoast_head_json":{"title":"El bovino de carne persiste en la t\u00f3nica alcista tras las fiestas de Navidad - ASAJA Palencia","description":"El bovino de carne persiste en su t\u00f3nica alcista aun despu\u00e9s de pasadas las fiestas de Navidad, s\u00edntoma claro de que la escasez de oferta no se constata","robots":{"index":"index","follow":"follow","max-snippet":"max-snippet:-1","max-image-preview":"max-image-preview:large","max-video-preview":"max-video-preview:-1"},"canonical":"https:\/\/www.asajacyl.com\/palencia\/asaja-palencia-informa\/el-bovino-de-carne-persiste-en-la-tonica-alcista-tras-las-fiestas-de-navidad","og_locale":"es_ES","og_type":"article","og_title":"El bovino de carne persiste en la t\u00f3nica alcista tras las fiestas de Navidad - ASAJA Palencia","og_description":"El bovino de carne persiste en su t\u00f3nica alcista aun despu\u00e9s de pasadas las fiestas de Navidad, s\u00edntoma claro de que la escasez de oferta no se constata","og_url":"https:\/\/www.asajacyl.com\/palencia\/asaja-palencia-informa\/el-bovino-de-carne-persiste-en-la-tonica-alcista-tras-las-fiestas-de-navidad","og_site_name":"ASAJA Palencia","article_published_time":"2025-01-15T17:04:12+00:00","article_modified_time":"2025-01-15T17:04:41+00:00","og_image":[{"width":1024,"height":896,"url":"https:\/\/www.asajacyl.com\/palencia\/wp-content\/uploads\/sites\/3\/2025\/01\/Vacuno-web-c-Roberto-Fernandez-Martin-1024x896.jpg","type":"image\/jpeg"}],"author":"Administrador","twitter_card":"summary_large_image","twitter_misc":{"Escrito por":"Administrador","Tiempo de lectura":"2 minutos"},"schema":{"@context":"https:\/\/schema.org","@graph":[{"@type":"WebPage","@id":"https:\/\/www.asajacyl.com\/palencia\/asaja-palencia-informa\/el-bovino-de-carne-persiste-en-la-tonica-alcista-tras-las-fiestas-de-navidad","url":"https:\/\/www.asajacyl.com\/palencia\/asaja-palencia-informa\/el-bovino-de-carne-persiste-en-la-tonica-alcista-tras-las-fiestas-de-navidad","name":"El bovino de carne persiste en la t\u00f3nica alcista tras las fiestas de Navidad - ASAJA Palencia","isPartOf":{"@id":"https:\/\/www.asajacyl.com\/palencia\/#website"},"primaryImageOfPage":{"@id":"https:\/\/www.asajacyl.com\/palencia\/asaja-palencia-informa\/el-bovino-de-carne-persiste-en-la-tonica-alcista-tras-las-fiestas-de-navidad#primaryimage"},"image":{"@id":"https:\/\/www.asajacyl.com\/palencia\/asaja-palencia-informa\/el-bovino-de-carne-persiste-en-la-tonica-alcista-tras-las-fiestas-de-navidad#primaryimage"},"thumbnailUrl":"https:\/\/www.asajacyl.com\/palencia\/wp-content\/uploads\/sites\/3\/2025\/01\/Vacuno-web-c-Roberto-Fernandez-Martin.jpg","datePublished":"2025-01-15T17:04:12+00:00","dateModified":"2025-01-15T17:04:41+00:00","author":{"@id":"https:\/\/www.asajacyl.com\/palencia\/#\/schema\/person\/3ab17aeb03527485c317557fae64aab1"},"description":"El bovino de carne persiste en su t\u00f3nica alcista aun despu\u00e9s de pasadas las fiestas de Navidad, s\u00edntoma claro de que la escasez de oferta no se constata","breadcrumb":{"@id":"https:\/\/www.asajacyl.com\/palencia\/asaja-palencia-informa\/el-bovino-de-carne-persiste-en-la-tonica-alcista-tras-las-fiestas-de-navidad#breadcrumb"},"inLanguage":"es","potentialAction":[{"@type":"ReadAction","target":["https:\/\/www.asajacyl.com\/palencia\/asaja-palencia-informa\/el-bovino-de-carne-persiste-en-la-tonica-alcista-tras-las-fiestas-de-navidad"]}]},{"@type":"ImageObject","inLanguage":"es","@id":"https:\/\/www.asajacyl.com\/palencia\/asaja-palencia-informa\/el-bovino-de-carne-persiste-en-la-tonica-alcista-tras-las-fiestas-de-navidad#primaryimage","url":"https:\/\/www.asajacyl.com\/palencia\/wp-content\/uploads\/sites\/3\/2025\/01\/Vacuno-web-c-Roberto-Fernandez-Martin.jpg","contentUrl":"https:\/\/www.asajacyl.com\/palencia\/wp-content\/uploads\/sites\/3\/2025\/01\/Vacuno-web-c-Roberto-Fernandez-Martin.jpg","width":1890,"height":1654},{"@type":"BreadcrumbList","@id":"https:\/\/www.asajacyl.com\/palencia\/asaja-palencia-informa\/el-bovino-de-carne-persiste-en-la-tonica-alcista-tras-las-fiestas-de-navidad#breadcrumb","itemListElement":[{"@type":"ListItem","position":1,"name":"Portada","item":"https:\/\/www.asajacyl.com\/palencia\/"},{"@type":"ListItem","position":2,"name":"El bovino de carne persiste en la t\u00f3nica alcista tras las fiestas de Navidad"}]},{"@type":"WebSite","@id":"https:\/\/www.asajacyl.com\/palencia\/#website","url":"https:\/\/www.asajacyl.com\/palencia\/","name":"ASAJA Palencia","description":"Otro sitio m\u00e1s de Provincias ASAJA Castilla y Le\u00f3n","potentialAction":[{"@type":"SearchAction","target":{"@type":"EntryPoint","urlTemplate":"https:\/\/www.asajacyl.com\/palencia\/?s={search_term_string}"},"query-input":{"@type":"PropertyValueSpecification","valueRequired":true,"valueName":"search_term_string"}}],"inLanguage":"es"},{"@type":"Person","@id":"https:\/\/www.asajacyl.com\/palencia\/#\/schema\/person\/3ab17aeb03527485c317557fae64aab1","name":"Administrador","image":{"@type":"ImageObject","inLanguage":"es","@id":"https:\/\/www.asajacyl.com\/palencia\/#\/schema\/person\/image\/","url":"https:\/\/secure.gravatar.com\/avatar\/517384810d242ca9e38c180f3c9fb973?s=96&d=mm&r=g","contentUrl":"https:\/\/secure.gravatar.com\/avatar\/517384810d242ca9e38c180f3c9fb973?s=96&d=mm&r=g","caption":"Administrador"},"url":"https:\/\/www.asajacyl.com\/palencia\/author\/carlosrm"}]}},"_links":{"self":[{"href":"https:\/\/www.asajacyl.com\/palencia\/wp-json\/wp\/v2\/posts\/18625"}],"collection":[{"href":"https:\/\/www.asajacyl.com\/palencia\/wp-json\/wp\/v2\/posts"}],"about":[{"href":"https:\/\/www.asajacyl.com\/palencia\/wp-json\/wp\/v2\/types\/post"}],"author":[{"embeddable":true,"href":"https:\/\/www.asajacyl.com\/palencia\/wp-json\/wp\/v2\/users\/9"}],"replies":[{"embeddable":true,"href":"https:\/\/www.asajacyl.com\/palencia\/wp-json\/wp\/v2\/comments?post=18625"}],"version-history":[{"count":2,"href":"https:\/\/www.asajacyl.com\/palencia\/wp-json\/wp\/v2\/posts\/18625\/revisions"}],"predecessor-version":[{"id":18630,"href":"https:\/\/www.asajacyl.com\/palencia\/wp-json\/wp\/v2\/posts\/18625\/revisions\/18630"}],"wp:featuredmedia":[{"embeddable":true,"href":"https:\/\/www.asajacyl.com\/palencia\/wp-json\/wp\/v2\/media\/18628"}],"wp:attachment":[{"href":"https:\/\/www.asajacyl.com\/palencia\/wp-json\/wp\/v2\/media?parent=18625"}],"wp:term":[{"taxonomy":"category","embeddable":true,"href":"https:\/\/www.asajacyl.com\/palencia\/wp-json\/wp\/v2\/categories?post=18625"},{"taxonomy":"post_tag","embeddable":true,"href":"https:\/\/www.asajacyl.com\/palencia\/wp-json\/wp\/v2\/tags?post=18625"}],"curies":[{"name":"wp","href":"https:\/\/api.w.org\/{rel}","templated":true}]}}