{"id":18631,"date":"2025-01-16T09:58:38","date_gmt":"2025-01-16T08:58:38","guid":{"rendered":"https:\/\/www.asajacyl.com\/palencia\/?p=18631"},"modified":"2025-01-16T09:58:45","modified_gmt":"2025-01-16T08:58:45","slug":"la-lonja-de-leon-constata-importantes-subidas-en-la-cotizacion-de-los-principales-cereales-y-de-la-patata","status":"publish","type":"post","link":"https:\/\/www.asajacyl.com\/palencia\/asaja-palencia-informa\/la-lonja-de-leon-constata-importantes-subidas-en-la-cotizacion-de-los-principales-cereales-y-de-la-patata","title":{"rendered":"La Lonja de Le\u00f3n constata importantes subidas en la cotizaci\u00f3n de los principales cereales y de la patata"},"content":{"rendered":"\n<h2 class=\"wp-block-heading\">La sesi\u00f3n de la Lonja de Le\u00f3n celebrada este mi\u00e9rcoles, 16 de enero, ha deparado importantes subidas en la cotizaci\u00f3n de los cereales y, sobre todo, de la patata, en todas sus variedades. Si los primeros reaccionan a la rebaja de perspectivas de cosecha de grandes productores como Estados Unidos, Rusia, Argentina y Brasil, la segunda se encarece ante la baja calidad de las importaciones de tub\u00e9rculo, seg\u00fan explican desde la lonja leonesa.<\/h2>\n\n\n\n<p>Hac\u00eda tiempo que no se ve\u00edan subidas tan considerables en los principales cereales: nueve euros por tonelada en la cebada, siete en el trigo y cinco en el ma\u00edz. M\u00e1s modesto son los retoques en el centeno y la avena, con s\u00f3lo dos euros por tonelada.<\/p>\n\n\n\n<p>Tanto en el trigo como en la cebada se habr\u00edan recuperado los precios del tramo final de la campa\u00f1a 2022-2023. Dicho de otro modo, tras retomarse la cotizaci\u00f3n despu\u00e9s de la pasada cosecha, nunca hab\u00edan alcanzado ese nivel respectivo de los 225 y 210 euros por tonelada en toda la campa\u00f1a 2023-2024.<\/p>\n\n\n\n<p><strong>POSIBLE VOLATILIDAD. <\/strong>Desde la Lonja de Le\u00f3n advierten, no obstante, de la inminente toma de posesi\u00f3n de Donald Trump como presidente de Estados Unidos, \u00abcuyas medidas prometidas pueden agitar los mercados agr\u00edcolas y provovar volatilidad\u00bb. <\/p>\n\n\n\n<p>Es decir, el mercado nacional del cereal seguir\u00e1 mirando de reojo el contexto mundial y, en modo alguno, puede considerarse esta reacci\u00f3n como s\u00edntoma de que el grano vaya a situarse en los niveles que garanticen la rentabilidad de las explotaciones a los costes de producci\u00f3n actuales. <\/p>\n\n\n\n<p><strong>PROBLEMAS CON EL TRIGO EN RUSIA. <\/strong>La lonja leonesa explica que la subida acusada esta semana se debe a la rebaja en la previsi\u00f3n de cosecha y existencias puesta de manifiesto el pasado viernes con el informe del Departamento de Agricultura de Estados Unidos, as\u00ed como de la sequ\u00eda que afecta a determinadas regiones de Brasil y Argentina, otras dos potencias cerealistas, pero tambi\u00e9n demogr\u00e1ficas (y por tanto, consumidoras de cereal): entre los tres pa\u00edses americanos suman m\u00e1s de seiscientos millones de habitantes.<\/p>\n\n\n\n<p>Asimismo, en el primer pa\u00eds exportador de trigo, Rusia, se vaticinan menores producciones de este cereal, debido a las malas condiciones atmosf\u00e9ricas (poca humedad y temperaturas m\u00e1s altas de lo normal), seg\u00fan indican esas mismas fuentes.<\/p>\n\n\n\n<p><strong>APRECIO DE LA PATATA NACIONAL. <\/strong>Por lo que respecta a la patata, la variedad agria sube hasta los 350 euros\/tonelada, lo que representa setenta euros m\u00e1s en una sola sesi\u00f3n. En las otras variedades la subida tampoco es manca, con una horquilla de entre cuarenta y cincuenta euros m\u00e1s por tonelada.<\/p>\n\n\n\n<p>La Lonja de Le\u00f3n explica que  estas fuertes subidas \u00abse deben principalmente a que la patata importada no est\u00e1 cumpliendo las expectativas de calidad y conservaci\u00f3n que se esperaba, lo que hace que la nacional est\u00e9 m\u00e1s buscada; y aunque tambi\u00e9n tiene problemas de conservaci\u00f3n, ofrece m\u00e1s garant\u00edas\u00bb.<\/p>\n\n\n\n<p>En una pr\u00f3xima entrada de la web analizaremos con m\u00e1s detalle la situaci\u00f3n del mercado de la patata.<\/p>\n\n\n\n<figure class=\"wp-block-image size-large is-resized\"><img loading=\"lazy\" decoding=\"async\" width=\"1024\" height=\"768\" src=\"https:\/\/www.asajacyl.com\/palencia\/wp-content\/uploads\/sites\/3\/2025\/01\/Tabla-precios-agricultura-15ene2025-12-1024x768.jpg\" alt=\"\" class=\"wp-image-18632\" style=\"width:1067px;height:auto\" srcset=\"https:\/\/www.asajacyl.com\/palencia\/wp-content\/uploads\/sites\/3\/2025\/01\/Tabla-precios-agricultura-15ene2025-12-1024x768.jpg 1024w, https:\/\/www.asajacyl.com\/palencia\/wp-content\/uploads\/sites\/3\/2025\/01\/Tabla-precios-agricultura-15ene2025-12-300x225.jpg 300w, https:\/\/www.asajacyl.com\/palencia\/wp-content\/uploads\/sites\/3\/2025\/01\/Tabla-precios-agricultura-15ene2025-12-768x576.jpg 768w, https:\/\/www.asajacyl.com\/palencia\/wp-content\/uploads\/sites\/3\/2025\/01\/Tabla-precios-agricultura-15ene2025-12-1536x1152.jpg 1536w, https:\/\/www.asajacyl.com\/palencia\/wp-content\/uploads\/sites\/3\/2025\/01\/Tabla-precios-agricultura-15ene2025-12-2048x1536.jpg 2048w, https:\/\/www.asajacyl.com\/palencia\/wp-content\/uploads\/sites\/3\/2025\/01\/Tabla-precios-agricultura-15ene2025-12-560x420.jpg 560w, https:\/\/www.asajacyl.com\/palencia\/wp-content\/uploads\/sites\/3\/2025\/01\/Tabla-precios-agricultura-15ene2025-12-80x60.jpg 80w, https:\/\/www.asajacyl.com\/palencia\/wp-content\/uploads\/sites\/3\/2025\/01\/Tabla-precios-agricultura-15ene2025-12-696x522.jpg 696w, https:\/\/www.asajacyl.com\/palencia\/wp-content\/uploads\/sites\/3\/2025\/01\/Tabla-precios-agricultura-15ene2025-12-1068x801.jpg 1068w, https:\/\/www.asajacyl.com\/palencia\/wp-content\/uploads\/sites\/3\/2025\/01\/Tabla-precios-agricultura-15ene2025-12-1920x1440.jpg 1920w\" sizes=\"(max-width: 1024px) 100vw, 1024px\" \/><\/figure>\n","protected":false},"excerpt":{"rendered":"<p>La sesi\u00f3n de la Lonja de Le\u00f3n celebrada este mi\u00e9rcoles, 16 de enero, ha deparado importantes subidas en la cotizaci\u00f3n de los cereales y, sobre todo, de la patata, en todas sus variedades. Si los primeros reaccionan a la rebaja de perspectivas de cosecha de grandes productores como Estados Unidos, Rusia, Argentina y Brasil, la [&hellip;]<\/p>\n","protected":false},"author":9,"featured_media":13756,"comment_status":"open","ping_status":"open","sticky":false,"template":"","format":"standard","meta":{"footnotes":""},"categories":[9,29,36,28,13],"tags":[58,1212,290,1213,289,46,1245,1246,1242,77,293,219,92,147,757,1110,1248,93,1247],"yoast_head":"<!-- This site is optimized with the Yoast SEO plugin v24.5 - https:\/\/yoast.com\/wordpress\/plugins\/seo\/ -->\n<title>La Lonja de Le\u00f3n constata importantes subidas en la cotizaci\u00f3n de los principales cereales y de la patata - ASAJA Palencia<\/title>\n<meta name=\"description\" content=\"La sesi\u00f3n de la Lonja de Le\u00f3n celebrada este mi\u00e9rcoles, 16 de enero, ha deparado importantes subidas en la cotizaci\u00f3n de los cereales y, sobre todo, de la\" \/>\n<meta name=\"robots\" content=\"index, follow, max-snippet:-1, max-image-preview:large, max-video-preview:-1\" \/>\n<link rel=\"canonical\" href=\"https:\/\/www.asajacyl.com\/palencia\/asaja-palencia-informa\/la-lonja-de-leon-constata-importantes-subidas-en-la-cotizacion-de-los-principales-cereales-y-de-la-patata\" \/>\n<meta property=\"og:locale\" content=\"es_ES\" \/>\n<meta property=\"og:type\" content=\"article\" \/>\n<meta property=\"og:title\" content=\"La Lonja de Le\u00f3n constata importantes subidas en la cotizaci\u00f3n de los principales cereales y de la patata - ASAJA Palencia\" \/>\n<meta property=\"og:description\" content=\"La sesi\u00f3n de la Lonja de Le\u00f3n celebrada este mi\u00e9rcoles, 16 de enero, ha deparado importantes subidas en la cotizaci\u00f3n de los cereales y, sobre todo, de la\" \/>\n<meta property=\"og:url\" content=\"https:\/\/www.asajacyl.com\/palencia\/asaja-palencia-informa\/la-lonja-de-leon-constata-importantes-subidas-en-la-cotizacion-de-los-principales-cereales-y-de-la-patata\" \/>\n<meta property=\"og:site_name\" content=\"ASAJA Palencia\" \/>\n<meta property=\"article:published_time\" content=\"2025-01-16T08:58:38+00:00\" \/>\n<meta property=\"article:modified_time\" content=\"2025-01-16T08:58:45+00:00\" \/>\n<meta property=\"og:image\" content=\"https:\/\/www.asajacyl.com\/palencia\/wp-content\/uploads\/sites\/3\/2023\/07\/Mano-con-trigo-1024x896.jpg\" \/>\n\t<meta property=\"og:image:width\" content=\"1024\" \/>\n\t<meta property=\"og:image:height\" content=\"896\" \/>\n\t<meta property=\"og:image:type\" content=\"image\/jpeg\" \/>\n<meta name=\"author\" content=\"Administrador\" \/>\n<meta name=\"twitter:card\" content=\"summary_large_image\" \/>\n<meta name=\"twitter:label1\" content=\"Escrito por\" \/>\n\t<meta name=\"twitter:data1\" content=\"Administrador\" \/>\n\t<meta name=\"twitter:label2\" content=\"Tiempo de lectura\" \/>\n\t<meta name=\"twitter:data2\" content=\"3 minutos\" \/>\n<script type=\"application\/ld+json\" class=\"yoast-schema-graph\">{\"@context\":\"https:\/\/schema.org\",\"@graph\":[{\"@type\":\"WebPage\",\"@id\":\"https:\/\/www.asajacyl.com\/palencia\/asaja-palencia-informa\/la-lonja-de-leon-constata-importantes-subidas-en-la-cotizacion-de-los-principales-cereales-y-de-la-patata\",\"url\":\"https:\/\/www.asajacyl.com\/palencia\/asaja-palencia-informa\/la-lonja-de-leon-constata-importantes-subidas-en-la-cotizacion-de-los-principales-cereales-y-de-la-patata\",\"name\":\"La Lonja de Le\u00f3n constata importantes subidas en la cotizaci\u00f3n de los principales cereales y de la patata - ASAJA Palencia\",\"isPartOf\":{\"@id\":\"https:\/\/www.asajacyl.com\/palencia\/#website\"},\"primaryImageOfPage\":{\"@id\":\"https:\/\/www.asajacyl.com\/palencia\/asaja-palencia-informa\/la-lonja-de-leon-constata-importantes-subidas-en-la-cotizacion-de-los-principales-cereales-y-de-la-patata#primaryimage\"},\"image\":{\"@id\":\"https:\/\/www.asajacyl.com\/palencia\/asaja-palencia-informa\/la-lonja-de-leon-constata-importantes-subidas-en-la-cotizacion-de-los-principales-cereales-y-de-la-patata#primaryimage\"},\"thumbnailUrl\":\"https:\/\/www.asajacyl.com\/palencia\/wp-content\/uploads\/sites\/3\/2023\/07\/Mano-con-trigo.jpg\",\"datePublished\":\"2025-01-16T08:58:38+00:00\",\"dateModified\":\"2025-01-16T08:58:45+00:00\",\"author\":{\"@id\":\"https:\/\/www.asajacyl.com\/palencia\/#\/schema\/person\/3ab17aeb03527485c317557fae64aab1\"},\"description\":\"La sesi\u00f3n de la Lonja de Le\u00f3n celebrada este mi\u00e9rcoles, 16 de enero, ha deparado importantes subidas en la cotizaci\u00f3n de los cereales y, sobre todo, de la\",\"breadcrumb\":{\"@id\":\"https:\/\/www.asajacyl.com\/palencia\/asaja-palencia-informa\/la-lonja-de-leon-constata-importantes-subidas-en-la-cotizacion-de-los-principales-cereales-y-de-la-patata#breadcrumb\"},\"inLanguage\":\"es\",\"potentialAction\":[{\"@type\":\"ReadAction\",\"target\":[\"https:\/\/www.asajacyl.com\/palencia\/asaja-palencia-informa\/la-lonja-de-leon-constata-importantes-subidas-en-la-cotizacion-de-los-principales-cereales-y-de-la-patata\"]}]},{\"@type\":\"ImageObject\",\"inLanguage\":\"es\",\"@id\":\"https:\/\/www.asajacyl.com\/palencia\/asaja-palencia-informa\/la-lonja-de-leon-constata-importantes-subidas-en-la-cotizacion-de-los-principales-cereales-y-de-la-patata#primaryimage\",\"url\":\"https:\/\/www.asajacyl.com\/palencia\/wp-content\/uploads\/sites\/3\/2023\/07\/Mano-con-trigo.jpg\",\"contentUrl\":\"https:\/\/www.asajacyl.com\/palencia\/wp-content\/uploads\/sites\/3\/2023\/07\/Mano-con-trigo.jpg\",\"width\":1890,\"height\":1654},{\"@type\":\"BreadcrumbList\",\"@id\":\"https:\/\/www.asajacyl.com\/palencia\/asaja-palencia-informa\/la-lonja-de-leon-constata-importantes-subidas-en-la-cotizacion-de-los-principales-cereales-y-de-la-patata#breadcrumb\",\"itemListElement\":[{\"@type\":\"ListItem\",\"position\":1,\"name\":\"Portada\",\"item\":\"https:\/\/www.asajacyl.com\/palencia\/\"},{\"@type\":\"ListItem\",\"position\":2,\"name\":\"La Lonja de Le\u00f3n constata importantes subidas en la cotizaci\u00f3n de los principales cereales y de la patata\"}]},{\"@type\":\"WebSite\",\"@id\":\"https:\/\/www.asajacyl.com\/palencia\/#website\",\"url\":\"https:\/\/www.asajacyl.com\/palencia\/\",\"name\":\"ASAJA Palencia\",\"description\":\"Otro sitio m\u00e1s de Provincias ASAJA Castilla y Le\u00f3n\",\"potentialAction\":[{\"@type\":\"SearchAction\",\"target\":{\"@type\":\"EntryPoint\",\"urlTemplate\":\"https:\/\/www.asajacyl.com\/palencia\/?s={search_term_string}\"},\"query-input\":{\"@type\":\"PropertyValueSpecification\",\"valueRequired\":true,\"valueName\":\"search_term_string\"}}],\"inLanguage\":\"es\"},{\"@type\":\"Person\",\"@id\":\"https:\/\/www.asajacyl.com\/palencia\/#\/schema\/person\/3ab17aeb03527485c317557fae64aab1\",\"name\":\"Administrador\",\"image\":{\"@type\":\"ImageObject\",\"inLanguage\":\"es\",\"@id\":\"https:\/\/www.asajacyl.com\/palencia\/#\/schema\/person\/image\/\",\"url\":\"https:\/\/secure.gravatar.com\/avatar\/517384810d242ca9e38c180f3c9fb973?s=96&d=mm&r=g\",\"contentUrl\":\"https:\/\/secure.gravatar.com\/avatar\/517384810d242ca9e38c180f3c9fb973?s=96&d=mm&r=g\",\"caption\":\"Administrador\"},\"url\":\"https:\/\/www.asajacyl.com\/palencia\/author\/carlosrm\"}]}<\/script>\n<!-- \/ Yoast SEO plugin. -->","yoast_head_json":{"title":"La Lonja de Le\u00f3n constata importantes subidas en la cotizaci\u00f3n de los principales cereales y de la patata - ASAJA Palencia","description":"La sesi\u00f3n de la Lonja de Le\u00f3n celebrada este mi\u00e9rcoles, 16 de enero, ha deparado importantes subidas en la cotizaci\u00f3n de los cereales y, sobre todo, de la","robots":{"index":"index","follow":"follow","max-snippet":"max-snippet:-1","max-image-preview":"max-image-preview:large","max-video-preview":"max-video-preview:-1"},"canonical":"https:\/\/www.asajacyl.com\/palencia\/asaja-palencia-informa\/la-lonja-de-leon-constata-importantes-subidas-en-la-cotizacion-de-los-principales-cereales-y-de-la-patata","og_locale":"es_ES","og_type":"article","og_title":"La Lonja de Le\u00f3n constata importantes subidas en la cotizaci\u00f3n de los principales cereales y de la patata - ASAJA Palencia","og_description":"La sesi\u00f3n de la Lonja de Le\u00f3n celebrada este mi\u00e9rcoles, 16 de enero, ha deparado importantes subidas en la cotizaci\u00f3n de los cereales y, sobre todo, de la","og_url":"https:\/\/www.asajacyl.com\/palencia\/asaja-palencia-informa\/la-lonja-de-leon-constata-importantes-subidas-en-la-cotizacion-de-los-principales-cereales-y-de-la-patata","og_site_name":"ASAJA Palencia","article_published_time":"2025-01-16T08:58:38+00:00","article_modified_time":"2025-01-16T08:58:45+00:00","og_image":[{"width":1024,"height":896,"url":"https:\/\/www.asajacyl.com\/palencia\/wp-content\/uploads\/sites\/3\/2023\/07\/Mano-con-trigo-1024x896.jpg","type":"image\/jpeg"}],"author":"Administrador","twitter_card":"summary_large_image","twitter_misc":{"Escrito por":"Administrador","Tiempo de lectura":"3 minutos"},"schema":{"@context":"https:\/\/schema.org","@graph":[{"@type":"WebPage","@id":"https:\/\/www.asajacyl.com\/palencia\/asaja-palencia-informa\/la-lonja-de-leon-constata-importantes-subidas-en-la-cotizacion-de-los-principales-cereales-y-de-la-patata","url":"https:\/\/www.asajacyl.com\/palencia\/asaja-palencia-informa\/la-lonja-de-leon-constata-importantes-subidas-en-la-cotizacion-de-los-principales-cereales-y-de-la-patata","name":"La Lonja de Le\u00f3n constata importantes subidas en la cotizaci\u00f3n de los principales cereales y de la patata - ASAJA Palencia","isPartOf":{"@id":"https:\/\/www.asajacyl.com\/palencia\/#website"},"primaryImageOfPage":{"@id":"https:\/\/www.asajacyl.com\/palencia\/asaja-palencia-informa\/la-lonja-de-leon-constata-importantes-subidas-en-la-cotizacion-de-los-principales-cereales-y-de-la-patata#primaryimage"},"image":{"@id":"https:\/\/www.asajacyl.com\/palencia\/asaja-palencia-informa\/la-lonja-de-leon-constata-importantes-subidas-en-la-cotizacion-de-los-principales-cereales-y-de-la-patata#primaryimage"},"thumbnailUrl":"https:\/\/www.asajacyl.com\/palencia\/wp-content\/uploads\/sites\/3\/2023\/07\/Mano-con-trigo.jpg","datePublished":"2025-01-16T08:58:38+00:00","dateModified":"2025-01-16T08:58:45+00:00","author":{"@id":"https:\/\/www.asajacyl.com\/palencia\/#\/schema\/person\/3ab17aeb03527485c317557fae64aab1"},"description":"La sesi\u00f3n de la Lonja de Le\u00f3n celebrada este mi\u00e9rcoles, 16 de enero, ha deparado importantes subidas en la cotizaci\u00f3n de los cereales y, sobre todo, de la","breadcrumb":{"@id":"https:\/\/www.asajacyl.com\/palencia\/asaja-palencia-informa\/la-lonja-de-leon-constata-importantes-subidas-en-la-cotizacion-de-los-principales-cereales-y-de-la-patata#breadcrumb"},"inLanguage":"es","potentialAction":[{"@type":"ReadAction","target":["https:\/\/www.asajacyl.com\/palencia\/asaja-palencia-informa\/la-lonja-de-leon-constata-importantes-subidas-en-la-cotizacion-de-los-principales-cereales-y-de-la-patata"]}]},{"@type":"ImageObject","inLanguage":"es","@id":"https:\/\/www.asajacyl.com\/palencia\/asaja-palencia-informa\/la-lonja-de-leon-constata-importantes-subidas-en-la-cotizacion-de-los-principales-cereales-y-de-la-patata#primaryimage","url":"https:\/\/www.asajacyl.com\/palencia\/wp-content\/uploads\/sites\/3\/2023\/07\/Mano-con-trigo.jpg","contentUrl":"https:\/\/www.asajacyl.com\/palencia\/wp-content\/uploads\/sites\/3\/2023\/07\/Mano-con-trigo.jpg","width":1890,"height":1654},{"@type":"BreadcrumbList","@id":"https:\/\/www.asajacyl.com\/palencia\/asaja-palencia-informa\/la-lonja-de-leon-constata-importantes-subidas-en-la-cotizacion-de-los-principales-cereales-y-de-la-patata#breadcrumb","itemListElement":[{"@type":"ListItem","position":1,"name":"Portada","item":"https:\/\/www.asajacyl.com\/palencia\/"},{"@type":"ListItem","position":2,"name":"La Lonja de Le\u00f3n constata importantes subidas en la cotizaci\u00f3n de los principales cereales y de la patata"}]},{"@type":"WebSite","@id":"https:\/\/www.asajacyl.com\/palencia\/#website","url":"https:\/\/www.asajacyl.com\/palencia\/","name":"ASAJA Palencia","description":"Otro sitio m\u00e1s de Provincias ASAJA Castilla y Le\u00f3n","potentialAction":[{"@type":"SearchAction","target":{"@type":"EntryPoint","urlTemplate":"https:\/\/www.asajacyl.com\/palencia\/?s={search_term_string}"},"query-input":{"@type":"PropertyValueSpecification","valueRequired":true,"valueName":"search_term_string"}}],"inLanguage":"es"},{"@type":"Person","@id":"https:\/\/www.asajacyl.com\/palencia\/#\/schema\/person\/3ab17aeb03527485c317557fae64aab1","name":"Administrador","image":{"@type":"ImageObject","inLanguage":"es","@id":"https:\/\/www.asajacyl.com\/palencia\/#\/schema\/person\/image\/","url":"https:\/\/secure.gravatar.com\/avatar\/517384810d242ca9e38c180f3c9fb973?s=96&d=mm&r=g","contentUrl":"https:\/\/secure.gravatar.com\/avatar\/517384810d242ca9e38c180f3c9fb973?s=96&d=mm&r=g","caption":"Administrador"},"url":"https:\/\/www.asajacyl.com\/palencia\/author\/carlosrm"}]}},"_links":{"self":[{"href":"https:\/\/www.asajacyl.com\/palencia\/wp-json\/wp\/v2\/posts\/18631"}],"collection":[{"href":"https:\/\/www.asajacyl.com\/palencia\/wp-json\/wp\/v2\/posts"}],"about":[{"href":"https:\/\/www.asajacyl.com\/palencia\/wp-json\/wp\/v2\/types\/post"}],"author":[{"embeddable":true,"href":"https:\/\/www.asajacyl.com\/palencia\/wp-json\/wp\/v2\/users\/9"}],"replies":[{"embeddable":true,"href":"https:\/\/www.asajacyl.com\/palencia\/wp-json\/wp\/v2\/comments?post=18631"}],"version-history":[{"count":4,"href":"https:\/\/www.asajacyl.com\/palencia\/wp-json\/wp\/v2\/posts\/18631\/revisions"}],"predecessor-version":[{"id":18636,"href":"https:\/\/www.asajacyl.com\/palencia\/wp-json\/wp\/v2\/posts\/18631\/revisions\/18636"}],"wp:featuredmedia":[{"embeddable":true,"href":"https:\/\/www.asajacyl.com\/palencia\/wp-json\/wp\/v2\/media\/13756"}],"wp:attachment":[{"href":"https:\/\/www.asajacyl.com\/palencia\/wp-json\/wp\/v2\/media?parent=18631"}],"wp:term":[{"taxonomy":"category","embeddable":true,"href":"https:\/\/www.asajacyl.com\/palencia\/wp-json\/wp\/v2\/categories?post=18631"},{"taxonomy":"post_tag","embeddable":true,"href":"https:\/\/www.asajacyl.com\/palencia\/wp-json\/wp\/v2\/tags?post=18631"}],"curies":[{"name":"wp","href":"https:\/\/api.w.org\/{rel}","templated":true}]}}