{"id":18637,"date":"2025-01-17T09:00:00","date_gmt":"2025-01-17T08:00:00","guid":{"rendered":"https:\/\/www.asajacyl.com\/palencia\/?p=18637"},"modified":"2025-01-17T08:23:19","modified_gmt":"2025-01-17T07:23:19","slug":"la-cotizacion-de-la-patata-se-activa-por-la-menor-calidad-y-peor-conservacion-del-producto-importado","status":"publish","type":"post","link":"https:\/\/www.asajacyl.com\/palencia\/asaja-palencia-informa\/la-cotizacion-de-la-patata-se-activa-por-la-menor-calidad-y-peor-conservacion-del-producto-importado","title":{"rendered":"La cotizaci\u00f3n de la patata se activa por la menor calidad y peor conservaci\u00f3n del producto importado"},"content":{"rendered":"\n<h2 class=\"wp-block-heading\">Se han registrado esta semana unas importantes subidas en la cotizaci\u00f3n de la patata, que van del 14 % al 25 %, seg\u00fan variedades, en una sola sesi\u00f3n de la Lonja de Le\u00f3n, desde donde explican que se debe principalmente a que la patata importada no cumple las expectativas de calidad y conservaci\u00f3n esperadas, lo que eleva la demanda de producto nacional. En esa misma sesi\u00f3n, <a href=\"https:\/\/www.asajacyl.com\/palencia\/asaja-palencia-informa\/la-lonja-de-leon-constata-importantes-subidas-en-la-cotizacion-de-los-principales-cereales-y-de-la-patata\" target=\"_blank\" rel=\"noreferrer noopener\">seg\u00fan inform\u00e1bamos recientemente<\/a>, tambi\u00e9n se registraba una reactivaci\u00f3n del precio del cereal, principalmente de la cebada, el trigo y el ma\u00edz.<\/h2>\n\n\n\n<p>La patata nacional tambi\u00e9n est\u00e1 presentando ciertos problemas de conservaci\u00f3n, pero \u00abofrece m\u00e1s garant\u00edas\u00bb en ese aspecto, seg\u00fan destacaban desde la lonja leonesa. All\u00ed escal\u00f3 esta semana la tonelada de la variedad agria sube hasta los 350 euros\/tonelada, tras una subida de setenta euros en una sola sesi\u00f3n. En las otras variedades la subida oscil\u00f3 entre los cuarenta y cincuenta euros por tonelada.<\/p>\n\n\n\n<p>La patata es el producto hortofrut\u00edcola m\u00e1s importado en Espa\u00f1a, con m\u00e1s de un mill\u00f3n de toneladas anuales, cifra que pr\u00e1cticamente equivale a la mitad de la producci\u00f3n nacional (casi dos millones de toneladas en 2023, de las que el 40 % se cultivan en Castilla y Le\u00f3n, principal comunidad aut\u00f3noma en producci\u00f3n de este tub\u00e9rculo). El importe de la mercanc\u00eda tra\u00edda de fuera de nuestras fronteras supera los 470 millones de euros (se ha elevado el 60 % en el \u00faltimo quinquenio, el doble que el aumento en t\u00e9rminos de cantidad: 30 %).<\/p>\n\n\n\n<p>La mayor\u00eda de la importaci\u00f3n procede de B\u00e9lgica, Portugal y, sobre todo, Francia, pero \u00faltimamente se ha sumado Egipto a unos precios competititvos, al igual que sucede en todo el \u00e1mbito de la Uni\u00f3n Europea, donde crece la presencia de este tub\u00e9rculo procedente del oriente mediterr\u00e1neo.<\/p>\n\n\n\n<p><strong>MENOS CONSUMO DE PATATA FRESCA EN HOGARES. <\/strong>ASAJA ha demandado al Ministerio de Agricultura, Pesca y Alimentaci\u00f3n que efect\u00fae campa\u00f1as informativas para revertir el descenso en el consumo de patata fresca en los hogares (-3 % el pasado a\u00f1o con respecto a 2023 y -11 % con respecto al promedio del consumo en el quinquenio anterior).<\/p>\n\n\n\n<p>En cambio, el consumo de patata congelada y procesada en los hogares se ha incrementado el 13 % y el 4 %, respectivamente, en el \u00faltimo a\u00f1o. Fomentar la demanda de patata fresca en los hogares se traducir\u00eda en un respaldo a los cultivadores locales, dado que se muestra m\u00e1s preferencia relativa por ese tipo de producto en el \u00e1mbito dom\u00e9stico.\/<\/p>\n","protected":false},"excerpt":{"rendered":"<p>Se han registrado esta semana unas importantes subidas en la cotizaci\u00f3n de la patata, que van del 14 % al 25 %, seg\u00fan variedades, en una sola sesi\u00f3n de la Lonja de Le\u00f3n, desde donde explican que se debe principalmente a que la patata importada no cumple las expectativas de calidad y conservaci\u00f3n esperadas, lo [&hellip;]<\/p>\n","protected":false},"author":9,"featured_media":17250,"comment_status":"open","ping_status":"open","sticky":false,"template":"","format":"standard","meta":{"footnotes":""},"categories":[9,29,36,28,13],"tags":[58,351,654,147,824],"yoast_head":"<!-- This site is optimized with the Yoast SEO plugin v24.5 - https:\/\/yoast.com\/wordpress\/plugins\/seo\/ -->\n<title>La cotizaci\u00f3n de la patata se activa por la menor calidad y peor conservaci\u00f3n del producto importado - ASAJA Palencia<\/title>\n<meta name=\"description\" content=\"Se han registrado esta semana unas importantes subidas en la cotizaci\u00f3n de la patata, que van del 14 % al 25 %, seg\u00fan variedades, en una sola sesi\u00f3n de la\" \/>\n<meta name=\"robots\" content=\"index, follow, max-snippet:-1, max-image-preview:large, max-video-preview:-1\" \/>\n<link rel=\"canonical\" href=\"https:\/\/www.asajacyl.com\/palencia\/asaja-palencia-informa\/la-cotizacion-de-la-patata-se-activa-por-la-menor-calidad-y-peor-conservacion-del-producto-importado\" \/>\n<meta property=\"og:locale\" content=\"es_ES\" \/>\n<meta property=\"og:type\" content=\"article\" \/>\n<meta property=\"og:title\" content=\"La cotizaci\u00f3n de la patata se activa por la menor calidad y peor conservaci\u00f3n del producto importado - ASAJA Palencia\" \/>\n<meta property=\"og:description\" content=\"Se han registrado esta semana unas importantes subidas en la cotizaci\u00f3n de la patata, que van del 14 % al 25 %, seg\u00fan variedades, en una sola sesi\u00f3n de la\" \/>\n<meta property=\"og:url\" content=\"https:\/\/www.asajacyl.com\/palencia\/asaja-palencia-informa\/la-cotizacion-de-la-patata-se-activa-por-la-menor-calidad-y-peor-conservacion-del-producto-importado\" \/>\n<meta property=\"og:site_name\" content=\"ASAJA Palencia\" \/>\n<meta property=\"article:published_time\" content=\"2025-01-17T08:00:00+00:00\" \/>\n<meta property=\"og:image\" content=\"https:\/\/www.asajacyl.com\/palencia\/wp-content\/uploads\/sites\/3\/2024\/09\/Patatas-web-1.jpg\" \/>\n\t<meta property=\"og:image:width\" content=\"1890\" \/>\n\t<meta property=\"og:image:height\" content=\"1654\" \/>\n\t<meta property=\"og:image:type\" content=\"image\/jpeg\" \/>\n<meta name=\"author\" content=\"Administrador\" \/>\n<meta name=\"twitter:card\" content=\"summary_large_image\" \/>\n<meta name=\"twitter:label1\" content=\"Escrito por\" \/>\n\t<meta name=\"twitter:data1\" content=\"Administrador\" \/>\n\t<meta name=\"twitter:label2\" content=\"Tiempo de lectura\" \/>\n\t<meta name=\"twitter:data2\" content=\"3 minutos\" \/>\n<script type=\"application\/ld+json\" class=\"yoast-schema-graph\">{\"@context\":\"https:\/\/schema.org\",\"@graph\":[{\"@type\":\"WebPage\",\"@id\":\"https:\/\/www.asajacyl.com\/palencia\/asaja-palencia-informa\/la-cotizacion-de-la-patata-se-activa-por-la-menor-calidad-y-peor-conservacion-del-producto-importado\",\"url\":\"https:\/\/www.asajacyl.com\/palencia\/asaja-palencia-informa\/la-cotizacion-de-la-patata-se-activa-por-la-menor-calidad-y-peor-conservacion-del-producto-importado\",\"name\":\"La cotizaci\u00f3n de la patata se activa por la menor calidad y peor conservaci\u00f3n del producto importado - ASAJA Palencia\",\"isPartOf\":{\"@id\":\"https:\/\/www.asajacyl.com\/palencia\/#website\"},\"primaryImageOfPage\":{\"@id\":\"https:\/\/www.asajacyl.com\/palencia\/asaja-palencia-informa\/la-cotizacion-de-la-patata-se-activa-por-la-menor-calidad-y-peor-conservacion-del-producto-importado#primaryimage\"},\"image\":{\"@id\":\"https:\/\/www.asajacyl.com\/palencia\/asaja-palencia-informa\/la-cotizacion-de-la-patata-se-activa-por-la-menor-calidad-y-peor-conservacion-del-producto-importado#primaryimage\"},\"thumbnailUrl\":\"https:\/\/www.asajacyl.com\/palencia\/wp-content\/uploads\/sites\/3\/2024\/09\/Patatas-web-1.jpg\",\"datePublished\":\"2025-01-17T08:00:00+00:00\",\"author\":{\"@id\":\"https:\/\/www.asajacyl.com\/palencia\/#\/schema\/person\/3ab17aeb03527485c317557fae64aab1\"},\"description\":\"Se han registrado esta semana unas importantes subidas en la cotizaci\u00f3n de la patata, que van del 14 % al 25 %, seg\u00fan variedades, en una sola sesi\u00f3n de la\",\"breadcrumb\":{\"@id\":\"https:\/\/www.asajacyl.com\/palencia\/asaja-palencia-informa\/la-cotizacion-de-la-patata-se-activa-por-la-menor-calidad-y-peor-conservacion-del-producto-importado#breadcrumb\"},\"inLanguage\":\"es\",\"potentialAction\":[{\"@type\":\"ReadAction\",\"target\":[\"https:\/\/www.asajacyl.com\/palencia\/asaja-palencia-informa\/la-cotizacion-de-la-patata-se-activa-por-la-menor-calidad-y-peor-conservacion-del-producto-importado\"]}]},{\"@type\":\"ImageObject\",\"inLanguage\":\"es\",\"@id\":\"https:\/\/www.asajacyl.com\/palencia\/asaja-palencia-informa\/la-cotizacion-de-la-patata-se-activa-por-la-menor-calidad-y-peor-conservacion-del-producto-importado#primaryimage\",\"url\":\"https:\/\/www.asajacyl.com\/palencia\/wp-content\/uploads\/sites\/3\/2024\/09\/Patatas-web-1.jpg\",\"contentUrl\":\"https:\/\/www.asajacyl.com\/palencia\/wp-content\/uploads\/sites\/3\/2024\/09\/Patatas-web-1.jpg\",\"width\":1890,\"height\":1654},{\"@type\":\"BreadcrumbList\",\"@id\":\"https:\/\/www.asajacyl.com\/palencia\/asaja-palencia-informa\/la-cotizacion-de-la-patata-se-activa-por-la-menor-calidad-y-peor-conservacion-del-producto-importado#breadcrumb\",\"itemListElement\":[{\"@type\":\"ListItem\",\"position\":1,\"name\":\"Portada\",\"item\":\"https:\/\/www.asajacyl.com\/palencia\/\"},{\"@type\":\"ListItem\",\"position\":2,\"name\":\"La cotizaci\u00f3n de la patata se activa por la menor calidad y peor conservaci\u00f3n del producto importado\"}]},{\"@type\":\"WebSite\",\"@id\":\"https:\/\/www.asajacyl.com\/palencia\/#website\",\"url\":\"https:\/\/www.asajacyl.com\/palencia\/\",\"name\":\"ASAJA Palencia\",\"description\":\"Otro sitio m\u00e1s de Provincias ASAJA Castilla y Le\u00f3n\",\"potentialAction\":[{\"@type\":\"SearchAction\",\"target\":{\"@type\":\"EntryPoint\",\"urlTemplate\":\"https:\/\/www.asajacyl.com\/palencia\/?s={search_term_string}\"},\"query-input\":{\"@type\":\"PropertyValueSpecification\",\"valueRequired\":true,\"valueName\":\"search_term_string\"}}],\"inLanguage\":\"es\"},{\"@type\":\"Person\",\"@id\":\"https:\/\/www.asajacyl.com\/palencia\/#\/schema\/person\/3ab17aeb03527485c317557fae64aab1\",\"name\":\"Administrador\",\"image\":{\"@type\":\"ImageObject\",\"inLanguage\":\"es\",\"@id\":\"https:\/\/www.asajacyl.com\/palencia\/#\/schema\/person\/image\/\",\"url\":\"https:\/\/secure.gravatar.com\/avatar\/517384810d242ca9e38c180f3c9fb973?s=96&d=mm&r=g\",\"contentUrl\":\"https:\/\/secure.gravatar.com\/avatar\/517384810d242ca9e38c180f3c9fb973?s=96&d=mm&r=g\",\"caption\":\"Administrador\"},\"url\":\"https:\/\/www.asajacyl.com\/palencia\/author\/carlosrm\"}]}<\/script>\n<!-- \/ Yoast SEO plugin. -->","yoast_head_json":{"title":"La cotizaci\u00f3n de la patata se activa por la menor calidad y peor conservaci\u00f3n del producto importado - ASAJA Palencia","description":"Se han registrado esta semana unas importantes subidas en la cotizaci\u00f3n de la patata, que van del 14 % al 25 %, seg\u00fan variedades, en una sola sesi\u00f3n de la","robots":{"index":"index","follow":"follow","max-snippet":"max-snippet:-1","max-image-preview":"max-image-preview:large","max-video-preview":"max-video-preview:-1"},"canonical":"https:\/\/www.asajacyl.com\/palencia\/asaja-palencia-informa\/la-cotizacion-de-la-patata-se-activa-por-la-menor-calidad-y-peor-conservacion-del-producto-importado","og_locale":"es_ES","og_type":"article","og_title":"La cotizaci\u00f3n de la patata se activa por la menor calidad y peor conservaci\u00f3n del producto importado - ASAJA Palencia","og_description":"Se han registrado esta semana unas importantes subidas en la cotizaci\u00f3n de la patata, que van del 14 % al 25 %, seg\u00fan variedades, en una sola sesi\u00f3n de la","og_url":"https:\/\/www.asajacyl.com\/palencia\/asaja-palencia-informa\/la-cotizacion-de-la-patata-se-activa-por-la-menor-calidad-y-peor-conservacion-del-producto-importado","og_site_name":"ASAJA Palencia","article_published_time":"2025-01-17T08:00:00+00:00","og_image":[{"width":1890,"height":1654,"url":"https:\/\/www.asajacyl.com\/palencia\/wp-content\/uploads\/sites\/3\/2024\/09\/Patatas-web-1.jpg","type":"image\/jpeg"}],"author":"Administrador","twitter_card":"summary_large_image","twitter_misc":{"Escrito por":"Administrador","Tiempo de lectura":"3 minutos"},"schema":{"@context":"https:\/\/schema.org","@graph":[{"@type":"WebPage","@id":"https:\/\/www.asajacyl.com\/palencia\/asaja-palencia-informa\/la-cotizacion-de-la-patata-se-activa-por-la-menor-calidad-y-peor-conservacion-del-producto-importado","url":"https:\/\/www.asajacyl.com\/palencia\/asaja-palencia-informa\/la-cotizacion-de-la-patata-se-activa-por-la-menor-calidad-y-peor-conservacion-del-producto-importado","name":"La cotizaci\u00f3n de la patata se activa por la menor calidad y peor conservaci\u00f3n del producto importado - ASAJA Palencia","isPartOf":{"@id":"https:\/\/www.asajacyl.com\/palencia\/#website"},"primaryImageOfPage":{"@id":"https:\/\/www.asajacyl.com\/palencia\/asaja-palencia-informa\/la-cotizacion-de-la-patata-se-activa-por-la-menor-calidad-y-peor-conservacion-del-producto-importado#primaryimage"},"image":{"@id":"https:\/\/www.asajacyl.com\/palencia\/asaja-palencia-informa\/la-cotizacion-de-la-patata-se-activa-por-la-menor-calidad-y-peor-conservacion-del-producto-importado#primaryimage"},"thumbnailUrl":"https:\/\/www.asajacyl.com\/palencia\/wp-content\/uploads\/sites\/3\/2024\/09\/Patatas-web-1.jpg","datePublished":"2025-01-17T08:00:00+00:00","author":{"@id":"https:\/\/www.asajacyl.com\/palencia\/#\/schema\/person\/3ab17aeb03527485c317557fae64aab1"},"description":"Se han registrado esta semana unas importantes subidas en la cotizaci\u00f3n de la patata, que van del 14 % al 25 %, seg\u00fan variedades, en una sola sesi\u00f3n de la","breadcrumb":{"@id":"https:\/\/www.asajacyl.com\/palencia\/asaja-palencia-informa\/la-cotizacion-de-la-patata-se-activa-por-la-menor-calidad-y-peor-conservacion-del-producto-importado#breadcrumb"},"inLanguage":"es","potentialAction":[{"@type":"ReadAction","target":["https:\/\/www.asajacyl.com\/palencia\/asaja-palencia-informa\/la-cotizacion-de-la-patata-se-activa-por-la-menor-calidad-y-peor-conservacion-del-producto-importado"]}]},{"@type":"ImageObject","inLanguage":"es","@id":"https:\/\/www.asajacyl.com\/palencia\/asaja-palencia-informa\/la-cotizacion-de-la-patata-se-activa-por-la-menor-calidad-y-peor-conservacion-del-producto-importado#primaryimage","url":"https:\/\/www.asajacyl.com\/palencia\/wp-content\/uploads\/sites\/3\/2024\/09\/Patatas-web-1.jpg","contentUrl":"https:\/\/www.asajacyl.com\/palencia\/wp-content\/uploads\/sites\/3\/2024\/09\/Patatas-web-1.jpg","width":1890,"height":1654},{"@type":"BreadcrumbList","@id":"https:\/\/www.asajacyl.com\/palencia\/asaja-palencia-informa\/la-cotizacion-de-la-patata-se-activa-por-la-menor-calidad-y-peor-conservacion-del-producto-importado#breadcrumb","itemListElement":[{"@type":"ListItem","position":1,"name":"Portada","item":"https:\/\/www.asajacyl.com\/palencia\/"},{"@type":"ListItem","position":2,"name":"La cotizaci\u00f3n de la patata se activa por la menor calidad y peor conservaci\u00f3n del producto importado"}]},{"@type":"WebSite","@id":"https:\/\/www.asajacyl.com\/palencia\/#website","url":"https:\/\/www.asajacyl.com\/palencia\/","name":"ASAJA Palencia","description":"Otro sitio m\u00e1s de Provincias ASAJA Castilla y Le\u00f3n","potentialAction":[{"@type":"SearchAction","target":{"@type":"EntryPoint","urlTemplate":"https:\/\/www.asajacyl.com\/palencia\/?s={search_term_string}"},"query-input":{"@type":"PropertyValueSpecification","valueRequired":true,"valueName":"search_term_string"}}],"inLanguage":"es"},{"@type":"Person","@id":"https:\/\/www.asajacyl.com\/palencia\/#\/schema\/person\/3ab17aeb03527485c317557fae64aab1","name":"Administrador","image":{"@type":"ImageObject","inLanguage":"es","@id":"https:\/\/www.asajacyl.com\/palencia\/#\/schema\/person\/image\/","url":"https:\/\/secure.gravatar.com\/avatar\/517384810d242ca9e38c180f3c9fb973?s=96&d=mm&r=g","contentUrl":"https:\/\/secure.gravatar.com\/avatar\/517384810d242ca9e38c180f3c9fb973?s=96&d=mm&r=g","caption":"Administrador"},"url":"https:\/\/www.asajacyl.com\/palencia\/author\/carlosrm"}]}},"_links":{"self":[{"href":"https:\/\/www.asajacyl.com\/palencia\/wp-json\/wp\/v2\/posts\/18637"}],"collection":[{"href":"https:\/\/www.asajacyl.com\/palencia\/wp-json\/wp\/v2\/posts"}],"about":[{"href":"https:\/\/www.asajacyl.com\/palencia\/wp-json\/wp\/v2\/types\/post"}],"author":[{"embeddable":true,"href":"https:\/\/www.asajacyl.com\/palencia\/wp-json\/wp\/v2\/users\/9"}],"replies":[{"embeddable":true,"href":"https:\/\/www.asajacyl.com\/palencia\/wp-json\/wp\/v2\/comments?post=18637"}],"version-history":[{"count":1,"href":"https:\/\/www.asajacyl.com\/palencia\/wp-json\/wp\/v2\/posts\/18637\/revisions"}],"predecessor-version":[{"id":18638,"href":"https:\/\/www.asajacyl.com\/palencia\/wp-json\/wp\/v2\/posts\/18637\/revisions\/18638"}],"wp:featuredmedia":[{"embeddable":true,"href":"https:\/\/www.asajacyl.com\/palencia\/wp-json\/wp\/v2\/media\/17250"}],"wp:attachment":[{"href":"https:\/\/www.asajacyl.com\/palencia\/wp-json\/wp\/v2\/media?parent=18637"}],"wp:term":[{"taxonomy":"category","embeddable":true,"href":"https:\/\/www.asajacyl.com\/palencia\/wp-json\/wp\/v2\/categories?post=18637"},{"taxonomy":"post_tag","embeddable":true,"href":"https:\/\/www.asajacyl.com\/palencia\/wp-json\/wp\/v2\/tags?post=18637"}],"curies":[{"name":"wp","href":"https:\/\/api.w.org\/{rel}","templated":true}]}}