{"id":18676,"date":"2025-01-23T07:30:00","date_gmt":"2025-01-23T06:30:00","guid":{"rendered":"https:\/\/www.asajacyl.com\/palencia\/?p=18676"},"modified":"2025-01-22T21:03:30","modified_gmt":"2025-01-22T20:03:30","slug":"retoque-al-alza-de-los-cereales-en-una-lonja-de-leon-a-la-expectativa-tras-el-relevo-en-la-casa-blanca","status":"publish","type":"post","link":"https:\/\/www.asajacyl.com\/palencia\/asaja-palencia-informa\/retoque-al-alza-de-los-cereales-en-una-lonja-de-leon-a-la-expectativa-tras-el-relevo-en-la-casa-blanca","title":{"rendered":"Retoque al alza de los cereales en una Lonja de Le\u00f3n a la expectativa tras el relevo en la Casa Blanca"},"content":{"rendered":"\n<h2 class=\"wp-block-heading\">La sesi\u00f3n de la Lonja de Le\u00f3n de esta semana nos dej\u00f3 leves subidas en los principales cereales, que cumplen as\u00ed un mes de tendencia alcista, bien que de manera moderada y desde precios muy bajos. Seg\u00fan explican desde la lonja leonesa, la estabilidad de la jornada lleg\u00f3 tras el miedo a la volatilidad de los mercados en la nueva era Trump, que ha aplazado la imposici\u00f3n de aranceles a China, por lo menos mientras se negocia el futuro de la red social Tik Tok.<\/h2>\n\n\n\n<p>Las subidas constatadas en la mesa del cereal, m\u00e1s moderadas que en la semana anterior, se limitaron a tres euros por tonelada en la cebada, dos en el trigo y uno en el centeno, mientras la avena y el ma\u00edz repitieron precio,<\/p>\n\n\n\n<p>La Lonja de Le\u00f3n avanza que, en todo caso, se est\u00e1 a la expectativa de las noticias internacionales. En concreto, indica que, \u00aba partir del 1 de febrero, a Canad\u00e1 y M\u00e9xico, se les impondr\u00e1 un arancel a las exportaciones hacia EEUU del 25 %\u00bb.<\/p>\n\n\n\n<p>Asimismo, desde la lonja leonesa apuntan hacia las represalias que puede tomar M\u00e9xico, primer importador de ma\u00edz del mundo, que se abastece pr\u00e1cticamente en su totalidad de Estados Unidos, en esta nueva etapa de relaciones entre estos dos potentes vecinos tras el relevo en la Casa Blanca.<\/p>\n\n\n\n<p>Las mesas de forrajes y patatas repitieron precios, as\u00ed como en el ovino de carne, algo que agradece el sector en esta \u00e9poca del a\u00f1o, y que ratifica la <a href=\"https:\/\/www.asajacyl.com\/palencia\/asaja-palencia-informa\/la-cotizacion-del-lechazo-amortigua-su-habitual-caida-tras-la-navidad-mejor-que-en-la-campana-anterior\">repetici\u00f3n del precio de la Mesa del Lechazo de Castilla y Le\u00f3n el pasado viernes.<\/a> El cap\u00edtulo ganadero se complet\u00f3 con nuevas subidas en todas las categor\u00edas de bovino, tanto de vida como de carne. Desde la Lonja de Le\u00f3n se\u00f1alan, no obstante, que la escalada de precios puede desincentivar el consumo.<strong>\/<\/strong><\/p>\n\n\n\n<figure class=\"wp-block-image size-large is-resized\"><img loading=\"lazy\" decoding=\"async\" width=\"1024\" height=\"768\" src=\"https:\/\/www.asajacyl.com\/palencia\/wp-content\/uploads\/sites\/3\/2025\/01\/Precios-agricultura-22ene2025-1024x768.jpg\" alt=\"\" class=\"wp-image-18677\" style=\"width:1068px;height:auto\" srcset=\"https:\/\/www.asajacyl.com\/palencia\/wp-content\/uploads\/sites\/3\/2025\/01\/Precios-agricultura-22ene2025-1024x768.jpg 1024w, https:\/\/www.asajacyl.com\/palencia\/wp-content\/uploads\/sites\/3\/2025\/01\/Precios-agricultura-22ene2025-300x225.jpg 300w, https:\/\/www.asajacyl.com\/palencia\/wp-content\/uploads\/sites\/3\/2025\/01\/Precios-agricultura-22ene2025-768x576.jpg 768w, https:\/\/www.asajacyl.com\/palencia\/wp-content\/uploads\/sites\/3\/2025\/01\/Precios-agricultura-22ene2025-1536x1152.jpg 1536w, https:\/\/www.asajacyl.com\/palencia\/wp-content\/uploads\/sites\/3\/2025\/01\/Precios-agricultura-22ene2025-2048x1536.jpg 2048w, https:\/\/www.asajacyl.com\/palencia\/wp-content\/uploads\/sites\/3\/2025\/01\/Precios-agricultura-22ene2025-560x420.jpg 560w, https:\/\/www.asajacyl.com\/palencia\/wp-content\/uploads\/sites\/3\/2025\/01\/Precios-agricultura-22ene2025-80x60.jpg 80w, https:\/\/www.asajacyl.com\/palencia\/wp-content\/uploads\/sites\/3\/2025\/01\/Precios-agricultura-22ene2025-696x522.jpg 696w, https:\/\/www.asajacyl.com\/palencia\/wp-content\/uploads\/sites\/3\/2025\/01\/Precios-agricultura-22ene2025-1068x801.jpg 1068w, https:\/\/www.asajacyl.com\/palencia\/wp-content\/uploads\/sites\/3\/2025\/01\/Precios-agricultura-22ene2025-1920x1440.jpg 1920w\" sizes=\"(max-width: 1024px) 100vw, 1024px\" \/><\/figure>\n","protected":false},"excerpt":{"rendered":"<p>La sesi\u00f3n de la Lonja de Le\u00f3n de esta semana nos dej\u00f3 leves subidas en los principales cereales, que cumplen as\u00ed un mes de tendencia alcista, bien que de manera moderada y desde precios muy bajos. Seg\u00fan explican desde la lonja leonesa, la estabilidad de la jornada lleg\u00f3 tras el miedo a la volatilidad de [&hellip;]<\/p>\n","protected":false},"author":9,"featured_media":18680,"comment_status":"open","ping_status":"open","sticky":false,"template":"","format":"standard","meta":{"footnotes":""},"categories":[9,29,36,28,13],"tags":[58,148,290,478,289,46,351,99,77,477,293,919,510,311,198,220],"yoast_head":"<!-- This site is optimized with the Yoast SEO plugin v24.5 - https:\/\/yoast.com\/wordpress\/plugins\/seo\/ -->\n<title>Retoque al alza de los cereales en una Lonja de Le\u00f3n a la expectativa tras el relevo en la Casa Blanca - ASAJA Palencia<\/title>\n<meta name=\"description\" content=\"La sesi\u00f3n de la Lonja de Le\u00f3n de esta semana nos dej\u00f3 leves subidas en los principales cereales, que cumplen as\u00ed un mes de tendencia alcista, bien que de\" \/>\n<meta name=\"robots\" content=\"index, follow, max-snippet:-1, max-image-preview:large, max-video-preview:-1\" \/>\n<link rel=\"canonical\" href=\"https:\/\/www.asajacyl.com\/palencia\/asaja-palencia-informa\/retoque-al-alza-de-los-cereales-en-una-lonja-de-leon-a-la-expectativa-tras-el-relevo-en-la-casa-blanca\" \/>\n<meta property=\"og:locale\" content=\"es_ES\" \/>\n<meta property=\"og:type\" content=\"article\" \/>\n<meta property=\"og:title\" content=\"Retoque al alza de los cereales en una Lonja de Le\u00f3n a la expectativa tras el relevo en la Casa Blanca - ASAJA Palencia\" \/>\n<meta property=\"og:description\" content=\"La sesi\u00f3n de la Lonja de Le\u00f3n de esta semana nos dej\u00f3 leves subidas en los principales cereales, que cumplen as\u00ed un mes de tendencia alcista, bien que de\" \/>\n<meta property=\"og:url\" content=\"https:\/\/www.asajacyl.com\/palencia\/asaja-palencia-informa\/retoque-al-alza-de-los-cereales-en-una-lonja-de-leon-a-la-expectativa-tras-el-relevo-en-la-casa-blanca\" \/>\n<meta property=\"og:site_name\" content=\"ASAJA Palencia\" \/>\n<meta property=\"article:published_time\" content=\"2025-01-23T06:30:00+00:00\" \/>\n<meta property=\"og:image\" content=\"https:\/\/www.asajacyl.com\/palencia\/wp-content\/uploads\/sites\/3\/2025\/01\/Descarga-cereal-remolque-web-1024x897.jpg\" \/>\n\t<meta property=\"og:image:width\" content=\"1024\" \/>\n\t<meta property=\"og:image:height\" content=\"897\" \/>\n\t<meta property=\"og:image:type\" content=\"image\/jpeg\" \/>\n<meta name=\"author\" content=\"Administrador\" \/>\n<meta name=\"twitter:card\" content=\"summary_large_image\" \/>\n<meta name=\"twitter:label1\" content=\"Escrito por\" \/>\n\t<meta name=\"twitter:data1\" content=\"Administrador\" \/>\n\t<meta name=\"twitter:label2\" content=\"Tiempo de lectura\" \/>\n\t<meta name=\"twitter:data2\" content=\"2 minutos\" \/>\n<script type=\"application\/ld+json\" class=\"yoast-schema-graph\">{\"@context\":\"https:\/\/schema.org\",\"@graph\":[{\"@type\":\"WebPage\",\"@id\":\"https:\/\/www.asajacyl.com\/palencia\/asaja-palencia-informa\/retoque-al-alza-de-los-cereales-en-una-lonja-de-leon-a-la-expectativa-tras-el-relevo-en-la-casa-blanca\",\"url\":\"https:\/\/www.asajacyl.com\/palencia\/asaja-palencia-informa\/retoque-al-alza-de-los-cereales-en-una-lonja-de-leon-a-la-expectativa-tras-el-relevo-en-la-casa-blanca\",\"name\":\"Retoque al alza de los cereales en una Lonja de Le\u00f3n a la expectativa tras el relevo en la Casa Blanca - ASAJA Palencia\",\"isPartOf\":{\"@id\":\"https:\/\/www.asajacyl.com\/palencia\/#website\"},\"primaryImageOfPage\":{\"@id\":\"https:\/\/www.asajacyl.com\/palencia\/asaja-palencia-informa\/retoque-al-alza-de-los-cereales-en-una-lonja-de-leon-a-la-expectativa-tras-el-relevo-en-la-casa-blanca#primaryimage\"},\"image\":{\"@id\":\"https:\/\/www.asajacyl.com\/palencia\/asaja-palencia-informa\/retoque-al-alza-de-los-cereales-en-una-lonja-de-leon-a-la-expectativa-tras-el-relevo-en-la-casa-blanca#primaryimage\"},\"thumbnailUrl\":\"https:\/\/www.asajacyl.com\/palencia\/wp-content\/uploads\/sites\/3\/2025\/01\/Descarga-cereal-remolque-web.jpg\",\"datePublished\":\"2025-01-23T06:30:00+00:00\",\"author\":{\"@id\":\"https:\/\/www.asajacyl.com\/palencia\/#\/schema\/person\/3ab17aeb03527485c317557fae64aab1\"},\"description\":\"La sesi\u00f3n de la Lonja de Le\u00f3n de esta semana nos dej\u00f3 leves subidas en los principales cereales, que cumplen as\u00ed un mes de tendencia alcista, bien que de\",\"breadcrumb\":{\"@id\":\"https:\/\/www.asajacyl.com\/palencia\/asaja-palencia-informa\/retoque-al-alza-de-los-cereales-en-una-lonja-de-leon-a-la-expectativa-tras-el-relevo-en-la-casa-blanca#breadcrumb\"},\"inLanguage\":\"es\",\"potentialAction\":[{\"@type\":\"ReadAction\",\"target\":[\"https:\/\/www.asajacyl.com\/palencia\/asaja-palencia-informa\/retoque-al-alza-de-los-cereales-en-una-lonja-de-leon-a-la-expectativa-tras-el-relevo-en-la-casa-blanca\"]}]},{\"@type\":\"ImageObject\",\"inLanguage\":\"es\",\"@id\":\"https:\/\/www.asajacyl.com\/palencia\/asaja-palencia-informa\/retoque-al-alza-de-los-cereales-en-una-lonja-de-leon-a-la-expectativa-tras-el-relevo-en-la-casa-blanca#primaryimage\",\"url\":\"https:\/\/www.asajacyl.com\/palencia\/wp-content\/uploads\/sites\/3\/2025\/01\/Descarga-cereal-remolque-web.jpg\",\"contentUrl\":\"https:\/\/www.asajacyl.com\/palencia\/wp-content\/uploads\/sites\/3\/2025\/01\/Descarga-cereal-remolque-web.jpg\",\"width\":1755,\"height\":1538},{\"@type\":\"BreadcrumbList\",\"@id\":\"https:\/\/www.asajacyl.com\/palencia\/asaja-palencia-informa\/retoque-al-alza-de-los-cereales-en-una-lonja-de-leon-a-la-expectativa-tras-el-relevo-en-la-casa-blanca#breadcrumb\",\"itemListElement\":[{\"@type\":\"ListItem\",\"position\":1,\"name\":\"Portada\",\"item\":\"https:\/\/www.asajacyl.com\/palencia\/\"},{\"@type\":\"ListItem\",\"position\":2,\"name\":\"Retoque al alza de los cereales en una Lonja de Le\u00f3n a la expectativa tras el relevo en la Casa Blanca\"}]},{\"@type\":\"WebSite\",\"@id\":\"https:\/\/www.asajacyl.com\/palencia\/#website\",\"url\":\"https:\/\/www.asajacyl.com\/palencia\/\",\"name\":\"ASAJA Palencia\",\"description\":\"Otro sitio m\u00e1s de Provincias ASAJA Castilla y Le\u00f3n\",\"potentialAction\":[{\"@type\":\"SearchAction\",\"target\":{\"@type\":\"EntryPoint\",\"urlTemplate\":\"https:\/\/www.asajacyl.com\/palencia\/?s={search_term_string}\"},\"query-input\":{\"@type\":\"PropertyValueSpecification\",\"valueRequired\":true,\"valueName\":\"search_term_string\"}}],\"inLanguage\":\"es\"},{\"@type\":\"Person\",\"@id\":\"https:\/\/www.asajacyl.com\/palencia\/#\/schema\/person\/3ab17aeb03527485c317557fae64aab1\",\"name\":\"Administrador\",\"image\":{\"@type\":\"ImageObject\",\"inLanguage\":\"es\",\"@id\":\"https:\/\/www.asajacyl.com\/palencia\/#\/schema\/person\/image\/\",\"url\":\"https:\/\/secure.gravatar.com\/avatar\/517384810d242ca9e38c180f3c9fb973?s=96&d=mm&r=g\",\"contentUrl\":\"https:\/\/secure.gravatar.com\/avatar\/517384810d242ca9e38c180f3c9fb973?s=96&d=mm&r=g\",\"caption\":\"Administrador\"},\"url\":\"https:\/\/www.asajacyl.com\/palencia\/author\/carlosrm\"}]}<\/script>\n<!-- \/ Yoast SEO plugin. -->","yoast_head_json":{"title":"Retoque al alza de los cereales en una Lonja de Le\u00f3n a la expectativa tras el relevo en la Casa Blanca - ASAJA Palencia","description":"La sesi\u00f3n de la Lonja de Le\u00f3n de esta semana nos dej\u00f3 leves subidas en los principales cereales, que cumplen as\u00ed un mes de tendencia alcista, bien que de","robots":{"index":"index","follow":"follow","max-snippet":"max-snippet:-1","max-image-preview":"max-image-preview:large","max-video-preview":"max-video-preview:-1"},"canonical":"https:\/\/www.asajacyl.com\/palencia\/asaja-palencia-informa\/retoque-al-alza-de-los-cereales-en-una-lonja-de-leon-a-la-expectativa-tras-el-relevo-en-la-casa-blanca","og_locale":"es_ES","og_type":"article","og_title":"Retoque al alza de los cereales en una Lonja de Le\u00f3n a la expectativa tras el relevo en la Casa Blanca - ASAJA Palencia","og_description":"La sesi\u00f3n de la Lonja de Le\u00f3n de esta semana nos dej\u00f3 leves subidas en los principales cereales, que cumplen as\u00ed un mes de tendencia alcista, bien que de","og_url":"https:\/\/www.asajacyl.com\/palencia\/asaja-palencia-informa\/retoque-al-alza-de-los-cereales-en-una-lonja-de-leon-a-la-expectativa-tras-el-relevo-en-la-casa-blanca","og_site_name":"ASAJA Palencia","article_published_time":"2025-01-23T06:30:00+00:00","og_image":[{"width":1024,"height":897,"url":"https:\/\/www.asajacyl.com\/palencia\/wp-content\/uploads\/sites\/3\/2025\/01\/Descarga-cereal-remolque-web-1024x897.jpg","type":"image\/jpeg"}],"author":"Administrador","twitter_card":"summary_large_image","twitter_misc":{"Escrito por":"Administrador","Tiempo de lectura":"2 minutos"},"schema":{"@context":"https:\/\/schema.org","@graph":[{"@type":"WebPage","@id":"https:\/\/www.asajacyl.com\/palencia\/asaja-palencia-informa\/retoque-al-alza-de-los-cereales-en-una-lonja-de-leon-a-la-expectativa-tras-el-relevo-en-la-casa-blanca","url":"https:\/\/www.asajacyl.com\/palencia\/asaja-palencia-informa\/retoque-al-alza-de-los-cereales-en-una-lonja-de-leon-a-la-expectativa-tras-el-relevo-en-la-casa-blanca","name":"Retoque al alza de los cereales en una Lonja de Le\u00f3n a la expectativa tras el relevo en la Casa Blanca - ASAJA Palencia","isPartOf":{"@id":"https:\/\/www.asajacyl.com\/palencia\/#website"},"primaryImageOfPage":{"@id":"https:\/\/www.asajacyl.com\/palencia\/asaja-palencia-informa\/retoque-al-alza-de-los-cereales-en-una-lonja-de-leon-a-la-expectativa-tras-el-relevo-en-la-casa-blanca#primaryimage"},"image":{"@id":"https:\/\/www.asajacyl.com\/palencia\/asaja-palencia-informa\/retoque-al-alza-de-los-cereales-en-una-lonja-de-leon-a-la-expectativa-tras-el-relevo-en-la-casa-blanca#primaryimage"},"thumbnailUrl":"https:\/\/www.asajacyl.com\/palencia\/wp-content\/uploads\/sites\/3\/2025\/01\/Descarga-cereal-remolque-web.jpg","datePublished":"2025-01-23T06:30:00+00:00","author":{"@id":"https:\/\/www.asajacyl.com\/palencia\/#\/schema\/person\/3ab17aeb03527485c317557fae64aab1"},"description":"La sesi\u00f3n de la Lonja de Le\u00f3n de esta semana nos dej\u00f3 leves subidas en los principales cereales, que cumplen as\u00ed un mes de tendencia alcista, bien que de","breadcrumb":{"@id":"https:\/\/www.asajacyl.com\/palencia\/asaja-palencia-informa\/retoque-al-alza-de-los-cereales-en-una-lonja-de-leon-a-la-expectativa-tras-el-relevo-en-la-casa-blanca#breadcrumb"},"inLanguage":"es","potentialAction":[{"@type":"ReadAction","target":["https:\/\/www.asajacyl.com\/palencia\/asaja-palencia-informa\/retoque-al-alza-de-los-cereales-en-una-lonja-de-leon-a-la-expectativa-tras-el-relevo-en-la-casa-blanca"]}]},{"@type":"ImageObject","inLanguage":"es","@id":"https:\/\/www.asajacyl.com\/palencia\/asaja-palencia-informa\/retoque-al-alza-de-los-cereales-en-una-lonja-de-leon-a-la-expectativa-tras-el-relevo-en-la-casa-blanca#primaryimage","url":"https:\/\/www.asajacyl.com\/palencia\/wp-content\/uploads\/sites\/3\/2025\/01\/Descarga-cereal-remolque-web.jpg","contentUrl":"https:\/\/www.asajacyl.com\/palencia\/wp-content\/uploads\/sites\/3\/2025\/01\/Descarga-cereal-remolque-web.jpg","width":1755,"height":1538},{"@type":"BreadcrumbList","@id":"https:\/\/www.asajacyl.com\/palencia\/asaja-palencia-informa\/retoque-al-alza-de-los-cereales-en-una-lonja-de-leon-a-la-expectativa-tras-el-relevo-en-la-casa-blanca#breadcrumb","itemListElement":[{"@type":"ListItem","position":1,"name":"Portada","item":"https:\/\/www.asajacyl.com\/palencia\/"},{"@type":"ListItem","position":2,"name":"Retoque al alza de los cereales en una Lonja de Le\u00f3n a la expectativa tras el relevo en la Casa Blanca"}]},{"@type":"WebSite","@id":"https:\/\/www.asajacyl.com\/palencia\/#website","url":"https:\/\/www.asajacyl.com\/palencia\/","name":"ASAJA Palencia","description":"Otro sitio m\u00e1s de Provincias ASAJA Castilla y Le\u00f3n","potentialAction":[{"@type":"SearchAction","target":{"@type":"EntryPoint","urlTemplate":"https:\/\/www.asajacyl.com\/palencia\/?s={search_term_string}"},"query-input":{"@type":"PropertyValueSpecification","valueRequired":true,"valueName":"search_term_string"}}],"inLanguage":"es"},{"@type":"Person","@id":"https:\/\/www.asajacyl.com\/palencia\/#\/schema\/person\/3ab17aeb03527485c317557fae64aab1","name":"Administrador","image":{"@type":"ImageObject","inLanguage":"es","@id":"https:\/\/www.asajacyl.com\/palencia\/#\/schema\/person\/image\/","url":"https:\/\/secure.gravatar.com\/avatar\/517384810d242ca9e38c180f3c9fb973?s=96&d=mm&r=g","contentUrl":"https:\/\/secure.gravatar.com\/avatar\/517384810d242ca9e38c180f3c9fb973?s=96&d=mm&r=g","caption":"Administrador"},"url":"https:\/\/www.asajacyl.com\/palencia\/author\/carlosrm"}]}},"_links":{"self":[{"href":"https:\/\/www.asajacyl.com\/palencia\/wp-json\/wp\/v2\/posts\/18676"}],"collection":[{"href":"https:\/\/www.asajacyl.com\/palencia\/wp-json\/wp\/v2\/posts"}],"about":[{"href":"https:\/\/www.asajacyl.com\/palencia\/wp-json\/wp\/v2\/types\/post"}],"author":[{"embeddable":true,"href":"https:\/\/www.asajacyl.com\/palencia\/wp-json\/wp\/v2\/users\/9"}],"replies":[{"embeddable":true,"href":"https:\/\/www.asajacyl.com\/palencia\/wp-json\/wp\/v2\/comments?post=18676"}],"version-history":[{"count":3,"href":"https:\/\/www.asajacyl.com\/palencia\/wp-json\/wp\/v2\/posts\/18676\/revisions"}],"predecessor-version":[{"id":18681,"href":"https:\/\/www.asajacyl.com\/palencia\/wp-json\/wp\/v2\/posts\/18676\/revisions\/18681"}],"wp:featuredmedia":[{"embeddable":true,"href":"https:\/\/www.asajacyl.com\/palencia\/wp-json\/wp\/v2\/media\/18680"}],"wp:attachment":[{"href":"https:\/\/www.asajacyl.com\/palencia\/wp-json\/wp\/v2\/media?parent=18676"}],"wp:term":[{"taxonomy":"category","embeddable":true,"href":"https:\/\/www.asajacyl.com\/palencia\/wp-json\/wp\/v2\/categories?post=18676"},{"taxonomy":"post_tag","embeddable":true,"href":"https:\/\/www.asajacyl.com\/palencia\/wp-json\/wp\/v2\/tags?post=18676"}],"curies":[{"name":"wp","href":"https:\/\/api.w.org\/{rel}","templated":true}]}}