{"id":18730,"date":"2025-01-28T07:30:00","date_gmt":"2025-01-28T06:30:00","guid":{"rendered":"https:\/\/www.asajacyl.com\/palencia\/?p=18730"},"modified":"2025-01-27T13:17:48","modified_gmt":"2025-01-27T12:17:48","slug":"la-escasez-de-oferta-sigue-tirando-al-alza-la-cotizacion-del-bovino-de-carne-en-la-lonja-de-salamanca","status":"publish","type":"post","link":"https:\/\/www.asajacyl.com\/palencia\/sin-categoria\/la-escasez-de-oferta-sigue-tirando-al-alza-la-cotizacion-del-bovino-de-carne-en-la-lonja-de-salamanca","title":{"rendered":"La escasez de oferta sigue tirando al alza la cotizaci\u00f3n del bovino de carne en la Lonja de Salamanca"},"content":{"rendered":"\n<h2 class=\"wp-block-heading\">El mercado del bovino de carne sigue su tendencia alcista, iniciada el pasado verano, debido a la escasez de oferta y a la important\u00edsima demanda de producto. En gran medida, esa demanda procede de fuera de Espa\u00f1a, y en especial desde los pa\u00edses del norte de \u00c1frica. Las subidas sostenidas en la cotizaci\u00f3n de terneras y a\u00f1ojos experimentadas desde agosto superan ya el 20 %. <\/h2>\n\n\n<div class=\"wp-block-image\">\n<figure class=\"alignleft size-large is-resized\"><img loading=\"lazy\" decoding=\"async\" width=\"1024\" height=\"855\" src=\"https:\/\/www.asajacyl.com\/palencia\/wp-content\/uploads\/sites\/3\/2025\/01\/Cabezas-bovino-hastas-12-meses-2010-2023-1024x855.png\" alt=\"\" class=\"wp-image-18731\" style=\"width:605px;height:auto\" srcset=\"https:\/\/www.asajacyl.com\/palencia\/wp-content\/uploads\/sites\/3\/2025\/01\/Cabezas-bovino-hastas-12-meses-2010-2023-1024x855.png 1024w, https:\/\/www.asajacyl.com\/palencia\/wp-content\/uploads\/sites\/3\/2025\/01\/Cabezas-bovino-hastas-12-meses-2010-2023-300x251.png 300w, https:\/\/www.asajacyl.com\/palencia\/wp-content\/uploads\/sites\/3\/2025\/01\/Cabezas-bovino-hastas-12-meses-2010-2023-768x641.png 768w, https:\/\/www.asajacyl.com\/palencia\/wp-content\/uploads\/sites\/3\/2025\/01\/Cabezas-bovino-hastas-12-meses-2010-2023-503x420.png 503w, https:\/\/www.asajacyl.com\/palencia\/wp-content\/uploads\/sites\/3\/2025\/01\/Cabezas-bovino-hastas-12-meses-2010-2023-696x581.png 696w, https:\/\/www.asajacyl.com\/palencia\/wp-content\/uploads\/sites\/3\/2025\/01\/Cabezas-bovino-hastas-12-meses-2010-2023-1068x892.png 1068w, https:\/\/www.asajacyl.com\/palencia\/wp-content\/uploads\/sites\/3\/2025\/01\/Cabezas-bovino-hastas-12-meses-2010-2023.png 1297w\" sizes=\"(max-width: 1024px) 100vw, 1024px\" \/><\/figure><\/div>\n\n\n<p>La pujanza de la demanda de producto desde fuera de nuestras fronteras, avalado por la calidad gastron\u00f3mica y sanitaria de nuestra ganader\u00eda bovina de carne, se ha unido a una merma de la caba\u00f1a en los \u00faltimos a\u00f1os, por causas diversas: elevados costes de la alimentaci\u00f3n, falta de relevo generacional, baja rentabilidad, pol\u00edticas que <em>criminalizan<\/em> el consumo de carne, enfermedades como la hemorr\u00e1gica epizo\u00f3ticas, etc.<\/p>\n\n\n\n<p>Esa confluencia de factores ha ido reduciendo la oferta, como se aprecia claramente en la gr\u00e1fica adjunta del n\u00famero de cabezas de bovino en Espa\u00f1a inferior a doce meses en el periodo 2010-2023, seg\u00fan la propia estad\u00edstica del Ministerio de Agricultura, Pesca y Alimentaci\u00f3n: en ese \u00faltimo a\u00f1o (2023), con 2,34 millones de cabezas, pr\u00e1cticamente casi se hab\u00eda regresado a las cifras de una d\u00e9cada antes (hasta el bienio 2014-2015 no se super\u00f3 el umbral de los 2,3 millones de cabezas).<\/p>\n\n\n\n<p>Otro dato elocuente de la merma de oferta en los \u00faltimos a\u00f1os disponibles en la estad\u00edstica ministerial, a la espera de que se publiquen las de 2024: si en 2022 se sacrificaron 2,6 millones de cabezas de bovino, el a\u00f1o siguiente bajaron a 2,45 millones (es decir, una ca\u00edda interanual del 6 % y unas 155 000 reses menos al matadero en un solo a\u00f1o).<\/p>\n\n\n\n<p>Ante esa oferta insuficiente, este lunes 27 de febrero, tanto los ganaderos como los tratantes acordaron en la Lonja de Salamanca subir quince c\u00e9ntimos por kilo todas las categor\u00edas de terneras y a\u00f1ojos, y dos c\u00e9ntimos adicionales en la cotizaci\u00f3n semanal.\u00a0<\/p>\n\n\n\n<p>Los productores insisten en que todav\u00eda existe un desfase de hasta cuarenta c\u00e9ntimos por kilo entre las tablillas de las cotizaciones en la lonja salmantina y los precios a los que se cierran hoy las operaciones reales. Seg\u00fan expresaron los ganaderos en la mesa, al mercado de exportaci\u00f3n no le afecta ni que sea final de mes, ni la cuesta de enero.<strong>\/<\/strong><\/p>\n\n\n\n<figure class=\"wp-block-image size-large is-resized\"><img loading=\"lazy\" decoding=\"async\" width=\"1024\" height=\"768\" src=\"https:\/\/www.asajacyl.com\/palencia\/wp-content\/uploads\/sites\/3\/2025\/01\/Tabla-precios-ganaderia-27ene2025-1024x768.png\" alt=\"\" class=\"wp-image-18732\" style=\"width:1061px;height:auto\" srcset=\"https:\/\/www.asajacyl.com\/palencia\/wp-content\/uploads\/sites\/3\/2025\/01\/Tabla-precios-ganaderia-27ene2025-1024x768.png 1024w, https:\/\/www.asajacyl.com\/palencia\/wp-content\/uploads\/sites\/3\/2025\/01\/Tabla-precios-ganaderia-27ene2025-300x225.png 300w, https:\/\/www.asajacyl.com\/palencia\/wp-content\/uploads\/sites\/3\/2025\/01\/Tabla-precios-ganaderia-27ene2025-768x576.png 768w, https:\/\/www.asajacyl.com\/palencia\/wp-content\/uploads\/sites\/3\/2025\/01\/Tabla-precios-ganaderia-27ene2025-1536x1152.png 1536w, https:\/\/www.asajacyl.com\/palencia\/wp-content\/uploads\/sites\/3\/2025\/01\/Tabla-precios-ganaderia-27ene2025-2048x1536.png 2048w, https:\/\/www.asajacyl.com\/palencia\/wp-content\/uploads\/sites\/3\/2025\/01\/Tabla-precios-ganaderia-27ene2025-560x420.png 560w, https:\/\/www.asajacyl.com\/palencia\/wp-content\/uploads\/sites\/3\/2025\/01\/Tabla-precios-ganaderia-27ene2025-80x60.png 80w, https:\/\/www.asajacyl.com\/palencia\/wp-content\/uploads\/sites\/3\/2025\/01\/Tabla-precios-ganaderia-27ene2025-696x522.png 696w, https:\/\/www.asajacyl.com\/palencia\/wp-content\/uploads\/sites\/3\/2025\/01\/Tabla-precios-ganaderia-27ene2025-1068x801.png 1068w, https:\/\/www.asajacyl.com\/palencia\/wp-content\/uploads\/sites\/3\/2025\/01\/Tabla-precios-ganaderia-27ene2025-1920x1440.png 1920w\" sizes=\"(max-width: 1024px) 100vw, 1024px\" \/><\/figure>\n","protected":false},"excerpt":{"rendered":"<p>El mercado del bovino de carne sigue su tendencia alcista, iniciada el pasado verano, debido a la escasez de oferta y a la important\u00edsima demanda de producto. En gran medida, esa demanda procede de fuera de Espa\u00f1a, y en especial desde los pa\u00edses del norte de \u00c1frica. Las subidas sostenidas en la cotizaci\u00f3n de terneras [&hellip;]<\/p>\n","protected":false},"author":9,"featured_media":18734,"comment_status":"open","ping_status":"open","sticky":false,"template":"","format":"standard","meta":{"footnotes":""},"categories":[9,29,36,28,13,1],"tags":[478,77,467,631,144,294],"yoast_head":"<!-- This site is optimized with the Yoast SEO plugin v24.5 - https:\/\/yoast.com\/wordpress\/plugins\/seo\/ -->\n<title>La escasez de oferta sigue tirando al alza la cotizaci\u00f3n del bovino de carne en la Lonja de Salamanca - ASAJA Palencia<\/title>\n<meta name=\"description\" content=\"El mercado del bovino de carne sigue su tendencia alcista, iniciada el pasado verano, debido a la escasez de oferta y a la important\u00edsima demanda de\" \/>\n<meta name=\"robots\" content=\"index, follow, max-snippet:-1, max-image-preview:large, max-video-preview:-1\" \/>\n<link rel=\"canonical\" href=\"https:\/\/www.asajacyl.com\/palencia\/sin-categoria\/la-escasez-de-oferta-sigue-tirando-al-alza-la-cotizacion-del-bovino-de-carne-en-la-lonja-de-salamanca\" \/>\n<meta property=\"og:locale\" content=\"es_ES\" \/>\n<meta property=\"og:type\" content=\"article\" \/>\n<meta property=\"og:title\" content=\"La escasez de oferta sigue tirando al alza la cotizaci\u00f3n del bovino de carne en la Lonja de Salamanca - ASAJA Palencia\" \/>\n<meta property=\"og:description\" content=\"El mercado del bovino de carne sigue su tendencia alcista, iniciada el pasado verano, debido a la escasez de oferta y a la important\u00edsima demanda de\" \/>\n<meta property=\"og:url\" content=\"https:\/\/www.asajacyl.com\/palencia\/sin-categoria\/la-escasez-de-oferta-sigue-tirando-al-alza-la-cotizacion-del-bovino-de-carne-en-la-lonja-de-salamanca\" \/>\n<meta property=\"og:site_name\" content=\"ASAJA Palencia\" \/>\n<meta property=\"article:published_time\" content=\"2025-01-28T06:30:00+00:00\" \/>\n<meta property=\"og:image\" content=\"https:\/\/www.asajacyl.com\/palencia\/wp-content\/uploads\/sites\/3\/2025\/01\/Vacuno-carne-Calzada-Molinos-web.jpg\" \/>\n\t<meta property=\"og:image:width\" content=\"1890\" \/>\n\t<meta property=\"og:image:height\" content=\"1654\" \/>\n\t<meta property=\"og:image:type\" content=\"image\/jpeg\" \/>\n<meta name=\"author\" content=\"Administrador\" \/>\n<meta name=\"twitter:card\" content=\"summary_large_image\" \/>\n<meta name=\"twitter:label1\" content=\"Escrito por\" \/>\n\t<meta name=\"twitter:data1\" content=\"Administrador\" \/>\n\t<meta name=\"twitter:label2\" content=\"Tiempo de lectura\" \/>\n\t<meta name=\"twitter:data2\" content=\"3 minutos\" \/>\n<script type=\"application\/ld+json\" class=\"yoast-schema-graph\">{\"@context\":\"https:\/\/schema.org\",\"@graph\":[{\"@type\":\"WebPage\",\"@id\":\"https:\/\/www.asajacyl.com\/palencia\/sin-categoria\/la-escasez-de-oferta-sigue-tirando-al-alza-la-cotizacion-del-bovino-de-carne-en-la-lonja-de-salamanca\",\"url\":\"https:\/\/www.asajacyl.com\/palencia\/sin-categoria\/la-escasez-de-oferta-sigue-tirando-al-alza-la-cotizacion-del-bovino-de-carne-en-la-lonja-de-salamanca\",\"name\":\"La escasez de oferta sigue tirando al alza la cotizaci\u00f3n del bovino de carne en la Lonja de Salamanca - ASAJA Palencia\",\"isPartOf\":{\"@id\":\"https:\/\/www.asajacyl.com\/palencia\/#website\"},\"primaryImageOfPage\":{\"@id\":\"https:\/\/www.asajacyl.com\/palencia\/sin-categoria\/la-escasez-de-oferta-sigue-tirando-al-alza-la-cotizacion-del-bovino-de-carne-en-la-lonja-de-salamanca#primaryimage\"},\"image\":{\"@id\":\"https:\/\/www.asajacyl.com\/palencia\/sin-categoria\/la-escasez-de-oferta-sigue-tirando-al-alza-la-cotizacion-del-bovino-de-carne-en-la-lonja-de-salamanca#primaryimage\"},\"thumbnailUrl\":\"https:\/\/www.asajacyl.com\/palencia\/wp-content\/uploads\/sites\/3\/2025\/01\/Vacuno-carne-Calzada-Molinos-web.jpg\",\"datePublished\":\"2025-01-28T06:30:00+00:00\",\"author\":{\"@id\":\"https:\/\/www.asajacyl.com\/palencia\/#\/schema\/person\/3ab17aeb03527485c317557fae64aab1\"},\"description\":\"El mercado del bovino de carne sigue su tendencia alcista, iniciada el pasado verano, debido a la escasez de oferta y a la important\u00edsima demanda de\",\"breadcrumb\":{\"@id\":\"https:\/\/www.asajacyl.com\/palencia\/sin-categoria\/la-escasez-de-oferta-sigue-tirando-al-alza-la-cotizacion-del-bovino-de-carne-en-la-lonja-de-salamanca#breadcrumb\"},\"inLanguage\":\"es\",\"potentialAction\":[{\"@type\":\"ReadAction\",\"target\":[\"https:\/\/www.asajacyl.com\/palencia\/sin-categoria\/la-escasez-de-oferta-sigue-tirando-al-alza-la-cotizacion-del-bovino-de-carne-en-la-lonja-de-salamanca\"]}]},{\"@type\":\"ImageObject\",\"inLanguage\":\"es\",\"@id\":\"https:\/\/www.asajacyl.com\/palencia\/sin-categoria\/la-escasez-de-oferta-sigue-tirando-al-alza-la-cotizacion-del-bovino-de-carne-en-la-lonja-de-salamanca#primaryimage\",\"url\":\"https:\/\/www.asajacyl.com\/palencia\/wp-content\/uploads\/sites\/3\/2025\/01\/Vacuno-carne-Calzada-Molinos-web.jpg\",\"contentUrl\":\"https:\/\/www.asajacyl.com\/palencia\/wp-content\/uploads\/sites\/3\/2025\/01\/Vacuno-carne-Calzada-Molinos-web.jpg\",\"width\":1890,\"height\":1654},{\"@type\":\"BreadcrumbList\",\"@id\":\"https:\/\/www.asajacyl.com\/palencia\/sin-categoria\/la-escasez-de-oferta-sigue-tirando-al-alza-la-cotizacion-del-bovino-de-carne-en-la-lonja-de-salamanca#breadcrumb\",\"itemListElement\":[{\"@type\":\"ListItem\",\"position\":1,\"name\":\"Portada\",\"item\":\"https:\/\/www.asajacyl.com\/palencia\/\"},{\"@type\":\"ListItem\",\"position\":2,\"name\":\"La escasez de oferta sigue tirando al alza la cotizaci\u00f3n del bovino de carne en la Lonja de Salamanca\"}]},{\"@type\":\"WebSite\",\"@id\":\"https:\/\/www.asajacyl.com\/palencia\/#website\",\"url\":\"https:\/\/www.asajacyl.com\/palencia\/\",\"name\":\"ASAJA Palencia\",\"description\":\"Otro sitio m\u00e1s de Provincias ASAJA Castilla y Le\u00f3n\",\"potentialAction\":[{\"@type\":\"SearchAction\",\"target\":{\"@type\":\"EntryPoint\",\"urlTemplate\":\"https:\/\/www.asajacyl.com\/palencia\/?s={search_term_string}\"},\"query-input\":{\"@type\":\"PropertyValueSpecification\",\"valueRequired\":true,\"valueName\":\"search_term_string\"}}],\"inLanguage\":\"es\"},{\"@type\":\"Person\",\"@id\":\"https:\/\/www.asajacyl.com\/palencia\/#\/schema\/person\/3ab17aeb03527485c317557fae64aab1\",\"name\":\"Administrador\",\"image\":{\"@type\":\"ImageObject\",\"inLanguage\":\"es\",\"@id\":\"https:\/\/www.asajacyl.com\/palencia\/#\/schema\/person\/image\/\",\"url\":\"https:\/\/secure.gravatar.com\/avatar\/517384810d242ca9e38c180f3c9fb973?s=96&d=mm&r=g\",\"contentUrl\":\"https:\/\/secure.gravatar.com\/avatar\/517384810d242ca9e38c180f3c9fb973?s=96&d=mm&r=g\",\"caption\":\"Administrador\"},\"url\":\"https:\/\/www.asajacyl.com\/palencia\/author\/carlosrm\"}]}<\/script>\n<!-- \/ Yoast SEO plugin. -->","yoast_head_json":{"title":"La escasez de oferta sigue tirando al alza la cotizaci\u00f3n del bovino de carne en la Lonja de Salamanca - ASAJA Palencia","description":"El mercado del bovino de carne sigue su tendencia alcista, iniciada el pasado verano, debido a la escasez de oferta y a la important\u00edsima demanda de","robots":{"index":"index","follow":"follow","max-snippet":"max-snippet:-1","max-image-preview":"max-image-preview:large","max-video-preview":"max-video-preview:-1"},"canonical":"https:\/\/www.asajacyl.com\/palencia\/sin-categoria\/la-escasez-de-oferta-sigue-tirando-al-alza-la-cotizacion-del-bovino-de-carne-en-la-lonja-de-salamanca","og_locale":"es_ES","og_type":"article","og_title":"La escasez de oferta sigue tirando al alza la cotizaci\u00f3n del bovino de carne en la Lonja de Salamanca - ASAJA Palencia","og_description":"El mercado del bovino de carne sigue su tendencia alcista, iniciada el pasado verano, debido a la escasez de oferta y a la important\u00edsima demanda de","og_url":"https:\/\/www.asajacyl.com\/palencia\/sin-categoria\/la-escasez-de-oferta-sigue-tirando-al-alza-la-cotizacion-del-bovino-de-carne-en-la-lonja-de-salamanca","og_site_name":"ASAJA Palencia","article_published_time":"2025-01-28T06:30:00+00:00","og_image":[{"width":1890,"height":1654,"url":"https:\/\/www.asajacyl.com\/palencia\/wp-content\/uploads\/sites\/3\/2025\/01\/Vacuno-carne-Calzada-Molinos-web.jpg","type":"image\/jpeg"}],"author":"Administrador","twitter_card":"summary_large_image","twitter_misc":{"Escrito por":"Administrador","Tiempo de lectura":"3 minutos"},"schema":{"@context":"https:\/\/schema.org","@graph":[{"@type":"WebPage","@id":"https:\/\/www.asajacyl.com\/palencia\/sin-categoria\/la-escasez-de-oferta-sigue-tirando-al-alza-la-cotizacion-del-bovino-de-carne-en-la-lonja-de-salamanca","url":"https:\/\/www.asajacyl.com\/palencia\/sin-categoria\/la-escasez-de-oferta-sigue-tirando-al-alza-la-cotizacion-del-bovino-de-carne-en-la-lonja-de-salamanca","name":"La escasez de oferta sigue tirando al alza la cotizaci\u00f3n del bovino de carne en la Lonja de Salamanca - ASAJA Palencia","isPartOf":{"@id":"https:\/\/www.asajacyl.com\/palencia\/#website"},"primaryImageOfPage":{"@id":"https:\/\/www.asajacyl.com\/palencia\/sin-categoria\/la-escasez-de-oferta-sigue-tirando-al-alza-la-cotizacion-del-bovino-de-carne-en-la-lonja-de-salamanca#primaryimage"},"image":{"@id":"https:\/\/www.asajacyl.com\/palencia\/sin-categoria\/la-escasez-de-oferta-sigue-tirando-al-alza-la-cotizacion-del-bovino-de-carne-en-la-lonja-de-salamanca#primaryimage"},"thumbnailUrl":"https:\/\/www.asajacyl.com\/palencia\/wp-content\/uploads\/sites\/3\/2025\/01\/Vacuno-carne-Calzada-Molinos-web.jpg","datePublished":"2025-01-28T06:30:00+00:00","author":{"@id":"https:\/\/www.asajacyl.com\/palencia\/#\/schema\/person\/3ab17aeb03527485c317557fae64aab1"},"description":"El mercado del bovino de carne sigue su tendencia alcista, iniciada el pasado verano, debido a la escasez de oferta y a la important\u00edsima demanda de","breadcrumb":{"@id":"https:\/\/www.asajacyl.com\/palencia\/sin-categoria\/la-escasez-de-oferta-sigue-tirando-al-alza-la-cotizacion-del-bovino-de-carne-en-la-lonja-de-salamanca#breadcrumb"},"inLanguage":"es","potentialAction":[{"@type":"ReadAction","target":["https:\/\/www.asajacyl.com\/palencia\/sin-categoria\/la-escasez-de-oferta-sigue-tirando-al-alza-la-cotizacion-del-bovino-de-carne-en-la-lonja-de-salamanca"]}]},{"@type":"ImageObject","inLanguage":"es","@id":"https:\/\/www.asajacyl.com\/palencia\/sin-categoria\/la-escasez-de-oferta-sigue-tirando-al-alza-la-cotizacion-del-bovino-de-carne-en-la-lonja-de-salamanca#primaryimage","url":"https:\/\/www.asajacyl.com\/palencia\/wp-content\/uploads\/sites\/3\/2025\/01\/Vacuno-carne-Calzada-Molinos-web.jpg","contentUrl":"https:\/\/www.asajacyl.com\/palencia\/wp-content\/uploads\/sites\/3\/2025\/01\/Vacuno-carne-Calzada-Molinos-web.jpg","width":1890,"height":1654},{"@type":"BreadcrumbList","@id":"https:\/\/www.asajacyl.com\/palencia\/sin-categoria\/la-escasez-de-oferta-sigue-tirando-al-alza-la-cotizacion-del-bovino-de-carne-en-la-lonja-de-salamanca#breadcrumb","itemListElement":[{"@type":"ListItem","position":1,"name":"Portada","item":"https:\/\/www.asajacyl.com\/palencia\/"},{"@type":"ListItem","position":2,"name":"La escasez de oferta sigue tirando al alza la cotizaci\u00f3n del bovino de carne en la Lonja de Salamanca"}]},{"@type":"WebSite","@id":"https:\/\/www.asajacyl.com\/palencia\/#website","url":"https:\/\/www.asajacyl.com\/palencia\/","name":"ASAJA Palencia","description":"Otro sitio m\u00e1s de Provincias ASAJA Castilla y Le\u00f3n","potentialAction":[{"@type":"SearchAction","target":{"@type":"EntryPoint","urlTemplate":"https:\/\/www.asajacyl.com\/palencia\/?s={search_term_string}"},"query-input":{"@type":"PropertyValueSpecification","valueRequired":true,"valueName":"search_term_string"}}],"inLanguage":"es"},{"@type":"Person","@id":"https:\/\/www.asajacyl.com\/palencia\/#\/schema\/person\/3ab17aeb03527485c317557fae64aab1","name":"Administrador","image":{"@type":"ImageObject","inLanguage":"es","@id":"https:\/\/www.asajacyl.com\/palencia\/#\/schema\/person\/image\/","url":"https:\/\/secure.gravatar.com\/avatar\/517384810d242ca9e38c180f3c9fb973?s=96&d=mm&r=g","contentUrl":"https:\/\/secure.gravatar.com\/avatar\/517384810d242ca9e38c180f3c9fb973?s=96&d=mm&r=g","caption":"Administrador"},"url":"https:\/\/www.asajacyl.com\/palencia\/author\/carlosrm"}]}},"_links":{"self":[{"href":"https:\/\/www.asajacyl.com\/palencia\/wp-json\/wp\/v2\/posts\/18730"}],"collection":[{"href":"https:\/\/www.asajacyl.com\/palencia\/wp-json\/wp\/v2\/posts"}],"about":[{"href":"https:\/\/www.asajacyl.com\/palencia\/wp-json\/wp\/v2\/types\/post"}],"author":[{"embeddable":true,"href":"https:\/\/www.asajacyl.com\/palencia\/wp-json\/wp\/v2\/users\/9"}],"replies":[{"embeddable":true,"href":"https:\/\/www.asajacyl.com\/palencia\/wp-json\/wp\/v2\/comments?post=18730"}],"version-history":[{"count":2,"href":"https:\/\/www.asajacyl.com\/palencia\/wp-json\/wp\/v2\/posts\/18730\/revisions"}],"predecessor-version":[{"id":18735,"href":"https:\/\/www.asajacyl.com\/palencia\/wp-json\/wp\/v2\/posts\/18730\/revisions\/18735"}],"wp:featuredmedia":[{"embeddable":true,"href":"https:\/\/www.asajacyl.com\/palencia\/wp-json\/wp\/v2\/media\/18734"}],"wp:attachment":[{"href":"https:\/\/www.asajacyl.com\/palencia\/wp-json\/wp\/v2\/media?parent=18730"}],"wp:term":[{"taxonomy":"category","embeddable":true,"href":"https:\/\/www.asajacyl.com\/palencia\/wp-json\/wp\/v2\/categories?post=18730"},{"taxonomy":"post_tag","embeddable":true,"href":"https:\/\/www.asajacyl.com\/palencia\/wp-json\/wp\/v2\/tags?post=18730"}],"curies":[{"name":"wp","href":"https:\/\/api.w.org\/{rel}","templated":true}]}}