{"id":18749,"date":"2025-01-30T09:58:45","date_gmt":"2025-01-30T08:58:45","guid":{"rendered":"https:\/\/www.asajacyl.com\/palencia\/?p=18749"},"modified":"2025-01-30T09:58:47","modified_gmt":"2025-01-30T08:58:47","slug":"enganosa-estabilidad-en-los-cereales-en-la-lonja-de-leon-expectante-ante-el-escenario-internacional","status":"publish","type":"post","link":"https:\/\/www.asajacyl.com\/palencia\/asaja-palencia-informa\/enganosa-estabilidad-en-los-cereales-en-la-lonja-de-leon-expectante-ante-el-escenario-internacional","title":{"rendered":"Enga\u00f1osa estabilidad en los cereales en la Lonja de Le\u00f3n, expectante ante el escenario internacional"},"content":{"rendered":"\n<h2 class=\"wp-block-heading\">La Lonja de Le\u00f3n celebrada esta semana se sald\u00f3 con una enga\u00f1osa estabilidad en los precios de los cereales, ya que las plazas nacionales siguen expectantes a c\u00f3mo repercutir\u00e1n las medidas sobre comercio exterior de la nueva administraci\u00f3n Trump. Todos los cereales repitieron cotizaci\u00f3n, salvo el trigo, que baj\u00f3 un euro por tonelada. Por su parte, la patata registr\u00f3 otra subida \u00abante la falta de oferta y la b\u00fasqueda de calidad que demandan la industria y el consumidor\u00bb, seg\u00fan explican desde la lonja leonesa.<\/h2>\n\n\n\n<p>La tensa espera de las noticias que lleguen de los mercados internacionales ha marcado este mi\u00e9rcoles 29 de enero la sesi\u00f3n de la mesa del cereal en la Lonja de Le\u00f3n, donde se consolidan los precios tras las ligeras subidas de las \u00faltimas semanas, sin que esto signifique en modo alguno un escenario de tranquilidad.<\/p>\n\n\n\n<p>La aplicaci\u00f3n de aranceles anunciada por el nuevo presidente de los Estados Unidos augura tiempos inestables en los mercados de grano, lo que genera incertidumbre y nerviosismo. Desde la lonja leonesa subrayan que las pol\u00edticas de Trump \u00abmarcar\u00e1n el paso\u00bb en este subsector agrario (al menos, a corto plazo, y quiz\u00e1 a medio).<\/p>\n\n\n\n<p>Esto se suma a los efectos ya padecidos de las importaciones incontroladas desde Ucrania, que han llevado los precios del cereal \u2014aun despu\u00e9s de las recientes subidas\u2014 a niveles por debajo de las tres campa\u00f1as anteriores (2021, 2022 y 2023), y apenas revalorizados con respecto a los que ya pose\u00eda el grano en 2019 y 2020, en todo caso muy por debajo de lo que han subido desde entonces los costes de producci\u00f3n.<\/p>\n\n\n\n<p><strong>1 DE FEBRERO, FECHA CLAVE. <\/strong>\u00abLos ojos est\u00e1n ahora puestos en el 1 de febrero \u2014advierte la Lonja de Le\u00f3n\u2014, fecha en la que el presidente Trump tiene previsto aplicar un arancel del 25 % a Canad\u00e1 y M\u00e9xico, este \u00faltimo principal destino del ma\u00edz de Estados Unidos\u00bb, medida que puede desencadenar otras, como en las entretenidas hileras de fichas de domin\u00f3. <\/p>\n\n\n\n<p>Por otro lado, los problemas que viene dando la patata importada (seg\u00fan <a href=\"https:\/\/www.asajacyl.com\/palencia\/asaja-palencia-informa\/la-cotizacion-de-la-patata-se-activa-por-la-menor-calidad-y-peor-conservacion-del-producto-importado\" target=\"_blank\" rel=\"noreferrer noopener\">informamos ya a mediados de enero<\/a>) est\u00e1n tirando al alza del precio por este tub\u00e9rculo. Todas las variedades ganaron veinte euros por tonelada esta semana. La de agria se coloca ya a 370 euros\/tonelada, pero recordernmos que esta variedad se pagaba hace un a\u00f1o, en la \u00faltima sesi\u00f3n de enero de 2024, a 410 euros\/tonelada.<\/p>\n\n\n\n<figure class=\"wp-block-image size-large is-resized\"><img loading=\"lazy\" decoding=\"async\" width=\"1024\" height=\"768\" src=\"https:\/\/www.asajacyl.com\/palencia\/wp-content\/uploads\/sites\/3\/2025\/01\/Tabla-precios-agricultura-29ene2025-1024x768.jpg\" alt=\"\" class=\"wp-image-18750\" style=\"width:1069px;height:auto\" srcset=\"https:\/\/www.asajacyl.com\/palencia\/wp-content\/uploads\/sites\/3\/2025\/01\/Tabla-precios-agricultura-29ene2025-1024x768.jpg 1024w, https:\/\/www.asajacyl.com\/palencia\/wp-content\/uploads\/sites\/3\/2025\/01\/Tabla-precios-agricultura-29ene2025-300x225.jpg 300w, https:\/\/www.asajacyl.com\/palencia\/wp-content\/uploads\/sites\/3\/2025\/01\/Tabla-precios-agricultura-29ene2025-768x576.jpg 768w, https:\/\/www.asajacyl.com\/palencia\/wp-content\/uploads\/sites\/3\/2025\/01\/Tabla-precios-agricultura-29ene2025-1536x1152.jpg 1536w, https:\/\/www.asajacyl.com\/palencia\/wp-content\/uploads\/sites\/3\/2025\/01\/Tabla-precios-agricultura-29ene2025-2048x1536.jpg 2048w, https:\/\/www.asajacyl.com\/palencia\/wp-content\/uploads\/sites\/3\/2025\/01\/Tabla-precios-agricultura-29ene2025-560x420.jpg 560w, https:\/\/www.asajacyl.com\/palencia\/wp-content\/uploads\/sites\/3\/2025\/01\/Tabla-precios-agricultura-29ene2025-80x60.jpg 80w, https:\/\/www.asajacyl.com\/palencia\/wp-content\/uploads\/sites\/3\/2025\/01\/Tabla-precios-agricultura-29ene2025-696x522.jpg 696w, https:\/\/www.asajacyl.com\/palencia\/wp-content\/uploads\/sites\/3\/2025\/01\/Tabla-precios-agricultura-29ene2025-1068x801.jpg 1068w, https:\/\/www.asajacyl.com\/palencia\/wp-content\/uploads\/sites\/3\/2025\/01\/Tabla-precios-agricultura-29ene2025-1920x1440.jpg 1920w\" sizes=\"(max-width: 1024px) 100vw, 1024px\" \/><\/figure>\n","protected":false},"excerpt":{"rendered":"<p>La Lonja de Le\u00f3n celebrada esta semana se sald\u00f3 con una enga\u00f1osa estabilidad en los precios de los cereales, ya que las plazas nacionales siguen expectantes a c\u00f3mo repercutir\u00e1n las medidas sobre comercio exterior de la nueva administraci\u00f3n Trump. Todos los cereales repitieron cotizaci\u00f3n, salvo el trigo, que baj\u00f3 un euro por tonelada. Por su [&hellip;]<\/p>\n","protected":false},"author":9,"featured_media":10862,"comment_status":"open","ping_status":"open","sticky":false,"template":"","format":"standard","meta":{"footnotes":""},"categories":[9,29,36,28,13],"tags":[58,46,293,757,756],"yoast_head":"<!-- This site is optimized with the Yoast SEO plugin v24.5 - https:\/\/yoast.com\/wordpress\/plugins\/seo\/ -->\n<title>Enga\u00f1osa estabilidad en los cereales en la Lonja de Le\u00f3n, expectante ante el escenario internacional - ASAJA Palencia<\/title>\n<meta name=\"description\" content=\"La Lonja de Le\u00f3n celebrada esta semana se sald\u00f3 con una enga\u00f1osa estabilidad en los precios de los cereales, ya que las plazas nacionales siguen\" \/>\n<meta name=\"robots\" content=\"index, follow, max-snippet:-1, max-image-preview:large, max-video-preview:-1\" \/>\n<link rel=\"canonical\" href=\"https:\/\/www.asajacyl.com\/palencia\/asaja-palencia-informa\/enganosa-estabilidad-en-los-cereales-en-la-lonja-de-leon-expectante-ante-el-escenario-internacional\" \/>\n<meta property=\"og:locale\" content=\"es_ES\" \/>\n<meta property=\"og:type\" content=\"article\" \/>\n<meta property=\"og:title\" content=\"Enga\u00f1osa estabilidad en los cereales en la Lonja de Le\u00f3n, expectante ante el escenario internacional - ASAJA Palencia\" \/>\n<meta property=\"og:description\" content=\"La Lonja de Le\u00f3n celebrada esta semana se sald\u00f3 con una enga\u00f1osa estabilidad en los precios de los cereales, ya que las plazas nacionales siguen\" \/>\n<meta property=\"og:url\" content=\"https:\/\/www.asajacyl.com\/palencia\/asaja-palencia-informa\/enganosa-estabilidad-en-los-cereales-en-la-lonja-de-leon-expectante-ante-el-escenario-internacional\" \/>\n<meta property=\"og:site_name\" content=\"ASAJA Palencia\" \/>\n<meta property=\"article:published_time\" content=\"2025-01-30T08:58:45+00:00\" \/>\n<meta property=\"article:modified_time\" content=\"2025-01-30T08:58:47+00:00\" \/>\n<meta property=\"og:image\" content=\"https:\/\/www.asajacyl.com\/palencia\/wp-content\/uploads\/sites\/3\/2022\/06\/CEBADA-LONJA.jpg\" \/>\n\t<meta property=\"og:image:width\" content=\"2500\" \/>\n\t<meta property=\"og:image:height\" content=\"1875\" \/>\n\t<meta property=\"og:image:type\" content=\"image\/jpeg\" \/>\n<meta name=\"author\" content=\"Administrador\" \/>\n<meta name=\"twitter:card\" content=\"summary_large_image\" \/>\n<meta name=\"twitter:label1\" content=\"Escrito por\" \/>\n\t<meta name=\"twitter:data1\" content=\"Administrador\" \/>\n\t<meta name=\"twitter:label2\" content=\"Tiempo de lectura\" \/>\n\t<meta name=\"twitter:data2\" content=\"3 minutos\" \/>\n<script type=\"application\/ld+json\" class=\"yoast-schema-graph\">{\"@context\":\"https:\/\/schema.org\",\"@graph\":[{\"@type\":\"WebPage\",\"@id\":\"https:\/\/www.asajacyl.com\/palencia\/asaja-palencia-informa\/enganosa-estabilidad-en-los-cereales-en-la-lonja-de-leon-expectante-ante-el-escenario-internacional\",\"url\":\"https:\/\/www.asajacyl.com\/palencia\/asaja-palencia-informa\/enganosa-estabilidad-en-los-cereales-en-la-lonja-de-leon-expectante-ante-el-escenario-internacional\",\"name\":\"Enga\u00f1osa estabilidad en los cereales en la Lonja de Le\u00f3n, expectante ante el escenario internacional - ASAJA Palencia\",\"isPartOf\":{\"@id\":\"https:\/\/www.asajacyl.com\/palencia\/#website\"},\"primaryImageOfPage\":{\"@id\":\"https:\/\/www.asajacyl.com\/palencia\/asaja-palencia-informa\/enganosa-estabilidad-en-los-cereales-en-la-lonja-de-leon-expectante-ante-el-escenario-internacional#primaryimage\"},\"image\":{\"@id\":\"https:\/\/www.asajacyl.com\/palencia\/asaja-palencia-informa\/enganosa-estabilidad-en-los-cereales-en-la-lonja-de-leon-expectante-ante-el-escenario-internacional#primaryimage\"},\"thumbnailUrl\":\"https:\/\/www.asajacyl.com\/palencia\/wp-content\/uploads\/sites\/3\/2022\/06\/CEBADA-LONJA.jpg\",\"datePublished\":\"2025-01-30T08:58:45+00:00\",\"dateModified\":\"2025-01-30T08:58:47+00:00\",\"author\":{\"@id\":\"https:\/\/www.asajacyl.com\/palencia\/#\/schema\/person\/3ab17aeb03527485c317557fae64aab1\"},\"description\":\"La Lonja de Le\u00f3n celebrada esta semana se sald\u00f3 con una enga\u00f1osa estabilidad en los precios de los cereales, ya que las plazas nacionales siguen\",\"breadcrumb\":{\"@id\":\"https:\/\/www.asajacyl.com\/palencia\/asaja-palencia-informa\/enganosa-estabilidad-en-los-cereales-en-la-lonja-de-leon-expectante-ante-el-escenario-internacional#breadcrumb\"},\"inLanguage\":\"es\",\"potentialAction\":[{\"@type\":\"ReadAction\",\"target\":[\"https:\/\/www.asajacyl.com\/palencia\/asaja-palencia-informa\/enganosa-estabilidad-en-los-cereales-en-la-lonja-de-leon-expectante-ante-el-escenario-internacional\"]}]},{\"@type\":\"ImageObject\",\"inLanguage\":\"es\",\"@id\":\"https:\/\/www.asajacyl.com\/palencia\/asaja-palencia-informa\/enganosa-estabilidad-en-los-cereales-en-la-lonja-de-leon-expectante-ante-el-escenario-internacional#primaryimage\",\"url\":\"https:\/\/www.asajacyl.com\/palencia\/wp-content\/uploads\/sites\/3\/2022\/06\/CEBADA-LONJA.jpg\",\"contentUrl\":\"https:\/\/www.asajacyl.com\/palencia\/wp-content\/uploads\/sites\/3\/2022\/06\/CEBADA-LONJA.jpg\",\"width\":2500,\"height\":1875},{\"@type\":\"BreadcrumbList\",\"@id\":\"https:\/\/www.asajacyl.com\/palencia\/asaja-palencia-informa\/enganosa-estabilidad-en-los-cereales-en-la-lonja-de-leon-expectante-ante-el-escenario-internacional#breadcrumb\",\"itemListElement\":[{\"@type\":\"ListItem\",\"position\":1,\"name\":\"Portada\",\"item\":\"https:\/\/www.asajacyl.com\/palencia\/\"},{\"@type\":\"ListItem\",\"position\":2,\"name\":\"Enga\u00f1osa estabilidad en los cereales en la Lonja de Le\u00f3n, expectante ante el escenario internacional\"}]},{\"@type\":\"WebSite\",\"@id\":\"https:\/\/www.asajacyl.com\/palencia\/#website\",\"url\":\"https:\/\/www.asajacyl.com\/palencia\/\",\"name\":\"ASAJA Palencia\",\"description\":\"Otro sitio m\u00e1s de Provincias ASAJA Castilla y Le\u00f3n\",\"potentialAction\":[{\"@type\":\"SearchAction\",\"target\":{\"@type\":\"EntryPoint\",\"urlTemplate\":\"https:\/\/www.asajacyl.com\/palencia\/?s={search_term_string}\"},\"query-input\":{\"@type\":\"PropertyValueSpecification\",\"valueRequired\":true,\"valueName\":\"search_term_string\"}}],\"inLanguage\":\"es\"},{\"@type\":\"Person\",\"@id\":\"https:\/\/www.asajacyl.com\/palencia\/#\/schema\/person\/3ab17aeb03527485c317557fae64aab1\",\"name\":\"Administrador\",\"image\":{\"@type\":\"ImageObject\",\"inLanguage\":\"es\",\"@id\":\"https:\/\/www.asajacyl.com\/palencia\/#\/schema\/person\/image\/\",\"url\":\"https:\/\/secure.gravatar.com\/avatar\/517384810d242ca9e38c180f3c9fb973?s=96&d=mm&r=g\",\"contentUrl\":\"https:\/\/secure.gravatar.com\/avatar\/517384810d242ca9e38c180f3c9fb973?s=96&d=mm&r=g\",\"caption\":\"Administrador\"},\"url\":\"https:\/\/www.asajacyl.com\/palencia\/author\/carlosrm\"}]}<\/script>\n<!-- \/ Yoast SEO plugin. -->","yoast_head_json":{"title":"Enga\u00f1osa estabilidad en los cereales en la Lonja de Le\u00f3n, expectante ante el escenario internacional - ASAJA Palencia","description":"La Lonja de Le\u00f3n celebrada esta semana se sald\u00f3 con una enga\u00f1osa estabilidad en los precios de los cereales, ya que las plazas nacionales siguen","robots":{"index":"index","follow":"follow","max-snippet":"max-snippet:-1","max-image-preview":"max-image-preview:large","max-video-preview":"max-video-preview:-1"},"canonical":"https:\/\/www.asajacyl.com\/palencia\/asaja-palencia-informa\/enganosa-estabilidad-en-los-cereales-en-la-lonja-de-leon-expectante-ante-el-escenario-internacional","og_locale":"es_ES","og_type":"article","og_title":"Enga\u00f1osa estabilidad en los cereales en la Lonja de Le\u00f3n, expectante ante el escenario internacional - ASAJA Palencia","og_description":"La Lonja de Le\u00f3n celebrada esta semana se sald\u00f3 con una enga\u00f1osa estabilidad en los precios de los cereales, ya que las plazas nacionales siguen","og_url":"https:\/\/www.asajacyl.com\/palencia\/asaja-palencia-informa\/enganosa-estabilidad-en-los-cereales-en-la-lonja-de-leon-expectante-ante-el-escenario-internacional","og_site_name":"ASAJA Palencia","article_published_time":"2025-01-30T08:58:45+00:00","article_modified_time":"2025-01-30T08:58:47+00:00","og_image":[{"width":2500,"height":1875,"url":"https:\/\/www.asajacyl.com\/palencia\/wp-content\/uploads\/sites\/3\/2022\/06\/CEBADA-LONJA.jpg","type":"image\/jpeg"}],"author":"Administrador","twitter_card":"summary_large_image","twitter_misc":{"Escrito por":"Administrador","Tiempo de lectura":"3 minutos"},"schema":{"@context":"https:\/\/schema.org","@graph":[{"@type":"WebPage","@id":"https:\/\/www.asajacyl.com\/palencia\/asaja-palencia-informa\/enganosa-estabilidad-en-los-cereales-en-la-lonja-de-leon-expectante-ante-el-escenario-internacional","url":"https:\/\/www.asajacyl.com\/palencia\/asaja-palencia-informa\/enganosa-estabilidad-en-los-cereales-en-la-lonja-de-leon-expectante-ante-el-escenario-internacional","name":"Enga\u00f1osa estabilidad en los cereales en la Lonja de Le\u00f3n, expectante ante el escenario internacional - ASAJA Palencia","isPartOf":{"@id":"https:\/\/www.asajacyl.com\/palencia\/#website"},"primaryImageOfPage":{"@id":"https:\/\/www.asajacyl.com\/palencia\/asaja-palencia-informa\/enganosa-estabilidad-en-los-cereales-en-la-lonja-de-leon-expectante-ante-el-escenario-internacional#primaryimage"},"image":{"@id":"https:\/\/www.asajacyl.com\/palencia\/asaja-palencia-informa\/enganosa-estabilidad-en-los-cereales-en-la-lonja-de-leon-expectante-ante-el-escenario-internacional#primaryimage"},"thumbnailUrl":"https:\/\/www.asajacyl.com\/palencia\/wp-content\/uploads\/sites\/3\/2022\/06\/CEBADA-LONJA.jpg","datePublished":"2025-01-30T08:58:45+00:00","dateModified":"2025-01-30T08:58:47+00:00","author":{"@id":"https:\/\/www.asajacyl.com\/palencia\/#\/schema\/person\/3ab17aeb03527485c317557fae64aab1"},"description":"La Lonja de Le\u00f3n celebrada esta semana se sald\u00f3 con una enga\u00f1osa estabilidad en los precios de los cereales, ya que las plazas nacionales siguen","breadcrumb":{"@id":"https:\/\/www.asajacyl.com\/palencia\/asaja-palencia-informa\/enganosa-estabilidad-en-los-cereales-en-la-lonja-de-leon-expectante-ante-el-escenario-internacional#breadcrumb"},"inLanguage":"es","potentialAction":[{"@type":"ReadAction","target":["https:\/\/www.asajacyl.com\/palencia\/asaja-palencia-informa\/enganosa-estabilidad-en-los-cereales-en-la-lonja-de-leon-expectante-ante-el-escenario-internacional"]}]},{"@type":"ImageObject","inLanguage":"es","@id":"https:\/\/www.asajacyl.com\/palencia\/asaja-palencia-informa\/enganosa-estabilidad-en-los-cereales-en-la-lonja-de-leon-expectante-ante-el-escenario-internacional#primaryimage","url":"https:\/\/www.asajacyl.com\/palencia\/wp-content\/uploads\/sites\/3\/2022\/06\/CEBADA-LONJA.jpg","contentUrl":"https:\/\/www.asajacyl.com\/palencia\/wp-content\/uploads\/sites\/3\/2022\/06\/CEBADA-LONJA.jpg","width":2500,"height":1875},{"@type":"BreadcrumbList","@id":"https:\/\/www.asajacyl.com\/palencia\/asaja-palencia-informa\/enganosa-estabilidad-en-los-cereales-en-la-lonja-de-leon-expectante-ante-el-escenario-internacional#breadcrumb","itemListElement":[{"@type":"ListItem","position":1,"name":"Portada","item":"https:\/\/www.asajacyl.com\/palencia\/"},{"@type":"ListItem","position":2,"name":"Enga\u00f1osa estabilidad en los cereales en la Lonja de Le\u00f3n, expectante ante el escenario internacional"}]},{"@type":"WebSite","@id":"https:\/\/www.asajacyl.com\/palencia\/#website","url":"https:\/\/www.asajacyl.com\/palencia\/","name":"ASAJA Palencia","description":"Otro sitio m\u00e1s de Provincias ASAJA Castilla y Le\u00f3n","potentialAction":[{"@type":"SearchAction","target":{"@type":"EntryPoint","urlTemplate":"https:\/\/www.asajacyl.com\/palencia\/?s={search_term_string}"},"query-input":{"@type":"PropertyValueSpecification","valueRequired":true,"valueName":"search_term_string"}}],"inLanguage":"es"},{"@type":"Person","@id":"https:\/\/www.asajacyl.com\/palencia\/#\/schema\/person\/3ab17aeb03527485c317557fae64aab1","name":"Administrador","image":{"@type":"ImageObject","inLanguage":"es","@id":"https:\/\/www.asajacyl.com\/palencia\/#\/schema\/person\/image\/","url":"https:\/\/secure.gravatar.com\/avatar\/517384810d242ca9e38c180f3c9fb973?s=96&d=mm&r=g","contentUrl":"https:\/\/secure.gravatar.com\/avatar\/517384810d242ca9e38c180f3c9fb973?s=96&d=mm&r=g","caption":"Administrador"},"url":"https:\/\/www.asajacyl.com\/palencia\/author\/carlosrm"}]}},"_links":{"self":[{"href":"https:\/\/www.asajacyl.com\/palencia\/wp-json\/wp\/v2\/posts\/18749"}],"collection":[{"href":"https:\/\/www.asajacyl.com\/palencia\/wp-json\/wp\/v2\/posts"}],"about":[{"href":"https:\/\/www.asajacyl.com\/palencia\/wp-json\/wp\/v2\/types\/post"}],"author":[{"embeddable":true,"href":"https:\/\/www.asajacyl.com\/palencia\/wp-json\/wp\/v2\/users\/9"}],"replies":[{"embeddable":true,"href":"https:\/\/www.asajacyl.com\/palencia\/wp-json\/wp\/v2\/comments?post=18749"}],"version-history":[{"count":1,"href":"https:\/\/www.asajacyl.com\/palencia\/wp-json\/wp\/v2\/posts\/18749\/revisions"}],"predecessor-version":[{"id":18751,"href":"https:\/\/www.asajacyl.com\/palencia\/wp-json\/wp\/v2\/posts\/18749\/revisions\/18751"}],"wp:featuredmedia":[{"embeddable":true,"href":"https:\/\/www.asajacyl.com\/palencia\/wp-json\/wp\/v2\/media\/10862"}],"wp:attachment":[{"href":"https:\/\/www.asajacyl.com\/palencia\/wp-json\/wp\/v2\/media?parent=18749"}],"wp:term":[{"taxonomy":"category","embeddable":true,"href":"https:\/\/www.asajacyl.com\/palencia\/wp-json\/wp\/v2\/categories?post=18749"},{"taxonomy":"post_tag","embeddable":true,"href":"https:\/\/www.asajacyl.com\/palencia\/wp-json\/wp\/v2\/tags?post=18749"}],"curies":[{"name":"wp","href":"https:\/\/api.w.org\/{rel}","templated":true}]}}