{"id":18775,"date":"2025-02-03T08:00:00","date_gmt":"2025-02-03T07:00:00","guid":{"rendered":"https:\/\/www.asajacyl.com\/palencia\/?p=18775"},"modified":"2025-02-02T19:28:37","modified_gmt":"2025-02-02T18:28:37","slug":"mujeres-con-voz-propia-asaja-reunio-en-agraria-a-las-profesionales-del-sector-agroganadero","status":"publish","type":"post","link":"https:\/\/www.asajacyl.com\/palencia\/sin-categoria\/mujeres-con-voz-propia-asaja-reunio-en-agraria-a-las-profesionales-del-sector-agroganadero","title":{"rendered":"&#8216;Mujeres con voz propia&#8217;, ASAJA reuni\u00f3 en Agraria a las  profesionales del sector agroganadero"},"content":{"rendered":"\n<h2 class=\"wp-block-heading\">Coincidiendo con la feria Agraria de Valladolid, ASAJA-Castilla y Le\u00f3n celebr\u00f3 el 28 de enero una jornada\u00a0 dedicada a las mujeres profesionales de la agricultura y de la ganader\u00eda en nuestra comunidad, bajo el t\u00edtulo <em>Mujeres con voz propia<\/em>. En el encuentro, desarrollado en el recinto de la Feria de Valladolid, mujeres de todas las provincias de Castilla y Le\u00f3n han compartido sus experiencias, pero adem\u00e1s han propuesto mejoras para sus explotaciones y tambi\u00e9n ha reclamado medidas a favor de su apuesta vital:  trabajar y residir en los pueblos.<\/h2>\n\n\n<div class=\"wp-block-image\">\n<figure class=\"alignleft is-resized\"><a href=\"https:\/\/www.asajacyl.com\/wp-content\/uploads\/2025\/01\/20250128_110000.jpg\"><img decoding=\"async\" src=\"https:\/\/www.asajacyl.com\/wp-content\/uploads\/2025\/01\/20250128_110000.jpg\" alt=\"\" class=\"wp-image-24928\" style=\"width:576px;height:auto\" \/><\/a><figcaption class=\"wp-element-caption\">Ana Pastor, presidenta de ASAJA-Soria, durante la ponencia inaugural de la jornada.<\/figcaption><\/figure><\/div>\n\n\n<p><a href=\"https:\/\/www.asajacyl.com\/wp-content\/uploads\/2025\/01\/IMG-20250128-WA0027.jpg\"><\/a>En el encuentro se destac\u00f3 la importancia de la participaci\u00f3n de las profesionales agroganaderas en primera persona y con voz propia en los \u00f3rganos de decisi\u00f3n pol\u00edticos, econ\u00f3micos y sociales del medio rural, asunto en torno al que gir\u00f3 la ponencia inaugural, a cargo de <strong>Ana Pastor,<\/strong> agricultora, presidenta de ASAJA Soria y vicepresidenta de ASAJA Mujeres. <\/p>\n\n\n\n<p>\u00abLo que buscamos las mujeres, como los hombres \u2014afirm\u00f3 Pastor\u2014, es vivir dignamente de nuestra profesi\u00f3n, producir alimentos. Hace un a\u00f1o est\u00e1bamos en las calles hombres y mujeres, luchando por nuestro sector, porque esto es cosa de todos\u00bb.<\/p>\n\n\n\n<p>La presidenta de ASAJA-Soria apel\u00f3 a las mujeres presentes a participar activamente en todos los foros de decisi\u00f3n y en todas las esferas pol\u00edticas. \u00abNo podemos permitir ni un paso atr\u00e1s en lo que hemos logrado durante estos \u00faltimos a\u00f1os. Si las mujeres rurales avanzan, mejora notablemente el conjunto de la sociedad, avanzamos todos, avanzan los territorios, progresa nuestra sociedad y se potencia sin duda alguna tambi\u00e9n nuestra econom\u00eda\u00bb, concluy\u00f3 Pastor.<\/p>\n\n\n\n<p>Por su parte, <strong>Blanca Corroto,<\/strong> presidenta de ASAJA Mujeres y ASAJA-Toledo, condujo la mesa redonda en la que dos ganaderas \u2014<strong>Isabel Herrero<\/strong>, de Salamanca; y <strong>Nerea del R\u00edo<\/strong>, de Palencia\u2014 y dos agricultoras \u2014<strong>Isabel de Castro<\/strong>, de \u00c1vila; y <strong>Bego\u00f1a Bello<\/strong>, de El Bierzo, donde adem\u00e1s es responsable de ASAJA\u2014, compartieron su experiencia profesional y vital en el sector y el medio rural.<\/p>\n\n\n<div class=\"wp-block-image\">\n<figure class=\"alignleft size-large is-resized\"><img loading=\"lazy\" decoding=\"async\" width=\"1024\" height=\"576\" src=\"https:\/\/www.asajacyl.com\/palencia\/wp-content\/uploads\/sites\/3\/2025\/02\/image-1024x576.jpg\" alt=\"\" class=\"wp-image-18777\" style=\"width:575px;height:auto\" srcset=\"https:\/\/www.asajacyl.com\/palencia\/wp-content\/uploads\/sites\/3\/2025\/02\/image-1024x576.jpg 1024w, https:\/\/www.asajacyl.com\/palencia\/wp-content\/uploads\/sites\/3\/2025\/02\/image-300x169.jpg 300w, https:\/\/www.asajacyl.com\/palencia\/wp-content\/uploads\/sites\/3\/2025\/02\/image-768x432.jpg 768w, https:\/\/www.asajacyl.com\/palencia\/wp-content\/uploads\/sites\/3\/2025\/02\/image-1536x864.jpg 1536w, https:\/\/www.asajacyl.com\/palencia\/wp-content\/uploads\/sites\/3\/2025\/02\/image-747x420.jpg 747w, https:\/\/www.asajacyl.com\/palencia\/wp-content\/uploads\/sites\/3\/2025\/02\/image-696x392.jpg 696w, https:\/\/www.asajacyl.com\/palencia\/wp-content\/uploads\/sites\/3\/2025\/02\/image-1068x601.jpg 1068w, https:\/\/www.asajacyl.com\/palencia\/wp-content\/uploads\/sites\/3\/2025\/02\/image.jpg 1920w\" sizes=\"(max-width: 1024px) 100vw, 1024px\" \/><figcaption class=\"wp-element-caption\">Blanca Corroto, en el centro, modera la mesa de mujeres ganaderas y agricultoras.<\/figcaption><\/figure><\/div>\n\n\n<p>Blanca Corroto destac\u00f3 la importancia de esta jornada para \u00abvalorar al sector primario y, sobre todo, dar visibilidad a las mujeres agricultoras y ganaderas que estamos al frente de explotaciones, porque somos muchas y cada vez tenemos mayor peso en el sector\u00bb.<\/p>\n\n\n\n<p>Corroto indic\u00f3 que ASAJA Mujeres \u00abno es una organizaci\u00f3n de mujeres al uso, aglutinamos agricultoras y ganaderas que est\u00e1n al frente de sus explotaciones y viven de esto\u00bb. Corroto dijo que las mujeres profesionales del campo necesitan m\u00e1s visibilidad \u00abporque normalmente parece que la mujer va de comparsa, por decirlo de alguna manera, y no es as\u00ed, estamos al pie del ca\u00f1\u00f3n, somos titulares de la explotaci\u00f3n, trabajamos en ella y tomamos las decisiones, y por eso queremos animar a todas a dar un paso al frente para estar presentes en los \u00f3rganos de direcci\u00f3n tanto de cooperativas como organizaciones\u00bb. <\/p>\n\n\n\n<p>La presidenta de ASAJA Mujeres subray\u00f3 que \u00ablas mujeres son muy capaces y tienen que estar ah\u00ed, para defender al sector y superar las carencias y la burocracia que le asfixia, y para asegurar un relevo generacional que es vital para el campo\u00bb.<\/p>\n\n\n\n<p>Por su parte, Bego\u00f1a Bello, apicultora y casta\u00f1icultura y responsable de ASAJA en El Bierzo, se\u00f1al\u00f3 que \u00abel orgullo de estar en ASAJA y estar aqu\u00ed con otras mujeres para compartir nuestras experiencias, que son diferentes porque venimos de diferentes lugares, de diferentes tipos de agricultura y de ganader\u00eda. Todas tenemos problemas, se pasan malos ratos, pero tambi\u00e9n el campo da muchas satisfacciones, es una profesi\u00f3n y tambi\u00e9n un estilo de vida, y eso me apasiona\u00bb.<\/p>\n\n\n<div class=\"wp-block-image\">\n<figure class=\"alignleft size-large is-resized\"><img loading=\"lazy\" decoding=\"async\" width=\"1024\" height=\"468\" src=\"https:\/\/www.asajacyl.com\/palencia\/wp-content\/uploads\/sites\/3\/2025\/02\/Mujeres-Agraria-web-1024x468.jpg\" alt=\"\" class=\"wp-image-18779\" style=\"width:575px;height:auto\" srcset=\"https:\/\/www.asajacyl.com\/palencia\/wp-content\/uploads\/sites\/3\/2025\/02\/Mujeres-Agraria-web-1024x468.jpg 1024w, https:\/\/www.asajacyl.com\/palencia\/wp-content\/uploads\/sites\/3\/2025\/02\/Mujeres-Agraria-web-300x137.jpg 300w, https:\/\/www.asajacyl.com\/palencia\/wp-content\/uploads\/sites\/3\/2025\/02\/Mujeres-Agraria-web-768x351.jpg 768w, https:\/\/www.asajacyl.com\/palencia\/wp-content\/uploads\/sites\/3\/2025\/02\/Mujeres-Agraria-web-1536x703.jpg 1536w, https:\/\/www.asajacyl.com\/palencia\/wp-content\/uploads\/sites\/3\/2025\/02\/Mujeres-Agraria-web-2048x937.jpg 2048w, https:\/\/www.asajacyl.com\/palencia\/wp-content\/uploads\/sites\/3\/2025\/02\/Mujeres-Agraria-web-918x420.jpg 918w, https:\/\/www.asajacyl.com\/palencia\/wp-content\/uploads\/sites\/3\/2025\/02\/Mujeres-Agraria-web-696x318.jpg 696w, https:\/\/www.asajacyl.com\/palencia\/wp-content\/uploads\/sites\/3\/2025\/02\/Mujeres-Agraria-web-1068x488.jpg 1068w, https:\/\/www.asajacyl.com\/palencia\/wp-content\/uploads\/sites\/3\/2025\/02\/Mujeres-Agraria-web-1920x878.jpg 1920w\" sizes=\"(max-width: 1024px) 100vw, 1024px\" \/><\/figure><\/div>\n\n\n<p><strong>TECNOLOG\u00cdA PARA EL MANEJO DE LA EXPLOTACI\u00d3N. <\/strong>Ese amor por la profesi\u00f3n fue compartido por el resto de agricultoras y ganaderas que participaron en el debate. Todas ellas se formaron previamente, todas est\u00e1n al tanto de los cambios tecnol\u00f3gicos y apuestan por modernizar sus explotaciones, como Nerea del R\u00edo, ganadera de ovino de Robladillo de Ucieza (Palencia), que considera esencial la tecnolog\u00eda para hacer m\u00e1s llevadero el trabajo ganadero. <\/p>\n\n\n\n<p>Y tambi\u00e9n coinciden en que tuvieron experiencias laborales fuera del mundo agrario, \u00ablo que te permite madurar y tener perspectiva, as\u00ed sabes valorar lo que puede aportarte la agricultura y la ganader\u00eda\u00bb, indic\u00f3 Isabel de Castro, agricultora de Madrigal de las Altas Torres, \u00c1vila. <\/p>\n\n\n\n<p>La voz de la experiencia la puso Isabel Herrero, ganadera de ovino y vacuno en Santa Mar\u00eda de Sando y Villaseco de los Gamitos, Salamanca, que tuvo que ponerse al frente de la explotaci\u00f3n familiar en una trayectoria profesional inesperada pero s\u00f3lida de la que hoy est\u00e1 muy satisfecha.<\/p>\n\n\n\n<p><a href=\"https:\/\/www.asajacyl.com\/wp-content\/uploads\/2025\/01\/20250128_121845.jpg\"><\/a>A cualquier mujer que quiera iniciarse en el campo, Bego\u00f1a Bello \u00ables dir\u00eda que no se rindan, que luchen por el objetivo que tengan, que luchen por lo que realmente sientan y quieran\u00bb.<\/p>\n\n\n\n<p><strong>TIERRAS Y APOYO FAMILIAR.<\/strong> La disponibilidad de tierras y contar con el respaldo familiar son tambi\u00e9n dos elementos fundamentales para iniciarse en la profesi\u00f3n, lo mismo para la mujer que para el hombre, \u00abaunque es cierto que\u00a0 a nosotras a veces se nos sigue mirando con curiosidad, como esperando que fallemos, pero ese miedo hay que quit\u00e1rselo de encima, porque podemos con todo\u00bb, se\u00f1al\u00f3 Corroto.<\/p>\n\n\n\n<p>La jornada se complet\u00f3 con ponencias tem\u00e1ticas concretas sobre actuaciones de apoyo para la mujer rural, impartida por <strong>Victoria Casado<\/strong>, jefa de Servicio de Promoci\u00f3n de la Igualdad de la Direcci\u00f3n General de la Mujer; sobrre la herramienta Sativum de gesti\u00f3n inform\u00e1tica de parcelas y la digitalizaci\u00f3n de las explotaciones agropecuarias, a cargo de <strong>Miriam Fern\u00e1ndez<\/strong>, de la Subdirecci\u00f3n de Infraestructuras Agrarias del ITACYL, y una tercera charla sobre digitalizaci\u00f3n y rentabilidad de la explotaci\u00f3n, a cargo de <strong>Ana Plaza<\/strong>, directora del Departamento de Comunicaci\u00f3n de ASAJA nacional. Las intervenciones concluyeron con un peque\u00f1o taller sobre habilidades de liderazgo, equipo y comunicaci\u00f3n, con la formadora <strong>Aurora Garc\u00eda Alcalde<\/strong>. <\/p>\n\n\n\n<p><strong>CLAUSURA Y VISITA A LA FERIA. <\/strong>La clausura corri\u00f3 a cargo de la directora general de Industria y Cadena Agroalimentarias, <strong>Cristina Fr\u00edas<\/strong>, quien valor\u00f3 la iniciativa y remarc\u00f3 que \u00abdesde la Consejer\u00eda de Agricultura trabajamos para lograr mayor representaci\u00f3n de las mujeres en el sector agroganadero, por lo que encuentros como este son una ayuda muy valiosa para dar visibilidad al colectivo\u00bb. <\/p>\n\n\n\n<p>Fr\u00edas dijo que se sent\u00eda muy cerca de estas mujeres, \u00abya que yo misma me siento mujer rural, y mi padre era agricultor, es algo que he vivido, comprendo y estimo\u00bb.<\/p>\n\n\n\n<p>Por su parte, <strong>Donaciano Dujo<\/strong>, presidente de ASAJA, record\u00f3 en la clausura que es la segunda vez que ASAJA-Castilla y Le\u00f3n ha dedicado, en el marco de la feria Agraria, una jornada espec\u00edfica a las mujeres. Indic\u00f3 que \u00aben ASAJA estamos con la agricultura familiar y su futuro depende de la rentabilidad de las explotaciones, da igual si al frente est\u00e1 una mujer o un hombre, cada persona es diferente pero todos v\u00e1lidos, todos plenamente capaces de tomar decisiones y ser titulares y trabajar para que sus empresas tengan \u00e9xito\u00bb.<\/p>\n\n\n\n<p><strong>APOYO SOCIAL. <\/strong>Dujo se\u00f1al\u00f3 que ASAJA \u00abreivindica siempre las mejores condiciones sociales en el medio rural, porque nadie es una isla, se necesita apoyo para cuidar de los hijos o de sus mayores, y ese cuidado dom\u00e9stico tradicionalmente ha penalizado m\u00e1s a las mujeres\u00bb. \u00abNo puede ser \u2014concluy\u00f3 nuestro presidente regional\u2014 que por falta de apoyo renuncien a trabajar en el campo, o que renuncien a tener familia, si as\u00ed lo desean\u00bb.<\/p>\n\n\n\n<p>Por \u00faltimo, las mujeres participantes recorrieron las instalaciones de la feria Agraria, donde tuvieron un breve encuentro con la consejera de Agricultura, Ganader\u00eda y Desarrollo Rural de la Junta de Castilla y Le\u00f3n,<strong> Mar\u00eda Gonz\u00e1lez Corral<\/strong>.<\/p>\n\n\n\n<figure class=\"wp-block-image size-large is-resized\"><img loading=\"lazy\" decoding=\"async\" width=\"1024\" height=\"499\" src=\"https:\/\/www.asajacyl.com\/palencia\/wp-content\/uploads\/sites\/3\/2025\/02\/Mujeres-asistentes-final-web-1024x499.jpg\" alt=\"\" class=\"wp-image-18778\" style=\"width:1069px;height:auto\" srcset=\"https:\/\/www.asajacyl.com\/palencia\/wp-content\/uploads\/sites\/3\/2025\/02\/Mujeres-asistentes-final-web-1024x499.jpg 1024w, https:\/\/www.asajacyl.com\/palencia\/wp-content\/uploads\/sites\/3\/2025\/02\/Mujeres-asistentes-final-web-300x146.jpg 300w, https:\/\/www.asajacyl.com\/palencia\/wp-content\/uploads\/sites\/3\/2025\/02\/Mujeres-asistentes-final-web-768x374.jpg 768w, https:\/\/www.asajacyl.com\/palencia\/wp-content\/uploads\/sites\/3\/2025\/02\/Mujeres-asistentes-final-web-1536x749.jpg 1536w, https:\/\/www.asajacyl.com\/palencia\/wp-content\/uploads\/sites\/3\/2025\/02\/Mujeres-asistentes-final-web-2048x998.jpg 2048w, https:\/\/www.asajacyl.com\/palencia\/wp-content\/uploads\/sites\/3\/2025\/02\/Mujeres-asistentes-final-web-862x420.jpg 862w, https:\/\/www.asajacyl.com\/palencia\/wp-content\/uploads\/sites\/3\/2025\/02\/Mujeres-asistentes-final-web-696x339.jpg 696w, https:\/\/www.asajacyl.com\/palencia\/wp-content\/uploads\/sites\/3\/2025\/02\/Mujeres-asistentes-final-web-1068x520.jpg 1068w, https:\/\/www.asajacyl.com\/palencia\/wp-content\/uploads\/sites\/3\/2025\/02\/Mujeres-asistentes-final-web-1920x936.jpg 1920w\" sizes=\"(max-width: 1024px) 100vw, 1024px\" \/><figcaption class=\"wp-element-caption\">Mujeres participantes en la jornada, junto al expositor de ASAJA-Castilla y Le\u00f3n en Agraria, con la consejera de Agricultura Mar\u00eda Gonz\u00e1lez Corral y nuestro presidente regional, Donaciano Dujo.<\/figcaption><\/figure>\n","protected":false},"excerpt":{"rendered":"<p>Coincidiendo con la feria Agraria de Valladolid, ASAJA-Castilla y Le\u00f3n celebr\u00f3 el 28 de enero una jornada\u00a0 dedicada a las mujeres profesionales de la agricultura y de la ganader\u00eda en nuestra comunidad, bajo el t\u00edtulo Mujeres con voz propia. En el encuentro, desarrollado en el recinto de la Feria de Valladolid, mujeres de todas las [&hellip;]<\/p>\n","protected":false},"author":9,"featured_media":18780,"comment_status":"open","ping_status":"open","sticky":false,"template":"","format":"standard","meta":{"footnotes":""},"categories":[1],"tags":[58,1271,59,142,351,77,66,143,232,154],"yoast_head":"<!-- This site is optimized with the Yoast SEO plugin v24.5 - https:\/\/yoast.com\/wordpress\/plugins\/seo\/ -->\n<title>&#039;Mujeres con voz propia&#039;, ASAJA reuni\u00f3 en Agraria a las profesionales del sector agroganadero - ASAJA Palencia<\/title>\n<meta name=\"description\" content=\"Coincidiendo con la feria Agraria de Valladolid, ASAJA-Castilla y Le\u00f3n celebr\u00f3 el 28 de enero una jornada\u00a0 dedicada a las mujeres profesionales de la\" \/>\n<meta name=\"robots\" content=\"index, follow, max-snippet:-1, max-image-preview:large, max-video-preview:-1\" \/>\n<link rel=\"canonical\" href=\"https:\/\/www.asajacyl.com\/palencia\/sin-categoria\/mujeres-con-voz-propia-asaja-reunio-en-agraria-a-las-profesionales-del-sector-agroganadero\" \/>\n<meta property=\"og:locale\" content=\"es_ES\" \/>\n<meta property=\"og:type\" content=\"article\" \/>\n<meta property=\"og:title\" content=\"&#039;Mujeres con voz propia&#039;, ASAJA reuni\u00f3 en Agraria a las profesionales del sector agroganadero - ASAJA Palencia\" \/>\n<meta property=\"og:description\" content=\"Coincidiendo con la feria Agraria de Valladolid, ASAJA-Castilla y Le\u00f3n celebr\u00f3 el 28 de enero una jornada\u00a0 dedicada a las mujeres profesionales de la\" \/>\n<meta property=\"og:url\" content=\"https:\/\/www.asajacyl.com\/palencia\/sin-categoria\/mujeres-con-voz-propia-asaja-reunio-en-agraria-a-las-profesionales-del-sector-agroganadero\" \/>\n<meta property=\"og:site_name\" content=\"ASAJA Palencia\" \/>\n<meta property=\"article:published_time\" content=\"2025-02-03T07:00:00+00:00\" \/>\n<meta property=\"og:image\" content=\"https:\/\/www.asajacyl.com\/palencia\/wp-content\/uploads\/sites\/3\/2025\/02\/Mujeres-asistentes-final-web2.jpg\" \/>\n\t<meta property=\"og:image:width\" content=\"2500\" \/>\n\t<meta property=\"og:image:height\" content=\"1876\" \/>\n\t<meta property=\"og:image:type\" content=\"image\/jpeg\" \/>\n<meta name=\"author\" content=\"Administrador\" \/>\n<meta name=\"twitter:card\" content=\"summary_large_image\" \/>\n<meta name=\"twitter:label1\" content=\"Escrito por\" \/>\n\t<meta name=\"twitter:data1\" content=\"Administrador\" \/>\n\t<meta name=\"twitter:label2\" content=\"Tiempo de lectura\" \/>\n\t<meta name=\"twitter:data2\" content=\"7 minutos\" \/>\n<script type=\"application\/ld+json\" class=\"yoast-schema-graph\">{\"@context\":\"https:\/\/schema.org\",\"@graph\":[{\"@type\":\"WebPage\",\"@id\":\"https:\/\/www.asajacyl.com\/palencia\/sin-categoria\/mujeres-con-voz-propia-asaja-reunio-en-agraria-a-las-profesionales-del-sector-agroganadero\",\"url\":\"https:\/\/www.asajacyl.com\/palencia\/sin-categoria\/mujeres-con-voz-propia-asaja-reunio-en-agraria-a-las-profesionales-del-sector-agroganadero\",\"name\":\"'Mujeres con voz propia', ASAJA reuni\u00f3 en Agraria a las profesionales del sector agroganadero - ASAJA Palencia\",\"isPartOf\":{\"@id\":\"https:\/\/www.asajacyl.com\/palencia\/#website\"},\"primaryImageOfPage\":{\"@id\":\"https:\/\/www.asajacyl.com\/palencia\/sin-categoria\/mujeres-con-voz-propia-asaja-reunio-en-agraria-a-las-profesionales-del-sector-agroganadero#primaryimage\"},\"image\":{\"@id\":\"https:\/\/www.asajacyl.com\/palencia\/sin-categoria\/mujeres-con-voz-propia-asaja-reunio-en-agraria-a-las-profesionales-del-sector-agroganadero#primaryimage\"},\"thumbnailUrl\":\"https:\/\/www.asajacyl.com\/palencia\/wp-content\/uploads\/sites\/3\/2025\/02\/Mujeres-asistentes-final-web2.jpg\",\"datePublished\":\"2025-02-03T07:00:00+00:00\",\"author\":{\"@id\":\"https:\/\/www.asajacyl.com\/palencia\/#\/schema\/person\/3ab17aeb03527485c317557fae64aab1\"},\"description\":\"Coincidiendo con la feria Agraria de Valladolid, ASAJA-Castilla y Le\u00f3n celebr\u00f3 el 28 de enero una jornada\u00a0 dedicada a las mujeres profesionales de la\",\"breadcrumb\":{\"@id\":\"https:\/\/www.asajacyl.com\/palencia\/sin-categoria\/mujeres-con-voz-propia-asaja-reunio-en-agraria-a-las-profesionales-del-sector-agroganadero#breadcrumb\"},\"inLanguage\":\"es\",\"potentialAction\":[{\"@type\":\"ReadAction\",\"target\":[\"https:\/\/www.asajacyl.com\/palencia\/sin-categoria\/mujeres-con-voz-propia-asaja-reunio-en-agraria-a-las-profesionales-del-sector-agroganadero\"]}]},{\"@type\":\"ImageObject\",\"inLanguage\":\"es\",\"@id\":\"https:\/\/www.asajacyl.com\/palencia\/sin-categoria\/mujeres-con-voz-propia-asaja-reunio-en-agraria-a-las-profesionales-del-sector-agroganadero#primaryimage\",\"url\":\"https:\/\/www.asajacyl.com\/palencia\/wp-content\/uploads\/sites\/3\/2025\/02\/Mujeres-asistentes-final-web2.jpg\",\"contentUrl\":\"https:\/\/www.asajacyl.com\/palencia\/wp-content\/uploads\/sites\/3\/2025\/02\/Mujeres-asistentes-final-web2.jpg\",\"width\":2500,\"height\":1876},{\"@type\":\"BreadcrumbList\",\"@id\":\"https:\/\/www.asajacyl.com\/palencia\/sin-categoria\/mujeres-con-voz-propia-asaja-reunio-en-agraria-a-las-profesionales-del-sector-agroganadero#breadcrumb\",\"itemListElement\":[{\"@type\":\"ListItem\",\"position\":1,\"name\":\"Portada\",\"item\":\"https:\/\/www.asajacyl.com\/palencia\/\"},{\"@type\":\"ListItem\",\"position\":2,\"name\":\"&#8216;Mujeres con voz propia&#8217;, ASAJA reuni\u00f3 en Agraria a las profesionales del sector agroganadero\"}]},{\"@type\":\"WebSite\",\"@id\":\"https:\/\/www.asajacyl.com\/palencia\/#website\",\"url\":\"https:\/\/www.asajacyl.com\/palencia\/\",\"name\":\"ASAJA Palencia\",\"description\":\"Otro sitio m\u00e1s de Provincias ASAJA Castilla y Le\u00f3n\",\"potentialAction\":[{\"@type\":\"SearchAction\",\"target\":{\"@type\":\"EntryPoint\",\"urlTemplate\":\"https:\/\/www.asajacyl.com\/palencia\/?s={search_term_string}\"},\"query-input\":{\"@type\":\"PropertyValueSpecification\",\"valueRequired\":true,\"valueName\":\"search_term_string\"}}],\"inLanguage\":\"es\"},{\"@type\":\"Person\",\"@id\":\"https:\/\/www.asajacyl.com\/palencia\/#\/schema\/person\/3ab17aeb03527485c317557fae64aab1\",\"name\":\"Administrador\",\"image\":{\"@type\":\"ImageObject\",\"inLanguage\":\"es\",\"@id\":\"https:\/\/www.asajacyl.com\/palencia\/#\/schema\/person\/image\/\",\"url\":\"https:\/\/secure.gravatar.com\/avatar\/517384810d242ca9e38c180f3c9fb973?s=96&d=mm&r=g\",\"contentUrl\":\"https:\/\/secure.gravatar.com\/avatar\/517384810d242ca9e38c180f3c9fb973?s=96&d=mm&r=g\",\"caption\":\"Administrador\"},\"url\":\"https:\/\/www.asajacyl.com\/palencia\/author\/carlosrm\"}]}<\/script>\n<!-- \/ Yoast SEO plugin. -->","yoast_head_json":{"title":"'Mujeres con voz propia', ASAJA reuni\u00f3 en Agraria a las profesionales del sector agroganadero - ASAJA Palencia","description":"Coincidiendo con la feria Agraria de Valladolid, ASAJA-Castilla y Le\u00f3n celebr\u00f3 el 28 de enero una jornada\u00a0 dedicada a las mujeres profesionales de la","robots":{"index":"index","follow":"follow","max-snippet":"max-snippet:-1","max-image-preview":"max-image-preview:large","max-video-preview":"max-video-preview:-1"},"canonical":"https:\/\/www.asajacyl.com\/palencia\/sin-categoria\/mujeres-con-voz-propia-asaja-reunio-en-agraria-a-las-profesionales-del-sector-agroganadero","og_locale":"es_ES","og_type":"article","og_title":"'Mujeres con voz propia', ASAJA reuni\u00f3 en Agraria a las profesionales del sector agroganadero - ASAJA Palencia","og_description":"Coincidiendo con la feria Agraria de Valladolid, ASAJA-Castilla y Le\u00f3n celebr\u00f3 el 28 de enero una jornada\u00a0 dedicada a las mujeres profesionales de la","og_url":"https:\/\/www.asajacyl.com\/palencia\/sin-categoria\/mujeres-con-voz-propia-asaja-reunio-en-agraria-a-las-profesionales-del-sector-agroganadero","og_site_name":"ASAJA Palencia","article_published_time":"2025-02-03T07:00:00+00:00","og_image":[{"width":2500,"height":1876,"url":"https:\/\/www.asajacyl.com\/palencia\/wp-content\/uploads\/sites\/3\/2025\/02\/Mujeres-asistentes-final-web2.jpg","type":"image\/jpeg"}],"author":"Administrador","twitter_card":"summary_large_image","twitter_misc":{"Escrito por":"Administrador","Tiempo de lectura":"7 minutos"},"schema":{"@context":"https:\/\/schema.org","@graph":[{"@type":"WebPage","@id":"https:\/\/www.asajacyl.com\/palencia\/sin-categoria\/mujeres-con-voz-propia-asaja-reunio-en-agraria-a-las-profesionales-del-sector-agroganadero","url":"https:\/\/www.asajacyl.com\/palencia\/sin-categoria\/mujeres-con-voz-propia-asaja-reunio-en-agraria-a-las-profesionales-del-sector-agroganadero","name":"'Mujeres con voz propia', ASAJA reuni\u00f3 en Agraria a las profesionales del sector agroganadero - ASAJA Palencia","isPartOf":{"@id":"https:\/\/www.asajacyl.com\/palencia\/#website"},"primaryImageOfPage":{"@id":"https:\/\/www.asajacyl.com\/palencia\/sin-categoria\/mujeres-con-voz-propia-asaja-reunio-en-agraria-a-las-profesionales-del-sector-agroganadero#primaryimage"},"image":{"@id":"https:\/\/www.asajacyl.com\/palencia\/sin-categoria\/mujeres-con-voz-propia-asaja-reunio-en-agraria-a-las-profesionales-del-sector-agroganadero#primaryimage"},"thumbnailUrl":"https:\/\/www.asajacyl.com\/palencia\/wp-content\/uploads\/sites\/3\/2025\/02\/Mujeres-asistentes-final-web2.jpg","datePublished":"2025-02-03T07:00:00+00:00","author":{"@id":"https:\/\/www.asajacyl.com\/palencia\/#\/schema\/person\/3ab17aeb03527485c317557fae64aab1"},"description":"Coincidiendo con la feria Agraria de Valladolid, ASAJA-Castilla y Le\u00f3n celebr\u00f3 el 28 de enero una jornada\u00a0 dedicada a las mujeres profesionales de la","breadcrumb":{"@id":"https:\/\/www.asajacyl.com\/palencia\/sin-categoria\/mujeres-con-voz-propia-asaja-reunio-en-agraria-a-las-profesionales-del-sector-agroganadero#breadcrumb"},"inLanguage":"es","potentialAction":[{"@type":"ReadAction","target":["https:\/\/www.asajacyl.com\/palencia\/sin-categoria\/mujeres-con-voz-propia-asaja-reunio-en-agraria-a-las-profesionales-del-sector-agroganadero"]}]},{"@type":"ImageObject","inLanguage":"es","@id":"https:\/\/www.asajacyl.com\/palencia\/sin-categoria\/mujeres-con-voz-propia-asaja-reunio-en-agraria-a-las-profesionales-del-sector-agroganadero#primaryimage","url":"https:\/\/www.asajacyl.com\/palencia\/wp-content\/uploads\/sites\/3\/2025\/02\/Mujeres-asistentes-final-web2.jpg","contentUrl":"https:\/\/www.asajacyl.com\/palencia\/wp-content\/uploads\/sites\/3\/2025\/02\/Mujeres-asistentes-final-web2.jpg","width":2500,"height":1876},{"@type":"BreadcrumbList","@id":"https:\/\/www.asajacyl.com\/palencia\/sin-categoria\/mujeres-con-voz-propia-asaja-reunio-en-agraria-a-las-profesionales-del-sector-agroganadero#breadcrumb","itemListElement":[{"@type":"ListItem","position":1,"name":"Portada","item":"https:\/\/www.asajacyl.com\/palencia\/"},{"@type":"ListItem","position":2,"name":"&#8216;Mujeres con voz propia&#8217;, ASAJA reuni\u00f3 en Agraria a las profesionales del sector agroganadero"}]},{"@type":"WebSite","@id":"https:\/\/www.asajacyl.com\/palencia\/#website","url":"https:\/\/www.asajacyl.com\/palencia\/","name":"ASAJA Palencia","description":"Otro sitio m\u00e1s de Provincias ASAJA Castilla y Le\u00f3n","potentialAction":[{"@type":"SearchAction","target":{"@type":"EntryPoint","urlTemplate":"https:\/\/www.asajacyl.com\/palencia\/?s={search_term_string}"},"query-input":{"@type":"PropertyValueSpecification","valueRequired":true,"valueName":"search_term_string"}}],"inLanguage":"es"},{"@type":"Person","@id":"https:\/\/www.asajacyl.com\/palencia\/#\/schema\/person\/3ab17aeb03527485c317557fae64aab1","name":"Administrador","image":{"@type":"ImageObject","inLanguage":"es","@id":"https:\/\/www.asajacyl.com\/palencia\/#\/schema\/person\/image\/","url":"https:\/\/secure.gravatar.com\/avatar\/517384810d242ca9e38c180f3c9fb973?s=96&d=mm&r=g","contentUrl":"https:\/\/secure.gravatar.com\/avatar\/517384810d242ca9e38c180f3c9fb973?s=96&d=mm&r=g","caption":"Administrador"},"url":"https:\/\/www.asajacyl.com\/palencia\/author\/carlosrm"}]}},"_links":{"self":[{"href":"https:\/\/www.asajacyl.com\/palencia\/wp-json\/wp\/v2\/posts\/18775"}],"collection":[{"href":"https:\/\/www.asajacyl.com\/palencia\/wp-json\/wp\/v2\/posts"}],"about":[{"href":"https:\/\/www.asajacyl.com\/palencia\/wp-json\/wp\/v2\/types\/post"}],"author":[{"embeddable":true,"href":"https:\/\/www.asajacyl.com\/palencia\/wp-json\/wp\/v2\/users\/9"}],"replies":[{"embeddable":true,"href":"https:\/\/www.asajacyl.com\/palencia\/wp-json\/wp\/v2\/comments?post=18775"}],"version-history":[{"count":2,"href":"https:\/\/www.asajacyl.com\/palencia\/wp-json\/wp\/v2\/posts\/18775\/revisions"}],"predecessor-version":[{"id":18781,"href":"https:\/\/www.asajacyl.com\/palencia\/wp-json\/wp\/v2\/posts\/18775\/revisions\/18781"}],"wp:featuredmedia":[{"embeddable":true,"href":"https:\/\/www.asajacyl.com\/palencia\/wp-json\/wp\/v2\/media\/18780"}],"wp:attachment":[{"href":"https:\/\/www.asajacyl.com\/palencia\/wp-json\/wp\/v2\/media?parent=18775"}],"wp:term":[{"taxonomy":"category","embeddable":true,"href":"https:\/\/www.asajacyl.com\/palencia\/wp-json\/wp\/v2\/categories?post=18775"},{"taxonomy":"post_tag","embeddable":true,"href":"https:\/\/www.asajacyl.com\/palencia\/wp-json\/wp\/v2\/tags?post=18775"}],"curies":[{"name":"wp","href":"https:\/\/api.w.org\/{rel}","templated":true}]}}