{"id":18791,"date":"2025-02-04T09:20:32","date_gmt":"2025-02-04T08:20:32","guid":{"rendered":"https:\/\/www.asajacyl.com\/palencia\/?p=18791"},"modified":"2025-02-04T09:21:24","modified_gmt":"2025-02-04T08:21:24","slug":"baja-la-cotizacion-del-ovino-de-carne-pero-se-mantiene-a-070-e-por-kilo-mas-que-hace-un-ano","status":"publish","type":"post","link":"https:\/\/www.asajacyl.com\/palencia\/asaja-palencia-informa\/baja-la-cotizacion-del-ovino-de-carne-pero-se-mantiene-a-070-e-por-kilo-mas-que-hace-un-ano","title":{"rendered":"Baja la cotizaci\u00f3n del ovino de carne, pero se mantiene a  0,70 \u20ac por kilo m\u00e1s que hace un a\u00f1o"},"content":{"rendered":"\n<h2 class=\"wp-block-heading\">El ovino de carne empieza a acusar la temporada baja, cierto es que ha resistido mejor que otros a\u00f1os la finalizaci\u00f3n de la \u00e9poca de mayor demanda, que coincide con las fiestas de Navidad. Seg\u00fan la lonja de la Mesa del Lechazo de Castilla y Le\u00f3n, que celebr\u00f3 sesi\u00f3n el pasado viernes, 31 de enero, todas las categor\u00edas han perdido veinte c\u00e9ntimos por kilo en el \u00faltimo medio mes. No obstante, los precios se sit\u00faan setenta c\u00e9ntimos por kilo m\u00e1s que hace un a\u00f1o, lo que mantiene una revalorizaci\u00f3n anual del 17,5 %.<\/h2>\n\n\n\n<p>A estas alturas de temporada, los lechazos hab\u00edan bajado ya tres pelda\u00f1os en la lonja que se celebra en viernes alternativos en Tordesillas (Valladolid), el primero de ellos antes incluso de la Nochevieja de 2023. <\/p>\n\n\n\n<p>Esta campa\u00f1a, el ovino de carne ha aguantado sensiblemente mejor el bache propio de estas fechas, fundamentalmente porque la oferta se ha reducido como consecuencia de la falta de relevo generacional en el sector.<\/p>\n\n\n\n<p>En la Mesa del Lechazo de Castilla y Le\u00f3n volvi\u00f3 a cotizar el viernes el lechal de doce a diecis\u00e9is kilos para cebar, en la horquilla de 58-60 euros por animal, categor\u00eda que llevaba sin precio en esta lonja desde v\u00edsperas de Nochebuena. Esta primera cifra de campa\u00f1a se sit\u00faa en torno al 8 % m\u00e1s que hace un a\u00f1o (53-56 euros\/animal).<\/p>\n\n\n\n<p><strong>BOVINO DE CARNE. <\/strong>Por lo que respecta al bovino de carne, la Lonja de Salamanca registr\u00f3 este lunes 2 de febrero una ligera subida de dos c\u00e9ntimos por kilo en las canales de terneras y a\u00f1ojos. La subida es inferior a la de las \u00faltimas semanas, pero hay que recordar que en la anterior sesi\u00f3n se hab\u00edan regularizado los precios para recortar el evidente desfase con respecto a las operaciones reales de mercado y las tablillas de otras lonjas.<\/p>\n\n\n\n<p>Aunque las ventas a estos precios est\u00e1n frenando algo las operaciones en el mercado interior, la demanda para el exterior sigue muy pujantes, especialmente desde los pa\u00edses del Magreb.<strong>\/<\/strong><\/p>\n\n\n\n<figure class=\"wp-block-image size-large is-resized\"><img loading=\"lazy\" decoding=\"async\" width=\"1024\" height=\"768\" src=\"https:\/\/www.asajacyl.com\/palencia\/wp-content\/uploads\/sites\/3\/2025\/02\/Tabla-precios-ganaderia-3feb2025-1024x768.png\" alt=\"\" class=\"wp-image-18792\" style=\"width:1068px;height:auto\" srcset=\"https:\/\/www.asajacyl.com\/palencia\/wp-content\/uploads\/sites\/3\/2025\/02\/Tabla-precios-ganaderia-3feb2025-1024x768.png 1024w, https:\/\/www.asajacyl.com\/palencia\/wp-content\/uploads\/sites\/3\/2025\/02\/Tabla-precios-ganaderia-3feb2025-300x225.png 300w, https:\/\/www.asajacyl.com\/palencia\/wp-content\/uploads\/sites\/3\/2025\/02\/Tabla-precios-ganaderia-3feb2025-768x576.png 768w, https:\/\/www.asajacyl.com\/palencia\/wp-content\/uploads\/sites\/3\/2025\/02\/Tabla-precios-ganaderia-3feb2025-1536x1152.png 1536w, https:\/\/www.asajacyl.com\/palencia\/wp-content\/uploads\/sites\/3\/2025\/02\/Tabla-precios-ganaderia-3feb2025-2048x1536.png 2048w, https:\/\/www.asajacyl.com\/palencia\/wp-content\/uploads\/sites\/3\/2025\/02\/Tabla-precios-ganaderia-3feb2025-560x420.png 560w, https:\/\/www.asajacyl.com\/palencia\/wp-content\/uploads\/sites\/3\/2025\/02\/Tabla-precios-ganaderia-3feb2025-80x60.png 80w, https:\/\/www.asajacyl.com\/palencia\/wp-content\/uploads\/sites\/3\/2025\/02\/Tabla-precios-ganaderia-3feb2025-696x522.png 696w, https:\/\/www.asajacyl.com\/palencia\/wp-content\/uploads\/sites\/3\/2025\/02\/Tabla-precios-ganaderia-3feb2025-1068x801.png 1068w, https:\/\/www.asajacyl.com\/palencia\/wp-content\/uploads\/sites\/3\/2025\/02\/Tabla-precios-ganaderia-3feb2025-1920x1440.png 1920w\" sizes=\"(max-width: 1024px) 100vw, 1024px\" \/><\/figure>\n","protected":false},"excerpt":{"rendered":"<p>El ovino de carne empieza a acusar la temporada baja, cierto es que ha resistido mejor que otros a\u00f1os la finalizaci\u00f3n de la \u00e9poca de mayor demanda, que coincide con las fiestas de Navidad. Seg\u00fan la lonja de la Mesa del Lechazo de Castilla y Le\u00f3n, que celebr\u00f3 sesi\u00f3n el pasado viernes, 31 de enero, [&hellip;]<\/p>\n","protected":false},"author":9,"featured_media":18793,"comment_status":"open","ping_status":"open","sticky":false,"template":"","format":"standard","meta":{"footnotes":""},"categories":[9,29,36,28,13],"tags":[478,77,977,467,510,311],"yoast_head":"<!-- This site is optimized with the Yoast SEO plugin v24.5 - https:\/\/yoast.com\/wordpress\/plugins\/seo\/ -->\n<title>Baja la cotizaci\u00f3n del ovino de carne, pero se mantiene a 0,70 \u20ac por kilo m\u00e1s que hace un a\u00f1o - ASAJA Palencia<\/title>\n<meta name=\"description\" content=\"El ovino de carne empieza a acusar la temporada baja, cierto es que ha resistido mejor que otros a\u00f1os la finalizaci\u00f3n de la \u00e9poca de mayor demanda, que\" \/>\n<meta name=\"robots\" content=\"index, follow, max-snippet:-1, max-image-preview:large, max-video-preview:-1\" \/>\n<link rel=\"canonical\" href=\"https:\/\/www.asajacyl.com\/palencia\/asaja-palencia-informa\/baja-la-cotizacion-del-ovino-de-carne-pero-se-mantiene-a-070-e-por-kilo-mas-que-hace-un-ano\" \/>\n<meta property=\"og:locale\" content=\"es_ES\" \/>\n<meta property=\"og:type\" content=\"article\" \/>\n<meta property=\"og:title\" content=\"Baja la cotizaci\u00f3n del ovino de carne, pero se mantiene a 0,70 \u20ac por kilo m\u00e1s que hace un a\u00f1o - ASAJA Palencia\" \/>\n<meta property=\"og:description\" content=\"El ovino de carne empieza a acusar la temporada baja, cierto es que ha resistido mejor que otros a\u00f1os la finalizaci\u00f3n de la \u00e9poca de mayor demanda, que\" \/>\n<meta property=\"og:url\" content=\"https:\/\/www.asajacyl.com\/palencia\/asaja-palencia-informa\/baja-la-cotizacion-del-ovino-de-carne-pero-se-mantiene-a-070-e-por-kilo-mas-que-hace-un-ano\" \/>\n<meta property=\"og:site_name\" content=\"ASAJA Palencia\" \/>\n<meta property=\"article:published_time\" content=\"2025-02-04T08:20:32+00:00\" \/>\n<meta property=\"article:modified_time\" content=\"2025-02-04T08:21:24+00:00\" \/>\n<meta property=\"og:image\" content=\"https:\/\/www.asajacyl.com\/palencia\/wp-content\/uploads\/sites\/3\/2025\/02\/Ovino-Calzada-de-los-Molinos.jpg\" \/>\n\t<meta property=\"og:image:width\" content=\"1890\" \/>\n\t<meta property=\"og:image:height\" content=\"1654\" \/>\n\t<meta property=\"og:image:type\" content=\"image\/jpeg\" \/>\n<meta name=\"author\" content=\"Administrador\" \/>\n<meta name=\"twitter:card\" content=\"summary_large_image\" \/>\n<meta name=\"twitter:label1\" content=\"Escrito por\" \/>\n\t<meta name=\"twitter:data1\" content=\"Administrador\" \/>\n\t<meta name=\"twitter:label2\" content=\"Tiempo de lectura\" \/>\n\t<meta name=\"twitter:data2\" content=\"2 minutos\" \/>\n<script type=\"application\/ld+json\" class=\"yoast-schema-graph\">{\"@context\":\"https:\/\/schema.org\",\"@graph\":[{\"@type\":\"WebPage\",\"@id\":\"https:\/\/www.asajacyl.com\/palencia\/asaja-palencia-informa\/baja-la-cotizacion-del-ovino-de-carne-pero-se-mantiene-a-070-e-por-kilo-mas-que-hace-un-ano\",\"url\":\"https:\/\/www.asajacyl.com\/palencia\/asaja-palencia-informa\/baja-la-cotizacion-del-ovino-de-carne-pero-se-mantiene-a-070-e-por-kilo-mas-que-hace-un-ano\",\"name\":\"Baja la cotizaci\u00f3n del ovino de carne, pero se mantiene a 0,70 \u20ac por kilo m\u00e1s que hace un a\u00f1o - ASAJA Palencia\",\"isPartOf\":{\"@id\":\"https:\/\/www.asajacyl.com\/palencia\/#website\"},\"primaryImageOfPage\":{\"@id\":\"https:\/\/www.asajacyl.com\/palencia\/asaja-palencia-informa\/baja-la-cotizacion-del-ovino-de-carne-pero-se-mantiene-a-070-e-por-kilo-mas-que-hace-un-ano#primaryimage\"},\"image\":{\"@id\":\"https:\/\/www.asajacyl.com\/palencia\/asaja-palencia-informa\/baja-la-cotizacion-del-ovino-de-carne-pero-se-mantiene-a-070-e-por-kilo-mas-que-hace-un-ano#primaryimage\"},\"thumbnailUrl\":\"https:\/\/www.asajacyl.com\/palencia\/wp-content\/uploads\/sites\/3\/2025\/02\/Ovino-Calzada-de-los-Molinos.jpg\",\"datePublished\":\"2025-02-04T08:20:32+00:00\",\"dateModified\":\"2025-02-04T08:21:24+00:00\",\"author\":{\"@id\":\"https:\/\/www.asajacyl.com\/palencia\/#\/schema\/person\/3ab17aeb03527485c317557fae64aab1\"},\"description\":\"El ovino de carne empieza a acusar la temporada baja, cierto es que ha resistido mejor que otros a\u00f1os la finalizaci\u00f3n de la \u00e9poca de mayor demanda, que\",\"breadcrumb\":{\"@id\":\"https:\/\/www.asajacyl.com\/palencia\/asaja-palencia-informa\/baja-la-cotizacion-del-ovino-de-carne-pero-se-mantiene-a-070-e-por-kilo-mas-que-hace-un-ano#breadcrumb\"},\"inLanguage\":\"es\",\"potentialAction\":[{\"@type\":\"ReadAction\",\"target\":[\"https:\/\/www.asajacyl.com\/palencia\/asaja-palencia-informa\/baja-la-cotizacion-del-ovino-de-carne-pero-se-mantiene-a-070-e-por-kilo-mas-que-hace-un-ano\"]}]},{\"@type\":\"ImageObject\",\"inLanguage\":\"es\",\"@id\":\"https:\/\/www.asajacyl.com\/palencia\/asaja-palencia-informa\/baja-la-cotizacion-del-ovino-de-carne-pero-se-mantiene-a-070-e-por-kilo-mas-que-hace-un-ano#primaryimage\",\"url\":\"https:\/\/www.asajacyl.com\/palencia\/wp-content\/uploads\/sites\/3\/2025\/02\/Ovino-Calzada-de-los-Molinos.jpg\",\"contentUrl\":\"https:\/\/www.asajacyl.com\/palencia\/wp-content\/uploads\/sites\/3\/2025\/02\/Ovino-Calzada-de-los-Molinos.jpg\",\"width\":1890,\"height\":1654},{\"@type\":\"BreadcrumbList\",\"@id\":\"https:\/\/www.asajacyl.com\/palencia\/asaja-palencia-informa\/baja-la-cotizacion-del-ovino-de-carne-pero-se-mantiene-a-070-e-por-kilo-mas-que-hace-un-ano#breadcrumb\",\"itemListElement\":[{\"@type\":\"ListItem\",\"position\":1,\"name\":\"Portada\",\"item\":\"https:\/\/www.asajacyl.com\/palencia\/\"},{\"@type\":\"ListItem\",\"position\":2,\"name\":\"Baja la cotizaci\u00f3n del ovino de carne, pero se mantiene a 0,70 \u20ac por kilo m\u00e1s que hace un a\u00f1o\"}]},{\"@type\":\"WebSite\",\"@id\":\"https:\/\/www.asajacyl.com\/palencia\/#website\",\"url\":\"https:\/\/www.asajacyl.com\/palencia\/\",\"name\":\"ASAJA Palencia\",\"description\":\"Otro sitio m\u00e1s de Provincias ASAJA Castilla y Le\u00f3n\",\"potentialAction\":[{\"@type\":\"SearchAction\",\"target\":{\"@type\":\"EntryPoint\",\"urlTemplate\":\"https:\/\/www.asajacyl.com\/palencia\/?s={search_term_string}\"},\"query-input\":{\"@type\":\"PropertyValueSpecification\",\"valueRequired\":true,\"valueName\":\"search_term_string\"}}],\"inLanguage\":\"es\"},{\"@type\":\"Person\",\"@id\":\"https:\/\/www.asajacyl.com\/palencia\/#\/schema\/person\/3ab17aeb03527485c317557fae64aab1\",\"name\":\"Administrador\",\"image\":{\"@type\":\"ImageObject\",\"inLanguage\":\"es\",\"@id\":\"https:\/\/www.asajacyl.com\/palencia\/#\/schema\/person\/image\/\",\"url\":\"https:\/\/secure.gravatar.com\/avatar\/517384810d242ca9e38c180f3c9fb973?s=96&d=mm&r=g\",\"contentUrl\":\"https:\/\/secure.gravatar.com\/avatar\/517384810d242ca9e38c180f3c9fb973?s=96&d=mm&r=g\",\"caption\":\"Administrador\"},\"url\":\"https:\/\/www.asajacyl.com\/palencia\/author\/carlosrm\"}]}<\/script>\n<!-- \/ Yoast SEO plugin. -->","yoast_head_json":{"title":"Baja la cotizaci\u00f3n del ovino de carne, pero se mantiene a 0,70 \u20ac por kilo m\u00e1s que hace un a\u00f1o - ASAJA Palencia","description":"El ovino de carne empieza a acusar la temporada baja, cierto es que ha resistido mejor que otros a\u00f1os la finalizaci\u00f3n de la \u00e9poca de mayor demanda, que","robots":{"index":"index","follow":"follow","max-snippet":"max-snippet:-1","max-image-preview":"max-image-preview:large","max-video-preview":"max-video-preview:-1"},"canonical":"https:\/\/www.asajacyl.com\/palencia\/asaja-palencia-informa\/baja-la-cotizacion-del-ovino-de-carne-pero-se-mantiene-a-070-e-por-kilo-mas-que-hace-un-ano","og_locale":"es_ES","og_type":"article","og_title":"Baja la cotizaci\u00f3n del ovino de carne, pero se mantiene a 0,70 \u20ac por kilo m\u00e1s que hace un a\u00f1o - ASAJA Palencia","og_description":"El ovino de carne empieza a acusar la temporada baja, cierto es que ha resistido mejor que otros a\u00f1os la finalizaci\u00f3n de la \u00e9poca de mayor demanda, que","og_url":"https:\/\/www.asajacyl.com\/palencia\/asaja-palencia-informa\/baja-la-cotizacion-del-ovino-de-carne-pero-se-mantiene-a-070-e-por-kilo-mas-que-hace-un-ano","og_site_name":"ASAJA Palencia","article_published_time":"2025-02-04T08:20:32+00:00","article_modified_time":"2025-02-04T08:21:24+00:00","og_image":[{"width":1890,"height":1654,"url":"https:\/\/www.asajacyl.com\/palencia\/wp-content\/uploads\/sites\/3\/2025\/02\/Ovino-Calzada-de-los-Molinos.jpg","type":"image\/jpeg"}],"author":"Administrador","twitter_card":"summary_large_image","twitter_misc":{"Escrito por":"Administrador","Tiempo de lectura":"2 minutos"},"schema":{"@context":"https:\/\/schema.org","@graph":[{"@type":"WebPage","@id":"https:\/\/www.asajacyl.com\/palencia\/asaja-palencia-informa\/baja-la-cotizacion-del-ovino-de-carne-pero-se-mantiene-a-070-e-por-kilo-mas-que-hace-un-ano","url":"https:\/\/www.asajacyl.com\/palencia\/asaja-palencia-informa\/baja-la-cotizacion-del-ovino-de-carne-pero-se-mantiene-a-070-e-por-kilo-mas-que-hace-un-ano","name":"Baja la cotizaci\u00f3n del ovino de carne, pero se mantiene a 0,70 \u20ac por kilo m\u00e1s que hace un a\u00f1o - ASAJA Palencia","isPartOf":{"@id":"https:\/\/www.asajacyl.com\/palencia\/#website"},"primaryImageOfPage":{"@id":"https:\/\/www.asajacyl.com\/palencia\/asaja-palencia-informa\/baja-la-cotizacion-del-ovino-de-carne-pero-se-mantiene-a-070-e-por-kilo-mas-que-hace-un-ano#primaryimage"},"image":{"@id":"https:\/\/www.asajacyl.com\/palencia\/asaja-palencia-informa\/baja-la-cotizacion-del-ovino-de-carne-pero-se-mantiene-a-070-e-por-kilo-mas-que-hace-un-ano#primaryimage"},"thumbnailUrl":"https:\/\/www.asajacyl.com\/palencia\/wp-content\/uploads\/sites\/3\/2025\/02\/Ovino-Calzada-de-los-Molinos.jpg","datePublished":"2025-02-04T08:20:32+00:00","dateModified":"2025-02-04T08:21:24+00:00","author":{"@id":"https:\/\/www.asajacyl.com\/palencia\/#\/schema\/person\/3ab17aeb03527485c317557fae64aab1"},"description":"El ovino de carne empieza a acusar la temporada baja, cierto es que ha resistido mejor que otros a\u00f1os la finalizaci\u00f3n de la \u00e9poca de mayor demanda, que","breadcrumb":{"@id":"https:\/\/www.asajacyl.com\/palencia\/asaja-palencia-informa\/baja-la-cotizacion-del-ovino-de-carne-pero-se-mantiene-a-070-e-por-kilo-mas-que-hace-un-ano#breadcrumb"},"inLanguage":"es","potentialAction":[{"@type":"ReadAction","target":["https:\/\/www.asajacyl.com\/palencia\/asaja-palencia-informa\/baja-la-cotizacion-del-ovino-de-carne-pero-se-mantiene-a-070-e-por-kilo-mas-que-hace-un-ano"]}]},{"@type":"ImageObject","inLanguage":"es","@id":"https:\/\/www.asajacyl.com\/palencia\/asaja-palencia-informa\/baja-la-cotizacion-del-ovino-de-carne-pero-se-mantiene-a-070-e-por-kilo-mas-que-hace-un-ano#primaryimage","url":"https:\/\/www.asajacyl.com\/palencia\/wp-content\/uploads\/sites\/3\/2025\/02\/Ovino-Calzada-de-los-Molinos.jpg","contentUrl":"https:\/\/www.asajacyl.com\/palencia\/wp-content\/uploads\/sites\/3\/2025\/02\/Ovino-Calzada-de-los-Molinos.jpg","width":1890,"height":1654},{"@type":"BreadcrumbList","@id":"https:\/\/www.asajacyl.com\/palencia\/asaja-palencia-informa\/baja-la-cotizacion-del-ovino-de-carne-pero-se-mantiene-a-070-e-por-kilo-mas-que-hace-un-ano#breadcrumb","itemListElement":[{"@type":"ListItem","position":1,"name":"Portada","item":"https:\/\/www.asajacyl.com\/palencia\/"},{"@type":"ListItem","position":2,"name":"Baja la cotizaci\u00f3n del ovino de carne, pero se mantiene a 0,70 \u20ac por kilo m\u00e1s que hace un a\u00f1o"}]},{"@type":"WebSite","@id":"https:\/\/www.asajacyl.com\/palencia\/#website","url":"https:\/\/www.asajacyl.com\/palencia\/","name":"ASAJA Palencia","description":"Otro sitio m\u00e1s de Provincias ASAJA Castilla y Le\u00f3n","potentialAction":[{"@type":"SearchAction","target":{"@type":"EntryPoint","urlTemplate":"https:\/\/www.asajacyl.com\/palencia\/?s={search_term_string}"},"query-input":{"@type":"PropertyValueSpecification","valueRequired":true,"valueName":"search_term_string"}}],"inLanguage":"es"},{"@type":"Person","@id":"https:\/\/www.asajacyl.com\/palencia\/#\/schema\/person\/3ab17aeb03527485c317557fae64aab1","name":"Administrador","image":{"@type":"ImageObject","inLanguage":"es","@id":"https:\/\/www.asajacyl.com\/palencia\/#\/schema\/person\/image\/","url":"https:\/\/secure.gravatar.com\/avatar\/517384810d242ca9e38c180f3c9fb973?s=96&d=mm&r=g","contentUrl":"https:\/\/secure.gravatar.com\/avatar\/517384810d242ca9e38c180f3c9fb973?s=96&d=mm&r=g","caption":"Administrador"},"url":"https:\/\/www.asajacyl.com\/palencia\/author\/carlosrm"}]}},"_links":{"self":[{"href":"https:\/\/www.asajacyl.com\/palencia\/wp-json\/wp\/v2\/posts\/18791"}],"collection":[{"href":"https:\/\/www.asajacyl.com\/palencia\/wp-json\/wp\/v2\/posts"}],"about":[{"href":"https:\/\/www.asajacyl.com\/palencia\/wp-json\/wp\/v2\/types\/post"}],"author":[{"embeddable":true,"href":"https:\/\/www.asajacyl.com\/palencia\/wp-json\/wp\/v2\/users\/9"}],"replies":[{"embeddable":true,"href":"https:\/\/www.asajacyl.com\/palencia\/wp-json\/wp\/v2\/comments?post=18791"}],"version-history":[{"count":3,"href":"https:\/\/www.asajacyl.com\/palencia\/wp-json\/wp\/v2\/posts\/18791\/revisions"}],"predecessor-version":[{"id":18796,"href":"https:\/\/www.asajacyl.com\/palencia\/wp-json\/wp\/v2\/posts\/18791\/revisions\/18796"}],"wp:featuredmedia":[{"embeddable":true,"href":"https:\/\/www.asajacyl.com\/palencia\/wp-json\/wp\/v2\/media\/18793"}],"wp:attachment":[{"href":"https:\/\/www.asajacyl.com\/palencia\/wp-json\/wp\/v2\/media?parent=18791"}],"wp:term":[{"taxonomy":"category","embeddable":true,"href":"https:\/\/www.asajacyl.com\/palencia\/wp-json\/wp\/v2\/categories?post=18791"},{"taxonomy":"post_tag","embeddable":true,"href":"https:\/\/www.asajacyl.com\/palencia\/wp-json\/wp\/v2\/tags?post=18791"}],"curies":[{"name":"wp","href":"https:\/\/api.w.org\/{rel}","templated":true}]}}