{"id":18805,"date":"2025-02-08T09:00:00","date_gmt":"2025-02-08T08:00:00","guid":{"rendered":"https:\/\/www.asajacyl.com\/palencia\/?p=18805"},"modified":"2025-02-05T13:02:55","modified_gmt":"2025-02-05T12:02:55","slug":"lo-que-esconde-la-renta-agraria","status":"publish","type":"post","link":"https:\/\/www.asajacyl.com\/palencia\/asaja-palencia-informa\/lo-que-esconde-la-renta-agraria","title":{"rendered":"Lo que esconde la renta agraria"},"content":{"rendered":"\n<h2 class=\"wp-block-heading\">DONACIANO DUJO | Presidente de ASAJA-Castilla y Le\u00f3n<\/h2>\n\n\n\n<p>HACE pocas semanas buena parte de los agricultores han liquidado la cosecha 2024. No es que los precios sean mucho mejores que en septiembre, pero la necesidad obliga, y no solo por cerrar el ejercicio fiscal. En las explotaciones falta liquidez. Tras varios a\u00f1os muy malos, en producciones y ahora en precios, los agricultores necesitan contar con algo, por poco que sea, para afrontar los gastos que necesariamente traen las siembras. Se llegar\u00e1 hasta donde se llegue, y todo parece apuntar que seguiremos la senda de los \u00faltimos a\u00f1os. <\/p>\n\n\n\n<p>En Castilla y Le\u00f3n hemos pasado de dos millones de hect\u00e1reas de cereal a poco m\u00e1s de mill\u00f3n y medio. Si no siembras, puede que no ganes, pero lo que es seguro es que no gastar\u00e1s en abono, semilla, gasoil&#8230; Y esas son las cuentas que se hacen los agricultores de Castilla y Le\u00f3n, que no son muy diferentes de las que se hacen los agricultores franceses y del resto de pa\u00edses.<\/p>\n\n\n\n<p><strong>PRECIOS M\u00cdNIMOS EN CEREAL. <\/strong>El hecho es que los ingresos netos de las explotaciones agr\u00edcolas cerealistas, modelo imperante en Castilla y Le\u00f3n, siguen arrojando resultados negativos. Pese a que el tiempo en general benigno ha impulsado las producciones, los precios se han mantenido m\u00ednimos, un 25 % por debajo de los registros de 2022, mientras que los costes de producci\u00f3n siguen altos.<\/p>\n\n\n\n<p>La situaci\u00f3n de un sector esencial como es el cereal en Castilla y Le\u00f3n casa mal con esa renta agraria nacional que sube, seg\u00fan las cifras oficiales del Ministerio de Agricultura. Una subida con matices. S\u00ed, ha habido m\u00e1s toneladas de cereal, pero part\u00edamos de 2023, a\u00f1o de sequ\u00eda. S\u00ed, ha habido precio en ganader\u00eda, pero cada vez quedan menos explotaciones, y encima los problemas sanitarios se multiplican.<\/p>\n\n\n\n<p><strong>MENOS SUPERFICIE, MENOS CABEZAS DE GANADO. <\/strong>Los agricultores y ganaderos no ven alegr\u00eda, y esta inestabilidad se refleja en los datos. Adem\u00e1s de la bajada important\u00edsima en la superficie de cereal, en vacuno tenemos 100 000 cabezas menos que en 2023; en ovino 142 000 menos; en caprino cinco mil animales menos, y en porcino 80 000 cabezas menos que el a\u00f1o anterior. La producci\u00f3n de carne se ha recortado igualmente en 52 000 toneladas. Y en leche, hoy ya solo hay 650 explotaciones de vacuno de leche, setenta y cinco menos que el a\u00f1o anterior; y en ovino son 950, cincuenta menos que en 2023. A esto hay que sumar que, por primera vez en mucho tiempo, los viticultores se est\u00e1n planteando arrancar vi\u00f1as.<\/p>\n\n\n\n<p>La volatilidad continua de los mercados, que afecta tanto a los precios que percibimos por nuestra producci\u00f3n como a los insumos que necesitamos, hace muy dif\u00edcil equilibrar las cuentas. Si a\u00f1adimos la presi\u00f3n que existe sobre el suelo \u2014en agricultura los macroparques fotovoltaicos y en ganader\u00eda intereses varios que pretenden expulsarla del territorio\u2014, se puede entender la desolaci\u00f3n de los profesionales. <\/p>\n\n\n\n<p>Por eso, los pol\u00edticos deber\u00edan ser extremadamente cuidadosos y no a\u00f1adir penas que dificulten m\u00e1s la tarea a los agricultores y ganaderos, ll\u00e1mese PAC, Mercosur o cualquier otra limitaci\u00f3n pretendidamente medioambiental que pueda asfixiar al sector. En Castilla y Le\u00f3n tenemos capacidad de producir y futuro, pero solo si nos dejan.<\/p>\n\n\n\n<blockquote class=\"wp-block-quote is-layout-flow wp-block-quote-is-layout-flow\">\n<p><strong>\u00abLOS POL\u00cdTICOS DEBER\u00cdAN SER EXTREMADAMENTE CUIDADOSOS Y NO A\u00d1ADIR PENAS QUE DIFICULTEN M\u00c1S LA TAREA A LOS AGRICULTORES Y LOS GANADEROS, LL\u00c1MESE pac, MERCOSUR O CUALQUIER OTRA LIMITACI\u00d3N PRETENDIDAMENTE MEDIOAMBIENTAL QUE PUEDA ASFIXIAR AL SECTOR.\u00bb<\/strong><\/p>\n<\/blockquote>\n","protected":false},"excerpt":{"rendered":"<p>DONACIANO DUJO | Presidente de ASAJA-Castilla y Le\u00f3n HACE pocas semanas buena parte de los agricultores han liquidado la cosecha 2024. No es que los precios sean mucho mejores que en septiembre, pero la necesidad obliga, y no solo por cerrar el ejercicio fiscal. En las explotaciones falta liquidez. Tras varios a\u00f1os muy malos, en [&hellip;]<\/p>\n","protected":false},"author":9,"featured_media":18807,"comment_status":"open","ping_status":"open","sticky":false,"template":"","format":"standard","meta":{"footnotes":""},"categories":[9,29,30,28],"tags":[58,234,46,166,351,77,374,143,45,144,309],"yoast_head":"<!-- This site is optimized with the Yoast SEO plugin v24.5 - https:\/\/yoast.com\/wordpress\/plugins\/seo\/ -->\n<title>Lo que esconde la renta agraria - ASAJA Palencia<\/title>\n<meta name=\"description\" content=\"DONACIANO DUJO | Presidente de ASAJA-Castilla y Le\u00f3n HACE pocas semanas buena parte de los agricultores han liquidado la cosecha 2024. No es que los\" \/>\n<meta name=\"robots\" content=\"index, follow, max-snippet:-1, max-image-preview:large, max-video-preview:-1\" \/>\n<link rel=\"canonical\" href=\"https:\/\/www.asajacyl.com\/palencia\/asaja-palencia-informa\/lo-que-esconde-la-renta-agraria\" \/>\n<meta property=\"og:locale\" content=\"es_ES\" \/>\n<meta property=\"og:type\" content=\"article\" \/>\n<meta property=\"og:title\" content=\"Lo que esconde la renta agraria - ASAJA Palencia\" \/>\n<meta property=\"og:description\" content=\"DONACIANO DUJO | Presidente de ASAJA-Castilla y Le\u00f3n HACE pocas semanas buena parte de los agricultores han liquidado la cosecha 2024. No es que los\" \/>\n<meta property=\"og:url\" content=\"https:\/\/www.asajacyl.com\/palencia\/asaja-palencia-informa\/lo-que-esconde-la-renta-agraria\" \/>\n<meta property=\"og:site_name\" content=\"ASAJA Palencia\" \/>\n<meta property=\"article:published_time\" content=\"2025-02-08T08:00:00+00:00\" \/>\n<meta property=\"og:image\" content=\"https:\/\/www.asajacyl.com\/palencia\/wp-content\/uploads\/sites\/3\/2025\/02\/Donaciano-Dujo-en-sede-ASAJA-CyL-2web.jpg\" \/>\n\t<meta property=\"og:image:width\" content=\"1890\" \/>\n\t<meta property=\"og:image:height\" content=\"1654\" \/>\n\t<meta property=\"og:image:type\" content=\"image\/jpeg\" \/>\n<meta name=\"author\" content=\"Administrador\" \/>\n<meta name=\"twitter:card\" content=\"summary_large_image\" \/>\n<meta name=\"twitter:label1\" content=\"Escrito por\" \/>\n\t<meta name=\"twitter:data1\" content=\"Administrador\" \/>\n\t<meta name=\"twitter:label2\" content=\"Tiempo de lectura\" \/>\n\t<meta name=\"twitter:data2\" content=\"3 minutos\" \/>\n<script type=\"application\/ld+json\" class=\"yoast-schema-graph\">{\"@context\":\"https:\/\/schema.org\",\"@graph\":[{\"@type\":\"WebPage\",\"@id\":\"https:\/\/www.asajacyl.com\/palencia\/asaja-palencia-informa\/lo-que-esconde-la-renta-agraria\",\"url\":\"https:\/\/www.asajacyl.com\/palencia\/asaja-palencia-informa\/lo-que-esconde-la-renta-agraria\",\"name\":\"Lo que esconde la renta agraria - ASAJA Palencia\",\"isPartOf\":{\"@id\":\"https:\/\/www.asajacyl.com\/palencia\/#website\"},\"primaryImageOfPage\":{\"@id\":\"https:\/\/www.asajacyl.com\/palencia\/asaja-palencia-informa\/lo-que-esconde-la-renta-agraria#primaryimage\"},\"image\":{\"@id\":\"https:\/\/www.asajacyl.com\/palencia\/asaja-palencia-informa\/lo-que-esconde-la-renta-agraria#primaryimage\"},\"thumbnailUrl\":\"https:\/\/www.asajacyl.com\/palencia\/wp-content\/uploads\/sites\/3\/2025\/02\/Donaciano-Dujo-en-sede-ASAJA-CyL-2web.jpg\",\"datePublished\":\"2025-02-08T08:00:00+00:00\",\"author\":{\"@id\":\"https:\/\/www.asajacyl.com\/palencia\/#\/schema\/person\/3ab17aeb03527485c317557fae64aab1\"},\"description\":\"DONACIANO DUJO | Presidente de ASAJA-Castilla y Le\u00f3n HACE pocas semanas buena parte de los agricultores han liquidado la cosecha 2024. No es que los\",\"breadcrumb\":{\"@id\":\"https:\/\/www.asajacyl.com\/palencia\/asaja-palencia-informa\/lo-que-esconde-la-renta-agraria#breadcrumb\"},\"inLanguage\":\"es\",\"potentialAction\":[{\"@type\":\"ReadAction\",\"target\":[\"https:\/\/www.asajacyl.com\/palencia\/asaja-palencia-informa\/lo-que-esconde-la-renta-agraria\"]}]},{\"@type\":\"ImageObject\",\"inLanguage\":\"es\",\"@id\":\"https:\/\/www.asajacyl.com\/palencia\/asaja-palencia-informa\/lo-que-esconde-la-renta-agraria#primaryimage\",\"url\":\"https:\/\/www.asajacyl.com\/palencia\/wp-content\/uploads\/sites\/3\/2025\/02\/Donaciano-Dujo-en-sede-ASAJA-CyL-2web.jpg\",\"contentUrl\":\"https:\/\/www.asajacyl.com\/palencia\/wp-content\/uploads\/sites\/3\/2025\/02\/Donaciano-Dujo-en-sede-ASAJA-CyL-2web.jpg\",\"width\":1890,\"height\":1654},{\"@type\":\"BreadcrumbList\",\"@id\":\"https:\/\/www.asajacyl.com\/palencia\/asaja-palencia-informa\/lo-que-esconde-la-renta-agraria#breadcrumb\",\"itemListElement\":[{\"@type\":\"ListItem\",\"position\":1,\"name\":\"Portada\",\"item\":\"https:\/\/www.asajacyl.com\/palencia\/\"},{\"@type\":\"ListItem\",\"position\":2,\"name\":\"Lo que esconde la renta agraria\"}]},{\"@type\":\"WebSite\",\"@id\":\"https:\/\/www.asajacyl.com\/palencia\/#website\",\"url\":\"https:\/\/www.asajacyl.com\/palencia\/\",\"name\":\"ASAJA Palencia\",\"description\":\"Otro sitio m\u00e1s de Provincias ASAJA Castilla y Le\u00f3n\",\"potentialAction\":[{\"@type\":\"SearchAction\",\"target\":{\"@type\":\"EntryPoint\",\"urlTemplate\":\"https:\/\/www.asajacyl.com\/palencia\/?s={search_term_string}\"},\"query-input\":{\"@type\":\"PropertyValueSpecification\",\"valueRequired\":true,\"valueName\":\"search_term_string\"}}],\"inLanguage\":\"es\"},{\"@type\":\"Person\",\"@id\":\"https:\/\/www.asajacyl.com\/palencia\/#\/schema\/person\/3ab17aeb03527485c317557fae64aab1\",\"name\":\"Administrador\",\"image\":{\"@type\":\"ImageObject\",\"inLanguage\":\"es\",\"@id\":\"https:\/\/www.asajacyl.com\/palencia\/#\/schema\/person\/image\/\",\"url\":\"https:\/\/secure.gravatar.com\/avatar\/517384810d242ca9e38c180f3c9fb973?s=96&d=mm&r=g\",\"contentUrl\":\"https:\/\/secure.gravatar.com\/avatar\/517384810d242ca9e38c180f3c9fb973?s=96&d=mm&r=g\",\"caption\":\"Administrador\"},\"url\":\"https:\/\/www.asajacyl.com\/palencia\/author\/carlosrm\"}]}<\/script>\n<!-- \/ Yoast SEO plugin. -->","yoast_head_json":{"title":"Lo que esconde la renta agraria - ASAJA Palencia","description":"DONACIANO DUJO | Presidente de ASAJA-Castilla y Le\u00f3n HACE pocas semanas buena parte de los agricultores han liquidado la cosecha 2024. No es que los","robots":{"index":"index","follow":"follow","max-snippet":"max-snippet:-1","max-image-preview":"max-image-preview:large","max-video-preview":"max-video-preview:-1"},"canonical":"https:\/\/www.asajacyl.com\/palencia\/asaja-palencia-informa\/lo-que-esconde-la-renta-agraria","og_locale":"es_ES","og_type":"article","og_title":"Lo que esconde la renta agraria - ASAJA Palencia","og_description":"DONACIANO DUJO | Presidente de ASAJA-Castilla y Le\u00f3n HACE pocas semanas buena parte de los agricultores han liquidado la cosecha 2024. No es que los","og_url":"https:\/\/www.asajacyl.com\/palencia\/asaja-palencia-informa\/lo-que-esconde-la-renta-agraria","og_site_name":"ASAJA Palencia","article_published_time":"2025-02-08T08:00:00+00:00","og_image":[{"width":1890,"height":1654,"url":"https:\/\/www.asajacyl.com\/palencia\/wp-content\/uploads\/sites\/3\/2025\/02\/Donaciano-Dujo-en-sede-ASAJA-CyL-2web.jpg","type":"image\/jpeg"}],"author":"Administrador","twitter_card":"summary_large_image","twitter_misc":{"Escrito por":"Administrador","Tiempo de lectura":"3 minutos"},"schema":{"@context":"https:\/\/schema.org","@graph":[{"@type":"WebPage","@id":"https:\/\/www.asajacyl.com\/palencia\/asaja-palencia-informa\/lo-que-esconde-la-renta-agraria","url":"https:\/\/www.asajacyl.com\/palencia\/asaja-palencia-informa\/lo-que-esconde-la-renta-agraria","name":"Lo que esconde la renta agraria - ASAJA Palencia","isPartOf":{"@id":"https:\/\/www.asajacyl.com\/palencia\/#website"},"primaryImageOfPage":{"@id":"https:\/\/www.asajacyl.com\/palencia\/asaja-palencia-informa\/lo-que-esconde-la-renta-agraria#primaryimage"},"image":{"@id":"https:\/\/www.asajacyl.com\/palencia\/asaja-palencia-informa\/lo-que-esconde-la-renta-agraria#primaryimage"},"thumbnailUrl":"https:\/\/www.asajacyl.com\/palencia\/wp-content\/uploads\/sites\/3\/2025\/02\/Donaciano-Dujo-en-sede-ASAJA-CyL-2web.jpg","datePublished":"2025-02-08T08:00:00+00:00","author":{"@id":"https:\/\/www.asajacyl.com\/palencia\/#\/schema\/person\/3ab17aeb03527485c317557fae64aab1"},"description":"DONACIANO DUJO | Presidente de ASAJA-Castilla y Le\u00f3n HACE pocas semanas buena parte de los agricultores han liquidado la cosecha 2024. No es que los","breadcrumb":{"@id":"https:\/\/www.asajacyl.com\/palencia\/asaja-palencia-informa\/lo-que-esconde-la-renta-agraria#breadcrumb"},"inLanguage":"es","potentialAction":[{"@type":"ReadAction","target":["https:\/\/www.asajacyl.com\/palencia\/asaja-palencia-informa\/lo-que-esconde-la-renta-agraria"]}]},{"@type":"ImageObject","inLanguage":"es","@id":"https:\/\/www.asajacyl.com\/palencia\/asaja-palencia-informa\/lo-que-esconde-la-renta-agraria#primaryimage","url":"https:\/\/www.asajacyl.com\/palencia\/wp-content\/uploads\/sites\/3\/2025\/02\/Donaciano-Dujo-en-sede-ASAJA-CyL-2web.jpg","contentUrl":"https:\/\/www.asajacyl.com\/palencia\/wp-content\/uploads\/sites\/3\/2025\/02\/Donaciano-Dujo-en-sede-ASAJA-CyL-2web.jpg","width":1890,"height":1654},{"@type":"BreadcrumbList","@id":"https:\/\/www.asajacyl.com\/palencia\/asaja-palencia-informa\/lo-que-esconde-la-renta-agraria#breadcrumb","itemListElement":[{"@type":"ListItem","position":1,"name":"Portada","item":"https:\/\/www.asajacyl.com\/palencia\/"},{"@type":"ListItem","position":2,"name":"Lo que esconde la renta agraria"}]},{"@type":"WebSite","@id":"https:\/\/www.asajacyl.com\/palencia\/#website","url":"https:\/\/www.asajacyl.com\/palencia\/","name":"ASAJA Palencia","description":"Otro sitio m\u00e1s de Provincias ASAJA Castilla y Le\u00f3n","potentialAction":[{"@type":"SearchAction","target":{"@type":"EntryPoint","urlTemplate":"https:\/\/www.asajacyl.com\/palencia\/?s={search_term_string}"},"query-input":{"@type":"PropertyValueSpecification","valueRequired":true,"valueName":"search_term_string"}}],"inLanguage":"es"},{"@type":"Person","@id":"https:\/\/www.asajacyl.com\/palencia\/#\/schema\/person\/3ab17aeb03527485c317557fae64aab1","name":"Administrador","image":{"@type":"ImageObject","inLanguage":"es","@id":"https:\/\/www.asajacyl.com\/palencia\/#\/schema\/person\/image\/","url":"https:\/\/secure.gravatar.com\/avatar\/517384810d242ca9e38c180f3c9fb973?s=96&d=mm&r=g","contentUrl":"https:\/\/secure.gravatar.com\/avatar\/517384810d242ca9e38c180f3c9fb973?s=96&d=mm&r=g","caption":"Administrador"},"url":"https:\/\/www.asajacyl.com\/palencia\/author\/carlosrm"}]}},"_links":{"self":[{"href":"https:\/\/www.asajacyl.com\/palencia\/wp-json\/wp\/v2\/posts\/18805"}],"collection":[{"href":"https:\/\/www.asajacyl.com\/palencia\/wp-json\/wp\/v2\/posts"}],"about":[{"href":"https:\/\/www.asajacyl.com\/palencia\/wp-json\/wp\/v2\/types\/post"}],"author":[{"embeddable":true,"href":"https:\/\/www.asajacyl.com\/palencia\/wp-json\/wp\/v2\/users\/9"}],"replies":[{"embeddable":true,"href":"https:\/\/www.asajacyl.com\/palencia\/wp-json\/wp\/v2\/comments?post=18805"}],"version-history":[{"count":1,"href":"https:\/\/www.asajacyl.com\/palencia\/wp-json\/wp\/v2\/posts\/18805\/revisions"}],"predecessor-version":[{"id":18808,"href":"https:\/\/www.asajacyl.com\/palencia\/wp-json\/wp\/v2\/posts\/18805\/revisions\/18808"}],"wp:featuredmedia":[{"embeddable":true,"href":"https:\/\/www.asajacyl.com\/palencia\/wp-json\/wp\/v2\/media\/18807"}],"wp:attachment":[{"href":"https:\/\/www.asajacyl.com\/palencia\/wp-json\/wp\/v2\/media?parent=18805"}],"wp:term":[{"taxonomy":"category","embeddable":true,"href":"https:\/\/www.asajacyl.com\/palencia\/wp-json\/wp\/v2\/categories?post=18805"},{"taxonomy":"post_tag","embeddable":true,"href":"https:\/\/www.asajacyl.com\/palencia\/wp-json\/wp\/v2\/tags?post=18805"}],"curies":[{"name":"wp","href":"https:\/\/api.w.org\/{rel}","templated":true}]}}