{"id":18811,"date":"2025-02-06T08:45:00","date_gmt":"2025-02-06T07:45:00","guid":{"rendered":"https:\/\/www.asajacyl.com\/palencia\/?p=18811"},"modified":"2025-02-06T08:44:03","modified_gmt":"2025-02-06T07:44:03","slug":"esenciales","status":"publish","type":"post","link":"https:\/\/www.asajacyl.com\/palencia\/asaja-palencia-informa\/esenciales","title":{"rendered":"Esenciales"},"content":{"rendered":"\n<h2 class=\"wp-block-heading\">JOS\u00c9 LUIS MARCOS | Presidente de ASAJA-Palencia<\/h2>\n\n\n<div class=\"wp-block-image\">\n<figure class=\"alignright size-large is-resized\"><img loading=\"lazy\" decoding=\"async\" width=\"1024\" height=\"896\" src=\"https:\/\/www.asajacyl.com\/palencia\/wp-content\/uploads\/sites\/3\/2024\/02\/Movilizacion-14-F-avenida-C-1024x896.jpg\" alt=\"\" class=\"wp-image-15397\" style=\"width:481px;height:auto\" srcset=\"https:\/\/www.asajacyl.com\/palencia\/wp-content\/uploads\/sites\/3\/2024\/02\/Movilizacion-14-F-avenida-C-1024x896.jpg 1024w, https:\/\/www.asajacyl.com\/palencia\/wp-content\/uploads\/sites\/3\/2024\/02\/Movilizacion-14-F-avenida-C-300x263.jpg 300w, https:\/\/www.asajacyl.com\/palencia\/wp-content\/uploads\/sites\/3\/2024\/02\/Movilizacion-14-F-avenida-C-768x672.jpg 768w, https:\/\/www.asajacyl.com\/palencia\/wp-content\/uploads\/sites\/3\/2024\/02\/Movilizacion-14-F-avenida-C-696x609.jpg 696w, https:\/\/www.asajacyl.com\/palencia\/wp-content\/uploads\/sites\/3\/2024\/02\/Movilizacion-14-F-avenida-C-480x420.jpg 480w, https:\/\/www.asajacyl.com\/palencia\/wp-content\/uploads\/sites\/3\/2024\/02\/Movilizacion-14-F-avenida-C.jpg 1057w\" sizes=\"(max-width: 1024px) 100vw, 1024px\" \/><figcaption class=\"wp-element-caption\">Tractores circulando por la avenida de Catalu\u00f1a de Palencia, durante la movilizaci\u00f3n del 14 de febrero en esta provincia, convocada por ASAJA y las otras organizaciones con representatividad.<\/figcaption><\/figure><\/div>\n\n\n<p>LOS profesionales del campo espa\u00f1ol, como los de buena parte de la Uni\u00f3n Europea, protagoniz\u00e1bamos en los primeros meses de 2024 una movilizaci\u00f3n sin antecedentes hist\u00f3ricos inmediatos. Agricultores y ganaderos expres\u00e1bamos en las calles sentimientos de abandono e injusticia. <\/p>\n\n\n\n<p>Nos quej\u00e1bamos de la competencia desleal desde\u00a0pa\u00edses extracomunitarios, de la inflaci\u00f3n de costes, de la baja rentabilidad de la inversi\u00f3n y del trabajo agroganaderos, del exceso de pol\u00edticas regulatorias (especialmente desde las instituciones europeas), de una digitalizaci\u00f3n que el sector no demanda al ritmo acelerado que se nos impone&#8230; y tambi\u00e9n denunci\u00e1bamos una falta de reconocimiento social y de apoyo real desde las administraciones p\u00fablicas.<\/p>\n\n\n\n<p>De alg\u00fan modo, en poco tiempo hab\u00edamos pasado de sector esencial (uno de los pocos a los que se dej\u00f3 trabajar durante la pandemia para asegurar el suministro de alimentos) a criminalizarnos por perjudicar el medio ambiente y no mirar por la salud del consumidor, y a inundarnos con un tsunami de normas, requisitos, condiciones, exigencias\u2026 en definitiva, esas mareas de papeleo de ida (a base de boletines oficiales) y de papeleo de vuelta que debemos presentar en tiempo y forma para cumplir lo que se nos plantea\u2026 \u00a1Esas famosas carpetas que nos quitan el sue\u00f1o m\u00e1s que el manejo de la propia explotaci\u00f3n!<\/p>\n\n\n\n<p><strong>UNA PAC FALLIDA. <\/strong>La movilizaci\u00f3n mostr\u00f3 adem\u00e1s el rechazo profundo a la actual Pol\u00edtica Agr\u00edcola Comunitaria 2023-2027, cuyo sesgo medioambientalista y restrictivo es patente. Los mismos retoques que, a ra\u00edz de las protestas, se van introduciendo aqu\u00ed y all\u00e1 (casi siempre en cuestiones puntuales, no en aspectos de fondo) son la prueba manifiesta de que muchas normas obedecen a prejuicios ideol\u00f3gicos y modas pol\u00edticas, sin el respaldo de evidencias cient\u00edficas, razones agron\u00f3micas y motivos productivos. <\/p>\n\n\n<div class=\"wp-block-image\">\n<figure class=\"alignright size-large is-resized\"><img loading=\"lazy\" decoding=\"async\" width=\"1024\" height=\"896\" src=\"https:\/\/www.asajacyl.com\/palencia\/wp-content\/uploads\/sites\/3\/2025\/02\/Tractorada-Magaz-1024x896.jpg\" alt=\"\" class=\"wp-image-18812\" style=\"width:481px;height:auto\" srcset=\"https:\/\/www.asajacyl.com\/palencia\/wp-content\/uploads\/sites\/3\/2025\/02\/Tractorada-Magaz-1024x896.jpg 1024w, https:\/\/www.asajacyl.com\/palencia\/wp-content\/uploads\/sites\/3\/2025\/02\/Tractorada-Magaz-300x263.jpg 300w, https:\/\/www.asajacyl.com\/palencia\/wp-content\/uploads\/sites\/3\/2025\/02\/Tractorada-Magaz-768x672.jpg 768w, https:\/\/www.asajacyl.com\/palencia\/wp-content\/uploads\/sites\/3\/2025\/02\/Tractorada-Magaz-1536x1344.jpg 1536w, https:\/\/www.asajacyl.com\/palencia\/wp-content\/uploads\/sites\/3\/2025\/02\/Tractorada-Magaz-480x420.jpg 480w, https:\/\/www.asajacyl.com\/palencia\/wp-content\/uploads\/sites\/3\/2025\/02\/Tractorada-Magaz-696x609.jpg 696w, https:\/\/www.asajacyl.com\/palencia\/wp-content\/uploads\/sites\/3\/2025\/02\/Tractorada-Magaz-1068x935.jpg 1068w, https:\/\/www.asajacyl.com\/palencia\/wp-content\/uploads\/sites\/3\/2025\/02\/Tractorada-Magaz.jpg 1890w\" sizes=\"(max-width: 1024px) 100vw, 1024px\" \/><figcaption class=\"wp-element-caption\">Tractor con una bandera de la provincia de Palencia y una pancarta en contra de la Agenda 2030, durante la concentraci\u00f3n del 14-F en Magaz de Pisuerga. <\/figcaption><\/figure><\/div>\n\n\n<p>La famosa Agenda 2030, que no hemos votado y que obedece a planteamientos globalistas de unas \u00e9lites que en su vida pisaron una granja, inspira esa PAC y muchas otras pol\u00edticas que nos afectan en el d\u00eda a d\u00eda.<\/p>\n\n\n\n<p>Por poner un ejemplo concreto, cualquiera que sepa el combustible que gasta un avi\u00f3n comercial (entre tres y cuatro litros de queroseno por pasajero cada cien kil\u00f3metros) deducir\u00e1 que los consumos actuales de gas\u00f3leo agr\u00edcola para producir alimentos y su efecto en el medioambiente son comparativamente tan insignificantes que no justifican ciertas obligaciones agron\u00f3micas. <\/p>\n\n\n\n<p>Adem\u00e1s, el profesional del campo es el primer interesado en ajustar ese coste. Pero ve que, mientras a \u00e9l le miden los mil\u00edmetros de profundidad de arado, otros surcan el aire ma\u00f1ana, tarde y noche sin que eso parezca preocupar a nadie&#8230; Pero hoy no quer\u00eda yo hablar del Falcon.<\/p>\n\n\n\n<p><strong>TOLVA NORMATIVA. <\/strong>La UE est\u00e1 metida en una tolva normativa de la que no sabe salir. Los pa\u00edses y los ciudadanos somos v\u00edctimas de una obsesi\u00f3n regulatoria que frena el desarrollo de muchos sectores, incluido el nuestro. <\/p>\n\n\n\n<p>Ahora que las mentes pensantes del poder comunitario ya dibujan las l\u00edneas de la futura PAC, deben mirar no tanto por asegurar alimentos de calidad a precios asequibles para toda la poblaci\u00f3n europea (capacidad que ya hemos demostrado), como las medidas y la financiaci\u00f3n para que una minor\u00eda de la poblaci\u00f3n (y bajando) que nos dedicamos a ello siga dispuesta a hacerlo.<\/p>\n\n\n\n<p>De lo contrario, la agricultura y la ganader\u00eda corren riesgo de acabar como otra m\u00e1s de las actividades econ\u00f3micas que vamos externalizando fuera del espacio comunitario. Y entonces otros nos vender\u00e1n alimentos de peor calidad y al precio que nos quieran cobrar. Otra lecci\u00f3n (por cierto, ya olvidada) que nos dej\u00f3 la pandemia.<strong>\/<\/strong><\/p>\n\n\n\n<blockquote class=\"wp-block-quote is-layout-flow wp-block-quote-is-layout-flow\">\n<p><strong>\u00abLa famosa Agenda 2030, que no hemos votado y que obedece a planteamientos globalistas de unas \u00e9lites que en su vida pisaron una granja, inspira LA ACTUAL PAC 2023-2027 y muchas otras pol\u00edticas que nos afectan en el d\u00eda a d\u00eda.\u00bb<\/strong><\/p>\n<\/blockquote>\n","protected":false},"excerpt":{"rendered":"<p>JOS\u00c9 LUIS MARCOS | Presidente de ASAJA-Palencia LOS profesionales del campo espa\u00f1ol, como los de buena parte de la Uni\u00f3n Europea, protagoniz\u00e1bamos en los primeros meses de 2024 una movilizaci\u00f3n sin antecedentes hist\u00f3ricos inmediatos. Agricultores y ganaderos expres\u00e1bamos en las calles sentimientos de abandono e injusticia. Nos quej\u00e1bamos de la competencia desleal desde\u00a0pa\u00edses extracomunitarios, de [&hellip;]<\/p>\n","protected":false},"author":9,"featured_media":15857,"comment_status":"open","ping_status":"open","sticky":false,"template":"","format":"standard","meta":{"footnotes":""},"categories":[9,29,30,28],"tags":[1275,58,351,77,706,1274,45,458],"yoast_head":"<!-- This site is optimized with the Yoast SEO plugin v24.5 - https:\/\/yoast.com\/wordpress\/plugins\/seo\/ -->\n<title>Esenciales - ASAJA Palencia<\/title>\n<meta name=\"description\" content=\"JOS\u00c9 LUIS MARCOS | Presidente de ASAJA-Palencia Tractores circulando por la avenida de Catalu\u00f1a de Palencia, durante la movilizaci\u00f3n del 14 de febrero en\" \/>\n<meta name=\"robots\" content=\"index, follow, max-snippet:-1, max-image-preview:large, max-video-preview:-1\" \/>\n<link rel=\"canonical\" href=\"https:\/\/www.asajacyl.com\/palencia\/asaja-palencia-informa\/esenciales\" \/>\n<meta property=\"og:locale\" content=\"es_ES\" \/>\n<meta property=\"og:type\" content=\"article\" \/>\n<meta property=\"og:title\" content=\"Esenciales - ASAJA Palencia\" \/>\n<meta property=\"og:description\" content=\"JOS\u00c9 LUIS MARCOS | Presidente de ASAJA-Palencia Tractores circulando por la avenida de Catalu\u00f1a de Palencia, durante la movilizaci\u00f3n del 14 de febrero en\" \/>\n<meta property=\"og:url\" content=\"https:\/\/www.asajacyl.com\/palencia\/asaja-palencia-informa\/esenciales\" \/>\n<meta property=\"og:site_name\" content=\"ASAJA Palencia\" \/>\n<meta property=\"article:published_time\" content=\"2025-02-06T07:45:00+00:00\" \/>\n<meta property=\"og:image\" content=\"https:\/\/www.asajacyl.com\/palencia\/wp-content\/uploads\/sites\/3\/2024\/04\/Jose-Luis-Marcos-para-web.jpg\" \/>\n\t<meta property=\"og:image:width\" content=\"1890\" \/>\n\t<meta property=\"og:image:height\" content=\"1654\" \/>\n\t<meta property=\"og:image:type\" content=\"image\/jpeg\" \/>\n<meta name=\"author\" content=\"Administrador\" \/>\n<meta name=\"twitter:card\" content=\"summary_large_image\" \/>\n<meta name=\"twitter:label1\" content=\"Escrito por\" \/>\n\t<meta name=\"twitter:data1\" content=\"Administrador\" \/>\n\t<meta name=\"twitter:label2\" content=\"Tiempo de lectura\" \/>\n\t<meta name=\"twitter:data2\" content=\"4 minutos\" \/>\n<script type=\"application\/ld+json\" class=\"yoast-schema-graph\">{\"@context\":\"https:\/\/schema.org\",\"@graph\":[{\"@type\":\"WebPage\",\"@id\":\"https:\/\/www.asajacyl.com\/palencia\/asaja-palencia-informa\/esenciales\",\"url\":\"https:\/\/www.asajacyl.com\/palencia\/asaja-palencia-informa\/esenciales\",\"name\":\"Esenciales - ASAJA Palencia\",\"isPartOf\":{\"@id\":\"https:\/\/www.asajacyl.com\/palencia\/#website\"},\"primaryImageOfPage\":{\"@id\":\"https:\/\/www.asajacyl.com\/palencia\/asaja-palencia-informa\/esenciales#primaryimage\"},\"image\":{\"@id\":\"https:\/\/www.asajacyl.com\/palencia\/asaja-palencia-informa\/esenciales#primaryimage\"},\"thumbnailUrl\":\"https:\/\/www.asajacyl.com\/palencia\/wp-content\/uploads\/sites\/3\/2024\/04\/Jose-Luis-Marcos-para-web.jpg\",\"datePublished\":\"2025-02-06T07:45:00+00:00\",\"author\":{\"@id\":\"https:\/\/www.asajacyl.com\/palencia\/#\/schema\/person\/3ab17aeb03527485c317557fae64aab1\"},\"description\":\"JOS\u00c9 LUIS MARCOS | Presidente de ASAJA-Palencia Tractores circulando por la avenida de Catalu\u00f1a de Palencia, durante la movilizaci\u00f3n del 14 de febrero en\",\"breadcrumb\":{\"@id\":\"https:\/\/www.asajacyl.com\/palencia\/asaja-palencia-informa\/esenciales#breadcrumb\"},\"inLanguage\":\"es\",\"potentialAction\":[{\"@type\":\"ReadAction\",\"target\":[\"https:\/\/www.asajacyl.com\/palencia\/asaja-palencia-informa\/esenciales\"]}]},{\"@type\":\"ImageObject\",\"inLanguage\":\"es\",\"@id\":\"https:\/\/www.asajacyl.com\/palencia\/asaja-palencia-informa\/esenciales#primaryimage\",\"url\":\"https:\/\/www.asajacyl.com\/palencia\/wp-content\/uploads\/sites\/3\/2024\/04\/Jose-Luis-Marcos-para-web.jpg\",\"contentUrl\":\"https:\/\/www.asajacyl.com\/palencia\/wp-content\/uploads\/sites\/3\/2024\/04\/Jose-Luis-Marcos-para-web.jpg\",\"width\":1890,\"height\":1654},{\"@type\":\"BreadcrumbList\",\"@id\":\"https:\/\/www.asajacyl.com\/palencia\/asaja-palencia-informa\/esenciales#breadcrumb\",\"itemListElement\":[{\"@type\":\"ListItem\",\"position\":1,\"name\":\"Portada\",\"item\":\"https:\/\/www.asajacyl.com\/palencia\/\"},{\"@type\":\"ListItem\",\"position\":2,\"name\":\"Esenciales\"}]},{\"@type\":\"WebSite\",\"@id\":\"https:\/\/www.asajacyl.com\/palencia\/#website\",\"url\":\"https:\/\/www.asajacyl.com\/palencia\/\",\"name\":\"ASAJA Palencia\",\"description\":\"Otro sitio m\u00e1s de Provincias ASAJA Castilla y Le\u00f3n\",\"potentialAction\":[{\"@type\":\"SearchAction\",\"target\":{\"@type\":\"EntryPoint\",\"urlTemplate\":\"https:\/\/www.asajacyl.com\/palencia\/?s={search_term_string}\"},\"query-input\":{\"@type\":\"PropertyValueSpecification\",\"valueRequired\":true,\"valueName\":\"search_term_string\"}}],\"inLanguage\":\"es\"},{\"@type\":\"Person\",\"@id\":\"https:\/\/www.asajacyl.com\/palencia\/#\/schema\/person\/3ab17aeb03527485c317557fae64aab1\",\"name\":\"Administrador\",\"image\":{\"@type\":\"ImageObject\",\"inLanguage\":\"es\",\"@id\":\"https:\/\/www.asajacyl.com\/palencia\/#\/schema\/person\/image\/\",\"url\":\"https:\/\/secure.gravatar.com\/avatar\/517384810d242ca9e38c180f3c9fb973?s=96&d=mm&r=g\",\"contentUrl\":\"https:\/\/secure.gravatar.com\/avatar\/517384810d242ca9e38c180f3c9fb973?s=96&d=mm&r=g\",\"caption\":\"Administrador\"},\"url\":\"https:\/\/www.asajacyl.com\/palencia\/author\/carlosrm\"}]}<\/script>\n<!-- \/ Yoast SEO plugin. -->","yoast_head_json":{"title":"Esenciales - ASAJA Palencia","description":"JOS\u00c9 LUIS MARCOS | Presidente de ASAJA-Palencia Tractores circulando por la avenida de Catalu\u00f1a de Palencia, durante la movilizaci\u00f3n del 14 de febrero en","robots":{"index":"index","follow":"follow","max-snippet":"max-snippet:-1","max-image-preview":"max-image-preview:large","max-video-preview":"max-video-preview:-1"},"canonical":"https:\/\/www.asajacyl.com\/palencia\/asaja-palencia-informa\/esenciales","og_locale":"es_ES","og_type":"article","og_title":"Esenciales - ASAJA Palencia","og_description":"JOS\u00c9 LUIS MARCOS | Presidente de ASAJA-Palencia Tractores circulando por la avenida de Catalu\u00f1a de Palencia, durante la movilizaci\u00f3n del 14 de febrero en","og_url":"https:\/\/www.asajacyl.com\/palencia\/asaja-palencia-informa\/esenciales","og_site_name":"ASAJA Palencia","article_published_time":"2025-02-06T07:45:00+00:00","og_image":[{"width":1890,"height":1654,"url":"https:\/\/www.asajacyl.com\/palencia\/wp-content\/uploads\/sites\/3\/2024\/04\/Jose-Luis-Marcos-para-web.jpg","type":"image\/jpeg"}],"author":"Administrador","twitter_card":"summary_large_image","twitter_misc":{"Escrito por":"Administrador","Tiempo de lectura":"4 minutos"},"schema":{"@context":"https:\/\/schema.org","@graph":[{"@type":"WebPage","@id":"https:\/\/www.asajacyl.com\/palencia\/asaja-palencia-informa\/esenciales","url":"https:\/\/www.asajacyl.com\/palencia\/asaja-palencia-informa\/esenciales","name":"Esenciales - ASAJA Palencia","isPartOf":{"@id":"https:\/\/www.asajacyl.com\/palencia\/#website"},"primaryImageOfPage":{"@id":"https:\/\/www.asajacyl.com\/palencia\/asaja-palencia-informa\/esenciales#primaryimage"},"image":{"@id":"https:\/\/www.asajacyl.com\/palencia\/asaja-palencia-informa\/esenciales#primaryimage"},"thumbnailUrl":"https:\/\/www.asajacyl.com\/palencia\/wp-content\/uploads\/sites\/3\/2024\/04\/Jose-Luis-Marcos-para-web.jpg","datePublished":"2025-02-06T07:45:00+00:00","author":{"@id":"https:\/\/www.asajacyl.com\/palencia\/#\/schema\/person\/3ab17aeb03527485c317557fae64aab1"},"description":"JOS\u00c9 LUIS MARCOS | Presidente de ASAJA-Palencia Tractores circulando por la avenida de Catalu\u00f1a de Palencia, durante la movilizaci\u00f3n del 14 de febrero en","breadcrumb":{"@id":"https:\/\/www.asajacyl.com\/palencia\/asaja-palencia-informa\/esenciales#breadcrumb"},"inLanguage":"es","potentialAction":[{"@type":"ReadAction","target":["https:\/\/www.asajacyl.com\/palencia\/asaja-palencia-informa\/esenciales"]}]},{"@type":"ImageObject","inLanguage":"es","@id":"https:\/\/www.asajacyl.com\/palencia\/asaja-palencia-informa\/esenciales#primaryimage","url":"https:\/\/www.asajacyl.com\/palencia\/wp-content\/uploads\/sites\/3\/2024\/04\/Jose-Luis-Marcos-para-web.jpg","contentUrl":"https:\/\/www.asajacyl.com\/palencia\/wp-content\/uploads\/sites\/3\/2024\/04\/Jose-Luis-Marcos-para-web.jpg","width":1890,"height":1654},{"@type":"BreadcrumbList","@id":"https:\/\/www.asajacyl.com\/palencia\/asaja-palencia-informa\/esenciales#breadcrumb","itemListElement":[{"@type":"ListItem","position":1,"name":"Portada","item":"https:\/\/www.asajacyl.com\/palencia\/"},{"@type":"ListItem","position":2,"name":"Esenciales"}]},{"@type":"WebSite","@id":"https:\/\/www.asajacyl.com\/palencia\/#website","url":"https:\/\/www.asajacyl.com\/palencia\/","name":"ASAJA Palencia","description":"Otro sitio m\u00e1s de Provincias ASAJA Castilla y Le\u00f3n","potentialAction":[{"@type":"SearchAction","target":{"@type":"EntryPoint","urlTemplate":"https:\/\/www.asajacyl.com\/palencia\/?s={search_term_string}"},"query-input":{"@type":"PropertyValueSpecification","valueRequired":true,"valueName":"search_term_string"}}],"inLanguage":"es"},{"@type":"Person","@id":"https:\/\/www.asajacyl.com\/palencia\/#\/schema\/person\/3ab17aeb03527485c317557fae64aab1","name":"Administrador","image":{"@type":"ImageObject","inLanguage":"es","@id":"https:\/\/www.asajacyl.com\/palencia\/#\/schema\/person\/image\/","url":"https:\/\/secure.gravatar.com\/avatar\/517384810d242ca9e38c180f3c9fb973?s=96&d=mm&r=g","contentUrl":"https:\/\/secure.gravatar.com\/avatar\/517384810d242ca9e38c180f3c9fb973?s=96&d=mm&r=g","caption":"Administrador"},"url":"https:\/\/www.asajacyl.com\/palencia\/author\/carlosrm"}]}},"_links":{"self":[{"href":"https:\/\/www.asajacyl.com\/palencia\/wp-json\/wp\/v2\/posts\/18811"}],"collection":[{"href":"https:\/\/www.asajacyl.com\/palencia\/wp-json\/wp\/v2\/posts"}],"about":[{"href":"https:\/\/www.asajacyl.com\/palencia\/wp-json\/wp\/v2\/types\/post"}],"author":[{"embeddable":true,"href":"https:\/\/www.asajacyl.com\/palencia\/wp-json\/wp\/v2\/users\/9"}],"replies":[{"embeddable":true,"href":"https:\/\/www.asajacyl.com\/palencia\/wp-json\/wp\/v2\/comments?post=18811"}],"version-history":[{"count":1,"href":"https:\/\/www.asajacyl.com\/palencia\/wp-json\/wp\/v2\/posts\/18811\/revisions"}],"predecessor-version":[{"id":18813,"href":"https:\/\/www.asajacyl.com\/palencia\/wp-json\/wp\/v2\/posts\/18811\/revisions\/18813"}],"wp:featuredmedia":[{"embeddable":true,"href":"https:\/\/www.asajacyl.com\/palencia\/wp-json\/wp\/v2\/media\/15857"}],"wp:attachment":[{"href":"https:\/\/www.asajacyl.com\/palencia\/wp-json\/wp\/v2\/media?parent=18811"}],"wp:term":[{"taxonomy":"category","embeddable":true,"href":"https:\/\/www.asajacyl.com\/palencia\/wp-json\/wp\/v2\/categories?post=18811"},{"taxonomy":"post_tag","embeddable":true,"href":"https:\/\/www.asajacyl.com\/palencia\/wp-json\/wp\/v2\/tags?post=18811"}],"curies":[{"name":"wp","href":"https:\/\/api.w.org\/{rel}","templated":true}]}}