{"id":18816,"date":"2025-02-06T07:30:00","date_gmt":"2025-02-06T06:30:00","guid":{"rendered":"https:\/\/www.asajacyl.com\/palencia\/?p=18816"},"modified":"2025-02-05T19:31:06","modified_gmt":"2025-02-05T18:31:06","slug":"la-lonja-de-leon-vive-otra-sesion-de-tensa-espera-de-las-noticias-del-exterior-que-marquen-tendencia","status":"publish","type":"post","link":"https:\/\/www.asajacyl.com\/palencia\/asaja-palencia-informa\/la-lonja-de-leon-vive-otra-sesion-de-tensa-espera-de-las-noticias-del-exterior-que-marquen-tendencia","title":{"rendered":"La Lonja de Le\u00f3n vive otra sesi\u00f3n de tensa espera de las noticias del exterior que marquen tendencia"},"content":{"rendered":"\n<h2 class=\"wp-block-heading\">La Lonja de Le\u00f3n ha vivido esta semana una sesi\u00f3n m\u00e1s de tensa espera, con m\u00ednimos cambios en las cotizaciones, a la espera de que marquen una tendencia las noticias que llegan del extranjero y, en especial, desde el nuevo gobierno de Estados Unidos y sus pol\u00edticas proteccionistas. <\/h2>\n\n\n\n<p>La mesa del cereal se ha comportado con disparidad. Mientras la tonelada de trigo y de cebada han bajado un euro, las de centeno y avena han subido tres y dos euros, respectivamente; mientras la cotizaci\u00f3n de ma\u00edz no se ha movido.<\/p>\n\n\n\n<p>Hay que intepretar estos peque\u00f1os cambios en clave interna y coyuntural, m\u00e1xime en un momento en el que se visan pocas operaciones. Tanto productores como almacenistas andan despistados ante los vaivenes de la nueva administraci\u00f3n Trump, que un d\u00eda anuncia aranceles para las mercanc\u00edas de M\u00e9xico y Canad\u00e1, y casi al siguiente da marcha atr\u00e1s, lo que alivia a los mercados.<\/p>\n\n\n\n<p><strong>TENSI\u00d3N CON CHINA. <\/strong>As\u00ed lo destacan desde la lonja leonesa, en la que tambi\u00e9n subrayan que China, el principal rival econ\u00f3mico de Estados Unidos, al que Trump ha aplicado aranceles del 10 %, ha anunciado su respuesta con grav\u00e1menes a las exportaciones estadounidenses claves a partir del 10 de febrero: 15 % en carb\u00f3n y gas licuado; y 10 % en petr\u00f3leo, maquinaria agr\u00edcola, autom\u00f3viles de gran cilindrada y camionetas.<\/p>\n\n\n\n<p>Asimismo, el Gobierno chino anuncia nuevos controles a las exportaciones de minerales clave y una investigaci\u00f3n sobre pr\u00e1cticas monopol\u00edsticas por parte de gigantes tecnol\u00f3gicos como Google, Nvidia e Intel.<\/p>\n\n\n\n<p>Aunque los productos agr\u00edcolas no han entrado de momento en escena, no es descartable que se produzca, lo que a\u00f1ade tensi\u00f3n e incertidumbre no s\u00f3lo entre los pa\u00edses productores y exportadores, sino en todos los mercados internacionales.<\/p>\n\n\n\n<p><strong>PROBLEMAS EN BRASIL Y ARGENTINA. <\/strong>No obstante, la Lonja de Le\u00f3n aporta en su habitual balance de la sesi\u00f3n dos claves meramente agron\u00f3micas que conducir\u00edan a menor mercanc\u00eda de grano disponible por problemas en potencias cerealistas mundiales. Por un lado, el exceso de humedad en Brasil retrasa la recogida de la soja, lo que frena su relevo del cultivo de ma\u00edz en las fincas, circunstancia que se unir\u00eda en Sudam\u00e9rica a la sequ\u00eda en Argentina. <\/p>\n\n\n\n<p>Recordemos que Estados Unidos, China y Brasil \u2014pa\u00edses implicados en uno u otro sentido\u2014 representan dos tercios de la producci\u00f3n mundial de ma\u00edz, cereal que marca tendencia sobre otros en los mercados internacionales.<\/p>\n\n\n\n<p><strong>MENOS EXPORTACI\u00d3N DE GRANO RUSO. <\/strong>Asimismo, la lonja leonesa recuerda que \u00abcontinua la preocupaci\u00f3n por el estado del cultivo del trigo en Rusia al estar desprotegido de las heladas\u00bb, y apunta las \u00faltimas proyecciones del propio Gobierno de Putin con una ca\u00edda de la exportaci\u00f3n de cereales del 31 % en este a\u00f1o. Por otro lado, \u00abdel 15 de febrero al 30 de junio entra en vigor un impuesto a la exportaci\u00f3n de cereales con el fin de contener la elevada inflaci\u00f3n que sufre este pa\u00eds, lo que har\u00e1 ralentizar nuevos embarques\u00bb, a\u00f1ade la Lonja de Le\u00f3n.<\/p>\n\n\n\n<p>En las dem\u00e1s mesas de agricultura, pocas variaciones: repiten cotizaci\u00f3n todas las variedades de patata y de forraje, salvo una leve bajada de cinco euros en la tonelada de forraje convencional, que se sit\u00faa a 120 euros. A estas alturas de 2024, los forrajes ya hab\u00edan dejado de cotizar en una campa\u00f1a que, ciertamente, fue escasa de producci\u00f3n debido a la sequ\u00eda de 2023, lo que elev\u00f3 mucho los precios: el mismo forraje convencional se mantuvo en 300 euros\/tonelada hasta esa \u00faltima cotizaci\u00f3n; y la paja se pagaba a 155 euros\/tonelada hace ahora un a\u00f1o (hoy est\u00e1 en 52 euros\/tonelada).<strong>\/ <\/strong><\/p>\n\n\n\n<figure class=\"wp-block-image size-large is-resized\"><img loading=\"lazy\" decoding=\"async\" width=\"1024\" height=\"768\" src=\"https:\/\/www.asajacyl.com\/palencia\/wp-content\/uploads\/sites\/3\/2025\/02\/Tabla-def-precios-agricultura-5feb2024-1024x768.jpg\" alt=\"\" class=\"wp-image-18819\" style=\"width:1067px;height:auto\" srcset=\"https:\/\/www.asajacyl.com\/palencia\/wp-content\/uploads\/sites\/3\/2025\/02\/Tabla-def-precios-agricultura-5feb2024-1024x768.jpg 1024w, https:\/\/www.asajacyl.com\/palencia\/wp-content\/uploads\/sites\/3\/2025\/02\/Tabla-def-precios-agricultura-5feb2024-300x225.jpg 300w, https:\/\/www.asajacyl.com\/palencia\/wp-content\/uploads\/sites\/3\/2025\/02\/Tabla-def-precios-agricultura-5feb2024-768x576.jpg 768w, https:\/\/www.asajacyl.com\/palencia\/wp-content\/uploads\/sites\/3\/2025\/02\/Tabla-def-precios-agricultura-5feb2024-1536x1152.jpg 1536w, https:\/\/www.asajacyl.com\/palencia\/wp-content\/uploads\/sites\/3\/2025\/02\/Tabla-def-precios-agricultura-5feb2024-2048x1536.jpg 2048w, https:\/\/www.asajacyl.com\/palencia\/wp-content\/uploads\/sites\/3\/2025\/02\/Tabla-def-precios-agricultura-5feb2024-560x420.jpg 560w, https:\/\/www.asajacyl.com\/palencia\/wp-content\/uploads\/sites\/3\/2025\/02\/Tabla-def-precios-agricultura-5feb2024-80x60.jpg 80w, https:\/\/www.asajacyl.com\/palencia\/wp-content\/uploads\/sites\/3\/2025\/02\/Tabla-def-precios-agricultura-5feb2024-696x522.jpg 696w, https:\/\/www.asajacyl.com\/palencia\/wp-content\/uploads\/sites\/3\/2025\/02\/Tabla-def-precios-agricultura-5feb2024-1068x801.jpg 1068w, https:\/\/www.asajacyl.com\/palencia\/wp-content\/uploads\/sites\/3\/2025\/02\/Tabla-def-precios-agricultura-5feb2024-1920x1440.jpg 1920w\" sizes=\"(max-width: 1024px) 100vw, 1024px\" \/><\/figure>\n","protected":false},"excerpt":{"rendered":"<p>La Lonja de Le\u00f3n ha vivido esta semana una sesi\u00f3n m\u00e1s de tensa espera, con m\u00ednimos cambios en las cotizaciones, a la espera de que marquen una tendencia las noticias que llegan del extranjero y, en especial, desde el nuevo gobierno de Estados Unidos y sus pol\u00edticas proteccionistas. La mesa del cereal se ha comportado [&hellip;]<\/p>\n","protected":false},"author":9,"featured_media":18820,"comment_status":"open","ping_status":"open","sticky":false,"template":"","format":"standard","meta":{"footnotes":""},"categories":[9,29,36,28,13],"tags":[58,290,289,46,351,1242,99,219,198,93,1276],"yoast_head":"<!-- This site is optimized with the Yoast SEO plugin v24.5 - https:\/\/yoast.com\/wordpress\/plugins\/seo\/ -->\n<title>La Lonja de Le\u00f3n vive otra sesi\u00f3n de tensa espera de las noticias del exterior que marquen tendencia - ASAJA Palencia<\/title>\n<meta name=\"description\" content=\"La Lonja de Le\u00f3n ha vivido esta semana una sesi\u00f3n m\u00e1s de tensa espera, con m\u00ednimos cambios en las cotizaciones, a la espera de que marquen una tendencia\" \/>\n<meta name=\"robots\" content=\"index, follow, max-snippet:-1, max-image-preview:large, max-video-preview:-1\" \/>\n<link rel=\"canonical\" href=\"https:\/\/www.asajacyl.com\/palencia\/asaja-palencia-informa\/la-lonja-de-leon-vive-otra-sesion-de-tensa-espera-de-las-noticias-del-exterior-que-marquen-tendencia\" \/>\n<meta property=\"og:locale\" content=\"es_ES\" \/>\n<meta property=\"og:type\" content=\"article\" \/>\n<meta property=\"og:title\" content=\"La Lonja de Le\u00f3n vive otra sesi\u00f3n de tensa espera de las noticias del exterior que marquen tendencia - ASAJA Palencia\" \/>\n<meta property=\"og:description\" content=\"La Lonja de Le\u00f3n ha vivido esta semana una sesi\u00f3n m\u00e1s de tensa espera, con m\u00ednimos cambios en las cotizaciones, a la espera de que marquen una tendencia\" \/>\n<meta property=\"og:url\" content=\"https:\/\/www.asajacyl.com\/palencia\/asaja-palencia-informa\/la-lonja-de-leon-vive-otra-sesion-de-tensa-espera-de-las-noticias-del-exterior-que-marquen-tendencia\" \/>\n<meta property=\"og:site_name\" content=\"ASAJA Palencia\" \/>\n<meta property=\"article:published_time\" content=\"2025-02-06T06:30:00+00:00\" \/>\n<meta property=\"og:image\" content=\"https:\/\/www.asajacyl.com\/palencia\/wp-content\/uploads\/sites\/3\/2025\/02\/Cereal-ASAJA-CyL-web.jpg\" \/>\n\t<meta property=\"og:image:width\" content=\"1706\" \/>\n\t<meta property=\"og:image:height\" content=\"1280\" \/>\n\t<meta property=\"og:image:type\" content=\"image\/jpeg\" \/>\n<meta name=\"author\" content=\"Administrador\" \/>\n<meta name=\"twitter:card\" content=\"summary_large_image\" \/>\n<meta name=\"twitter:label1\" content=\"Escrito por\" \/>\n\t<meta name=\"twitter:data1\" content=\"Administrador\" \/>\n\t<meta name=\"twitter:label2\" content=\"Tiempo de lectura\" \/>\n\t<meta name=\"twitter:data2\" content=\"4 minutos\" \/>\n<script type=\"application\/ld+json\" class=\"yoast-schema-graph\">{\"@context\":\"https:\/\/schema.org\",\"@graph\":[{\"@type\":\"WebPage\",\"@id\":\"https:\/\/www.asajacyl.com\/palencia\/asaja-palencia-informa\/la-lonja-de-leon-vive-otra-sesion-de-tensa-espera-de-las-noticias-del-exterior-que-marquen-tendencia\",\"url\":\"https:\/\/www.asajacyl.com\/palencia\/asaja-palencia-informa\/la-lonja-de-leon-vive-otra-sesion-de-tensa-espera-de-las-noticias-del-exterior-que-marquen-tendencia\",\"name\":\"La Lonja de Le\u00f3n vive otra sesi\u00f3n de tensa espera de las noticias del exterior que marquen tendencia - ASAJA Palencia\",\"isPartOf\":{\"@id\":\"https:\/\/www.asajacyl.com\/palencia\/#website\"},\"primaryImageOfPage\":{\"@id\":\"https:\/\/www.asajacyl.com\/palencia\/asaja-palencia-informa\/la-lonja-de-leon-vive-otra-sesion-de-tensa-espera-de-las-noticias-del-exterior-que-marquen-tendencia#primaryimage\"},\"image\":{\"@id\":\"https:\/\/www.asajacyl.com\/palencia\/asaja-palencia-informa\/la-lonja-de-leon-vive-otra-sesion-de-tensa-espera-de-las-noticias-del-exterior-que-marquen-tendencia#primaryimage\"},\"thumbnailUrl\":\"https:\/\/www.asajacyl.com\/palencia\/wp-content\/uploads\/sites\/3\/2025\/02\/Cereal-ASAJA-CyL-web.jpg\",\"datePublished\":\"2025-02-06T06:30:00+00:00\",\"author\":{\"@id\":\"https:\/\/www.asajacyl.com\/palencia\/#\/schema\/person\/3ab17aeb03527485c317557fae64aab1\"},\"description\":\"La Lonja de Le\u00f3n ha vivido esta semana una sesi\u00f3n m\u00e1s de tensa espera, con m\u00ednimos cambios en las cotizaciones, a la espera de que marquen una tendencia\",\"breadcrumb\":{\"@id\":\"https:\/\/www.asajacyl.com\/palencia\/asaja-palencia-informa\/la-lonja-de-leon-vive-otra-sesion-de-tensa-espera-de-las-noticias-del-exterior-que-marquen-tendencia#breadcrumb\"},\"inLanguage\":\"es\",\"potentialAction\":[{\"@type\":\"ReadAction\",\"target\":[\"https:\/\/www.asajacyl.com\/palencia\/asaja-palencia-informa\/la-lonja-de-leon-vive-otra-sesion-de-tensa-espera-de-las-noticias-del-exterior-que-marquen-tendencia\"]}]},{\"@type\":\"ImageObject\",\"inLanguage\":\"es\",\"@id\":\"https:\/\/www.asajacyl.com\/palencia\/asaja-palencia-informa\/la-lonja-de-leon-vive-otra-sesion-de-tensa-espera-de-las-noticias-del-exterior-que-marquen-tendencia#primaryimage\",\"url\":\"https:\/\/www.asajacyl.com\/palencia\/wp-content\/uploads\/sites\/3\/2025\/02\/Cereal-ASAJA-CyL-web.jpg\",\"contentUrl\":\"https:\/\/www.asajacyl.com\/palencia\/wp-content\/uploads\/sites\/3\/2025\/02\/Cereal-ASAJA-CyL-web.jpg\",\"width\":1706,\"height\":1280},{\"@type\":\"BreadcrumbList\",\"@id\":\"https:\/\/www.asajacyl.com\/palencia\/asaja-palencia-informa\/la-lonja-de-leon-vive-otra-sesion-de-tensa-espera-de-las-noticias-del-exterior-que-marquen-tendencia#breadcrumb\",\"itemListElement\":[{\"@type\":\"ListItem\",\"position\":1,\"name\":\"Portada\",\"item\":\"https:\/\/www.asajacyl.com\/palencia\/\"},{\"@type\":\"ListItem\",\"position\":2,\"name\":\"La Lonja de Le\u00f3n vive otra sesi\u00f3n de tensa espera de las noticias del exterior que marquen tendencia\"}]},{\"@type\":\"WebSite\",\"@id\":\"https:\/\/www.asajacyl.com\/palencia\/#website\",\"url\":\"https:\/\/www.asajacyl.com\/palencia\/\",\"name\":\"ASAJA Palencia\",\"description\":\"Otro sitio m\u00e1s de Provincias ASAJA Castilla y Le\u00f3n\",\"potentialAction\":[{\"@type\":\"SearchAction\",\"target\":{\"@type\":\"EntryPoint\",\"urlTemplate\":\"https:\/\/www.asajacyl.com\/palencia\/?s={search_term_string}\"},\"query-input\":{\"@type\":\"PropertyValueSpecification\",\"valueRequired\":true,\"valueName\":\"search_term_string\"}}],\"inLanguage\":\"es\"},{\"@type\":\"Person\",\"@id\":\"https:\/\/www.asajacyl.com\/palencia\/#\/schema\/person\/3ab17aeb03527485c317557fae64aab1\",\"name\":\"Administrador\",\"image\":{\"@type\":\"ImageObject\",\"inLanguage\":\"es\",\"@id\":\"https:\/\/www.asajacyl.com\/palencia\/#\/schema\/person\/image\/\",\"url\":\"https:\/\/secure.gravatar.com\/avatar\/517384810d242ca9e38c180f3c9fb973?s=96&d=mm&r=g\",\"contentUrl\":\"https:\/\/secure.gravatar.com\/avatar\/517384810d242ca9e38c180f3c9fb973?s=96&d=mm&r=g\",\"caption\":\"Administrador\"},\"url\":\"https:\/\/www.asajacyl.com\/palencia\/author\/carlosrm\"}]}<\/script>\n<!-- \/ Yoast SEO plugin. -->","yoast_head_json":{"title":"La Lonja de Le\u00f3n vive otra sesi\u00f3n de tensa espera de las noticias del exterior que marquen tendencia - ASAJA Palencia","description":"La Lonja de Le\u00f3n ha vivido esta semana una sesi\u00f3n m\u00e1s de tensa espera, con m\u00ednimos cambios en las cotizaciones, a la espera de que marquen una tendencia","robots":{"index":"index","follow":"follow","max-snippet":"max-snippet:-1","max-image-preview":"max-image-preview:large","max-video-preview":"max-video-preview:-1"},"canonical":"https:\/\/www.asajacyl.com\/palencia\/asaja-palencia-informa\/la-lonja-de-leon-vive-otra-sesion-de-tensa-espera-de-las-noticias-del-exterior-que-marquen-tendencia","og_locale":"es_ES","og_type":"article","og_title":"La Lonja de Le\u00f3n vive otra sesi\u00f3n de tensa espera de las noticias del exterior que marquen tendencia - ASAJA Palencia","og_description":"La Lonja de Le\u00f3n ha vivido esta semana una sesi\u00f3n m\u00e1s de tensa espera, con m\u00ednimos cambios en las cotizaciones, a la espera de que marquen una tendencia","og_url":"https:\/\/www.asajacyl.com\/palencia\/asaja-palencia-informa\/la-lonja-de-leon-vive-otra-sesion-de-tensa-espera-de-las-noticias-del-exterior-que-marquen-tendencia","og_site_name":"ASAJA Palencia","article_published_time":"2025-02-06T06:30:00+00:00","og_image":[{"width":1706,"height":1280,"url":"https:\/\/www.asajacyl.com\/palencia\/wp-content\/uploads\/sites\/3\/2025\/02\/Cereal-ASAJA-CyL-web.jpg","type":"image\/jpeg"}],"author":"Administrador","twitter_card":"summary_large_image","twitter_misc":{"Escrito por":"Administrador","Tiempo de lectura":"4 minutos"},"schema":{"@context":"https:\/\/schema.org","@graph":[{"@type":"WebPage","@id":"https:\/\/www.asajacyl.com\/palencia\/asaja-palencia-informa\/la-lonja-de-leon-vive-otra-sesion-de-tensa-espera-de-las-noticias-del-exterior-que-marquen-tendencia","url":"https:\/\/www.asajacyl.com\/palencia\/asaja-palencia-informa\/la-lonja-de-leon-vive-otra-sesion-de-tensa-espera-de-las-noticias-del-exterior-que-marquen-tendencia","name":"La Lonja de Le\u00f3n vive otra sesi\u00f3n de tensa espera de las noticias del exterior que marquen tendencia - ASAJA Palencia","isPartOf":{"@id":"https:\/\/www.asajacyl.com\/palencia\/#website"},"primaryImageOfPage":{"@id":"https:\/\/www.asajacyl.com\/palencia\/asaja-palencia-informa\/la-lonja-de-leon-vive-otra-sesion-de-tensa-espera-de-las-noticias-del-exterior-que-marquen-tendencia#primaryimage"},"image":{"@id":"https:\/\/www.asajacyl.com\/palencia\/asaja-palencia-informa\/la-lonja-de-leon-vive-otra-sesion-de-tensa-espera-de-las-noticias-del-exterior-que-marquen-tendencia#primaryimage"},"thumbnailUrl":"https:\/\/www.asajacyl.com\/palencia\/wp-content\/uploads\/sites\/3\/2025\/02\/Cereal-ASAJA-CyL-web.jpg","datePublished":"2025-02-06T06:30:00+00:00","author":{"@id":"https:\/\/www.asajacyl.com\/palencia\/#\/schema\/person\/3ab17aeb03527485c317557fae64aab1"},"description":"La Lonja de Le\u00f3n ha vivido esta semana una sesi\u00f3n m\u00e1s de tensa espera, con m\u00ednimos cambios en las cotizaciones, a la espera de que marquen una tendencia","breadcrumb":{"@id":"https:\/\/www.asajacyl.com\/palencia\/asaja-palencia-informa\/la-lonja-de-leon-vive-otra-sesion-de-tensa-espera-de-las-noticias-del-exterior-que-marquen-tendencia#breadcrumb"},"inLanguage":"es","potentialAction":[{"@type":"ReadAction","target":["https:\/\/www.asajacyl.com\/palencia\/asaja-palencia-informa\/la-lonja-de-leon-vive-otra-sesion-de-tensa-espera-de-las-noticias-del-exterior-que-marquen-tendencia"]}]},{"@type":"ImageObject","inLanguage":"es","@id":"https:\/\/www.asajacyl.com\/palencia\/asaja-palencia-informa\/la-lonja-de-leon-vive-otra-sesion-de-tensa-espera-de-las-noticias-del-exterior-que-marquen-tendencia#primaryimage","url":"https:\/\/www.asajacyl.com\/palencia\/wp-content\/uploads\/sites\/3\/2025\/02\/Cereal-ASAJA-CyL-web.jpg","contentUrl":"https:\/\/www.asajacyl.com\/palencia\/wp-content\/uploads\/sites\/3\/2025\/02\/Cereal-ASAJA-CyL-web.jpg","width":1706,"height":1280},{"@type":"BreadcrumbList","@id":"https:\/\/www.asajacyl.com\/palencia\/asaja-palencia-informa\/la-lonja-de-leon-vive-otra-sesion-de-tensa-espera-de-las-noticias-del-exterior-que-marquen-tendencia#breadcrumb","itemListElement":[{"@type":"ListItem","position":1,"name":"Portada","item":"https:\/\/www.asajacyl.com\/palencia\/"},{"@type":"ListItem","position":2,"name":"La Lonja de Le\u00f3n vive otra sesi\u00f3n de tensa espera de las noticias del exterior que marquen tendencia"}]},{"@type":"WebSite","@id":"https:\/\/www.asajacyl.com\/palencia\/#website","url":"https:\/\/www.asajacyl.com\/palencia\/","name":"ASAJA Palencia","description":"Otro sitio m\u00e1s de Provincias ASAJA Castilla y Le\u00f3n","potentialAction":[{"@type":"SearchAction","target":{"@type":"EntryPoint","urlTemplate":"https:\/\/www.asajacyl.com\/palencia\/?s={search_term_string}"},"query-input":{"@type":"PropertyValueSpecification","valueRequired":true,"valueName":"search_term_string"}}],"inLanguage":"es"},{"@type":"Person","@id":"https:\/\/www.asajacyl.com\/palencia\/#\/schema\/person\/3ab17aeb03527485c317557fae64aab1","name":"Administrador","image":{"@type":"ImageObject","inLanguage":"es","@id":"https:\/\/www.asajacyl.com\/palencia\/#\/schema\/person\/image\/","url":"https:\/\/secure.gravatar.com\/avatar\/517384810d242ca9e38c180f3c9fb973?s=96&d=mm&r=g","contentUrl":"https:\/\/secure.gravatar.com\/avatar\/517384810d242ca9e38c180f3c9fb973?s=96&d=mm&r=g","caption":"Administrador"},"url":"https:\/\/www.asajacyl.com\/palencia\/author\/carlosrm"}]}},"_links":{"self":[{"href":"https:\/\/www.asajacyl.com\/palencia\/wp-json\/wp\/v2\/posts\/18816"}],"collection":[{"href":"https:\/\/www.asajacyl.com\/palencia\/wp-json\/wp\/v2\/posts"}],"about":[{"href":"https:\/\/www.asajacyl.com\/palencia\/wp-json\/wp\/v2\/types\/post"}],"author":[{"embeddable":true,"href":"https:\/\/www.asajacyl.com\/palencia\/wp-json\/wp\/v2\/users\/9"}],"replies":[{"embeddable":true,"href":"https:\/\/www.asajacyl.com\/palencia\/wp-json\/wp\/v2\/comments?post=18816"}],"version-history":[{"count":2,"href":"https:\/\/www.asajacyl.com\/palencia\/wp-json\/wp\/v2\/posts\/18816\/revisions"}],"predecessor-version":[{"id":18821,"href":"https:\/\/www.asajacyl.com\/palencia\/wp-json\/wp\/v2\/posts\/18816\/revisions\/18821"}],"wp:featuredmedia":[{"embeddable":true,"href":"https:\/\/www.asajacyl.com\/palencia\/wp-json\/wp\/v2\/media\/18820"}],"wp:attachment":[{"href":"https:\/\/www.asajacyl.com\/palencia\/wp-json\/wp\/v2\/media?parent=18816"}],"wp:term":[{"taxonomy":"category","embeddable":true,"href":"https:\/\/www.asajacyl.com\/palencia\/wp-json\/wp\/v2\/categories?post=18816"},{"taxonomy":"post_tag","embeddable":true,"href":"https:\/\/www.asajacyl.com\/palencia\/wp-json\/wp\/v2\/tags?post=18816"}],"curies":[{"name":"wp","href":"https:\/\/api.w.org\/{rel}","templated":true}]}}