{"id":18893,"date":"2025-02-13T07:45:00","date_gmt":"2025-02-13T06:45:00","guid":{"rendered":"https:\/\/www.asajacyl.com\/palencia\/?p=18893"},"modified":"2025-02-12T19:09:28","modified_gmt":"2025-02-12T18:09:28","slug":"la-patata-sigue-su-tendencia-alcista-en-la-lonja-de-leon-donde-deja-de-cotizar-el-maiz-para-secadero","status":"publish","type":"post","link":"https:\/\/www.asajacyl.com\/palencia\/asaja-palencia-informa\/la-patata-sigue-su-tendencia-alcista-en-la-lonja-de-leon-donde-deja-de-cotizar-el-maiz-para-secadero","title":{"rendered":"La patata sigue su tendencia alcista en la Lonja de Le\u00f3n, donde deja de cotizar el ma\u00edz para secadero"},"content":{"rendered":"\n<h2 class=\"wp-block-heading\">La sesi\u00f3n de la Lonja de Le\u00f3n celebrada este mi\u00e9rcoles, 12 de febrero, se ha saldado con una nueva subida de las patatas, que ganan entre veinte y treinta euros por tonelada, seg\u00fan variedades. Por su parte, la mesa de cereales repiti\u00f3 los precios, con un ojo puesto en las noticias arancelarias que lleguen de Estados Unidos, y dej\u00f3 de cotizar el ma\u00edz con destino a secadero. En todo caso, el grano cotiza en niveles \u00abde derribo\u00bb, que no garantizan la rentabilidad de las explotaciones, lo que motiva una <a href=\"https:\/\/www.asajacyl.com\/palencia\/asaja-palencia-informa\/el-17-f-concentracion-en-babilafuente-salamanca-contra-los-actuales-precios-de-derribo-en-el-cereal\" target=\"_blank\" rel=\"noreferrer noopener\">nueva movilizaci\u00f3n por parte de ASAJA, convocada para este pr\u00f3ximo lunes, 17 de febrero, en Babilafuente (Salamanca)<\/a>.<\/h2>\n\n\n\n<p>El ma\u00edz con destino a secadero ha venido cotizando en la lonja leonesa en torno a los 230 euros\/tonelada la mayor parte de la campa\u00f1a, aunque ha llegado a pagarse a 237 \u20ac\/t. Pr\u00f3ximamente, empezar\u00e1 a cotizarse el ma\u00edz seco (menos del 15 % de humedad), que en la campa\u00f1a anterior regres\u00f3 a la tablillas el 28 de febrero a 205 euros\/tonelada, y se mantuvo en una horquilla con un suelo en los 198 euros\/tonelada y un techo en los 218 euros\/tonelada.<\/p>\n\n\n\n<p>Dado que el tiempo lluvioso de este invierno est\u00e1 impidiendo entrar a las fincas a corto plazo, desde la Lonja de Le\u00f3n apuntan que, cuando se reanude la cosecha, el ma\u00edz que entre a los almacenes estar\u00e1 ya seco.<\/p>\n\n\n\n<p>La provincia de Palencia cultiv\u00f3 esta \u00faltima campa\u00f1a algo m\u00e1s de 2500 hect\u00e1reas de ma\u00edz para grano y cerca de 4200 hect\u00e1reas de ma\u00edz forrajero, que encuentra buena salida en las explotaciones ganaderas provinciales.<\/p>\n\n\n\n<p>En muchos casos, esta apuesta cerealista del ma\u00edz en Palencia se efect\u00faa por parte de explotaciones mixtas, como una manera de evitar intermediarios en una parte de las raciones, y afinar as\u00ed los costes de la alimentaci\u00f3n ganadera.<\/p>\n\n\n\n<p><strong>ARMA DE PRESI\u00d3N INTERNACIONAL.<\/strong> El resto de los cereales no se movi\u00f3, en un contexto de pocas operaciones y muchas expectativas, porque hay miedo a que la guerra de los aranceles con la llegada de Trump a la Casa Blanca se extienda a los productos agrarios. La Lonja de Le\u00f3n apunta que \u00abpueden ser en un futuro una forma de presi\u00f3n, dado el gran peso que tienen las exportaciones agr\u00edcolas de Estados Unidos a pa\u00edses como M\u00e9xico, China, Colombia y la propia Uni\u00f3n Europea\u00bb.<\/p>\n\n\n\n<p>La repetici\u00f3n es coherente con el informe de oferta y demanda de cereal publicado esta semana por el Departamento de Agricultura de los Estados Unidos (USDA), que no aport\u00f3 grandes novedades.<\/p>\n\n\n\n<p><strong>LA TONELADA DE PATATA AGRIA, A 400 EUROS.<\/strong> Por lo que respecta a la patata, la confluencia de una oferta interior escasa y de una baja calidad en la patata de importaci\u00f3n ha vuelto a tirar al alza de los precios. Treinta euros por tonelada subieron las variedades agria \u2014que se sit\u00faa ya en los 400 \u20ac\/t\u2014 y Kennebec, que arrastraron a subidas m\u00e1s moderadas, de veinte euros tonelada, en las dem\u00e1s variedades cotizadas. <\/p>\n\n\n\n<p>Recordemos, no obstante, que la variedad agria se despidi\u00f3 la pasada campa\u00f1a en la misma lonja leonesa, en abril de 2024, a 480 euros\/tonelada. Por ello, la evoluci\u00f3n del precio seguir\u00e1 dependiendo de si la calidad de la producci\u00f3n importada recupera cr\u00e9dito para la exigencia de la industria, m\u00e1xime con la actual tendencia en Espa\u00f1a de retroceso del consumo de patata fresca y de aumento de la patata congelada y procesada.<strong>\/<\/strong> <\/p>\n\n\n\n<figure class=\"wp-block-image size-large is-resized\"><img loading=\"lazy\" decoding=\"async\" width=\"1024\" height=\"768\" src=\"https:\/\/www.asajacyl.com\/palencia\/wp-content\/uploads\/sites\/3\/2025\/02\/Tabla-precios-agricultura-12feb2025-1024x768.png\" alt=\"\" class=\"wp-image-18894\" style=\"width:1067px;height:auto\" srcset=\"https:\/\/www.asajacyl.com\/palencia\/wp-content\/uploads\/sites\/3\/2025\/02\/Tabla-precios-agricultura-12feb2025-1024x768.png 1024w, https:\/\/www.asajacyl.com\/palencia\/wp-content\/uploads\/sites\/3\/2025\/02\/Tabla-precios-agricultura-12feb2025-300x225.png 300w, https:\/\/www.asajacyl.com\/palencia\/wp-content\/uploads\/sites\/3\/2025\/02\/Tabla-precios-agricultura-12feb2025-768x576.png 768w, https:\/\/www.asajacyl.com\/palencia\/wp-content\/uploads\/sites\/3\/2025\/02\/Tabla-precios-agricultura-12feb2025-1536x1152.png 1536w, https:\/\/www.asajacyl.com\/palencia\/wp-content\/uploads\/sites\/3\/2025\/02\/Tabla-precios-agricultura-12feb2025-2048x1536.png 2048w, https:\/\/www.asajacyl.com\/palencia\/wp-content\/uploads\/sites\/3\/2025\/02\/Tabla-precios-agricultura-12feb2025-560x420.png 560w, https:\/\/www.asajacyl.com\/palencia\/wp-content\/uploads\/sites\/3\/2025\/02\/Tabla-precios-agricultura-12feb2025-80x60.png 80w, https:\/\/www.asajacyl.com\/palencia\/wp-content\/uploads\/sites\/3\/2025\/02\/Tabla-precios-agricultura-12feb2025-696x522.png 696w, https:\/\/www.asajacyl.com\/palencia\/wp-content\/uploads\/sites\/3\/2025\/02\/Tabla-precios-agricultura-12feb2025-1068x801.png 1068w, https:\/\/www.asajacyl.com\/palencia\/wp-content\/uploads\/sites\/3\/2025\/02\/Tabla-precios-agricultura-12feb2025-1920x1440.png 1920w\" sizes=\"(max-width: 1024px) 100vw, 1024px\" \/><\/figure>\n","protected":false},"excerpt":{"rendered":"<p>La sesi\u00f3n de la Lonja de Le\u00f3n celebrada este mi\u00e9rcoles, 12 de febrero, se ha saldado con una nueva subida de las patatas, que ganan entre veinte y treinta euros por tonelada, seg\u00fan variedades. Por su parte, la mesa de cereales repiti\u00f3 los precios, con un ojo puesto en las noticias arancelarias que lleguen de [&hellip;]<\/p>\n","protected":false},"author":9,"featured_media":18896,"comment_status":"open","ping_status":"open","sticky":false,"template":"","format":"standard","meta":{"footnotes":""},"categories":[9,29,36,28,13],"tags":[58,46,351,77,293,219,147],"yoast_head":"<!-- This site is optimized with the Yoast SEO plugin v24.5 - https:\/\/yoast.com\/wordpress\/plugins\/seo\/ -->\n<title>La patata sigue su tendencia alcista en la Lonja de Le\u00f3n, donde deja de cotizar el ma\u00edz para secadero - ASAJA Palencia<\/title>\n<meta name=\"description\" content=\"La sesi\u00f3n de la Lonja de Le\u00f3n celebrada este mi\u00e9rcoles, 12 de febrero, se ha saldado con una nueva subida de las patatas, que ganan entre veinte y treinta\" \/>\n<meta name=\"robots\" content=\"index, follow, max-snippet:-1, max-image-preview:large, max-video-preview:-1\" \/>\n<link rel=\"canonical\" href=\"https:\/\/www.asajacyl.com\/palencia\/asaja-palencia-informa\/la-patata-sigue-su-tendencia-alcista-en-la-lonja-de-leon-donde-deja-de-cotizar-el-maiz-para-secadero\" \/>\n<meta property=\"og:locale\" content=\"es_ES\" \/>\n<meta property=\"og:type\" content=\"article\" \/>\n<meta property=\"og:title\" content=\"La patata sigue su tendencia alcista en la Lonja de Le\u00f3n, donde deja de cotizar el ma\u00edz para secadero - ASAJA Palencia\" \/>\n<meta property=\"og:description\" content=\"La sesi\u00f3n de la Lonja de Le\u00f3n celebrada este mi\u00e9rcoles, 12 de febrero, se ha saldado con una nueva subida de las patatas, que ganan entre veinte y treinta\" \/>\n<meta property=\"og:url\" content=\"https:\/\/www.asajacyl.com\/palencia\/asaja-palencia-informa\/la-patata-sigue-su-tendencia-alcista-en-la-lonja-de-leon-donde-deja-de-cotizar-el-maiz-para-secadero\" \/>\n<meta property=\"og:site_name\" content=\"ASAJA Palencia\" \/>\n<meta property=\"article:published_time\" content=\"2025-02-13T06:45:00+00:00\" \/>\n<meta property=\"og:image\" content=\"https:\/\/www.asajacyl.com\/palencia\/wp-content\/uploads\/sites\/3\/2025\/02\/Cosechando-maiz-web.jpg\" \/>\n\t<meta property=\"og:image:width\" content=\"1890\" \/>\n\t<meta property=\"og:image:height\" content=\"1654\" \/>\n\t<meta property=\"og:image:type\" content=\"image\/jpeg\" \/>\n<meta name=\"author\" content=\"Administrador\" \/>\n<meta name=\"twitter:card\" content=\"summary_large_image\" \/>\n<meta name=\"twitter:label1\" content=\"Escrito por\" \/>\n\t<meta name=\"twitter:data1\" content=\"Administrador\" \/>\n\t<meta name=\"twitter:label2\" content=\"Tiempo de lectura\" \/>\n\t<meta name=\"twitter:data2\" content=\"3 minutos\" \/>\n<script type=\"application\/ld+json\" class=\"yoast-schema-graph\">{\"@context\":\"https:\/\/schema.org\",\"@graph\":[{\"@type\":\"WebPage\",\"@id\":\"https:\/\/www.asajacyl.com\/palencia\/asaja-palencia-informa\/la-patata-sigue-su-tendencia-alcista-en-la-lonja-de-leon-donde-deja-de-cotizar-el-maiz-para-secadero\",\"url\":\"https:\/\/www.asajacyl.com\/palencia\/asaja-palencia-informa\/la-patata-sigue-su-tendencia-alcista-en-la-lonja-de-leon-donde-deja-de-cotizar-el-maiz-para-secadero\",\"name\":\"La patata sigue su tendencia alcista en la Lonja de Le\u00f3n, donde deja de cotizar el ma\u00edz para secadero - ASAJA Palencia\",\"isPartOf\":{\"@id\":\"https:\/\/www.asajacyl.com\/palencia\/#website\"},\"primaryImageOfPage\":{\"@id\":\"https:\/\/www.asajacyl.com\/palencia\/asaja-palencia-informa\/la-patata-sigue-su-tendencia-alcista-en-la-lonja-de-leon-donde-deja-de-cotizar-el-maiz-para-secadero#primaryimage\"},\"image\":{\"@id\":\"https:\/\/www.asajacyl.com\/palencia\/asaja-palencia-informa\/la-patata-sigue-su-tendencia-alcista-en-la-lonja-de-leon-donde-deja-de-cotizar-el-maiz-para-secadero#primaryimage\"},\"thumbnailUrl\":\"https:\/\/www.asajacyl.com\/palencia\/wp-content\/uploads\/sites\/3\/2025\/02\/Cosechando-maiz-web.jpg\",\"datePublished\":\"2025-02-13T06:45:00+00:00\",\"author\":{\"@id\":\"https:\/\/www.asajacyl.com\/palencia\/#\/schema\/person\/3ab17aeb03527485c317557fae64aab1\"},\"description\":\"La sesi\u00f3n de la Lonja de Le\u00f3n celebrada este mi\u00e9rcoles, 12 de febrero, se ha saldado con una nueva subida de las patatas, que ganan entre veinte y treinta\",\"breadcrumb\":{\"@id\":\"https:\/\/www.asajacyl.com\/palencia\/asaja-palencia-informa\/la-patata-sigue-su-tendencia-alcista-en-la-lonja-de-leon-donde-deja-de-cotizar-el-maiz-para-secadero#breadcrumb\"},\"inLanguage\":\"es\",\"potentialAction\":[{\"@type\":\"ReadAction\",\"target\":[\"https:\/\/www.asajacyl.com\/palencia\/asaja-palencia-informa\/la-patata-sigue-su-tendencia-alcista-en-la-lonja-de-leon-donde-deja-de-cotizar-el-maiz-para-secadero\"]}]},{\"@type\":\"ImageObject\",\"inLanguage\":\"es\",\"@id\":\"https:\/\/www.asajacyl.com\/palencia\/asaja-palencia-informa\/la-patata-sigue-su-tendencia-alcista-en-la-lonja-de-leon-donde-deja-de-cotizar-el-maiz-para-secadero#primaryimage\",\"url\":\"https:\/\/www.asajacyl.com\/palencia\/wp-content\/uploads\/sites\/3\/2025\/02\/Cosechando-maiz-web.jpg\",\"contentUrl\":\"https:\/\/www.asajacyl.com\/palencia\/wp-content\/uploads\/sites\/3\/2025\/02\/Cosechando-maiz-web.jpg\",\"width\":1890,\"height\":1654},{\"@type\":\"BreadcrumbList\",\"@id\":\"https:\/\/www.asajacyl.com\/palencia\/asaja-palencia-informa\/la-patata-sigue-su-tendencia-alcista-en-la-lonja-de-leon-donde-deja-de-cotizar-el-maiz-para-secadero#breadcrumb\",\"itemListElement\":[{\"@type\":\"ListItem\",\"position\":1,\"name\":\"Portada\",\"item\":\"https:\/\/www.asajacyl.com\/palencia\/\"},{\"@type\":\"ListItem\",\"position\":2,\"name\":\"La patata sigue su tendencia alcista en la Lonja de Le\u00f3n, donde deja de cotizar el ma\u00edz para secadero\"}]},{\"@type\":\"WebSite\",\"@id\":\"https:\/\/www.asajacyl.com\/palencia\/#website\",\"url\":\"https:\/\/www.asajacyl.com\/palencia\/\",\"name\":\"ASAJA Palencia\",\"description\":\"Otro sitio m\u00e1s de Provincias ASAJA Castilla y Le\u00f3n\",\"potentialAction\":[{\"@type\":\"SearchAction\",\"target\":{\"@type\":\"EntryPoint\",\"urlTemplate\":\"https:\/\/www.asajacyl.com\/palencia\/?s={search_term_string}\"},\"query-input\":{\"@type\":\"PropertyValueSpecification\",\"valueRequired\":true,\"valueName\":\"search_term_string\"}}],\"inLanguage\":\"es\"},{\"@type\":\"Person\",\"@id\":\"https:\/\/www.asajacyl.com\/palencia\/#\/schema\/person\/3ab17aeb03527485c317557fae64aab1\",\"name\":\"Administrador\",\"image\":{\"@type\":\"ImageObject\",\"inLanguage\":\"es\",\"@id\":\"https:\/\/www.asajacyl.com\/palencia\/#\/schema\/person\/image\/\",\"url\":\"https:\/\/secure.gravatar.com\/avatar\/517384810d242ca9e38c180f3c9fb973?s=96&d=mm&r=g\",\"contentUrl\":\"https:\/\/secure.gravatar.com\/avatar\/517384810d242ca9e38c180f3c9fb973?s=96&d=mm&r=g\",\"caption\":\"Administrador\"},\"url\":\"https:\/\/www.asajacyl.com\/palencia\/author\/carlosrm\"}]}<\/script>\n<!-- \/ Yoast SEO plugin. -->","yoast_head_json":{"title":"La patata sigue su tendencia alcista en la Lonja de Le\u00f3n, donde deja de cotizar el ma\u00edz para secadero - ASAJA Palencia","description":"La sesi\u00f3n de la Lonja de Le\u00f3n celebrada este mi\u00e9rcoles, 12 de febrero, se ha saldado con una nueva subida de las patatas, que ganan entre veinte y treinta","robots":{"index":"index","follow":"follow","max-snippet":"max-snippet:-1","max-image-preview":"max-image-preview:large","max-video-preview":"max-video-preview:-1"},"canonical":"https:\/\/www.asajacyl.com\/palencia\/asaja-palencia-informa\/la-patata-sigue-su-tendencia-alcista-en-la-lonja-de-leon-donde-deja-de-cotizar-el-maiz-para-secadero","og_locale":"es_ES","og_type":"article","og_title":"La patata sigue su tendencia alcista en la Lonja de Le\u00f3n, donde deja de cotizar el ma\u00edz para secadero - ASAJA Palencia","og_description":"La sesi\u00f3n de la Lonja de Le\u00f3n celebrada este mi\u00e9rcoles, 12 de febrero, se ha saldado con una nueva subida de las patatas, que ganan entre veinte y treinta","og_url":"https:\/\/www.asajacyl.com\/palencia\/asaja-palencia-informa\/la-patata-sigue-su-tendencia-alcista-en-la-lonja-de-leon-donde-deja-de-cotizar-el-maiz-para-secadero","og_site_name":"ASAJA Palencia","article_published_time":"2025-02-13T06:45:00+00:00","og_image":[{"width":1890,"height":1654,"url":"https:\/\/www.asajacyl.com\/palencia\/wp-content\/uploads\/sites\/3\/2025\/02\/Cosechando-maiz-web.jpg","type":"image\/jpeg"}],"author":"Administrador","twitter_card":"summary_large_image","twitter_misc":{"Escrito por":"Administrador","Tiempo de lectura":"3 minutos"},"schema":{"@context":"https:\/\/schema.org","@graph":[{"@type":"WebPage","@id":"https:\/\/www.asajacyl.com\/palencia\/asaja-palencia-informa\/la-patata-sigue-su-tendencia-alcista-en-la-lonja-de-leon-donde-deja-de-cotizar-el-maiz-para-secadero","url":"https:\/\/www.asajacyl.com\/palencia\/asaja-palencia-informa\/la-patata-sigue-su-tendencia-alcista-en-la-lonja-de-leon-donde-deja-de-cotizar-el-maiz-para-secadero","name":"La patata sigue su tendencia alcista en la Lonja de Le\u00f3n, donde deja de cotizar el ma\u00edz para secadero - ASAJA Palencia","isPartOf":{"@id":"https:\/\/www.asajacyl.com\/palencia\/#website"},"primaryImageOfPage":{"@id":"https:\/\/www.asajacyl.com\/palencia\/asaja-palencia-informa\/la-patata-sigue-su-tendencia-alcista-en-la-lonja-de-leon-donde-deja-de-cotizar-el-maiz-para-secadero#primaryimage"},"image":{"@id":"https:\/\/www.asajacyl.com\/palencia\/asaja-palencia-informa\/la-patata-sigue-su-tendencia-alcista-en-la-lonja-de-leon-donde-deja-de-cotizar-el-maiz-para-secadero#primaryimage"},"thumbnailUrl":"https:\/\/www.asajacyl.com\/palencia\/wp-content\/uploads\/sites\/3\/2025\/02\/Cosechando-maiz-web.jpg","datePublished":"2025-02-13T06:45:00+00:00","author":{"@id":"https:\/\/www.asajacyl.com\/palencia\/#\/schema\/person\/3ab17aeb03527485c317557fae64aab1"},"description":"La sesi\u00f3n de la Lonja de Le\u00f3n celebrada este mi\u00e9rcoles, 12 de febrero, se ha saldado con una nueva subida de las patatas, que ganan entre veinte y treinta","breadcrumb":{"@id":"https:\/\/www.asajacyl.com\/palencia\/asaja-palencia-informa\/la-patata-sigue-su-tendencia-alcista-en-la-lonja-de-leon-donde-deja-de-cotizar-el-maiz-para-secadero#breadcrumb"},"inLanguage":"es","potentialAction":[{"@type":"ReadAction","target":["https:\/\/www.asajacyl.com\/palencia\/asaja-palencia-informa\/la-patata-sigue-su-tendencia-alcista-en-la-lonja-de-leon-donde-deja-de-cotizar-el-maiz-para-secadero"]}]},{"@type":"ImageObject","inLanguage":"es","@id":"https:\/\/www.asajacyl.com\/palencia\/asaja-palencia-informa\/la-patata-sigue-su-tendencia-alcista-en-la-lonja-de-leon-donde-deja-de-cotizar-el-maiz-para-secadero#primaryimage","url":"https:\/\/www.asajacyl.com\/palencia\/wp-content\/uploads\/sites\/3\/2025\/02\/Cosechando-maiz-web.jpg","contentUrl":"https:\/\/www.asajacyl.com\/palencia\/wp-content\/uploads\/sites\/3\/2025\/02\/Cosechando-maiz-web.jpg","width":1890,"height":1654},{"@type":"BreadcrumbList","@id":"https:\/\/www.asajacyl.com\/palencia\/asaja-palencia-informa\/la-patata-sigue-su-tendencia-alcista-en-la-lonja-de-leon-donde-deja-de-cotizar-el-maiz-para-secadero#breadcrumb","itemListElement":[{"@type":"ListItem","position":1,"name":"Portada","item":"https:\/\/www.asajacyl.com\/palencia\/"},{"@type":"ListItem","position":2,"name":"La patata sigue su tendencia alcista en la Lonja de Le\u00f3n, donde deja de cotizar el ma\u00edz para secadero"}]},{"@type":"WebSite","@id":"https:\/\/www.asajacyl.com\/palencia\/#website","url":"https:\/\/www.asajacyl.com\/palencia\/","name":"ASAJA Palencia","description":"Otro sitio m\u00e1s de Provincias ASAJA Castilla y Le\u00f3n","potentialAction":[{"@type":"SearchAction","target":{"@type":"EntryPoint","urlTemplate":"https:\/\/www.asajacyl.com\/palencia\/?s={search_term_string}"},"query-input":{"@type":"PropertyValueSpecification","valueRequired":true,"valueName":"search_term_string"}}],"inLanguage":"es"},{"@type":"Person","@id":"https:\/\/www.asajacyl.com\/palencia\/#\/schema\/person\/3ab17aeb03527485c317557fae64aab1","name":"Administrador","image":{"@type":"ImageObject","inLanguage":"es","@id":"https:\/\/www.asajacyl.com\/palencia\/#\/schema\/person\/image\/","url":"https:\/\/secure.gravatar.com\/avatar\/517384810d242ca9e38c180f3c9fb973?s=96&d=mm&r=g","contentUrl":"https:\/\/secure.gravatar.com\/avatar\/517384810d242ca9e38c180f3c9fb973?s=96&d=mm&r=g","caption":"Administrador"},"url":"https:\/\/www.asajacyl.com\/palencia\/author\/carlosrm"}]}},"_links":{"self":[{"href":"https:\/\/www.asajacyl.com\/palencia\/wp-json\/wp\/v2\/posts\/18893"}],"collection":[{"href":"https:\/\/www.asajacyl.com\/palencia\/wp-json\/wp\/v2\/posts"}],"about":[{"href":"https:\/\/www.asajacyl.com\/palencia\/wp-json\/wp\/v2\/types\/post"}],"author":[{"embeddable":true,"href":"https:\/\/www.asajacyl.com\/palencia\/wp-json\/wp\/v2\/users\/9"}],"replies":[{"embeddable":true,"href":"https:\/\/www.asajacyl.com\/palencia\/wp-json\/wp\/v2\/comments?post=18893"}],"version-history":[{"count":2,"href":"https:\/\/www.asajacyl.com\/palencia\/wp-json\/wp\/v2\/posts\/18893\/revisions"}],"predecessor-version":[{"id":18897,"href":"https:\/\/www.asajacyl.com\/palencia\/wp-json\/wp\/v2\/posts\/18893\/revisions\/18897"}],"wp:featuredmedia":[{"embeddable":true,"href":"https:\/\/www.asajacyl.com\/palencia\/wp-json\/wp\/v2\/media\/18896"}],"wp:attachment":[{"href":"https:\/\/www.asajacyl.com\/palencia\/wp-json\/wp\/v2\/media?parent=18893"}],"wp:term":[{"taxonomy":"category","embeddable":true,"href":"https:\/\/www.asajacyl.com\/palencia\/wp-json\/wp\/v2\/categories?post=18893"},{"taxonomy":"post_tag","embeddable":true,"href":"https:\/\/www.asajacyl.com\/palencia\/wp-json\/wp\/v2\/tags?post=18893"}],"curies":[{"name":"wp","href":"https:\/\/api.w.org\/{rel}","templated":true}]}}