{"id":18949,"date":"2025-02-24T07:30:00","date_gmt":"2025-02-24T06:30:00","guid":{"rendered":"https:\/\/www.asajacyl.com\/palencia\/?p=18949"},"modified":"2025-02-19T17:29:35","modified_gmt":"2025-02-19T16:29:35","slug":"la-cara-oculta-de-las-mejoras-laborales-y-salariales","status":"publish","type":"post","link":"https:\/\/www.asajacyl.com\/palencia\/asaja-palencia-informa\/la-cara-oculta-de-las-mejoras-laborales-y-salariales","title":{"rendered":"La cara oculta de las mejoras laborales y salariales"},"content":{"rendered":"\n<h2 class=\"wp-block-heading\">JUAN JOS\u00c9 \u00c1LVAREZ ALCALDE | Secretario de Organizaci\u00f3n de ASAJA<\/h2>\n\n\n\n<p>Subir el Salario M\u00ednimo Interprofesional (SMI) y reducir la jornada laboral suena bien en los discursos oficiales, pero en el campo \u2014donde no se vive de promesas, sino de esfuerzo diario\u2014 las consecuencias son demoledoras. M\u00e1s costes, menos manos y una cesta de la compra cada vez m\u00e1s cara.\u00a0<\/p>\n\n\n\n<p>Nos han vendido la subida del SMI como un triunfo social. Pero la realidad es que, de cada euro extra que paga un empresario, el trabajador solo ve una parte; el resto lo engulle el Estado, que siempre se las arregla para salir ganando. El empresario paga m\u00e1s, el trabajador no lo nota tanto y, al final, todos pagaremos m\u00e1s por nuestra fruta, leche o carne. El Gobierno aplaude mientras el campo se ahoga y el consumidor sufre las consecuencias.&nbsp;<\/p>\n\n\n\n<p>La agricultura no es un pozo sin fondo. Es un sector al l\u00edmite, donde cada c\u00e9ntimo cuenta. Imponer subidas salariales sin dar margen ni apoyo solo lleva a un callej\u00f3n sin salida: o se suben los precios, o se cierra. Y aqu\u00ed est\u00e1 el enga\u00f1o: los agricultores no fijan los precios de lo que producen. Asumen los costes mientras otros obtienen beneficios, y cuando los precios aumentan, se responsabiliza al sector agr\u00edcola en lugar de considerar al Gobierno, que legisla sin evaluar adecuadamente las posibles consecuencias.\u00a0<\/p>\n\n\n\n<p>Reducir la jornada laboral suena id\u00edlico, pero es otra forma de encarecer la producci\u00f3n. Menos horas, mismo sueldo. Fant\u00e1stico sobre el papel, ruinoso en la realidad. \u00bfQui\u00e9n paga? El empresario, el agricultor, el ganadero que no tiene otra que repercutirlo en los precios. Y el trabajador que hoy celebra su aumento salarial, ma\u00f1ana llorar\u00e1 al ver el ticket del supermercado.&nbsp;<\/p>\n\n\n\n<p>&nbsp;\u00bfY si el campo desaparece? No es una hip\u00f3tesis lejana. Explotaciones cerrando, producci\u00f3n local desplomada y dependencia de importaciones m\u00e1s caras y de menor calidad. Cuando falten los tomates de Murcia o los corderos de Extremadura, no busquen culpables en el campo. La culpa ser\u00e1 de quienes, desde un despacho y sin mancharse los zapatos, han condenado al sector agrario con medidas irresponsables.&nbsp;<\/p>\n\n\n\n<p>El campo pide sentido com\u00fan, no milagros. Sin apoyo real, cada subida salarial ser\u00e1 un golpe al bolsillo de todos. Porque cuando el campo no aguanta, tu bolsillo tampoco. Y eso, tarde o temprano, lo ver\u00e1s reflejado en cada compra que hagas.<strong>\/<\/strong>\u00a0<\/p>\n\n\n\n<blockquote class=\"wp-block-quote is-layout-flow wp-block-quote-is-layout-flow\">\n<p>\u00abEl campo pide sentido com\u00fan, no milagros. sin apoyo real, cada subida salarial ser\u00e1 UN GOLPE AL BOLSILLO DE TODOS. TARDE O TEMPRANO, LO VER\u00c1S REFLEJADO EN CADA COMPRA QUE HAGAS.\u00bb<\/p>\n<\/blockquote>\n","protected":false},"excerpt":{"rendered":"<p>JUAN JOS\u00c9 \u00c1LVAREZ ALCALDE | Secretario de Organizaci\u00f3n de ASAJA Subir el Salario M\u00ednimo Interprofesional (SMI) y reducir la jornada laboral suena bien en los discursos oficiales, pero en el campo \u2014donde no se vive de promesas, sino de esfuerzo diario\u2014 las consecuencias son demoledoras. M\u00e1s costes, menos manos y una cesta de la compra [&hellip;]<\/p>\n","protected":false},"author":9,"featured_media":18950,"comment_status":"open","ping_status":"open","sticky":false,"template":"","format":"standard","meta":{"footnotes":""},"categories":[9,29,30,28],"tags":[58,59,1296,351,77,241],"yoast_head":"<!-- This site is optimized with the Yoast SEO plugin v24.5 - https:\/\/yoast.com\/wordpress\/plugins\/seo\/ -->\n<title>La cara oculta de las mejoras laborales y salariales - ASAJA Palencia<\/title>\n<meta name=\"description\" content=\"JUAN JOS\u00c9 \u00c1LVAREZ ALCALDE | Secretario de Organizaci\u00f3n de ASAJA Subir el Salario M\u00ednimo Interprofesional (SMI) y reducir la jornada laboral suena bien en\" \/>\n<meta name=\"robots\" content=\"index, follow, max-snippet:-1, max-image-preview:large, max-video-preview:-1\" \/>\n<link rel=\"canonical\" href=\"https:\/\/www.asajacyl.com\/palencia\/asaja-palencia-informa\/la-cara-oculta-de-las-mejoras-laborales-y-salariales\" \/>\n<meta property=\"og:locale\" content=\"es_ES\" \/>\n<meta property=\"og:type\" content=\"article\" \/>\n<meta property=\"og:title\" content=\"La cara oculta de las mejoras laborales y salariales - ASAJA Palencia\" \/>\n<meta property=\"og:description\" content=\"JUAN JOS\u00c9 \u00c1LVAREZ ALCALDE | Secretario de Organizaci\u00f3n de ASAJA Subir el Salario M\u00ednimo Interprofesional (SMI) y reducir la jornada laboral suena bien en\" \/>\n<meta property=\"og:url\" content=\"https:\/\/www.asajacyl.com\/palencia\/asaja-palencia-informa\/la-cara-oculta-de-las-mejoras-laborales-y-salariales\" \/>\n<meta property=\"og:site_name\" content=\"ASAJA Palencia\" \/>\n<meta property=\"article:published_time\" content=\"2025-02-24T06:30:00+00:00\" \/>\n<meta property=\"og:image\" content=\"https:\/\/www.asajacyl.com\/palencia\/wp-content\/uploads\/sites\/3\/2025\/02\/Juan-Jose-Alvarez-Alcalde-2.jpg\" \/>\n\t<meta property=\"og:image:width\" content=\"1890\" \/>\n\t<meta property=\"og:image:height\" content=\"1654\" \/>\n\t<meta property=\"og:image:type\" content=\"image\/jpeg\" \/>\n<meta name=\"author\" content=\"Administrador\" \/>\n<meta name=\"twitter:card\" content=\"summary_large_image\" \/>\n<meta name=\"twitter:label1\" content=\"Escrito por\" \/>\n\t<meta name=\"twitter:data1\" content=\"Administrador\" \/>\n\t<meta name=\"twitter:label2\" content=\"Tiempo de lectura\" \/>\n\t<meta name=\"twitter:data2\" content=\"2 minutos\" \/>\n<script type=\"application\/ld+json\" class=\"yoast-schema-graph\">{\"@context\":\"https:\/\/schema.org\",\"@graph\":[{\"@type\":\"WebPage\",\"@id\":\"https:\/\/www.asajacyl.com\/palencia\/asaja-palencia-informa\/la-cara-oculta-de-las-mejoras-laborales-y-salariales\",\"url\":\"https:\/\/www.asajacyl.com\/palencia\/asaja-palencia-informa\/la-cara-oculta-de-las-mejoras-laborales-y-salariales\",\"name\":\"La cara oculta de las mejoras laborales y salariales - ASAJA Palencia\",\"isPartOf\":{\"@id\":\"https:\/\/www.asajacyl.com\/palencia\/#website\"},\"primaryImageOfPage\":{\"@id\":\"https:\/\/www.asajacyl.com\/palencia\/asaja-palencia-informa\/la-cara-oculta-de-las-mejoras-laborales-y-salariales#primaryimage\"},\"image\":{\"@id\":\"https:\/\/www.asajacyl.com\/palencia\/asaja-palencia-informa\/la-cara-oculta-de-las-mejoras-laborales-y-salariales#primaryimage\"},\"thumbnailUrl\":\"https:\/\/www.asajacyl.com\/palencia\/wp-content\/uploads\/sites\/3\/2025\/02\/Juan-Jose-Alvarez-Alcalde-2.jpg\",\"datePublished\":\"2025-02-24T06:30:00+00:00\",\"author\":{\"@id\":\"https:\/\/www.asajacyl.com\/palencia\/#\/schema\/person\/3ab17aeb03527485c317557fae64aab1\"},\"description\":\"JUAN JOS\u00c9 \u00c1LVAREZ ALCALDE | Secretario de Organizaci\u00f3n de ASAJA Subir el Salario M\u00ednimo Interprofesional (SMI) y reducir la jornada laboral suena bien en\",\"breadcrumb\":{\"@id\":\"https:\/\/www.asajacyl.com\/palencia\/asaja-palencia-informa\/la-cara-oculta-de-las-mejoras-laborales-y-salariales#breadcrumb\"},\"inLanguage\":\"es\",\"potentialAction\":[{\"@type\":\"ReadAction\",\"target\":[\"https:\/\/www.asajacyl.com\/palencia\/asaja-palencia-informa\/la-cara-oculta-de-las-mejoras-laborales-y-salariales\"]}]},{\"@type\":\"ImageObject\",\"inLanguage\":\"es\",\"@id\":\"https:\/\/www.asajacyl.com\/palencia\/asaja-palencia-informa\/la-cara-oculta-de-las-mejoras-laborales-y-salariales#primaryimage\",\"url\":\"https:\/\/www.asajacyl.com\/palencia\/wp-content\/uploads\/sites\/3\/2025\/02\/Juan-Jose-Alvarez-Alcalde-2.jpg\",\"contentUrl\":\"https:\/\/www.asajacyl.com\/palencia\/wp-content\/uploads\/sites\/3\/2025\/02\/Juan-Jose-Alvarez-Alcalde-2.jpg\",\"width\":1890,\"height\":1654},{\"@type\":\"BreadcrumbList\",\"@id\":\"https:\/\/www.asajacyl.com\/palencia\/asaja-palencia-informa\/la-cara-oculta-de-las-mejoras-laborales-y-salariales#breadcrumb\",\"itemListElement\":[{\"@type\":\"ListItem\",\"position\":1,\"name\":\"Portada\",\"item\":\"https:\/\/www.asajacyl.com\/palencia\/\"},{\"@type\":\"ListItem\",\"position\":2,\"name\":\"La cara oculta de las mejoras laborales y salariales\"}]},{\"@type\":\"WebSite\",\"@id\":\"https:\/\/www.asajacyl.com\/palencia\/#website\",\"url\":\"https:\/\/www.asajacyl.com\/palencia\/\",\"name\":\"ASAJA Palencia\",\"description\":\"Otro sitio m\u00e1s de Provincias ASAJA Castilla y Le\u00f3n\",\"potentialAction\":[{\"@type\":\"SearchAction\",\"target\":{\"@type\":\"EntryPoint\",\"urlTemplate\":\"https:\/\/www.asajacyl.com\/palencia\/?s={search_term_string}\"},\"query-input\":{\"@type\":\"PropertyValueSpecification\",\"valueRequired\":true,\"valueName\":\"search_term_string\"}}],\"inLanguage\":\"es\"},{\"@type\":\"Person\",\"@id\":\"https:\/\/www.asajacyl.com\/palencia\/#\/schema\/person\/3ab17aeb03527485c317557fae64aab1\",\"name\":\"Administrador\",\"image\":{\"@type\":\"ImageObject\",\"inLanguage\":\"es\",\"@id\":\"https:\/\/www.asajacyl.com\/palencia\/#\/schema\/person\/image\/\",\"url\":\"https:\/\/secure.gravatar.com\/avatar\/517384810d242ca9e38c180f3c9fb973?s=96&d=mm&r=g\",\"contentUrl\":\"https:\/\/secure.gravatar.com\/avatar\/517384810d242ca9e38c180f3c9fb973?s=96&d=mm&r=g\",\"caption\":\"Administrador\"},\"url\":\"https:\/\/www.asajacyl.com\/palencia\/author\/carlosrm\"}]}<\/script>\n<!-- \/ Yoast SEO plugin. -->","yoast_head_json":{"title":"La cara oculta de las mejoras laborales y salariales - ASAJA Palencia","description":"JUAN JOS\u00c9 \u00c1LVAREZ ALCALDE | Secretario de Organizaci\u00f3n de ASAJA Subir el Salario M\u00ednimo Interprofesional (SMI) y reducir la jornada laboral suena bien en","robots":{"index":"index","follow":"follow","max-snippet":"max-snippet:-1","max-image-preview":"max-image-preview:large","max-video-preview":"max-video-preview:-1"},"canonical":"https:\/\/www.asajacyl.com\/palencia\/asaja-palencia-informa\/la-cara-oculta-de-las-mejoras-laborales-y-salariales","og_locale":"es_ES","og_type":"article","og_title":"La cara oculta de las mejoras laborales y salariales - ASAJA Palencia","og_description":"JUAN JOS\u00c9 \u00c1LVAREZ ALCALDE | Secretario de Organizaci\u00f3n de ASAJA Subir el Salario M\u00ednimo Interprofesional (SMI) y reducir la jornada laboral suena bien en","og_url":"https:\/\/www.asajacyl.com\/palencia\/asaja-palencia-informa\/la-cara-oculta-de-las-mejoras-laborales-y-salariales","og_site_name":"ASAJA Palencia","article_published_time":"2025-02-24T06:30:00+00:00","og_image":[{"width":1890,"height":1654,"url":"https:\/\/www.asajacyl.com\/palencia\/wp-content\/uploads\/sites\/3\/2025\/02\/Juan-Jose-Alvarez-Alcalde-2.jpg","type":"image\/jpeg"}],"author":"Administrador","twitter_card":"summary_large_image","twitter_misc":{"Escrito por":"Administrador","Tiempo de lectura":"2 minutos"},"schema":{"@context":"https:\/\/schema.org","@graph":[{"@type":"WebPage","@id":"https:\/\/www.asajacyl.com\/palencia\/asaja-palencia-informa\/la-cara-oculta-de-las-mejoras-laborales-y-salariales","url":"https:\/\/www.asajacyl.com\/palencia\/asaja-palencia-informa\/la-cara-oculta-de-las-mejoras-laborales-y-salariales","name":"La cara oculta de las mejoras laborales y salariales - ASAJA Palencia","isPartOf":{"@id":"https:\/\/www.asajacyl.com\/palencia\/#website"},"primaryImageOfPage":{"@id":"https:\/\/www.asajacyl.com\/palencia\/asaja-palencia-informa\/la-cara-oculta-de-las-mejoras-laborales-y-salariales#primaryimage"},"image":{"@id":"https:\/\/www.asajacyl.com\/palencia\/asaja-palencia-informa\/la-cara-oculta-de-las-mejoras-laborales-y-salariales#primaryimage"},"thumbnailUrl":"https:\/\/www.asajacyl.com\/palencia\/wp-content\/uploads\/sites\/3\/2025\/02\/Juan-Jose-Alvarez-Alcalde-2.jpg","datePublished":"2025-02-24T06:30:00+00:00","author":{"@id":"https:\/\/www.asajacyl.com\/palencia\/#\/schema\/person\/3ab17aeb03527485c317557fae64aab1"},"description":"JUAN JOS\u00c9 \u00c1LVAREZ ALCALDE | Secretario de Organizaci\u00f3n de ASAJA Subir el Salario M\u00ednimo Interprofesional (SMI) y reducir la jornada laboral suena bien en","breadcrumb":{"@id":"https:\/\/www.asajacyl.com\/palencia\/asaja-palencia-informa\/la-cara-oculta-de-las-mejoras-laborales-y-salariales#breadcrumb"},"inLanguage":"es","potentialAction":[{"@type":"ReadAction","target":["https:\/\/www.asajacyl.com\/palencia\/asaja-palencia-informa\/la-cara-oculta-de-las-mejoras-laborales-y-salariales"]}]},{"@type":"ImageObject","inLanguage":"es","@id":"https:\/\/www.asajacyl.com\/palencia\/asaja-palencia-informa\/la-cara-oculta-de-las-mejoras-laborales-y-salariales#primaryimage","url":"https:\/\/www.asajacyl.com\/palencia\/wp-content\/uploads\/sites\/3\/2025\/02\/Juan-Jose-Alvarez-Alcalde-2.jpg","contentUrl":"https:\/\/www.asajacyl.com\/palencia\/wp-content\/uploads\/sites\/3\/2025\/02\/Juan-Jose-Alvarez-Alcalde-2.jpg","width":1890,"height":1654},{"@type":"BreadcrumbList","@id":"https:\/\/www.asajacyl.com\/palencia\/asaja-palencia-informa\/la-cara-oculta-de-las-mejoras-laborales-y-salariales#breadcrumb","itemListElement":[{"@type":"ListItem","position":1,"name":"Portada","item":"https:\/\/www.asajacyl.com\/palencia\/"},{"@type":"ListItem","position":2,"name":"La cara oculta de las mejoras laborales y salariales"}]},{"@type":"WebSite","@id":"https:\/\/www.asajacyl.com\/palencia\/#website","url":"https:\/\/www.asajacyl.com\/palencia\/","name":"ASAJA Palencia","description":"Otro sitio m\u00e1s de Provincias ASAJA Castilla y Le\u00f3n","potentialAction":[{"@type":"SearchAction","target":{"@type":"EntryPoint","urlTemplate":"https:\/\/www.asajacyl.com\/palencia\/?s={search_term_string}"},"query-input":{"@type":"PropertyValueSpecification","valueRequired":true,"valueName":"search_term_string"}}],"inLanguage":"es"},{"@type":"Person","@id":"https:\/\/www.asajacyl.com\/palencia\/#\/schema\/person\/3ab17aeb03527485c317557fae64aab1","name":"Administrador","image":{"@type":"ImageObject","inLanguage":"es","@id":"https:\/\/www.asajacyl.com\/palencia\/#\/schema\/person\/image\/","url":"https:\/\/secure.gravatar.com\/avatar\/517384810d242ca9e38c180f3c9fb973?s=96&d=mm&r=g","contentUrl":"https:\/\/secure.gravatar.com\/avatar\/517384810d242ca9e38c180f3c9fb973?s=96&d=mm&r=g","caption":"Administrador"},"url":"https:\/\/www.asajacyl.com\/palencia\/author\/carlosrm"}]}},"_links":{"self":[{"href":"https:\/\/www.asajacyl.com\/palencia\/wp-json\/wp\/v2\/posts\/18949"}],"collection":[{"href":"https:\/\/www.asajacyl.com\/palencia\/wp-json\/wp\/v2\/posts"}],"about":[{"href":"https:\/\/www.asajacyl.com\/palencia\/wp-json\/wp\/v2\/types\/post"}],"author":[{"embeddable":true,"href":"https:\/\/www.asajacyl.com\/palencia\/wp-json\/wp\/v2\/users\/9"}],"replies":[{"embeddable":true,"href":"https:\/\/www.asajacyl.com\/palencia\/wp-json\/wp\/v2\/comments?post=18949"}],"version-history":[{"count":1,"href":"https:\/\/www.asajacyl.com\/palencia\/wp-json\/wp\/v2\/posts\/18949\/revisions"}],"predecessor-version":[{"id":18951,"href":"https:\/\/www.asajacyl.com\/palencia\/wp-json\/wp\/v2\/posts\/18949\/revisions\/18951"}],"wp:featuredmedia":[{"embeddable":true,"href":"https:\/\/www.asajacyl.com\/palencia\/wp-json\/wp\/v2\/media\/18950"}],"wp:attachment":[{"href":"https:\/\/www.asajacyl.com\/palencia\/wp-json\/wp\/v2\/media?parent=18949"}],"wp:term":[{"taxonomy":"category","embeddable":true,"href":"https:\/\/www.asajacyl.com\/palencia\/wp-json\/wp\/v2\/categories?post=18949"},{"taxonomy":"post_tag","embeddable":true,"href":"https:\/\/www.asajacyl.com\/palencia\/wp-json\/wp\/v2\/tags?post=18949"}],"curies":[{"name":"wp","href":"https:\/\/api.w.org\/{rel}","templated":true}]}}